{"id":8145,"date":"2024-05-16T12:14:39","date_gmt":"2024-05-16T10:14:39","guid":{"rendered":"https:\/\/www.asajacyl.com\/soria\/?p=8145"},"modified":"2024-05-28T12:15:44","modified_gmt":"2024-05-28T10:15:44","slug":"kit-digital-cambios-que-mejoran-la-ayuda-para-autonomos-y-microempresas-informate-en-asaja","status":"publish","type":"post","link":"https:\/\/www.asajacyl.com\/soria\/asaja-soria-informa\/kit-digital-cambios-que-mejoran-la-ayuda-para-autonomos-y-microempresas-informate-en-asaja","title":{"rendered":"Kit Digital: cambios que mejoran la ayuda para aut\u00f3nomos y microempresas, inf\u00f3rmate en ASAJA"},"content":{"rendered":"\n\n\n<h2>Red.es ha anunciado mejoras en la convocatoria del Kit Digital. En adelante, se subvencionar\u00e1 hardware (equipo inform\u00e1tico nuevo), y tambi\u00e9n se ampl\u00edan las cuant\u00edas en la ayuda para aut\u00f3nomos y microempresas (menos de 3 empleados). ASAJA, como agente digitalizador adherido al programa Kit Digital, informa en su red de oficinas a todos los agricultores y ganaderos de la tramitaci\u00f3n de estos paquetes de ayudas.<\/h2>\n<p><strong><a class=\"td-modal-image\" href=\"https:\/\/www.asajacyl.com\/wp-content\/uploads\/2024\/05\/kit-digital.jpg\"><img loading=\"lazy\" decoding=\"async\" class=\"wp-image-23574 alignright td-animation-stack-type0-2\" src=\"https:\/\/www.asajacyl.com\/wp-content\/uploads\/2024\/05\/kit-digital.jpg\" alt=\"\" width=\"615\" height=\"461\" \/><\/a>A continuaci\u00f3n, se destacan los principales cambios que ha anunciado\u00a0<\/strong>Red.es\u00a0-entidad adscrita al Ministerio para la Transformaci\u00f3n Digital, en el programa Kit Digital, financiado por la Uni\u00f3n Europea a trav\u00e9s de los fondos\u00a0<em>NextGeneration:<\/em><\/p>\n<p><strong>1.000 euros m\u00e1s de ayuda para el segmento de microempresas y aut\u00f3nomos\/as<\/strong><\/p>\n<p>Aumento de la cuant\u00eda de la ayuda para las empresas pertenecientes al segmento III, aquel compuesto por empresas de entre 0 y menos de 3 empleados. Actualmente, la cuant\u00eda de la ayuda es de 2.000 euros y pasa a ser de 3.000 euros.\u00a0<\/p>\n<p>Este aumento de la ayuda tendr\u00e1 car\u00e1cter retroactivo, es decir, podr\u00e1n solicitarla aquellas empresas beneficiarias del segmento III que ya la hubieran pedido con anterioridad e incluso si ya han consumido su bono digital, garantizando as\u00ed, los principios de igualdad de trato, no discriminaci\u00f3n y transparencia.<\/p>\n<p>La solicitud de la ayuda con la nueva cuant\u00eda podr\u00e1 realizarse una vez se haya\u00a0<strong>abierto el formulario de solicitud en el mes de junio<\/strong>. A partir de ese momento, las empresas del segmento III podr\u00e1n solicitar la ayuda de 3.000 euros. Si ya ha sido beneficiario\/a, y quiere solicitar la ampliaci\u00f3n de 1000 euros, el proceso ser\u00e1 muy sencillo: solo debe entrar en su expediente,\u00a0seleccionar el bot\u00f3n habilitado para ello y firmar esa conformidad. En este caso, la concesi\u00f3n es autom\u00e1tica.\u00a0<\/p>\n<p><strong>Nueva soluci\u00f3n: Puesto de Trabajo Seguro\u00a0<\/strong><\/p>\n<p>Se crea la soluci\u00f3n \u00abPuesto de trabajo seguro\u00bb que incluye un dispositivo hardware que debe tener integrado en el producto y en el precio, una licencia que cumpla con los requisitos establecidos para la categor\u00eda X, de Ciberseguridad, adem\u00e1s de un encriptado\/cifrado en reposo, que asegure la privacidad de los datos y documentos almacenados en el dispositivo.\u00a0<\/p>\n<p>La cuant\u00eda m\u00e1xima subvencionable para esta soluci\u00f3n es de 1.000 euros,\u00a0<strong>siendo subvencionables ordenadores port\u00e1tiles u ordenadores de sobremesa nuevos,<\/strong>\u00a0que deber\u00e1n cumplir unos requisitos m\u00ednimos en cuanto a almacenamiento, procesador, memoria RAM, sistema operativo, entre otros requisitos que recoge al completo la\u00a0<a href=\"https:\/\/r.envio.red.es\/mk\/cl\/f\/sh\/1t6Af4OiGsDg0kWBMXdphjeGHPArcA\/LMoBCmTZDUWe\">Orden de Bases<\/a>\u00a0y que adem\u00e1s\u00a0<strong>se pueden consultar en la web<\/strong>\u00a0<a href=\"https:\/\/r.envio.red.es\/mk\/cl\/f\/sh\/1t6Af4OiGsE8LSibktjkrzi5fE9bKE\/CTDJvmTKNYd9\">www.acelerapyme.es<\/a>.\u00a0<\/p>\n<p>Con el objetivo de seguir contribuyendo a que las microempresas y aut\u00f3nomos\/as contin\u00faen su proceso de transformaci\u00f3n digital, las que resulten beneficiarias de la ayuda de este segmento por primera vez, ya disponiendo de los 3.000 euros, y que quieran implantar la soluci\u00f3n de Puesto de Trabajo Seguro, deber\u00e1n combinarla con otra soluci\u00f3n adicional de las que incluye el Cat\u00e1logo.\u00a0<\/p>\n<p>ASAJA, como agente digitalizador adherido al programa Kit Digital, informa en su red de oficinas a todos los agricultores y ganaderos de la tramitaci\u00f3n de estos paquetes de ayudas.<\/p>\n","protected":false},"excerpt":{"rendered":"<p>Red.es ha anunciado mejoras en la convocatoria del Kit Digital. En adelante, se subvencionar\u00e1 hardware (equipo inform\u00e1tico nuevo), y tambi\u00e9n se ampl\u00edan las cuant\u00edas en la ayuda para aut\u00f3nomos y microempresas (menos de 3 empleados). ASAJA, como agente digitalizador adherido al programa Kit Digital, informa en su red de oficinas a todos los agricultores y [&hellip;]<\/p>\n","protected":false},"author":12,"featured_media":8146,"comment_status":"open","ping_status":"open","sticky":false,"template":"","format":"standard","meta":{"footnotes":""},"categories":[10,25],"tags":[],"yoast_head":"<!-- This site is optimized with the Yoast SEO plugin v24.5 - https:\/\/yoast.com\/wordpress\/plugins\/seo\/ -->\n<title>Kit Digital: cambios que mejoran la ayuda para aut\u00f3nomos y microempresas, inf\u00f3rmate en ASAJA - ASAJA Soria<\/title>\n<meta name=\"description\" content=\"Red.es ha anunciado mejoras en la convocatoria del Kit Digital. En adelante, se subvencionar\u00e1 hardware (equipo inform\u00e1tico nuevo), y tambi\u00e9n se ampl\u00edan\" \/>\n<meta name=\"robots\" content=\"index, follow, max-snippet:-1, max-image-preview:large, max-video-preview:-1\" \/>\n<link rel=\"canonical\" href=\"https:\/\/www.asajacyl.com\/soria\/asaja-soria-informa\/kit-digital-cambios-que-mejoran-la-ayuda-para-autonomos-y-microempresas-informate-en-asaja\" \/>\n<meta property=\"og:locale\" content=\"es_ES\" \/>\n<meta property=\"og:type\" content=\"article\" \/>\n<meta property=\"og:title\" content=\"Kit Digital: cambios que mejoran la ayuda para aut\u00f3nomos y microempresas, inf\u00f3rmate en ASAJA - ASAJA Soria\" \/>\n<meta property=\"og:description\" content=\"Red.es ha anunciado mejoras en la convocatoria del Kit Digital. En adelante, se subvencionar\u00e1 hardware (equipo inform\u00e1tico nuevo), y tambi\u00e9n se ampl\u00edan\" \/>\n<meta property=\"og:url\" content=\"https:\/\/www.asajacyl.com\/soria\/asaja-soria-informa\/kit-digital-cambios-que-mejoran-la-ayuda-para-autonomos-y-microempresas-informate-en-asaja\" \/>\n<meta property=\"og:site_name\" content=\"ASAJA Soria\" \/>\n<meta property=\"article:published_time\" content=\"2024-05-16T10:14:39+00:00\" \/>\n<meta property=\"article:modified_time\" content=\"2024-05-28T10:15:44+00:00\" \/>\n<meta property=\"og:image\" content=\"https:\/\/www.asajacyl.com\/soria\/wp-content\/uploads\/sites\/9\/2024\/05\/IMG_0600-KIT-DIGITAL.jpg\" \/>\n\t<meta property=\"og:image:width\" content=\"2500\" \/>\n\t<meta property=\"og:image:height\" content=\"1875\" \/>\n\t<meta property=\"og:image:type\" content=\"image\/jpeg\" \/>\n<meta name=\"author\" content=\"Juan Ignacio Prieto Nieto\" \/>\n<meta name=\"twitter:card\" content=\"summary_large_image\" \/>\n<meta name=\"twitter:label1\" content=\"Escrito por\" \/>\n\t<meta name=\"twitter:data1\" content=\"Juan Ignacio Prieto Nieto\" \/>\n\t<meta name=\"twitter:label2\" content=\"Tiempo de lectura\" \/>\n\t<meta name=\"twitter:data2\" content=\"3 minutos\" \/>\n<script type=\"application\/ld+json\" class=\"yoast-schema-graph\">{\"@context\":\"https:\/\/schema.org\",\"@graph\":[{\"@type\":\"WebPage\",\"@id\":\"https:\/\/www.asajacyl.com\/soria\/asaja-soria-informa\/kit-digital-cambios-que-mejoran-la-ayuda-para-autonomos-y-microempresas-informate-en-asaja\",\"url\":\"https:\/\/www.asajacyl.com\/soria\/asaja-soria-informa\/kit-digital-cambios-que-mejoran-la-ayuda-para-autonomos-y-microempresas-informate-en-asaja\",\"name\":\"Kit Digital: cambios que mejoran la ayuda para aut\u00f3nomos y microempresas, inf\u00f3rmate en ASAJA - ASAJA Soria\",\"isPartOf\":{\"@id\":\"https:\/\/www.asajacyl.com\/soria\/#website\"},\"primaryImageOfPage\":{\"@id\":\"https:\/\/www.asajacyl.com\/soria\/asaja-soria-informa\/kit-digital-cambios-que-mejoran-la-ayuda-para-autonomos-y-microempresas-informate-en-asaja#primaryimage\"},\"image\":{\"@id\":\"https:\/\/www.asajacyl.com\/soria\/asaja-soria-informa\/kit-digital-cambios-que-mejoran-la-ayuda-para-autonomos-y-microempresas-informate-en-asaja#primaryimage\"},\"thumbnailUrl\":\"https:\/\/www.asajacyl.com\/soria\/wp-content\/uploads\/sites\/9\/2024\/05\/IMG_0600-KIT-DIGITAL.jpg\",\"datePublished\":\"2024-05-16T10:14:39+00:00\",\"dateModified\":\"2024-05-28T10:15:44+00:00\",\"author\":{\"@id\":\"https:\/\/www.asajacyl.com\/soria\/#\/schema\/person\/fd3081c40255119ce8133b87e6aedfab\"},\"description\":\"Red.es ha anunciado mejoras en la convocatoria del Kit Digital. En adelante, se subvencionar\u00e1 hardware (equipo inform\u00e1tico nuevo), y tambi\u00e9n se ampl\u00edan\",\"breadcrumb\":{\"@id\":\"https:\/\/www.asajacyl.com\/soria\/asaja-soria-informa\/kit-digital-cambios-que-mejoran-la-ayuda-para-autonomos-y-microempresas-informate-en-asaja#breadcrumb\"},\"inLanguage\":\"es\",\"potentialAction\":[{\"@type\":\"ReadAction\",\"target\":[\"https:\/\/www.asajacyl.com\/soria\/asaja-soria-informa\/kit-digital-cambios-que-mejoran-la-ayuda-para-autonomos-y-microempresas-informate-en-asaja\"]}]},{\"@type\":\"ImageObject\",\"inLanguage\":\"es\",\"@id\":\"https:\/\/www.asajacyl.com\/soria\/asaja-soria-informa\/kit-digital-cambios-que-mejoran-la-ayuda-para-autonomos-y-microempresas-informate-en-asaja#primaryimage\",\"url\":\"https:\/\/www.asajacyl.com\/soria\/wp-content\/uploads\/sites\/9\/2024\/05\/IMG_0600-KIT-DIGITAL.jpg\",\"contentUrl\":\"https:\/\/www.asajacyl.com\/soria\/wp-content\/uploads\/sites\/9\/2024\/05\/IMG_0600-KIT-DIGITAL.jpg\",\"width\":2500,\"height\":1875},{\"@type\":\"BreadcrumbList\",\"@id\":\"https:\/\/www.asajacyl.com\/soria\/asaja-soria-informa\/kit-digital-cambios-que-mejoran-la-ayuda-para-autonomos-y-microempresas-informate-en-asaja#breadcrumb\",\"itemListElement\":[{\"@type\":\"ListItem\",\"position\":1,\"name\":\"Portada\",\"item\":\"https:\/\/www.asajacyl.com\/soria\/\"},{\"@type\":\"ListItem\",\"position\":2,\"name\":\"Kit Digital: cambios que mejoran la ayuda para aut\u00f3nomos y microempresas, inf\u00f3rmate en ASAJA\"}]},{\"@type\":\"WebSite\",\"@id\":\"https:\/\/www.asajacyl.com\/soria\/#website\",\"url\":\"https:\/\/www.asajacyl.com\/soria\/\",\"name\":\"ASAJA Soria\",\"description\":\"Otro sitio m\u00e1s de Provincias ASAJA Castilla y Le\u00f3n\",\"potentialAction\":[{\"@type\":\"SearchAction\",\"target\":{\"@type\":\"EntryPoint\",\"urlTemplate\":\"https:\/\/www.asajacyl.com\/soria\/?s={search_term_string}\"},\"query-input\":{\"@type\":\"PropertyValueSpecification\",\"valueRequired\":true,\"valueName\":\"search_term_string\"}}],\"inLanguage\":\"es\"},{\"@type\":\"Person\",\"@id\":\"https:\/\/www.asajacyl.com\/soria\/#\/schema\/person\/fd3081c40255119ce8133b87e6aedfab\",\"name\":\"Juan Ignacio Prieto Nieto\",\"image\":{\"@type\":\"ImageObject\",\"inLanguage\":\"es\",\"@id\":\"https:\/\/www.asajacyl.com\/soria\/#\/schema\/person\/image\/\",\"url\":\"https:\/\/secure.gravatar.com\/avatar\/8266b36e4d9001acb4700699a2468dc8?s=96&d=mm&r=g\",\"contentUrl\":\"https:\/\/secure.gravatar.com\/avatar\/8266b36e4d9001acb4700699a2468dc8?s=96&d=mm&r=g\",\"caption\":\"Juan Ignacio Prieto Nieto\"},\"url\":\"https:\/\/www.asajacyl.com\/soria\/author\/juanfranciscoby\"}]}<\/script>\n<!-- \/ Yoast SEO plugin. -->","yoast_head_json":{"title":"Kit Digital: cambios que mejoran la ayuda para aut\u00f3nomos y microempresas, inf\u00f3rmate en ASAJA - ASAJA Soria","description":"Red.es ha anunciado mejoras en la convocatoria del Kit Digital. En adelante, se subvencionar\u00e1 hardware (equipo inform\u00e1tico nuevo), y tambi\u00e9n se ampl\u00edan","robots":{"index":"index","follow":"follow","max-snippet":"max-snippet:-1","max-image-preview":"max-image-preview:large","max-video-preview":"max-video-preview:-1"},"canonical":"https:\/\/www.asajacyl.com\/soria\/asaja-soria-informa\/kit-digital-cambios-que-mejoran-la-ayuda-para-autonomos-y-microempresas-informate-en-asaja","og_locale":"es_ES","og_type":"article","og_title":"Kit Digital: cambios que mejoran la ayuda para aut\u00f3nomos y microempresas, inf\u00f3rmate en ASAJA - ASAJA Soria","og_description":"Red.es ha anunciado mejoras en la convocatoria del Kit Digital. En adelante, se subvencionar\u00e1 hardware (equipo inform\u00e1tico nuevo), y tambi\u00e9n se ampl\u00edan","og_url":"https:\/\/www.asajacyl.com\/soria\/asaja-soria-informa\/kit-digital-cambios-que-mejoran-la-ayuda-para-autonomos-y-microempresas-informate-en-asaja","og_site_name":"ASAJA Soria","article_published_time":"2024-05-16T10:14:39+00:00","article_modified_time":"2024-05-28T10:15:44+00:00","og_image":[{"width":2500,"height":1875,"url":"https:\/\/www.asajacyl.com\/soria\/wp-content\/uploads\/sites\/9\/2024\/05\/IMG_0600-KIT-DIGITAL.jpg","type":"image\/jpeg"}],"author":"Juan Ignacio Prieto Nieto","twitter_card":"summary_large_image","twitter_misc":{"Escrito por":"Juan Ignacio Prieto Nieto","Tiempo de lectura":"3 minutos"},"schema":{"@context":"https:\/\/schema.org","@graph":[{"@type":"WebPage","@id":"https:\/\/www.asajacyl.com\/soria\/asaja-soria-informa\/kit-digital-cambios-que-mejoran-la-ayuda-para-autonomos-y-microempresas-informate-en-asaja","url":"https:\/\/www.asajacyl.com\/soria\/asaja-soria-informa\/kit-digital-cambios-que-mejoran-la-ayuda-para-autonomos-y-microempresas-informate-en-asaja","name":"Kit Digital: cambios que mejoran la ayuda para aut\u00f3nomos y microempresas, inf\u00f3rmate en ASAJA - ASAJA Soria","isPartOf":{"@id":"https:\/\/www.asajacyl.com\/soria\/#website"},"primaryImageOfPage":{"@id":"https:\/\/www.asajacyl.com\/soria\/asaja-soria-informa\/kit-digital-cambios-que-mejoran-la-ayuda-para-autonomos-y-microempresas-informate-en-asaja#primaryimage"},"image":{"@id":"https:\/\/www.asajacyl.com\/soria\/asaja-soria-informa\/kit-digital-cambios-que-mejoran-la-ayuda-para-autonomos-y-microempresas-informate-en-asaja#primaryimage"},"thumbnailUrl":"https:\/\/www.asajacyl.com\/soria\/wp-content\/uploads\/sites\/9\/2024\/05\/IMG_0600-KIT-DIGITAL.jpg","datePublished":"2024-05-16T10:14:39+00:00","dateModified":"2024-05-28T10:15:44+00:00","author":{"@id":"https:\/\/www.asajacyl.com\/soria\/#\/schema\/person\/fd3081c40255119ce8133b87e6aedfab"},"description":"Red.es ha anunciado mejoras en la convocatoria del Kit Digital. En adelante, se subvencionar\u00e1 hardware (equipo inform\u00e1tico nuevo), y tambi\u00e9n se ampl\u00edan","breadcrumb":{"@id":"https:\/\/www.asajacyl.com\/soria\/asaja-soria-informa\/kit-digital-cambios-que-mejoran-la-ayuda-para-autonomos-y-microempresas-informate-en-asaja#breadcrumb"},"inLanguage":"es","potentialAction":[{"@type":"ReadAction","target":["https:\/\/www.asajacyl.com\/soria\/asaja-soria-informa\/kit-digital-cambios-que-mejoran-la-ayuda-para-autonomos-y-microempresas-informate-en-asaja"]}]},{"@type":"ImageObject","inLanguage":"es","@id":"https:\/\/www.asajacyl.com\/soria\/asaja-soria-informa\/kit-digital-cambios-que-mejoran-la-ayuda-para-autonomos-y-microempresas-informate-en-asaja#primaryimage","url":"https:\/\/www.asajacyl.com\/soria\/wp-content\/uploads\/sites\/9\/2024\/05\/IMG_0600-KIT-DIGITAL.jpg","contentUrl":"https:\/\/www.asajacyl.com\/soria\/wp-content\/uploads\/sites\/9\/2024\/05\/IMG_0600-KIT-DIGITAL.jpg","width":2500,"height":1875},{"@type":"BreadcrumbList","@id":"https:\/\/www.asajacyl.com\/soria\/asaja-soria-informa\/kit-digital-cambios-que-mejoran-la-ayuda-para-autonomos-y-microempresas-informate-en-asaja#breadcrumb","itemListElement":[{"@type":"ListItem","position":1,"name":"Portada","item":"https:\/\/www.asajacyl.com\/soria\/"},{"@type":"ListItem","position":2,"name":"Kit Digital: cambios que mejoran la ayuda para aut\u00f3nomos y microempresas, inf\u00f3rmate en ASAJA"}]},{"@type":"WebSite","@id":"https:\/\/www.asajacyl.com\/soria\/#website","url":"https:\/\/www.asajacyl.com\/soria\/","name":"ASAJA Soria","description":"Otro sitio m\u00e1s de Provincias ASAJA Castilla y Le\u00f3n","potentialAction":[{"@type":"SearchAction","target":{"@type":"EntryPoint","urlTemplate":"https:\/\/www.asajacyl.com\/soria\/?s={search_term_string}"},"query-input":{"@type":"PropertyValueSpecification","valueRequired":true,"valueName":"search_term_string"}}],"inLanguage":"es"},{"@type":"Person","@id":"https:\/\/www.asajacyl.com\/soria\/#\/schema\/person\/fd3081c40255119ce8133b87e6aedfab","name":"Juan Ignacio Prieto Nieto","image":{"@type":"ImageObject","inLanguage":"es","@id":"https:\/\/www.asajacyl.com\/soria\/#\/schema\/person\/image\/","url":"https:\/\/secure.gravatar.com\/avatar\/8266b36e4d9001acb4700699a2468dc8?s=96&d=mm&r=g","contentUrl":"https:\/\/secure.gravatar.com\/avatar\/8266b36e4d9001acb4700699a2468dc8?s=96&d=mm&r=g","caption":"Juan Ignacio Prieto Nieto"},"url":"https:\/\/www.asajacyl.com\/soria\/author\/juanfranciscoby"}]}},"_links":{"self":[{"href":"https:\/\/www.asajacyl.com\/soria\/wp-json\/wp\/v2\/posts\/8145"}],"collection":[{"href":"https:\/\/www.asajacyl.com\/soria\/wp-json\/wp\/v2\/posts"}],"about":[{"href":"https:\/\/www.asajacyl.com\/soria\/wp-json\/wp\/v2\/types\/post"}],"author":[{"embeddable":true,"href":"https:\/\/www.asajacyl.com\/soria\/wp-json\/wp\/v2\/users\/12"}],"replies":[{"embeddable":true,"href":"https:\/\/www.asajacyl.com\/soria\/wp-json\/wp\/v2\/comments?post=8145"}],"version-history":[{"count":1,"href":"https:\/\/www.asajacyl.com\/soria\/wp-json\/wp\/v2\/posts\/8145\/revisions"}],"predecessor-version":[{"id":8147,"href":"https:\/\/www.asajacyl.com\/soria\/wp-json\/wp\/v2\/posts\/8145\/revisions\/8147"}],"wp:featuredmedia":[{"embeddable":true,"href":"https:\/\/www.asajacyl.com\/soria\/wp-json\/wp\/v2\/media\/8146"}],"wp:attachment":[{"href":"https:\/\/www.asajacyl.com\/soria\/wp-json\/wp\/v2\/media?parent=8145"}],"wp:term":[{"taxonomy":"category","embeddable":true,"href":"https:\/\/www.asajacyl.com\/soria\/wp-json\/wp\/v2\/categories?post=8145"},{"taxonomy":"post_tag","embeddable":true,"href":"https:\/\/www.asajacyl.com\/soria\/wp-json\/wp\/v2\/tags?post=8145"}],"curies":[{"name":"wp","href":"https:\/\/api.w.org\/{rel}","templated":true}]}}