{"id":8148,"date":"2024-05-28T12:18:45","date_gmt":"2024-05-28T10:18:45","guid":{"rendered":"https:\/\/www.asajacyl.com\/soria\/?p=8148"},"modified":"2024-06-03T10:06:55","modified_gmt":"2024-06-03T08:06:55","slug":"elecciones-ue-manifiesto-copa-cogeca-para-recuperar-la-brujula-agricola-y-restablecer-el-campo-como-un-recurso-estrategico","status":"publish","type":"post","link":"https:\/\/www.asajacyl.com\/soria\/asaja-soria-informa\/elecciones-ue-manifiesto-copa-cogeca-para-recuperar-la-brujula-agricola-y-restablecer-el-campo-como-un-recurso-estrategico","title":{"rendered":"Elecciones UE: manifiesto COPA-COGECA para recuperar la br\u00fajula agr\u00edcola y restablecer el campo como un recurso estrat\u00e9gico"},"content":{"rendered":"\n\n\n<h2>Manifiesto de Copa-Cogeca, que agrupa a las organizaciones y cooperativas agrarias de la UE, ASAJA entre ellas, para las elecciones europeas del 9 de junio<\/h2>\n<p><a class=\"td-modal-image\" href=\"https:\/\/www.asajacyl.com\/wp-content\/uploads\/2024\/05\/Captura-de-pantalla-2024-05-21-101357.jpg\"><img loading=\"lazy\" decoding=\"async\" class=\"wp-image-23594 alignright td-animation-stack-type0-2\" src=\"https:\/\/www.asajacyl.com\/wp-content\/uploads\/2024\/05\/Captura-de-pantalla-2024-05-21-101357.jpg\" alt=\"\" width=\"635\" height=\"525\" \/><\/a>El sector agropecuario es un pilar fundamental de la econom\u00eda europea, que sustenta una amplia gama de sectores y actores para los que produce, al tiempo que garantiza la autonom\u00eda alimentaria en la UE. En los a\u00f1os venideros se multiplicar\u00e1n los desaf\u00edos que encara el sector agropecuario europeo en su conjunto.<\/p>\n<p>La comunidad agropecuaria de la UE, representada por sus organizaciones agrarias y cooperativas agrupadas en COPA y COGECA, est\u00e1 formada por europe\u00edstas convencidos. Como bien evidencian las protestas de agricultores y ganaderos que han proliferado en los \u00faltimos meses, urge que la Uni\u00f3n Europea sit\u00fae de nuevo a las zonas rurales y al sector agrario en el n\u00facleo mismo de los debates y, as\u00ed, recupere su br\u00fajula agr\u00edcola. En este sentido, el di\u00e1logo estrat\u00e9gico iniciado por la actual presidenta de la Comisi\u00f3n Europea constituye un avance positivo y este planteamiento deber\u00eda mantenerse durante el mandato 2024-2029.<\/p>\n<p>En el Copa y la Cogeca se han identificado varios \u00e1mbitos de actuaci\u00f3n clave para el futuro del sector, entre ellos:<\/p>\n<p><strong>*Conciliar la mitigaci\u00f3n del cambio clim\u00e1tico, la conservaci\u00f3n de la naturaleza y la producci\u00f3n de alimentos<\/strong><\/p>\n<ul>\n<li>Garantizar, con car\u00e1cter urgente, una renta digna a nuestros 9 millones de explotaciones agropecuarias con una cadena de valor efectiva contra las pr\u00e1cticas comerciales desleales en cada Estado miembro.<\/li>\n<li>Conceder y ejecutar exenciones efectivas a la legislaci\u00f3n de competencia en favor de los productores primarios.<\/li>\n<li>Fomentar e incentivar las cadenas de valor cortas y las redes de mercados de productores.<\/li>\n<\/ul>\n<p><strong>*Reforzar la competitividad y la rentabilidad del sector agropecuario de la UE y mantener su potencial de producci\u00f3n sostenible<\/strong><\/p>\n<ul>\n<li>Reclamamos una \u201cLey sobre la restauraci\u00f3n de la agricultura\u201d. Los principios clave ser\u00edan: 1) proteger el sector agropecuario al igual que la UE protege la naturaleza; 2) garantizar legalmente el acceso a los recursos esenciales para las actividades agropecuarias, como la tierra, el agua y la energ\u00eda, y protegerlos.<\/li>\n<li>Medidas de mercado y de gesti\u00f3n de riesgos m\u00e1s eficaces. Los agricultores, que se enfrentan a riesgos cada m\u00e1s numerosos, en especial por el cambio clim\u00e1tico, deben disponer de una caja de herramientas con instrumentos de gesti\u00f3n de riesgos viables y econ\u00f3micos.<\/li>\n<\/ul>\n<p><strong>*Asegurar la transici\u00f3n generacional en el sector agropecuario<\/strong><\/p>\n<ul>\n<li>El Copa y la Cogeca instamos a la Comisi\u00f3n a elaborar una estrategia comunitaria ambiciosa y exhaustiva sobre el relevo generacional en el sector agropecuario, que incluya una verificaci\u00f3n de la situaci\u00f3n socioecon\u00f3mica de los j\u00f3venes agricultores en toda la normativa agraria, clim\u00e1tica o ambiental futura.<\/li>\n<li>Las ayudas de la PAC se deben explorar medidas espec\u00edficas unidas a un r\u00e9gimen de transmisi\u00f3n patrimonial de las explotaciones agrarias que sirva a todas las partes involucradas.<\/li>\n<\/ul>\n<p><strong>*Mejorar la sanidad vegetal y la salud y el bienestar animal fomentando la investigaci\u00f3n, la innovaci\u00f3n y las tecnolog\u00edas digitales<\/strong><\/p>\n<p>En el futuro, los agricultores deber\u00e1n cultivar con a\u00fan menos recursos naturales y tambi\u00e9n hacer frente a otros efectos derivados del cambio clim\u00e1tico, como nuevas plagas y enfermedades; al mismo tiempo, tendr\u00e1n que reducir las emisiones de gases de efecto invernadero y mantener la misma productividad en la misma extensi\u00f3n de tierras. Todo esto a fin de prevenir tanto la degradaci\u00f3n adicional de los suelos como la deforestaci\u00f3n.<\/p>\n<ul>\n<li>Es necesario que las nuevas sustancias activas con un menor impacto medioambiental y sanitario, ya sean de origen qu\u00edmico-sint\u00e9tico o biol\u00f3gico, se aprueben a tiempo y se desarrollen r\u00e1pidamente en el pr\u00f3ximo mandato de la Comisi\u00f3n Europea.<\/li>\n<li>La UE necesita un marco normativo s\u00f3lido, proporcional y cient\u00edfico sobre las especies vegetales obtenidas mediante nuevas t\u00e9cnicas de obtenci\u00f3n (NTO) que ya est\u00e9 en vigor desde el comienzo del pr\u00f3ximo mandato.<\/li>\n<li>Hacemos un llamamiento a la Comisi\u00f3n para que elabore una estrategia sobre fertilizantes que aporte autonom\u00eda estrat\u00e9gica, garantice la transparencia en el mercado de la UE y reconozca el papel de la econom\u00eda circular, incluidas las soluciones en las explotaciones agr\u00edcolas, como el nitr\u00f3geno recuperado del esti\u00e9rcol y los digestatos.<\/li>\n<li>Es imprescindible que la revisi\u00f3n de la legislaci\u00f3n sobre bienestar animal se ampare en el criterio cient\u00edfico y en estudios de viabilidad que tengan en cuenta las repercusiones en el comercio y la competitividad, y contemplen periodos transitorios apropiados.<\/li>\n<li>Reclamamos la aplicaci\u00f3n del principio de precauci\u00f3n hasta que se disponga de un marco legislativo apropiado que contemple las dimensiones \u00e9tica, social, de inocuidad, medioambiental y econ\u00f3mica asociadas con los productos cultivados en laboratorio.<\/li>\n<\/ul>\n<p><strong>*Invertir e innovar en zonas rurales din\u00e1micas<\/strong><\/p>\n<ul>\n<li>Durante la pr\u00f3xima legislatura de la UE, se deber\u00eda proponer un plan de infraestructura rural que apuntale y ejecute la \u00abVisi\u00f3n a largo plazo para las zonas rurales\u00bb de aqu\u00ed a 2040.<\/li>\n<li>Tambi\u00e9n se precisa una estrategia que defina e instaure programas y objetivos de mejora de la infraestructura de riego. Por otra parte, hay que priorizar el acceso adecuado a los recursos h\u00eddricos con fines agr\u00edcolas, en concreto, a la luz de las perturbaciones h\u00eddricas actuales, cada vez m\u00e1s frecuentes debido al cambio clim\u00e1tico.<\/li>\n<\/ul>\n<p><strong>Cuatro \u201cmotores\u201d para impulsar la agricultura UE<\/strong><\/p>\n<p>En la opini\u00f3n del Copa y de la Cogeca, para ejecutar las prioridades pol\u00edticas enunciadas anteriormente se necesitan cuatro factores propicios en el sistema institucional de la UE que ser\u00e1n decisivos para apoyar a las comunidades agropecuarias a trav\u00e9s de propuestas pol\u00edticas europeas.<\/p>\n<ol>\n<li><strong>Un presupuesto UE que refleje correctamente las ambiciones de la UE en materia de agricultura<\/strong><\/li>\n<\/ol>\n<p>Necesitamos una PAC s\u00f3lida con un presupuesto para despu\u00e9s de 2027 que se corresponda con las crecientes necesidades del sector, al tiempo que se garantiza la asignaci\u00f3n de fondos ajenos a la PAC. En caso de que se adhieran nuevos Estados miembro a la UE, ya sea Ucrania u otros pa\u00edses, es imprescindible que se conceda un periodo transitorio para dotar a la PAC de financiaci\u00f3n y otros instrumentos adecuados para responder a la situaci\u00f3n del mercado.<\/p>\n<p>Instamos a una evaluaci\u00f3n del impacto de las pol\u00edticas del Pacto Verde, as\u00ed como a analizar sus implicaciones financieras. Adem\u00e1s, el apoyo a acciones y pol\u00edticas adicionales no debe ir en detrimento de la financiaci\u00f3n de la PAC, se necesitan otros fondos. Un claro ejemplo son las propuestas actuales para la agricultura de carbono, la Ley de restauraci\u00f3n de la naturaleza y el suelo.<\/p>\n<p><strong>2 Un programa pol\u00edtico en materia de comercio que sea coherente con el grado de ambici\u00f3n en el mercado interior<\/strong><\/p>\n<p>Garantizar un comercio justo con reciprocidad en cuanto a las normas de producci\u00f3n es un cometido especialmente fundamental para evitar las fugas de sostenibilidad, sin socavar las producciones de la UE ni la transparencia ante los consumidores.<\/p>\n<p><strong>3 Estudios de viabilidad sobre cualquier nueva propuesta relacionada con la agricultura<\/strong><\/p>\n<p>Toda nueva iniciativa por parte de la Comisi\u00f3n deber\u00eda conllevar una evaluaci\u00f3n de impacto en la que figure una secci\u00f3n sobre 1) su viabilidad y necesidad; 2) su impacto en la producci\u00f3n, en las tierras y en las zonas rurales; 3) su impacto en cuanto al relevo generaci\u00f3n; y 4) las implicaciones financieras.<\/p>\n<p><strong>4 Se necesita un comisario de Agricultura y Zonas rurales con una funci\u00f3n primordial como vicepresidente de la Comisi\u00f3n Europea<\/strong><\/p>\n<p>Deben dotarse, asimismo, los recursos necesarios (financieros, humanos, etc.) de forma que sea acorde con el papel estrat\u00e9gico de garantizar la seguridad y la accesibilidad alimentaria. La Comisi\u00f3n de Agricultura del Parlamento Europeo y los ministros de Agricultura debe asumir un papel igual de destacado, con competencias dedicadas en todos los temas relacionados con las cadenas agroalimentarias.<\/p>\n<p>Con miras al mandato 2024-2029, reclamamos menos normativas pero de mayor calidad, de forma que haya un plazo suficiente de consulta p\u00fablica y recopilaci\u00f3n de comentarios sobre la evaluaci\u00f3n de impacto en el seno de la Comisi\u00f3n Europea.<\/p>\n<p>\u00a0<\/p>\n<h3><strong>\u00a1LOS VOTOS DE LA AGRICULTURA EUROPEA IMPORTAN!<\/strong><\/h3>\n<p>Para restablecer la importancia estrat\u00e9gica de la agricultura en las instituciones europeas, es necesario transmitir un mensaje rotundo. Un mensaje claro a trav\u00e9s del voto masivo de las comunidades agropecuarias y rurales.<\/p>\n<p>Tambi\u00e9n es imperioso que en la pr\u00f3xima legislatura resulten elegidos representantes que comprendan y conozcan de primera mano los retos a los que se enfrentan las comunidades rurales y los agricultores. Instamos a los partidos pol\u00edticos europeos a priorizar esta dimensi\u00f3n a la hora de elaborar sus listas para las elecciones europeas, e incidimos en que un Parlamento Europeo desprovisto de representaci\u00f3n agr\u00edcola y rural transmitir\u00eda una se\u00f1al negativa para el pr\u00f3ximo mandato.<\/p>\n<p><a class=\"td-modal-image\" href=\"https:\/\/www.asajacyl.com\/wp-content\/uploads\/2024\/05\/elecciones-europa.jpg\"><img loading=\"lazy\" decoding=\"async\" class=\"alignnone size-full wp-image-23593 td-animation-stack-type0-2\" src=\"https:\/\/www.asajacyl.com\/wp-content\/uploads\/2024\/05\/elecciones-europa.jpg\" alt=\"\" width=\"2048\" height=\"1536\" \/><\/a><\/p>\n","protected":false},"excerpt":{"rendered":"<p>Manifiesto de Copa-Cogeca, que agrupa a las organizaciones y cooperativas agrarias de la UE, ASAJA entre ellas, para las elecciones europeas del 9 de junio El sector agropecuario es un pilar fundamental de la econom\u00eda europea, que sustenta una amplia gama de sectores y actores para los que produce, al tiempo que garantiza la autonom\u00eda [&hellip;]<\/p>\n","protected":false},"author":12,"featured_media":8150,"comment_status":"open","ping_status":"open","sticky":false,"template":"","format":"standard","meta":{"footnotes":""},"categories":[10,25],"tags":[],"yoast_head":"<!-- This site is optimized with the Yoast SEO plugin v24.5 - https:\/\/yoast.com\/wordpress\/plugins\/seo\/ -->\n<title>Elecciones UE: manifiesto COPA-COGECA para recuperar la br\u00fajula agr\u00edcola y restablecer el campo como un recurso estrat\u00e9gico - ASAJA Soria<\/title>\n<meta name=\"description\" content=\"Manifiesto de Copa-Cogeca, que agrupa a las organizaciones y cooperativas agrarias de la UE, ASAJA entre ellas, para las elecciones europeas del 9 de\" \/>\n<meta name=\"robots\" content=\"index, follow, max-snippet:-1, max-image-preview:large, max-video-preview:-1\" \/>\n<link rel=\"canonical\" href=\"https:\/\/www.asajacyl.com\/soria\/asaja-soria-informa\/elecciones-ue-manifiesto-copa-cogeca-para-recuperar-la-brujula-agricola-y-restablecer-el-campo-como-un-recurso-estrategico\" \/>\n<meta property=\"og:locale\" content=\"es_ES\" \/>\n<meta property=\"og:type\" content=\"article\" \/>\n<meta property=\"og:title\" content=\"Elecciones UE: manifiesto COPA-COGECA para recuperar la br\u00fajula agr\u00edcola y restablecer el campo como un recurso estrat\u00e9gico - ASAJA Soria\" \/>\n<meta property=\"og:description\" content=\"Manifiesto de Copa-Cogeca, que agrupa a las organizaciones y cooperativas agrarias de la UE, ASAJA entre ellas, para las elecciones europeas del 9 de\" \/>\n<meta property=\"og:url\" content=\"https:\/\/www.asajacyl.com\/soria\/asaja-soria-informa\/elecciones-ue-manifiesto-copa-cogeca-para-recuperar-la-brujula-agricola-y-restablecer-el-campo-como-un-recurso-estrategico\" \/>\n<meta property=\"og:site_name\" content=\"ASAJA Soria\" \/>\n<meta property=\"article:published_time\" content=\"2024-05-28T10:18:45+00:00\" \/>\n<meta property=\"article:modified_time\" content=\"2024-06-03T08:06:55+00:00\" \/>\n<meta property=\"og:image\" content=\"https:\/\/www.asajacyl.com\/soria\/wp-content\/uploads\/sites\/9\/2024\/05\/Captura-de-pantalla-2024-05-21-101357.jpg\" \/>\n\t<meta property=\"og:image:width\" content=\"887\" \/>\n\t<meta property=\"og:image:height\" content=\"733\" \/>\n\t<meta property=\"og:image:type\" content=\"image\/jpeg\" \/>\n<meta name=\"author\" content=\"Juan Ignacio Prieto Nieto\" \/>\n<meta name=\"twitter:card\" content=\"summary_large_image\" \/>\n<meta name=\"twitter:label1\" content=\"Escrito por\" \/>\n\t<meta name=\"twitter:data1\" content=\"Juan Ignacio Prieto Nieto\" \/>\n\t<meta name=\"twitter:label2\" content=\"Tiempo de lectura\" \/>\n\t<meta name=\"twitter:data2\" content=\"7 minutos\" \/>\n<script type=\"application\/ld+json\" class=\"yoast-schema-graph\">{\"@context\":\"https:\/\/schema.org\",\"@graph\":[{\"@type\":\"WebPage\",\"@id\":\"https:\/\/www.asajacyl.com\/soria\/asaja-soria-informa\/elecciones-ue-manifiesto-copa-cogeca-para-recuperar-la-brujula-agricola-y-restablecer-el-campo-como-un-recurso-estrategico\",\"url\":\"https:\/\/www.asajacyl.com\/soria\/asaja-soria-informa\/elecciones-ue-manifiesto-copa-cogeca-para-recuperar-la-brujula-agricola-y-restablecer-el-campo-como-un-recurso-estrategico\",\"name\":\"Elecciones UE: manifiesto COPA-COGECA para recuperar la br\u00fajula agr\u00edcola y restablecer el campo como un recurso estrat\u00e9gico - ASAJA Soria\",\"isPartOf\":{\"@id\":\"https:\/\/www.asajacyl.com\/soria\/#website\"},\"primaryImageOfPage\":{\"@id\":\"https:\/\/www.asajacyl.com\/soria\/asaja-soria-informa\/elecciones-ue-manifiesto-copa-cogeca-para-recuperar-la-brujula-agricola-y-restablecer-el-campo-como-un-recurso-estrategico#primaryimage\"},\"image\":{\"@id\":\"https:\/\/www.asajacyl.com\/soria\/asaja-soria-informa\/elecciones-ue-manifiesto-copa-cogeca-para-recuperar-la-brujula-agricola-y-restablecer-el-campo-como-un-recurso-estrategico#primaryimage\"},\"thumbnailUrl\":\"https:\/\/www.asajacyl.com\/soria\/wp-content\/uploads\/sites\/9\/2024\/05\/Captura-de-pantalla-2024-05-21-101357.jpg\",\"datePublished\":\"2024-05-28T10:18:45+00:00\",\"dateModified\":\"2024-06-03T08:06:55+00:00\",\"author\":{\"@id\":\"https:\/\/www.asajacyl.com\/soria\/#\/schema\/person\/fd3081c40255119ce8133b87e6aedfab\"},\"description\":\"Manifiesto de Copa-Cogeca, que agrupa a las organizaciones y cooperativas agrarias de la UE, ASAJA entre ellas, para las elecciones europeas del 9 de\",\"breadcrumb\":{\"@id\":\"https:\/\/www.asajacyl.com\/soria\/asaja-soria-informa\/elecciones-ue-manifiesto-copa-cogeca-para-recuperar-la-brujula-agricola-y-restablecer-el-campo-como-un-recurso-estrategico#breadcrumb\"},\"inLanguage\":\"es\",\"potentialAction\":[{\"@type\":\"ReadAction\",\"target\":[\"https:\/\/www.asajacyl.com\/soria\/asaja-soria-informa\/elecciones-ue-manifiesto-copa-cogeca-para-recuperar-la-brujula-agricola-y-restablecer-el-campo-como-un-recurso-estrategico\"]}]},{\"@type\":\"ImageObject\",\"inLanguage\":\"es\",\"@id\":\"https:\/\/www.asajacyl.com\/soria\/asaja-soria-informa\/elecciones-ue-manifiesto-copa-cogeca-para-recuperar-la-brujula-agricola-y-restablecer-el-campo-como-un-recurso-estrategico#primaryimage\",\"url\":\"https:\/\/www.asajacyl.com\/soria\/wp-content\/uploads\/sites\/9\/2024\/05\/Captura-de-pantalla-2024-05-21-101357.jpg\",\"contentUrl\":\"https:\/\/www.asajacyl.com\/soria\/wp-content\/uploads\/sites\/9\/2024\/05\/Captura-de-pantalla-2024-05-21-101357.jpg\",\"width\":887,\"height\":733},{\"@type\":\"BreadcrumbList\",\"@id\":\"https:\/\/www.asajacyl.com\/soria\/asaja-soria-informa\/elecciones-ue-manifiesto-copa-cogeca-para-recuperar-la-brujula-agricola-y-restablecer-el-campo-como-un-recurso-estrategico#breadcrumb\",\"itemListElement\":[{\"@type\":\"ListItem\",\"position\":1,\"name\":\"Portada\",\"item\":\"https:\/\/www.asajacyl.com\/soria\/\"},{\"@type\":\"ListItem\",\"position\":2,\"name\":\"Elecciones UE: manifiesto COPA-COGECA para recuperar la br\u00fajula agr\u00edcola y restablecer el campo como un recurso estrat\u00e9gico\"}]},{\"@type\":\"WebSite\",\"@id\":\"https:\/\/www.asajacyl.com\/soria\/#website\",\"url\":\"https:\/\/www.asajacyl.com\/soria\/\",\"name\":\"ASAJA Soria\",\"description\":\"Otro sitio m\u00e1s de Provincias ASAJA Castilla y Le\u00f3n\",\"potentialAction\":[{\"@type\":\"SearchAction\",\"target\":{\"@type\":\"EntryPoint\",\"urlTemplate\":\"https:\/\/www.asajacyl.com\/soria\/?s={search_term_string}\"},\"query-input\":{\"@type\":\"PropertyValueSpecification\",\"valueRequired\":true,\"valueName\":\"search_term_string\"}}],\"inLanguage\":\"es\"},{\"@type\":\"Person\",\"@id\":\"https:\/\/www.asajacyl.com\/soria\/#\/schema\/person\/fd3081c40255119ce8133b87e6aedfab\",\"name\":\"Juan Ignacio Prieto Nieto\",\"image\":{\"@type\":\"ImageObject\",\"inLanguage\":\"es\",\"@id\":\"https:\/\/www.asajacyl.com\/soria\/#\/schema\/person\/image\/\",\"url\":\"https:\/\/secure.gravatar.com\/avatar\/8266b36e4d9001acb4700699a2468dc8?s=96&d=mm&r=g\",\"contentUrl\":\"https:\/\/secure.gravatar.com\/avatar\/8266b36e4d9001acb4700699a2468dc8?s=96&d=mm&r=g\",\"caption\":\"Juan Ignacio Prieto Nieto\"},\"url\":\"https:\/\/www.asajacyl.com\/soria\/author\/juanfranciscoby\"}]}<\/script>\n<!-- \/ Yoast SEO plugin. -->","yoast_head_json":{"title":"Elecciones UE: manifiesto COPA-COGECA para recuperar la br\u00fajula agr\u00edcola y restablecer el campo como un recurso estrat\u00e9gico - ASAJA Soria","description":"Manifiesto de Copa-Cogeca, que agrupa a las organizaciones y cooperativas agrarias de la UE, ASAJA entre ellas, para las elecciones europeas del 9 de","robots":{"index":"index","follow":"follow","max-snippet":"max-snippet:-1","max-image-preview":"max-image-preview:large","max-video-preview":"max-video-preview:-1"},"canonical":"https:\/\/www.asajacyl.com\/soria\/asaja-soria-informa\/elecciones-ue-manifiesto-copa-cogeca-para-recuperar-la-brujula-agricola-y-restablecer-el-campo-como-un-recurso-estrategico","og_locale":"es_ES","og_type":"article","og_title":"Elecciones UE: manifiesto COPA-COGECA para recuperar la br\u00fajula agr\u00edcola y restablecer el campo como un recurso estrat\u00e9gico - ASAJA Soria","og_description":"Manifiesto de Copa-Cogeca, que agrupa a las organizaciones y cooperativas agrarias de la UE, ASAJA entre ellas, para las elecciones europeas del 9 de","og_url":"https:\/\/www.asajacyl.com\/soria\/asaja-soria-informa\/elecciones-ue-manifiesto-copa-cogeca-para-recuperar-la-brujula-agricola-y-restablecer-el-campo-como-un-recurso-estrategico","og_site_name":"ASAJA Soria","article_published_time":"2024-05-28T10:18:45+00:00","article_modified_time":"2024-06-03T08:06:55+00:00","og_image":[{"width":887,"height":733,"url":"https:\/\/www.asajacyl.com\/soria\/wp-content\/uploads\/sites\/9\/2024\/05\/Captura-de-pantalla-2024-05-21-101357.jpg","type":"image\/jpeg"}],"author":"Juan Ignacio Prieto Nieto","twitter_card":"summary_large_image","twitter_misc":{"Escrito por":"Juan Ignacio Prieto Nieto","Tiempo de lectura":"7 minutos"},"schema":{"@context":"https:\/\/schema.org","@graph":[{"@type":"WebPage","@id":"https:\/\/www.asajacyl.com\/soria\/asaja-soria-informa\/elecciones-ue-manifiesto-copa-cogeca-para-recuperar-la-brujula-agricola-y-restablecer-el-campo-como-un-recurso-estrategico","url":"https:\/\/www.asajacyl.com\/soria\/asaja-soria-informa\/elecciones-ue-manifiesto-copa-cogeca-para-recuperar-la-brujula-agricola-y-restablecer-el-campo-como-un-recurso-estrategico","name":"Elecciones UE: manifiesto COPA-COGECA para recuperar la br\u00fajula agr\u00edcola y restablecer el campo como un recurso estrat\u00e9gico - ASAJA Soria","isPartOf":{"@id":"https:\/\/www.asajacyl.com\/soria\/#website"},"primaryImageOfPage":{"@id":"https:\/\/www.asajacyl.com\/soria\/asaja-soria-informa\/elecciones-ue-manifiesto-copa-cogeca-para-recuperar-la-brujula-agricola-y-restablecer-el-campo-como-un-recurso-estrategico#primaryimage"},"image":{"@id":"https:\/\/www.asajacyl.com\/soria\/asaja-soria-informa\/elecciones-ue-manifiesto-copa-cogeca-para-recuperar-la-brujula-agricola-y-restablecer-el-campo-como-un-recurso-estrategico#primaryimage"},"thumbnailUrl":"https:\/\/www.asajacyl.com\/soria\/wp-content\/uploads\/sites\/9\/2024\/05\/Captura-de-pantalla-2024-05-21-101357.jpg","datePublished":"2024-05-28T10:18:45+00:00","dateModified":"2024-06-03T08:06:55+00:00","author":{"@id":"https:\/\/www.asajacyl.com\/soria\/#\/schema\/person\/fd3081c40255119ce8133b87e6aedfab"},"description":"Manifiesto de Copa-Cogeca, que agrupa a las organizaciones y cooperativas agrarias de la UE, ASAJA entre ellas, para las elecciones europeas del 9 de","breadcrumb":{"@id":"https:\/\/www.asajacyl.com\/soria\/asaja-soria-informa\/elecciones-ue-manifiesto-copa-cogeca-para-recuperar-la-brujula-agricola-y-restablecer-el-campo-como-un-recurso-estrategico#breadcrumb"},"inLanguage":"es","potentialAction":[{"@type":"ReadAction","target":["https:\/\/www.asajacyl.com\/soria\/asaja-soria-informa\/elecciones-ue-manifiesto-copa-cogeca-para-recuperar-la-brujula-agricola-y-restablecer-el-campo-como-un-recurso-estrategico"]}]},{"@type":"ImageObject","inLanguage":"es","@id":"https:\/\/www.asajacyl.com\/soria\/asaja-soria-informa\/elecciones-ue-manifiesto-copa-cogeca-para-recuperar-la-brujula-agricola-y-restablecer-el-campo-como-un-recurso-estrategico#primaryimage","url":"https:\/\/www.asajacyl.com\/soria\/wp-content\/uploads\/sites\/9\/2024\/05\/Captura-de-pantalla-2024-05-21-101357.jpg","contentUrl":"https:\/\/www.asajacyl.com\/soria\/wp-content\/uploads\/sites\/9\/2024\/05\/Captura-de-pantalla-2024-05-21-101357.jpg","width":887,"height":733},{"@type":"BreadcrumbList","@id":"https:\/\/www.asajacyl.com\/soria\/asaja-soria-informa\/elecciones-ue-manifiesto-copa-cogeca-para-recuperar-la-brujula-agricola-y-restablecer-el-campo-como-un-recurso-estrategico#breadcrumb","itemListElement":[{"@type":"ListItem","position":1,"name":"Portada","item":"https:\/\/www.asajacyl.com\/soria\/"},{"@type":"ListItem","position":2,"name":"Elecciones UE: manifiesto COPA-COGECA para recuperar la br\u00fajula agr\u00edcola y restablecer el campo como un recurso estrat\u00e9gico"}]},{"@type":"WebSite","@id":"https:\/\/www.asajacyl.com\/soria\/#website","url":"https:\/\/www.asajacyl.com\/soria\/","name":"ASAJA Soria","description":"Otro sitio m\u00e1s de Provincias ASAJA Castilla y Le\u00f3n","potentialAction":[{"@type":"SearchAction","target":{"@type":"EntryPoint","urlTemplate":"https:\/\/www.asajacyl.com\/soria\/?s={search_term_string}"},"query-input":{"@type":"PropertyValueSpecification","valueRequired":true,"valueName":"search_term_string"}}],"inLanguage":"es"},{"@type":"Person","@id":"https:\/\/www.asajacyl.com\/soria\/#\/schema\/person\/fd3081c40255119ce8133b87e6aedfab","name":"Juan Ignacio Prieto Nieto","image":{"@type":"ImageObject","inLanguage":"es","@id":"https:\/\/www.asajacyl.com\/soria\/#\/schema\/person\/image\/","url":"https:\/\/secure.gravatar.com\/avatar\/8266b36e4d9001acb4700699a2468dc8?s=96&d=mm&r=g","contentUrl":"https:\/\/secure.gravatar.com\/avatar\/8266b36e4d9001acb4700699a2468dc8?s=96&d=mm&r=g","caption":"Juan Ignacio Prieto Nieto"},"url":"https:\/\/www.asajacyl.com\/soria\/author\/juanfranciscoby"}]}},"_links":{"self":[{"href":"https:\/\/www.asajacyl.com\/soria\/wp-json\/wp\/v2\/posts\/8148"}],"collection":[{"href":"https:\/\/www.asajacyl.com\/soria\/wp-json\/wp\/v2\/posts"}],"about":[{"href":"https:\/\/www.asajacyl.com\/soria\/wp-json\/wp\/v2\/types\/post"}],"author":[{"embeddable":true,"href":"https:\/\/www.asajacyl.com\/soria\/wp-json\/wp\/v2\/users\/12"}],"replies":[{"embeddable":true,"href":"https:\/\/www.asajacyl.com\/soria\/wp-json\/wp\/v2\/comments?post=8148"}],"version-history":[{"count":1,"href":"https:\/\/www.asajacyl.com\/soria\/wp-json\/wp\/v2\/posts\/8148\/revisions"}],"predecessor-version":[{"id":8149,"href":"https:\/\/www.asajacyl.com\/soria\/wp-json\/wp\/v2\/posts\/8148\/revisions\/8149"}],"wp:featuredmedia":[{"embeddable":true,"href":"https:\/\/www.asajacyl.com\/soria\/wp-json\/wp\/v2\/media\/8150"}],"wp:attachment":[{"href":"https:\/\/www.asajacyl.com\/soria\/wp-json\/wp\/v2\/media?parent=8148"}],"wp:term":[{"taxonomy":"category","embeddable":true,"href":"https:\/\/www.asajacyl.com\/soria\/wp-json\/wp\/v2\/categories?post=8148"},{"taxonomy":"post_tag","embeddable":true,"href":"https:\/\/www.asajacyl.com\/soria\/wp-json\/wp\/v2\/tags?post=8148"}],"curies":[{"name":"wp","href":"https:\/\/api.w.org\/{rel}","templated":true}]}}