{"id":8151,"date":"2024-05-28T12:23:52","date_gmt":"2024-05-28T10:23:52","guid":{"rendered":"https:\/\/www.asajacyl.com\/soria\/?p=8151"},"modified":"2024-05-28T12:23:54","modified_gmt":"2024-05-28T10:23:54","slug":"elecciones-ue-manifiesto-del-consejo-europeo-de-jovenes-agricultores-para-la-renovacion-generacional","status":"publish","type":"post","link":"https:\/\/www.asajacyl.com\/soria\/asaja-soria-informa\/elecciones-ue-manifiesto-del-consejo-europeo-de-jovenes-agricultores-para-la-renovacion-generacional","title":{"rendered":"Elecciones UE: Manifiesto del Consejo Europeo de J\u00f3venes Agricultores para la renovaci\u00f3n generacional"},"content":{"rendered":"\n\n\n<h2>Ante las pr\u00f3ximas elecciones europeas, el Consejo Europeo de J\u00f3venes Agricultores (CEJA), del que forma parte ASAJA, reconoce el momento crucial que vive el sector, y concreta diez puntos cr\u00edticos, ante los que hay que actuar de modo urgente para que la renovaci\u00f3n generacional sea \u00f3ptima y para lograr un sector agr\u00edcola m\u00e1s atractivo, din\u00e1mico y resiliente para Europa.<\/h2>\n<p><a class=\"td-modal-image\" href=\"https:\/\/www.asajacyl.com\/wp-content\/uploads\/2024\/05\/Captura-de-pantalla-2024-05-22-123328.png\"><img loading=\"lazy\" decoding=\"async\" class=\"size-full wp-image-23598 alignright td-animation-stack-type0-2\" src=\"https:\/\/www.asajacyl.com\/wp-content\/uploads\/2024\/05\/Captura-de-pantalla-2024-05-22-123328.png\" alt=\"\" width=\"749\" height=\"413\" \/><\/a><\/p>\n<ol>\n<li><strong>Acceso a la inversi\u00f3n<\/strong><\/li>\n<\/ol>\n<p>Los agricultores j\u00f3venes tienen m\u00e1s probabilidades de que el banco rechace sus solicitudes de pr\u00e9stamo, por la percepci\u00f3n de que son perfiles de mayor riesgo, la falta de un plan de negocios viable, as\u00ed como falta de capital y garant\u00edas. Son imprescindibles instrumentos financieros sencillos y libres de burocracia.<\/p>\n<p>2.\u00a0<strong>Cambio clim\u00e1tico y agua<\/strong><\/p>\n<p>Garantizar la sostenibilidad de los suelos y los nutrientes y el acceso al agua es esencial para agricultura. Los agricultores necesitan las herramientas, la orientaci\u00f3n, la educaci\u00f3n y el apoyo necesarios para adaptarse y mitigar el cambio clim\u00e1tico.<\/p>\n<ol start=\"3\">\n<li><strong>Acceso a la tierra<\/strong><\/li>\n<\/ol>\n<p>Los j\u00f3venes agricultores necesitan tierras disponibles que puedan comprar o alquiler, y en el que podr\u00e1n invertir de forma sostenible y con certeza a largo plazo. Se necesitan acciones para hacer frente a los altos precios, la dura competencia con actores no agr\u00edcolas y la falta de datos y transparencia.<\/p>\n<ol start=\"4\">\n<li><strong>Futuro de la PAC<\/strong><\/li>\n<\/ol>\n<p>CEJA pide repensar la PAC. Hay que asignar un presupuesto mayor, s\u00ed, pero la reflexi\u00f3n sobre la PAC deber\u00eda ir m\u00e1s all\u00e1, incidiendo en la inversi\u00f3n y la gesti\u00f3n de riesgos. Es importante un an\u00e1lisis para evaluar la eficiencia de las medidas actuales, y proceder a una asignaci\u00f3n justa de recursos y que no se desperdicien.<\/p>\n<p>5.\u00a0<strong>Innovaci\u00f3n, educaci\u00f3n, conocimiento<\/strong><\/p>\n<p>Para prosperar en una profesi\u00f3n t\u00e9cnicamente exigente, es vital mejorar las habilidades de los agricultores, trabajadores agr\u00edcolas y asesores. Se necesitan servicios de asesoramiento personalizados, as\u00ed como promover la participaci\u00f3n de los j\u00f3venes agricultores en redes de conocimiento e iniciativas de investigaci\u00f3n.<\/p>\n<p>6.\u00a0<strong>Seguridad Jur\u00eddica<\/strong><\/p>\n<p>La agricultura opera en ciclos de largo plazo y requiere inversiones sustanciales. No puede prosperar en medio de una excesiva incertidumbre. La competencia leal y unas normas claras, realistas, coherentes y justas son vitales.<\/p>\n<p>7.\u00a0<strong>Ingresos y cadena de valor<\/strong><\/p>\n<p>La venta por debajo del coste debe ser investigada m\u00e1s a fondo, y prohibida. Para garantizar la transparencia y autenticidad, se deben aplicar pr\u00e1cticas honestas de etiquetado.<\/p>\n<p>8.\u00a0<strong>Zonas rurales<\/strong><\/p>\n<p>Las zonas rurales deben ser atractivas, corrigiendo problemas como la falta de conectividad y acceso a servicios p\u00fablicos, como educaci\u00f3n o salud. La agricultura es una forma de vida, para la que el equilibrio entre la vida personal y laboral y la salud mental son importantes.<\/p>\n<p>9.\u00a0<strong>Participaci\u00f3n activa<\/strong><\/p>\n<p>La participaci\u00f3n activa de los j\u00f3venes en la formulaci\u00f3n de pol\u00edticas es de suma importancia. Sus ideas y experiencias deben tomarse en serio, ya que son la columna vertebral de la longevidad del sector agr\u00edcola, y est\u00e1n deseosos de implementar pr\u00e1cticas sostenibles y con visi\u00f3n de futuro.<\/p>\n<p>10.\u00a0<strong>Valor de la diversidad agr\u00edcola y ganadera<\/strong><\/p>\n<p>Si bien la agricultura org\u00e1nica desempe\u00f1a un papel importante, la sostenibilidad abarca m\u00e1s v\u00edas, pr\u00e1cticas y sectores. Europa debe enviar un mensaje rotundo sobre la importancia y diversidad de la agricultura, incluida una visi\u00f3n positiva y constructiva sobre el papel de la ganader\u00eda. La agricultura es estrat\u00e9gica en la UE, tanto desde el punto de vista de la bioeconom\u00eda, cohesi\u00f3n social, viabilidad de las zonas rurales como, por supuesto, alimentaci\u00f3n, por lo que la producci\u00f3n no debe concentrarse en manos de unos pocos actores.<\/p>\n","protected":false},"excerpt":{"rendered":"<p>Ante las pr\u00f3ximas elecciones europeas, el Consejo Europeo de J\u00f3venes Agricultores (CEJA), del que forma parte ASAJA, reconoce el momento crucial que vive el sector, y concreta diez puntos cr\u00edticos, ante los que hay que actuar de modo urgente para que la renovaci\u00f3n generacional sea \u00f3ptima y para lograr un sector agr\u00edcola m\u00e1s atractivo, din\u00e1mico [&hellip;]<\/p>\n","protected":false},"author":12,"featured_media":8152,"comment_status":"open","ping_status":"open","sticky":false,"template":"","format":"standard","meta":{"footnotes":""},"categories":[10,25],"tags":[],"yoast_head":"<!-- This site is optimized with the Yoast SEO plugin v24.5 - https:\/\/yoast.com\/wordpress\/plugins\/seo\/ -->\n<title>Elecciones UE: Manifiesto del Consejo Europeo de J\u00f3venes Agricultores para la renovaci\u00f3n generacional - ASAJA Soria<\/title>\n<meta name=\"description\" content=\"Ante las pr\u00f3ximas elecciones europeas, el Consejo Europeo de J\u00f3venes Agricultores (CEJA), del que forma parte ASAJA, reconoce el momento crucial que vive\" \/>\n<meta name=\"robots\" content=\"index, follow, max-snippet:-1, max-image-preview:large, max-video-preview:-1\" \/>\n<link rel=\"canonical\" href=\"https:\/\/www.asajacyl.com\/soria\/asaja-soria-informa\/elecciones-ue-manifiesto-del-consejo-europeo-de-jovenes-agricultores-para-la-renovacion-generacional\" \/>\n<meta property=\"og:locale\" content=\"es_ES\" \/>\n<meta property=\"og:type\" content=\"article\" \/>\n<meta property=\"og:title\" content=\"Elecciones UE: Manifiesto del Consejo Europeo de J\u00f3venes Agricultores para la renovaci\u00f3n generacional - ASAJA Soria\" \/>\n<meta property=\"og:description\" content=\"Ante las pr\u00f3ximas elecciones europeas, el Consejo Europeo de J\u00f3venes Agricultores (CEJA), del que forma parte ASAJA, reconoce el momento crucial que vive\" \/>\n<meta property=\"og:url\" content=\"https:\/\/www.asajacyl.com\/soria\/asaja-soria-informa\/elecciones-ue-manifiesto-del-consejo-europeo-de-jovenes-agricultores-para-la-renovacion-generacional\" \/>\n<meta property=\"og:site_name\" content=\"ASAJA Soria\" \/>\n<meta property=\"article:published_time\" content=\"2024-05-28T10:23:52+00:00\" \/>\n<meta property=\"article:modified_time\" content=\"2024-05-28T10:23:54+00:00\" \/>\n<meta property=\"og:image\" content=\"https:\/\/www.asajacyl.com\/soria\/wp-content\/uploads\/sites\/9\/2024\/05\/Captura-de-pantalla-2024-05-22-123328.png\" \/>\n\t<meta property=\"og:image:width\" content=\"749\" \/>\n\t<meta property=\"og:image:height\" content=\"413\" \/>\n\t<meta property=\"og:image:type\" content=\"image\/png\" \/>\n<meta name=\"author\" content=\"Juan Ignacio Prieto Nieto\" \/>\n<meta name=\"twitter:card\" content=\"summary_large_image\" \/>\n<meta name=\"twitter:label1\" content=\"Escrito por\" \/>\n\t<meta name=\"twitter:data1\" content=\"Juan Ignacio Prieto Nieto\" \/>\n\t<meta name=\"twitter:label2\" content=\"Tiempo de lectura\" \/>\n\t<meta name=\"twitter:data2\" content=\"4 minutos\" \/>\n<script type=\"application\/ld+json\" class=\"yoast-schema-graph\">{\"@context\":\"https:\/\/schema.org\",\"@graph\":[{\"@type\":\"WebPage\",\"@id\":\"https:\/\/www.asajacyl.com\/soria\/asaja-soria-informa\/elecciones-ue-manifiesto-del-consejo-europeo-de-jovenes-agricultores-para-la-renovacion-generacional\",\"url\":\"https:\/\/www.asajacyl.com\/soria\/asaja-soria-informa\/elecciones-ue-manifiesto-del-consejo-europeo-de-jovenes-agricultores-para-la-renovacion-generacional\",\"name\":\"Elecciones UE: Manifiesto del Consejo Europeo de J\u00f3venes Agricultores para la renovaci\u00f3n generacional - ASAJA Soria\",\"isPartOf\":{\"@id\":\"https:\/\/www.asajacyl.com\/soria\/#website\"},\"primaryImageOfPage\":{\"@id\":\"https:\/\/www.asajacyl.com\/soria\/asaja-soria-informa\/elecciones-ue-manifiesto-del-consejo-europeo-de-jovenes-agricultores-para-la-renovacion-generacional#primaryimage\"},\"image\":{\"@id\":\"https:\/\/www.asajacyl.com\/soria\/asaja-soria-informa\/elecciones-ue-manifiesto-del-consejo-europeo-de-jovenes-agricultores-para-la-renovacion-generacional#primaryimage\"},\"thumbnailUrl\":\"https:\/\/www.asajacyl.com\/soria\/wp-content\/uploads\/sites\/9\/2024\/05\/Captura-de-pantalla-2024-05-22-123328.png\",\"datePublished\":\"2024-05-28T10:23:52+00:00\",\"dateModified\":\"2024-05-28T10:23:54+00:00\",\"author\":{\"@id\":\"https:\/\/www.asajacyl.com\/soria\/#\/schema\/person\/fd3081c40255119ce8133b87e6aedfab\"},\"description\":\"Ante las pr\u00f3ximas elecciones europeas, el Consejo Europeo de J\u00f3venes Agricultores (CEJA), del que forma parte ASAJA, reconoce el momento crucial que vive\",\"breadcrumb\":{\"@id\":\"https:\/\/www.asajacyl.com\/soria\/asaja-soria-informa\/elecciones-ue-manifiesto-del-consejo-europeo-de-jovenes-agricultores-para-la-renovacion-generacional#breadcrumb\"},\"inLanguage\":\"es\",\"potentialAction\":[{\"@type\":\"ReadAction\",\"target\":[\"https:\/\/www.asajacyl.com\/soria\/asaja-soria-informa\/elecciones-ue-manifiesto-del-consejo-europeo-de-jovenes-agricultores-para-la-renovacion-generacional\"]}]},{\"@type\":\"ImageObject\",\"inLanguage\":\"es\",\"@id\":\"https:\/\/www.asajacyl.com\/soria\/asaja-soria-informa\/elecciones-ue-manifiesto-del-consejo-europeo-de-jovenes-agricultores-para-la-renovacion-generacional#primaryimage\",\"url\":\"https:\/\/www.asajacyl.com\/soria\/wp-content\/uploads\/sites\/9\/2024\/05\/Captura-de-pantalla-2024-05-22-123328.png\",\"contentUrl\":\"https:\/\/www.asajacyl.com\/soria\/wp-content\/uploads\/sites\/9\/2024\/05\/Captura-de-pantalla-2024-05-22-123328.png\",\"width\":749,\"height\":413},{\"@type\":\"BreadcrumbList\",\"@id\":\"https:\/\/www.asajacyl.com\/soria\/asaja-soria-informa\/elecciones-ue-manifiesto-del-consejo-europeo-de-jovenes-agricultores-para-la-renovacion-generacional#breadcrumb\",\"itemListElement\":[{\"@type\":\"ListItem\",\"position\":1,\"name\":\"Portada\",\"item\":\"https:\/\/www.asajacyl.com\/soria\/\"},{\"@type\":\"ListItem\",\"position\":2,\"name\":\"Elecciones UE: Manifiesto del Consejo Europeo de J\u00f3venes Agricultores para la renovaci\u00f3n generacional\"}]},{\"@type\":\"WebSite\",\"@id\":\"https:\/\/www.asajacyl.com\/soria\/#website\",\"url\":\"https:\/\/www.asajacyl.com\/soria\/\",\"name\":\"ASAJA Soria\",\"description\":\"Otro sitio m\u00e1s de Provincias ASAJA Castilla y Le\u00f3n\",\"potentialAction\":[{\"@type\":\"SearchAction\",\"target\":{\"@type\":\"EntryPoint\",\"urlTemplate\":\"https:\/\/www.asajacyl.com\/soria\/?s={search_term_string}\"},\"query-input\":{\"@type\":\"PropertyValueSpecification\",\"valueRequired\":true,\"valueName\":\"search_term_string\"}}],\"inLanguage\":\"es\"},{\"@type\":\"Person\",\"@id\":\"https:\/\/www.asajacyl.com\/soria\/#\/schema\/person\/fd3081c40255119ce8133b87e6aedfab\",\"name\":\"Juan Ignacio Prieto Nieto\",\"image\":{\"@type\":\"ImageObject\",\"inLanguage\":\"es\",\"@id\":\"https:\/\/www.asajacyl.com\/soria\/#\/schema\/person\/image\/\",\"url\":\"https:\/\/secure.gravatar.com\/avatar\/8266b36e4d9001acb4700699a2468dc8?s=96&d=mm&r=g\",\"contentUrl\":\"https:\/\/secure.gravatar.com\/avatar\/8266b36e4d9001acb4700699a2468dc8?s=96&d=mm&r=g\",\"caption\":\"Juan Ignacio Prieto Nieto\"},\"url\":\"https:\/\/www.asajacyl.com\/soria\/author\/juanfranciscoby\"}]}<\/script>\n<!-- \/ Yoast SEO plugin. -->","yoast_head_json":{"title":"Elecciones UE: Manifiesto del Consejo Europeo de J\u00f3venes Agricultores para la renovaci\u00f3n generacional - ASAJA Soria","description":"Ante las pr\u00f3ximas elecciones europeas, el Consejo Europeo de J\u00f3venes Agricultores (CEJA), del que forma parte ASAJA, reconoce el momento crucial que vive","robots":{"index":"index","follow":"follow","max-snippet":"max-snippet:-1","max-image-preview":"max-image-preview:large","max-video-preview":"max-video-preview:-1"},"canonical":"https:\/\/www.asajacyl.com\/soria\/asaja-soria-informa\/elecciones-ue-manifiesto-del-consejo-europeo-de-jovenes-agricultores-para-la-renovacion-generacional","og_locale":"es_ES","og_type":"article","og_title":"Elecciones UE: Manifiesto del Consejo Europeo de J\u00f3venes Agricultores para la renovaci\u00f3n generacional - ASAJA Soria","og_description":"Ante las pr\u00f3ximas elecciones europeas, el Consejo Europeo de J\u00f3venes Agricultores (CEJA), del que forma parte ASAJA, reconoce el momento crucial que vive","og_url":"https:\/\/www.asajacyl.com\/soria\/asaja-soria-informa\/elecciones-ue-manifiesto-del-consejo-europeo-de-jovenes-agricultores-para-la-renovacion-generacional","og_site_name":"ASAJA Soria","article_published_time":"2024-05-28T10:23:52+00:00","article_modified_time":"2024-05-28T10:23:54+00:00","og_image":[{"width":749,"height":413,"url":"https:\/\/www.asajacyl.com\/soria\/wp-content\/uploads\/sites\/9\/2024\/05\/Captura-de-pantalla-2024-05-22-123328.png","type":"image\/png"}],"author":"Juan Ignacio Prieto Nieto","twitter_card":"summary_large_image","twitter_misc":{"Escrito por":"Juan Ignacio Prieto Nieto","Tiempo de lectura":"4 minutos"},"schema":{"@context":"https:\/\/schema.org","@graph":[{"@type":"WebPage","@id":"https:\/\/www.asajacyl.com\/soria\/asaja-soria-informa\/elecciones-ue-manifiesto-del-consejo-europeo-de-jovenes-agricultores-para-la-renovacion-generacional","url":"https:\/\/www.asajacyl.com\/soria\/asaja-soria-informa\/elecciones-ue-manifiesto-del-consejo-europeo-de-jovenes-agricultores-para-la-renovacion-generacional","name":"Elecciones UE: Manifiesto del Consejo Europeo de J\u00f3venes Agricultores para la renovaci\u00f3n generacional - ASAJA Soria","isPartOf":{"@id":"https:\/\/www.asajacyl.com\/soria\/#website"},"primaryImageOfPage":{"@id":"https:\/\/www.asajacyl.com\/soria\/asaja-soria-informa\/elecciones-ue-manifiesto-del-consejo-europeo-de-jovenes-agricultores-para-la-renovacion-generacional#primaryimage"},"image":{"@id":"https:\/\/www.asajacyl.com\/soria\/asaja-soria-informa\/elecciones-ue-manifiesto-del-consejo-europeo-de-jovenes-agricultores-para-la-renovacion-generacional#primaryimage"},"thumbnailUrl":"https:\/\/www.asajacyl.com\/soria\/wp-content\/uploads\/sites\/9\/2024\/05\/Captura-de-pantalla-2024-05-22-123328.png","datePublished":"2024-05-28T10:23:52+00:00","dateModified":"2024-05-28T10:23:54+00:00","author":{"@id":"https:\/\/www.asajacyl.com\/soria\/#\/schema\/person\/fd3081c40255119ce8133b87e6aedfab"},"description":"Ante las pr\u00f3ximas elecciones europeas, el Consejo Europeo de J\u00f3venes Agricultores (CEJA), del que forma parte ASAJA, reconoce el momento crucial que vive","breadcrumb":{"@id":"https:\/\/www.asajacyl.com\/soria\/asaja-soria-informa\/elecciones-ue-manifiesto-del-consejo-europeo-de-jovenes-agricultores-para-la-renovacion-generacional#breadcrumb"},"inLanguage":"es","potentialAction":[{"@type":"ReadAction","target":["https:\/\/www.asajacyl.com\/soria\/asaja-soria-informa\/elecciones-ue-manifiesto-del-consejo-europeo-de-jovenes-agricultores-para-la-renovacion-generacional"]}]},{"@type":"ImageObject","inLanguage":"es","@id":"https:\/\/www.asajacyl.com\/soria\/asaja-soria-informa\/elecciones-ue-manifiesto-del-consejo-europeo-de-jovenes-agricultores-para-la-renovacion-generacional#primaryimage","url":"https:\/\/www.asajacyl.com\/soria\/wp-content\/uploads\/sites\/9\/2024\/05\/Captura-de-pantalla-2024-05-22-123328.png","contentUrl":"https:\/\/www.asajacyl.com\/soria\/wp-content\/uploads\/sites\/9\/2024\/05\/Captura-de-pantalla-2024-05-22-123328.png","width":749,"height":413},{"@type":"BreadcrumbList","@id":"https:\/\/www.asajacyl.com\/soria\/asaja-soria-informa\/elecciones-ue-manifiesto-del-consejo-europeo-de-jovenes-agricultores-para-la-renovacion-generacional#breadcrumb","itemListElement":[{"@type":"ListItem","position":1,"name":"Portada","item":"https:\/\/www.asajacyl.com\/soria\/"},{"@type":"ListItem","position":2,"name":"Elecciones UE: Manifiesto del Consejo Europeo de J\u00f3venes Agricultores para la renovaci\u00f3n generacional"}]},{"@type":"WebSite","@id":"https:\/\/www.asajacyl.com\/soria\/#website","url":"https:\/\/www.asajacyl.com\/soria\/","name":"ASAJA Soria","description":"Otro sitio m\u00e1s de Provincias ASAJA Castilla y Le\u00f3n","potentialAction":[{"@type":"SearchAction","target":{"@type":"EntryPoint","urlTemplate":"https:\/\/www.asajacyl.com\/soria\/?s={search_term_string}"},"query-input":{"@type":"PropertyValueSpecification","valueRequired":true,"valueName":"search_term_string"}}],"inLanguage":"es"},{"@type":"Person","@id":"https:\/\/www.asajacyl.com\/soria\/#\/schema\/person\/fd3081c40255119ce8133b87e6aedfab","name":"Juan Ignacio Prieto Nieto","image":{"@type":"ImageObject","inLanguage":"es","@id":"https:\/\/www.asajacyl.com\/soria\/#\/schema\/person\/image\/","url":"https:\/\/secure.gravatar.com\/avatar\/8266b36e4d9001acb4700699a2468dc8?s=96&d=mm&r=g","contentUrl":"https:\/\/secure.gravatar.com\/avatar\/8266b36e4d9001acb4700699a2468dc8?s=96&d=mm&r=g","caption":"Juan Ignacio Prieto Nieto"},"url":"https:\/\/www.asajacyl.com\/soria\/author\/juanfranciscoby"}]}},"_links":{"self":[{"href":"https:\/\/www.asajacyl.com\/soria\/wp-json\/wp\/v2\/posts\/8151"}],"collection":[{"href":"https:\/\/www.asajacyl.com\/soria\/wp-json\/wp\/v2\/posts"}],"about":[{"href":"https:\/\/www.asajacyl.com\/soria\/wp-json\/wp\/v2\/types\/post"}],"author":[{"embeddable":true,"href":"https:\/\/www.asajacyl.com\/soria\/wp-json\/wp\/v2\/users\/12"}],"replies":[{"embeddable":true,"href":"https:\/\/www.asajacyl.com\/soria\/wp-json\/wp\/v2\/comments?post=8151"}],"version-history":[{"count":1,"href":"https:\/\/www.asajacyl.com\/soria\/wp-json\/wp\/v2\/posts\/8151\/revisions"}],"predecessor-version":[{"id":8153,"href":"https:\/\/www.asajacyl.com\/soria\/wp-json\/wp\/v2\/posts\/8151\/revisions\/8153"}],"wp:featuredmedia":[{"embeddable":true,"href":"https:\/\/www.asajacyl.com\/soria\/wp-json\/wp\/v2\/media\/8152"}],"wp:attachment":[{"href":"https:\/\/www.asajacyl.com\/soria\/wp-json\/wp\/v2\/media?parent=8151"}],"wp:term":[{"taxonomy":"category","embeddable":true,"href":"https:\/\/www.asajacyl.com\/soria\/wp-json\/wp\/v2\/categories?post=8151"},{"taxonomy":"post_tag","embeddable":true,"href":"https:\/\/www.asajacyl.com\/soria\/wp-json\/wp\/v2\/tags?post=8151"}],"curies":[{"name":"wp","href":"https:\/\/api.w.org\/{rel}","templated":true}]}}