{"id":8173,"date":"2024-06-17T08:41:20","date_gmt":"2024-06-17T06:41:20","guid":{"rendered":"https:\/\/www.asajacyl.com\/soria\/?p=8173"},"modified":"2024-06-17T08:41:22","modified_gmt":"2024-06-17T06:41:22","slug":"red-es-publica-la-convocatoria-de-modificacion-del-kit-digital-ampliando-la-ayuda-para-el-segmento-iii-hasta-los-3000-e","status":"publish","type":"post","link":"https:\/\/www.asajacyl.com\/soria\/asaja-soria-informa\/red-es-publica-la-convocatoria-de-modificacion-del-kit-digital-ampliando-la-ayuda-para-el-segmento-iii-hasta-los-3000-e","title":{"rendered":"Red.es publica la convocatoria de modificaci\u00f3n del Kit Digital ampliando la ayuda para el Segmento III hasta los 3000 \u20ac"},"content":{"rendered":"\n<p>Con esta\u00a0modificaci\u00f3n se incluye un aumento de la cuant\u00eda de la ayuda para las empresas pertenecientes al segmento III, compuesto por ense\u00f1as de entre 0 y menos de 3 empleados. Actualmente,\u00a0<u>la<\/u><u>\u00a0cuant\u00eda de la ayuda es de 2.000 euros y pasa a ser de 3.000 euros.\u00a0<\/u><\/p>\n<p>Este aumento de la\u00a0<u>ayuda tendr\u00e1 car\u00e1cter retroactivo<\/u>, es decir, podr\u00e1n solicitarla aquellas empresas beneficiarias del segmento III que ya la hubieran pedido con anterioridad e incluso si ya han consumido su bono digital, garantizando as\u00ed, los principios de igualdad de trato, no discriminaci\u00f3n y transparencia.\u00a0<\/p>\n<p>A partir de este momento, las empresas del segmento III podr\u00e1n solicitar la ayuda de 3.000 euros. Si ya se ha sido beneficiario, y se quiere solicitar la ampliaci\u00f3n de 1000 euros, el proceso ser\u00e1 muy sencillo: solo se debe entrar en el expediente, seleccionar el bot\u00f3n habilitado para ello y firmar esa conformidad. En este caso, la concesi\u00f3n es autom\u00e1tica.\u00a0<\/p>\n<p>Nueva soluci\u00f3n: \u201cPuesto de trabajo seguro\u201d que incluye la adquisici\u00f3n de un ordenador port\u00e1til o de sobremesa nuevo con una cuant\u00eda m\u00e1xima subvencionable de 1000 \u20ac.<\/p>\n<p>Con esta modificaci\u00f3n,\u00a0se actualiza tambi\u00e9n el Cat\u00e1logo de Soluciones de Digitalizaci\u00f3n para este segmento III y se crea la soluci\u00f3n \u00abPuesto de trabajo seguro\u00bb\u00a0que incluye un dispositivo hardware\u00a0que debe tener integrado en el producto y en el precio, una licencia que cumpla con los requisitos establecidos para la categor\u00eda X, de Ciberseguridad, adem\u00e1s de un encriptado\/cifrado en reposo, que asegure la privacidad de los datos y documentos almacenados en el dispositivo.<\/p>\n<p>Con esta categor\u00eda se pretende favorecer la automatizaci\u00f3n de tareas, la gesti\u00f3n eficiente de los datos y la comunicaci\u00f3n fluida. El objetivo es mejorar la productividad y la competitividad de este segmento en un entorno seguro.<\/p>\n<p>La cuant\u00eda m\u00e1xima subvencionable para esta soluci\u00f3n es de 1.000 euros, siendo subvencionables ordenadores port\u00e1tiles u ordenadores de sobremesa nuevos, que deber\u00e1n cumplir unos requisitos m\u00ednimos en cuanto a almacenamiento, procesador, memoria RAM, sistema operativo, entre otros requisitos que recoge al completo la\u00a0<a href=\"https:\/\/www.boe.es\/diario_boe\/txt.php?id=BOE-A-2024-9523\">Orden de Bases<\/a>\u00a0que puedes consultar en este enlace y\u00a0<a href=\"https:\/\/www.acelerapyme.es\/kit-digital\">en Acelera pyme.<\/a><\/p>\n<p>Con el objetivo de seguir contribuyendo a que las microempresas y aut\u00f3nomos contin\u00faen su proceso de transformaci\u00f3n digital,\u00a0las que resulten beneficiarias de la ayuda de este segmento por primera vez, ya disponiendo de los 3.000 euros, y que quieran implantar la soluci\u00f3n de Puesto de Trabajo Seguro, deber\u00e1n combinarla con otra soluci\u00f3n adicional de las que incluye el Cat\u00e1logo.\u00a0<\/p>\n<p>La adhesi\u00f3n como agentes digitalizadores estar\u00e1 abierta durante toda la duraci\u00f3n del Programa.\u00a0<\/p>\n<p>Plazo de presentaci\u00f3n de solicitudes:<\/p>\n<p>El\u00a0<u>plazo de presentaci\u00f3n de solicitudes finalizar\u00e1 el 31 de octubre de 2025 a las 11:00 horas.<\/u>\u00a0Este plazo concluir\u00e1 antes si se agotase el cr\u00e9dito presupuestario.<\/p>\n<p>Las solicitudes recibidas a partir del 14 de junio de 2024 a las 11:00 horas recibir\u00e1n la ayuda de 3.000 euros, sin perjuicio de que las solicitudes presentadas con anterioridad puedan optar a la ampliaci\u00f3n de 1.000 euros.<\/p>\n<p>\u00a0<\/p>\n","protected":false},"excerpt":{"rendered":"<p>Con esta\u00a0modificaci\u00f3n se incluye un aumento de la cuant\u00eda de la ayuda para las empresas pertenecientes al segmento III, compuesto por ense\u00f1as de entre 0 y menos de 3 empleados. Actualmente,\u00a0la\u00a0cuant\u00eda de la ayuda es de 2.000 euros y pasa a ser de 3.000 euros.\u00a0 Este aumento de la\u00a0ayuda tendr\u00e1 car\u00e1cter retroactivo, es decir, podr\u00e1n [&hellip;]<\/p>\n","protected":false},"author":12,"featured_media":8174,"comment_status":"open","ping_status":"open","sticky":false,"template":"","format":"standard","meta":{"footnotes":""},"categories":[10,25],"tags":[],"yoast_head":"<!-- This site is optimized with the Yoast SEO plugin v24.5 - https:\/\/yoast.com\/wordpress\/plugins\/seo\/ -->\n<title>Red.es publica la convocatoria de modificaci\u00f3n del Kit Digital ampliando la ayuda para el Segmento III hasta los 3000 \u20ac - ASAJA Soria<\/title>\n<meta name=\"description\" content=\"Con esta\u00a0modificaci\u00f3n se incluye un aumento de la cuant\u00eda de la ayuda para las empresas pertenecientes al segmento III, compuesto por ense\u00f1as de entre 0 y\" \/>\n<meta name=\"robots\" content=\"index, follow, max-snippet:-1, max-image-preview:large, max-video-preview:-1\" \/>\n<link rel=\"canonical\" href=\"https:\/\/www.asajacyl.com\/soria\/asaja-soria-informa\/red-es-publica-la-convocatoria-de-modificacion-del-kit-digital-ampliando-la-ayuda-para-el-segmento-iii-hasta-los-3000-e\" \/>\n<meta property=\"og:locale\" content=\"es_ES\" \/>\n<meta property=\"og:type\" content=\"article\" \/>\n<meta property=\"og:title\" content=\"Red.es publica la convocatoria de modificaci\u00f3n del Kit Digital ampliando la ayuda para el Segmento III hasta los 3000 \u20ac - ASAJA Soria\" \/>\n<meta property=\"og:description\" content=\"Con esta\u00a0modificaci\u00f3n se incluye un aumento de la cuant\u00eda de la ayuda para las empresas pertenecientes al segmento III, compuesto por ense\u00f1as de entre 0 y\" \/>\n<meta property=\"og:url\" content=\"https:\/\/www.asajacyl.com\/soria\/asaja-soria-informa\/red-es-publica-la-convocatoria-de-modificacion-del-kit-digital-ampliando-la-ayuda-para-el-segmento-iii-hasta-los-3000-e\" \/>\n<meta property=\"og:site_name\" content=\"ASAJA Soria\" \/>\n<meta property=\"article:published_time\" content=\"2024-06-17T06:41:20+00:00\" \/>\n<meta property=\"article:modified_time\" content=\"2024-06-17T06:41:22+00:00\" \/>\n<meta property=\"og:image\" content=\"https:\/\/www.asajacyl.com\/soria\/wp-content\/uploads\/sites\/9\/2024\/06\/IMG_8474.jpg\" \/>\n\t<meta property=\"og:image:width\" content=\"959\" \/>\n\t<meta property=\"og:image:height\" content=\"959\" \/>\n\t<meta property=\"og:image:type\" content=\"image\/jpeg\" \/>\n<meta name=\"author\" content=\"Juan Ignacio Prieto Nieto\" \/>\n<meta name=\"twitter:card\" content=\"summary_large_image\" \/>\n<meta name=\"twitter:label1\" content=\"Escrito por\" \/>\n\t<meta name=\"twitter:data1\" content=\"Juan Ignacio Prieto Nieto\" \/>\n\t<meta name=\"twitter:label2\" content=\"Tiempo de lectura\" \/>\n\t<meta name=\"twitter:data2\" content=\"3 minutos\" \/>\n<script type=\"application\/ld+json\" class=\"yoast-schema-graph\">{\"@context\":\"https:\/\/schema.org\",\"@graph\":[{\"@type\":\"WebPage\",\"@id\":\"https:\/\/www.asajacyl.com\/soria\/asaja-soria-informa\/red-es-publica-la-convocatoria-de-modificacion-del-kit-digital-ampliando-la-ayuda-para-el-segmento-iii-hasta-los-3000-e\",\"url\":\"https:\/\/www.asajacyl.com\/soria\/asaja-soria-informa\/red-es-publica-la-convocatoria-de-modificacion-del-kit-digital-ampliando-la-ayuda-para-el-segmento-iii-hasta-los-3000-e\",\"name\":\"Red.es publica la convocatoria de modificaci\u00f3n del Kit Digital ampliando la ayuda para el Segmento III hasta los 3000 \u20ac - ASAJA Soria\",\"isPartOf\":{\"@id\":\"https:\/\/www.asajacyl.com\/soria\/#website\"},\"primaryImageOfPage\":{\"@id\":\"https:\/\/www.asajacyl.com\/soria\/asaja-soria-informa\/red-es-publica-la-convocatoria-de-modificacion-del-kit-digital-ampliando-la-ayuda-para-el-segmento-iii-hasta-los-3000-e#primaryimage\"},\"image\":{\"@id\":\"https:\/\/www.asajacyl.com\/soria\/asaja-soria-informa\/red-es-publica-la-convocatoria-de-modificacion-del-kit-digital-ampliando-la-ayuda-para-el-segmento-iii-hasta-los-3000-e#primaryimage\"},\"thumbnailUrl\":\"https:\/\/www.asajacyl.com\/soria\/wp-content\/uploads\/sites\/9\/2024\/06\/IMG_8474.jpg\",\"datePublished\":\"2024-06-17T06:41:20+00:00\",\"dateModified\":\"2024-06-17T06:41:22+00:00\",\"author\":{\"@id\":\"https:\/\/www.asajacyl.com\/soria\/#\/schema\/person\/fd3081c40255119ce8133b87e6aedfab\"},\"description\":\"Con esta\u00a0modificaci\u00f3n se incluye un aumento de la cuant\u00eda de la ayuda para las empresas pertenecientes al segmento III, compuesto por ense\u00f1as de entre 0 y\",\"breadcrumb\":{\"@id\":\"https:\/\/www.asajacyl.com\/soria\/asaja-soria-informa\/red-es-publica-la-convocatoria-de-modificacion-del-kit-digital-ampliando-la-ayuda-para-el-segmento-iii-hasta-los-3000-e#breadcrumb\"},\"inLanguage\":\"es\",\"potentialAction\":[{\"@type\":\"ReadAction\",\"target\":[\"https:\/\/www.asajacyl.com\/soria\/asaja-soria-informa\/red-es-publica-la-convocatoria-de-modificacion-del-kit-digital-ampliando-la-ayuda-para-el-segmento-iii-hasta-los-3000-e\"]}]},{\"@type\":\"ImageObject\",\"inLanguage\":\"es\",\"@id\":\"https:\/\/www.asajacyl.com\/soria\/asaja-soria-informa\/red-es-publica-la-convocatoria-de-modificacion-del-kit-digital-ampliando-la-ayuda-para-el-segmento-iii-hasta-los-3000-e#primaryimage\",\"url\":\"https:\/\/www.asajacyl.com\/soria\/wp-content\/uploads\/sites\/9\/2024\/06\/IMG_8474.jpg\",\"contentUrl\":\"https:\/\/www.asajacyl.com\/soria\/wp-content\/uploads\/sites\/9\/2024\/06\/IMG_8474.jpg\",\"width\":959,\"height\":959},{\"@type\":\"BreadcrumbList\",\"@id\":\"https:\/\/www.asajacyl.com\/soria\/asaja-soria-informa\/red-es-publica-la-convocatoria-de-modificacion-del-kit-digital-ampliando-la-ayuda-para-el-segmento-iii-hasta-los-3000-e#breadcrumb\",\"itemListElement\":[{\"@type\":\"ListItem\",\"position\":1,\"name\":\"Portada\",\"item\":\"https:\/\/www.asajacyl.com\/soria\/\"},{\"@type\":\"ListItem\",\"position\":2,\"name\":\"Red.es publica la convocatoria de modificaci\u00f3n del Kit Digital ampliando la ayuda para el Segmento III hasta los 3000 \u20ac\"}]},{\"@type\":\"WebSite\",\"@id\":\"https:\/\/www.asajacyl.com\/soria\/#website\",\"url\":\"https:\/\/www.asajacyl.com\/soria\/\",\"name\":\"ASAJA Soria\",\"description\":\"Otro sitio m\u00e1s de Provincias ASAJA Castilla y Le\u00f3n\",\"potentialAction\":[{\"@type\":\"SearchAction\",\"target\":{\"@type\":\"EntryPoint\",\"urlTemplate\":\"https:\/\/www.asajacyl.com\/soria\/?s={search_term_string}\"},\"query-input\":{\"@type\":\"PropertyValueSpecification\",\"valueRequired\":true,\"valueName\":\"search_term_string\"}}],\"inLanguage\":\"es\"},{\"@type\":\"Person\",\"@id\":\"https:\/\/www.asajacyl.com\/soria\/#\/schema\/person\/fd3081c40255119ce8133b87e6aedfab\",\"name\":\"Juan Ignacio Prieto Nieto\",\"image\":{\"@type\":\"ImageObject\",\"inLanguage\":\"es\",\"@id\":\"https:\/\/www.asajacyl.com\/soria\/#\/schema\/person\/image\/\",\"url\":\"https:\/\/secure.gravatar.com\/avatar\/8266b36e4d9001acb4700699a2468dc8?s=96&d=mm&r=g\",\"contentUrl\":\"https:\/\/secure.gravatar.com\/avatar\/8266b36e4d9001acb4700699a2468dc8?s=96&d=mm&r=g\",\"caption\":\"Juan Ignacio Prieto Nieto\"},\"url\":\"https:\/\/www.asajacyl.com\/soria\/author\/juanfranciscoby\"}]}<\/script>\n<!-- \/ Yoast SEO plugin. -->","yoast_head_json":{"title":"Red.es publica la convocatoria de modificaci\u00f3n del Kit Digital ampliando la ayuda para el Segmento III hasta los 3000 \u20ac - ASAJA Soria","description":"Con esta\u00a0modificaci\u00f3n se incluye un aumento de la cuant\u00eda de la ayuda para las empresas pertenecientes al segmento III, compuesto por ense\u00f1as de entre 0 y","robots":{"index":"index","follow":"follow","max-snippet":"max-snippet:-1","max-image-preview":"max-image-preview:large","max-video-preview":"max-video-preview:-1"},"canonical":"https:\/\/www.asajacyl.com\/soria\/asaja-soria-informa\/red-es-publica-la-convocatoria-de-modificacion-del-kit-digital-ampliando-la-ayuda-para-el-segmento-iii-hasta-los-3000-e","og_locale":"es_ES","og_type":"article","og_title":"Red.es publica la convocatoria de modificaci\u00f3n del Kit Digital ampliando la ayuda para el Segmento III hasta los 3000 \u20ac - ASAJA Soria","og_description":"Con esta\u00a0modificaci\u00f3n se incluye un aumento de la cuant\u00eda de la ayuda para las empresas pertenecientes al segmento III, compuesto por ense\u00f1as de entre 0 y","og_url":"https:\/\/www.asajacyl.com\/soria\/asaja-soria-informa\/red-es-publica-la-convocatoria-de-modificacion-del-kit-digital-ampliando-la-ayuda-para-el-segmento-iii-hasta-los-3000-e","og_site_name":"ASAJA Soria","article_published_time":"2024-06-17T06:41:20+00:00","article_modified_time":"2024-06-17T06:41:22+00:00","og_image":[{"width":959,"height":959,"url":"https:\/\/www.asajacyl.com\/soria\/wp-content\/uploads\/sites\/9\/2024\/06\/IMG_8474.jpg","type":"image\/jpeg"}],"author":"Juan Ignacio Prieto Nieto","twitter_card":"summary_large_image","twitter_misc":{"Escrito por":"Juan Ignacio Prieto Nieto","Tiempo de lectura":"3 minutos"},"schema":{"@context":"https:\/\/schema.org","@graph":[{"@type":"WebPage","@id":"https:\/\/www.asajacyl.com\/soria\/asaja-soria-informa\/red-es-publica-la-convocatoria-de-modificacion-del-kit-digital-ampliando-la-ayuda-para-el-segmento-iii-hasta-los-3000-e","url":"https:\/\/www.asajacyl.com\/soria\/asaja-soria-informa\/red-es-publica-la-convocatoria-de-modificacion-del-kit-digital-ampliando-la-ayuda-para-el-segmento-iii-hasta-los-3000-e","name":"Red.es publica la convocatoria de modificaci\u00f3n del Kit Digital ampliando la ayuda para el Segmento III hasta los 3000 \u20ac - ASAJA Soria","isPartOf":{"@id":"https:\/\/www.asajacyl.com\/soria\/#website"},"primaryImageOfPage":{"@id":"https:\/\/www.asajacyl.com\/soria\/asaja-soria-informa\/red-es-publica-la-convocatoria-de-modificacion-del-kit-digital-ampliando-la-ayuda-para-el-segmento-iii-hasta-los-3000-e#primaryimage"},"image":{"@id":"https:\/\/www.asajacyl.com\/soria\/asaja-soria-informa\/red-es-publica-la-convocatoria-de-modificacion-del-kit-digital-ampliando-la-ayuda-para-el-segmento-iii-hasta-los-3000-e#primaryimage"},"thumbnailUrl":"https:\/\/www.asajacyl.com\/soria\/wp-content\/uploads\/sites\/9\/2024\/06\/IMG_8474.jpg","datePublished":"2024-06-17T06:41:20+00:00","dateModified":"2024-06-17T06:41:22+00:00","author":{"@id":"https:\/\/www.asajacyl.com\/soria\/#\/schema\/person\/fd3081c40255119ce8133b87e6aedfab"},"description":"Con esta\u00a0modificaci\u00f3n se incluye un aumento de la cuant\u00eda de la ayuda para las empresas pertenecientes al segmento III, compuesto por ense\u00f1as de entre 0 y","breadcrumb":{"@id":"https:\/\/www.asajacyl.com\/soria\/asaja-soria-informa\/red-es-publica-la-convocatoria-de-modificacion-del-kit-digital-ampliando-la-ayuda-para-el-segmento-iii-hasta-los-3000-e#breadcrumb"},"inLanguage":"es","potentialAction":[{"@type":"ReadAction","target":["https:\/\/www.asajacyl.com\/soria\/asaja-soria-informa\/red-es-publica-la-convocatoria-de-modificacion-del-kit-digital-ampliando-la-ayuda-para-el-segmento-iii-hasta-los-3000-e"]}]},{"@type":"ImageObject","inLanguage":"es","@id":"https:\/\/www.asajacyl.com\/soria\/asaja-soria-informa\/red-es-publica-la-convocatoria-de-modificacion-del-kit-digital-ampliando-la-ayuda-para-el-segmento-iii-hasta-los-3000-e#primaryimage","url":"https:\/\/www.asajacyl.com\/soria\/wp-content\/uploads\/sites\/9\/2024\/06\/IMG_8474.jpg","contentUrl":"https:\/\/www.asajacyl.com\/soria\/wp-content\/uploads\/sites\/9\/2024\/06\/IMG_8474.jpg","width":959,"height":959},{"@type":"BreadcrumbList","@id":"https:\/\/www.asajacyl.com\/soria\/asaja-soria-informa\/red-es-publica-la-convocatoria-de-modificacion-del-kit-digital-ampliando-la-ayuda-para-el-segmento-iii-hasta-los-3000-e#breadcrumb","itemListElement":[{"@type":"ListItem","position":1,"name":"Portada","item":"https:\/\/www.asajacyl.com\/soria\/"},{"@type":"ListItem","position":2,"name":"Red.es publica la convocatoria de modificaci\u00f3n del Kit Digital ampliando la ayuda para el Segmento III hasta los 3000 \u20ac"}]},{"@type":"WebSite","@id":"https:\/\/www.asajacyl.com\/soria\/#website","url":"https:\/\/www.asajacyl.com\/soria\/","name":"ASAJA Soria","description":"Otro sitio m\u00e1s de Provincias ASAJA Castilla y Le\u00f3n","potentialAction":[{"@type":"SearchAction","target":{"@type":"EntryPoint","urlTemplate":"https:\/\/www.asajacyl.com\/soria\/?s={search_term_string}"},"query-input":{"@type":"PropertyValueSpecification","valueRequired":true,"valueName":"search_term_string"}}],"inLanguage":"es"},{"@type":"Person","@id":"https:\/\/www.asajacyl.com\/soria\/#\/schema\/person\/fd3081c40255119ce8133b87e6aedfab","name":"Juan Ignacio Prieto Nieto","image":{"@type":"ImageObject","inLanguage":"es","@id":"https:\/\/www.asajacyl.com\/soria\/#\/schema\/person\/image\/","url":"https:\/\/secure.gravatar.com\/avatar\/8266b36e4d9001acb4700699a2468dc8?s=96&d=mm&r=g","contentUrl":"https:\/\/secure.gravatar.com\/avatar\/8266b36e4d9001acb4700699a2468dc8?s=96&d=mm&r=g","caption":"Juan Ignacio Prieto Nieto"},"url":"https:\/\/www.asajacyl.com\/soria\/author\/juanfranciscoby"}]}},"_links":{"self":[{"href":"https:\/\/www.asajacyl.com\/soria\/wp-json\/wp\/v2\/posts\/8173"}],"collection":[{"href":"https:\/\/www.asajacyl.com\/soria\/wp-json\/wp\/v2\/posts"}],"about":[{"href":"https:\/\/www.asajacyl.com\/soria\/wp-json\/wp\/v2\/types\/post"}],"author":[{"embeddable":true,"href":"https:\/\/www.asajacyl.com\/soria\/wp-json\/wp\/v2\/users\/12"}],"replies":[{"embeddable":true,"href":"https:\/\/www.asajacyl.com\/soria\/wp-json\/wp\/v2\/comments?post=8173"}],"version-history":[{"count":1,"href":"https:\/\/www.asajacyl.com\/soria\/wp-json\/wp\/v2\/posts\/8173\/revisions"}],"predecessor-version":[{"id":8175,"href":"https:\/\/www.asajacyl.com\/soria\/wp-json\/wp\/v2\/posts\/8173\/revisions\/8175"}],"wp:featuredmedia":[{"embeddable":true,"href":"https:\/\/www.asajacyl.com\/soria\/wp-json\/wp\/v2\/media\/8174"}],"wp:attachment":[{"href":"https:\/\/www.asajacyl.com\/soria\/wp-json\/wp\/v2\/media?parent=8173"}],"wp:term":[{"taxonomy":"category","embeddable":true,"href":"https:\/\/www.asajacyl.com\/soria\/wp-json\/wp\/v2\/categories?post=8173"},{"taxonomy":"post_tag","embeddable":true,"href":"https:\/\/www.asajacyl.com\/soria\/wp-json\/wp\/v2\/tags?post=8173"}],"curies":[{"name":"wp","href":"https:\/\/api.w.org\/{rel}","templated":true}]}}