{"id":8267,"date":"2024-08-08T15:26:24","date_gmt":"2024-08-08T13:26:24","guid":{"rendered":"https:\/\/www.asajacyl.com\/soria\/?p=8267"},"modified":"2024-08-08T15:28:19","modified_gmt":"2024-08-08T13:28:19","slug":"asaja-se-reune-con-la-delegada-territorial-de-la-junta-para-tratar-el-asunto-de-la-ehe-en-la-provincia","status":"publish","type":"post","link":"https:\/\/www.asajacyl.com\/soria\/asaja-soria-informa\/asaja-se-reune-con-la-delegada-territorial-de-la-junta-para-tratar-el-asunto-de-la-ehe-en-la-provincia","title":{"rendered":"ASAJA SE RE\u00daNE CON LA DELEGADA DE LA JUNTA PARA TRATAR EL ASUNTO DE LA EHE EN LA PROVINCIA"},"content":{"rendered":"\n<h2><strong><em>Declarar los casos sospechosos en las unidades veterinarias, las medidas de actuaci\u00f3n y la vacunaci\u00f3n, los asuntos principales<\/em><\/strong><\/h2>\n<p>Esta ma\u00f1ana la presidenta de ASAJA Soria, Ana Pastor, acompa\u00f1ada del responsable de la sectorial ganadera de bovino, Diego Escalada, se ha reunido con la delegada Territorial, Yolanda de Gregorio, acompa\u00f1ada de los jefes del Servicio de Agricultura y de Medio Ambiente, Jos\u00e9 Manuel Ruiz y Jos\u00e9 Antonio Lucas, a petici\u00f3n de la organizaci\u00f3n agraria con el fin de tratar el tema de la Enfermedad Hemorr\u00e1gica Epiz\u00f3tica (EHE).<\/p>\n<p>La EHE es una enfermedad que no afecta en ning\u00fan caso al ser humano. Es por tanto una enfermedad v\u00edrica infecciosa no contagiosa transmitida por un insecto d\u00edptero (Culicoides spp.), que afecta a rumiantes dom\u00e9sticos y salvajes. En el ganado vacuno, si bien suele causar una cl\u00ednica moderada y autolimitante, en algunos casos puede originar cuadros m\u00e1s graves, pudiendo llegar a provocar secuelas y, en menor medida, la muerte de los animales. En fauna salvaje es una enfermedad que afecta bastante a los ciervos, y puede afectar tambi\u00e9n a gamos y corzos.<\/p>\n<p>Como es sabido, esta enfermedad que comenz\u00f3 a propagarse severamente en 2023, ha ido extendi\u00e9ndose por toda la geograf\u00eda nacional. El hecho de que sea v\u00edrica ha generado posiblemente resistencia o inmunidad en aquellos animales que desarrollaron la enfermedad en 2023.<\/p>\n<p>\u00a0El MAPA actualiz\u00f3 en el d\u00eda de ayer su informe sobre la enfermedad en el que se ha incorporado Soria con los \u00faltimos casos certificados oficialmente con EHE.<\/p>\n<p><img loading=\"lazy\" decoding=\"async\" class=\"aligncenter  wp-image-8268\" src=\"https:\/\/www.asajacyl.com\/soria\/wp-content\/uploads\/sites\/9\/2024\/08\/mapa-ehe.jpg\" alt=\"\" width=\"534\" height=\"396\" srcset=\"https:\/\/www.asajacyl.com\/soria\/wp-content\/uploads\/sites\/9\/2024\/08\/mapa-ehe.jpg 480w, https:\/\/www.asajacyl.com\/soria\/wp-content\/uploads\/sites\/9\/2024\/08\/mapa-ehe-300x223.jpg 300w, https:\/\/www.asajacyl.com\/soria\/wp-content\/uploads\/sites\/9\/2024\/08\/mapa-ehe-80x60.jpg 80w\" sizes=\"(max-width: 534px) 100vw, 534px\" \/><\/p>\n<p>En este sentido, los responsables de la administraci\u00f3n nos han informado que, a d\u00eda de hoy, 45 explotaciones sorianas ya han iniciado o culminado el proceso de certificaci\u00f3n oficial de EHE, tras el env\u00edo de muestras al laboratorio de referencia de Algete.<\/p>\n<p>Desde ASAJA hemos pedido que al igual que ocurri\u00f3 el a\u00f1o pasado en este, y del mismo modo, se pongan a disposici\u00f3n de los ganaderos afectados ayudas econ\u00f3micas seg\u00fan va avanzando la enfermedad, con el fin de que todos los ganaderos cuenten con el mismo apoyo ante ella.<\/p>\n<p>A este respecto, la administraci\u00f3n ha se\u00f1alado que en este momento no existe ning\u00fan tipo de ayuda aprobada, pero que trasladar\u00e1n la petici\u00f3n. En este sentido es preciso recordar que contar con la declaraci\u00f3n oficial de estar afectada la explotaci\u00f3n por EHE ser\u00e1 un requisito fundamental en el caso de que se establezcan las futuras ayudas.<\/p>\n<p>ASAJA recuerda que para poder ser declarada oficialmente la afecci\u00f3n por EHE, es preciso comunicar a la Unidad Veterinaria la sospecha de que existen animales con s\u00edntomas compatibles con la enfermedad, con el fin de que la administraci\u00f3n inicie el proceso administrativo.<\/p>\n<p>En cuanto al resto de asuntos es muy importante se\u00f1alar que desde ayer se ha puesto en el mercado la primera vacuna para proteger al ganado. Por este motivo remarcamos la importancia de tratar este asunto con el veterinario de la explotaci\u00f3n, con el fin de tomar la mejor decisi\u00f3n para proteger el ganado.<\/p>\n<p>ASAJA agradece la diligencia y disposici\u00f3n de la delegada territorial, Yolanda de Gregorio, y de los Jefes de Servicio, para atender urgentemente esta reuni\u00f3n.<\/p>\n<p><img loading=\"lazy\" decoding=\"async\" class=\"aligncenter size-full wp-image-8269\" src=\"https:\/\/www.asajacyl.com\/soria\/wp-content\/uploads\/sites\/9\/2024\/08\/IMG_5091.jpg\" alt=\"\" width=\"2016\" height=\"1512\" srcset=\"https:\/\/www.asajacyl.com\/soria\/wp-content\/uploads\/sites\/9\/2024\/08\/IMG_5091.jpg 2016w, https:\/\/www.asajacyl.com\/soria\/wp-content\/uploads\/sites\/9\/2024\/08\/IMG_5091-300x225.jpg 300w, https:\/\/www.asajacyl.com\/soria\/wp-content\/uploads\/sites\/9\/2024\/08\/IMG_5091-1024x768.jpg 1024w, https:\/\/www.asajacyl.com\/soria\/wp-content\/uploads\/sites\/9\/2024\/08\/IMG_5091-768x576.jpg 768w, https:\/\/www.asajacyl.com\/soria\/wp-content\/uploads\/sites\/9\/2024\/08\/IMG_5091-1536x1152.jpg 1536w, https:\/\/www.asajacyl.com\/soria\/wp-content\/uploads\/sites\/9\/2024\/08\/IMG_5091-560x420.jpg 560w, https:\/\/www.asajacyl.com\/soria\/wp-content\/uploads\/sites\/9\/2024\/08\/IMG_5091-80x60.jpg 80w, https:\/\/www.asajacyl.com\/soria\/wp-content\/uploads\/sites\/9\/2024\/08\/IMG_5091-696x522.jpg 696w, https:\/\/www.asajacyl.com\/soria\/wp-content\/uploads\/sites\/9\/2024\/08\/IMG_5091-1068x801.jpg 1068w, https:\/\/www.asajacyl.com\/soria\/wp-content\/uploads\/sites\/9\/2024\/08\/IMG_5091-1920x1440.jpg 1920w\" sizes=\"(max-width: 2016px) 100vw, 2016px\" \/><\/p>\n<p>En el siguiente enlace puedes recabar mas informaci\u00f3n sobre este asunto.<\/p>\n<p><a href=\"https:\/\/www.mapa.gob.es\/es\/ganaderia\/temas\/sanidad-animal-higiene-ganadera\/sanidad-animal\/enfermedades\/hemorragica-epizootica\/Enfermedad_hemorragica_epizootica.aspx\">Enfermedad hemorr\u00e1gica epizo\u00f3tica (mapa.gob.es)<\/a><\/p>\n<p>\u00a0<\/p>\n<p>\u00a0<\/p>\n","protected":false},"excerpt":{"rendered":"<p>Declarar los casos sospechosos en las unidades veterinarias, las medidas de actuaci\u00f3n y la vacunaci\u00f3n, los asuntos principales Esta ma\u00f1ana la presidenta de ASAJA Soria, Ana Pastor, acompa\u00f1ada del responsable de la sectorial ganadera de bovino, Diego Escalada, se ha reunido con la delegada Territorial, Yolanda de Gregorio, acompa\u00f1ada de los jefes del Servicio de [&hellip;]<\/p>\n","protected":false},"author":12,"featured_media":8268,"comment_status":"open","ping_status":"open","sticky":false,"template":"","format":"standard","meta":{"footnotes":""},"categories":[10,36],"tags":[],"yoast_head":"<!-- This site is optimized with the Yoast SEO plugin v24.5 - https:\/\/yoast.com\/wordpress\/plugins\/seo\/ -->\n<title>ASAJA SE RE\u00daNE CON LA DELEGADA DE LA JUNTA PARA TRATAR EL ASUNTO DE LA EHE EN LA PROVINCIA - ASAJA Soria<\/title>\n<meta name=\"description\" content=\"Declarar los casos sospechosos en las unidades veterinarias, las medidas de actuaci\u00f3n y la vacunaci\u00f3n, los asuntos principales Esta ma\u00f1ana la presidenta\" \/>\n<meta name=\"robots\" content=\"index, follow, max-snippet:-1, max-image-preview:large, max-video-preview:-1\" \/>\n<link rel=\"canonical\" href=\"https:\/\/www.asajacyl.com\/soria\/asaja-soria-informa\/asaja-se-reune-con-la-delegada-territorial-de-la-junta-para-tratar-el-asunto-de-la-ehe-en-la-provincia\" \/>\n<meta property=\"og:locale\" content=\"es_ES\" \/>\n<meta property=\"og:type\" content=\"article\" \/>\n<meta property=\"og:title\" content=\"ASAJA SE RE\u00daNE CON LA DELEGADA DE LA JUNTA PARA TRATAR EL ASUNTO DE LA EHE EN LA PROVINCIA - ASAJA Soria\" \/>\n<meta property=\"og:description\" content=\"Declarar los casos sospechosos en las unidades veterinarias, las medidas de actuaci\u00f3n y la vacunaci\u00f3n, los asuntos principales Esta ma\u00f1ana la presidenta\" \/>\n<meta property=\"og:url\" content=\"https:\/\/www.asajacyl.com\/soria\/asaja-soria-informa\/asaja-se-reune-con-la-delegada-territorial-de-la-junta-para-tratar-el-asunto-de-la-ehe-en-la-provincia\" \/>\n<meta property=\"og:site_name\" content=\"ASAJA Soria\" \/>\n<meta property=\"article:published_time\" content=\"2024-08-08T13:26:24+00:00\" \/>\n<meta property=\"article:modified_time\" content=\"2024-08-08T13:28:19+00:00\" \/>\n<meta property=\"og:image\" content=\"https:\/\/www.asajacyl.com\/soria\/wp-content\/uploads\/sites\/9\/2024\/08\/mapa-ehe.jpg\" \/>\n\t<meta property=\"og:image:width\" content=\"480\" \/>\n\t<meta property=\"og:image:height\" content=\"356\" \/>\n\t<meta property=\"og:image:type\" content=\"image\/jpeg\" \/>\n<meta name=\"author\" content=\"Juan Ignacio Prieto Nieto\" \/>\n<meta name=\"twitter:card\" content=\"summary_large_image\" \/>\n<meta name=\"twitter:label1\" content=\"Escrito por\" \/>\n\t<meta name=\"twitter:data1\" content=\"Juan Ignacio Prieto Nieto\" \/>\n\t<meta name=\"twitter:label2\" content=\"Tiempo de lectura\" \/>\n\t<meta name=\"twitter:data2\" content=\"4 minutos\" \/>\n<script type=\"application\/ld+json\" class=\"yoast-schema-graph\">{\"@context\":\"https:\/\/schema.org\",\"@graph\":[{\"@type\":\"WebPage\",\"@id\":\"https:\/\/www.asajacyl.com\/soria\/asaja-soria-informa\/asaja-se-reune-con-la-delegada-territorial-de-la-junta-para-tratar-el-asunto-de-la-ehe-en-la-provincia\",\"url\":\"https:\/\/www.asajacyl.com\/soria\/asaja-soria-informa\/asaja-se-reune-con-la-delegada-territorial-de-la-junta-para-tratar-el-asunto-de-la-ehe-en-la-provincia\",\"name\":\"ASAJA SE RE\u00daNE CON LA DELEGADA DE LA JUNTA PARA TRATAR EL ASUNTO DE LA EHE EN LA PROVINCIA - ASAJA Soria\",\"isPartOf\":{\"@id\":\"https:\/\/www.asajacyl.com\/soria\/#website\"},\"primaryImageOfPage\":{\"@id\":\"https:\/\/www.asajacyl.com\/soria\/asaja-soria-informa\/asaja-se-reune-con-la-delegada-territorial-de-la-junta-para-tratar-el-asunto-de-la-ehe-en-la-provincia#primaryimage\"},\"image\":{\"@id\":\"https:\/\/www.asajacyl.com\/soria\/asaja-soria-informa\/asaja-se-reune-con-la-delegada-territorial-de-la-junta-para-tratar-el-asunto-de-la-ehe-en-la-provincia#primaryimage\"},\"thumbnailUrl\":\"https:\/\/www.asajacyl.com\/soria\/wp-content\/uploads\/sites\/9\/2024\/08\/mapa-ehe.jpg\",\"datePublished\":\"2024-08-08T13:26:24+00:00\",\"dateModified\":\"2024-08-08T13:28:19+00:00\",\"author\":{\"@id\":\"https:\/\/www.asajacyl.com\/soria\/#\/schema\/person\/fd3081c40255119ce8133b87e6aedfab\"},\"description\":\"Declarar los casos sospechosos en las unidades veterinarias, las medidas de actuaci\u00f3n y la vacunaci\u00f3n, los asuntos principales Esta ma\u00f1ana la presidenta\",\"breadcrumb\":{\"@id\":\"https:\/\/www.asajacyl.com\/soria\/asaja-soria-informa\/asaja-se-reune-con-la-delegada-territorial-de-la-junta-para-tratar-el-asunto-de-la-ehe-en-la-provincia#breadcrumb\"},\"inLanguage\":\"es\",\"potentialAction\":[{\"@type\":\"ReadAction\",\"target\":[\"https:\/\/www.asajacyl.com\/soria\/asaja-soria-informa\/asaja-se-reune-con-la-delegada-territorial-de-la-junta-para-tratar-el-asunto-de-la-ehe-en-la-provincia\"]}]},{\"@type\":\"ImageObject\",\"inLanguage\":\"es\",\"@id\":\"https:\/\/www.asajacyl.com\/soria\/asaja-soria-informa\/asaja-se-reune-con-la-delegada-territorial-de-la-junta-para-tratar-el-asunto-de-la-ehe-en-la-provincia#primaryimage\",\"url\":\"https:\/\/www.asajacyl.com\/soria\/wp-content\/uploads\/sites\/9\/2024\/08\/mapa-ehe.jpg\",\"contentUrl\":\"https:\/\/www.asajacyl.com\/soria\/wp-content\/uploads\/sites\/9\/2024\/08\/mapa-ehe.jpg\",\"width\":480,\"height\":356},{\"@type\":\"BreadcrumbList\",\"@id\":\"https:\/\/www.asajacyl.com\/soria\/asaja-soria-informa\/asaja-se-reune-con-la-delegada-territorial-de-la-junta-para-tratar-el-asunto-de-la-ehe-en-la-provincia#breadcrumb\",\"itemListElement\":[{\"@type\":\"ListItem\",\"position\":1,\"name\":\"Portada\",\"item\":\"https:\/\/www.asajacyl.com\/soria\/\"},{\"@type\":\"ListItem\",\"position\":2,\"name\":\"ASAJA SE RE\u00daNE CON LA DELEGADA DE LA JUNTA PARA TRATAR EL ASUNTO DE LA EHE EN LA PROVINCIA\"}]},{\"@type\":\"WebSite\",\"@id\":\"https:\/\/www.asajacyl.com\/soria\/#website\",\"url\":\"https:\/\/www.asajacyl.com\/soria\/\",\"name\":\"ASAJA Soria\",\"description\":\"Otro sitio m\u00e1s de Provincias ASAJA Castilla y Le\u00f3n\",\"potentialAction\":[{\"@type\":\"SearchAction\",\"target\":{\"@type\":\"EntryPoint\",\"urlTemplate\":\"https:\/\/www.asajacyl.com\/soria\/?s={search_term_string}\"},\"query-input\":{\"@type\":\"PropertyValueSpecification\",\"valueRequired\":true,\"valueName\":\"search_term_string\"}}],\"inLanguage\":\"es\"},{\"@type\":\"Person\",\"@id\":\"https:\/\/www.asajacyl.com\/soria\/#\/schema\/person\/fd3081c40255119ce8133b87e6aedfab\",\"name\":\"Juan Ignacio Prieto Nieto\",\"image\":{\"@type\":\"ImageObject\",\"inLanguage\":\"es\",\"@id\":\"https:\/\/www.asajacyl.com\/soria\/#\/schema\/person\/image\/\",\"url\":\"https:\/\/secure.gravatar.com\/avatar\/8266b36e4d9001acb4700699a2468dc8?s=96&d=mm&r=g\",\"contentUrl\":\"https:\/\/secure.gravatar.com\/avatar\/8266b36e4d9001acb4700699a2468dc8?s=96&d=mm&r=g\",\"caption\":\"Juan Ignacio Prieto Nieto\"},\"url\":\"https:\/\/www.asajacyl.com\/soria\/author\/juanfranciscoby\"}]}<\/script>\n<!-- \/ Yoast SEO plugin. -->","yoast_head_json":{"title":"ASAJA SE RE\u00daNE CON LA DELEGADA DE LA JUNTA PARA TRATAR EL ASUNTO DE LA EHE EN LA PROVINCIA - ASAJA Soria","description":"Declarar los casos sospechosos en las unidades veterinarias, las medidas de actuaci\u00f3n y la vacunaci\u00f3n, los asuntos principales Esta ma\u00f1ana la presidenta","robots":{"index":"index","follow":"follow","max-snippet":"max-snippet:-1","max-image-preview":"max-image-preview:large","max-video-preview":"max-video-preview:-1"},"canonical":"https:\/\/www.asajacyl.com\/soria\/asaja-soria-informa\/asaja-se-reune-con-la-delegada-territorial-de-la-junta-para-tratar-el-asunto-de-la-ehe-en-la-provincia","og_locale":"es_ES","og_type":"article","og_title":"ASAJA SE RE\u00daNE CON LA DELEGADA DE LA JUNTA PARA TRATAR EL ASUNTO DE LA EHE EN LA PROVINCIA - ASAJA Soria","og_description":"Declarar los casos sospechosos en las unidades veterinarias, las medidas de actuaci\u00f3n y la vacunaci\u00f3n, los asuntos principales Esta ma\u00f1ana la presidenta","og_url":"https:\/\/www.asajacyl.com\/soria\/asaja-soria-informa\/asaja-se-reune-con-la-delegada-territorial-de-la-junta-para-tratar-el-asunto-de-la-ehe-en-la-provincia","og_site_name":"ASAJA Soria","article_published_time":"2024-08-08T13:26:24+00:00","article_modified_time":"2024-08-08T13:28:19+00:00","og_image":[{"width":480,"height":356,"url":"https:\/\/www.asajacyl.com\/soria\/wp-content\/uploads\/sites\/9\/2024\/08\/mapa-ehe.jpg","type":"image\/jpeg"}],"author":"Juan Ignacio Prieto Nieto","twitter_card":"summary_large_image","twitter_misc":{"Escrito por":"Juan Ignacio Prieto Nieto","Tiempo de lectura":"4 minutos"},"schema":{"@context":"https:\/\/schema.org","@graph":[{"@type":"WebPage","@id":"https:\/\/www.asajacyl.com\/soria\/asaja-soria-informa\/asaja-se-reune-con-la-delegada-territorial-de-la-junta-para-tratar-el-asunto-de-la-ehe-en-la-provincia","url":"https:\/\/www.asajacyl.com\/soria\/asaja-soria-informa\/asaja-se-reune-con-la-delegada-territorial-de-la-junta-para-tratar-el-asunto-de-la-ehe-en-la-provincia","name":"ASAJA SE RE\u00daNE CON LA DELEGADA DE LA JUNTA PARA TRATAR EL ASUNTO DE LA EHE EN LA PROVINCIA - ASAJA Soria","isPartOf":{"@id":"https:\/\/www.asajacyl.com\/soria\/#website"},"primaryImageOfPage":{"@id":"https:\/\/www.asajacyl.com\/soria\/asaja-soria-informa\/asaja-se-reune-con-la-delegada-territorial-de-la-junta-para-tratar-el-asunto-de-la-ehe-en-la-provincia#primaryimage"},"image":{"@id":"https:\/\/www.asajacyl.com\/soria\/asaja-soria-informa\/asaja-se-reune-con-la-delegada-territorial-de-la-junta-para-tratar-el-asunto-de-la-ehe-en-la-provincia#primaryimage"},"thumbnailUrl":"https:\/\/www.asajacyl.com\/soria\/wp-content\/uploads\/sites\/9\/2024\/08\/mapa-ehe.jpg","datePublished":"2024-08-08T13:26:24+00:00","dateModified":"2024-08-08T13:28:19+00:00","author":{"@id":"https:\/\/www.asajacyl.com\/soria\/#\/schema\/person\/fd3081c40255119ce8133b87e6aedfab"},"description":"Declarar los casos sospechosos en las unidades veterinarias, las medidas de actuaci\u00f3n y la vacunaci\u00f3n, los asuntos principales Esta ma\u00f1ana la presidenta","breadcrumb":{"@id":"https:\/\/www.asajacyl.com\/soria\/asaja-soria-informa\/asaja-se-reune-con-la-delegada-territorial-de-la-junta-para-tratar-el-asunto-de-la-ehe-en-la-provincia#breadcrumb"},"inLanguage":"es","potentialAction":[{"@type":"ReadAction","target":["https:\/\/www.asajacyl.com\/soria\/asaja-soria-informa\/asaja-se-reune-con-la-delegada-territorial-de-la-junta-para-tratar-el-asunto-de-la-ehe-en-la-provincia"]}]},{"@type":"ImageObject","inLanguage":"es","@id":"https:\/\/www.asajacyl.com\/soria\/asaja-soria-informa\/asaja-se-reune-con-la-delegada-territorial-de-la-junta-para-tratar-el-asunto-de-la-ehe-en-la-provincia#primaryimage","url":"https:\/\/www.asajacyl.com\/soria\/wp-content\/uploads\/sites\/9\/2024\/08\/mapa-ehe.jpg","contentUrl":"https:\/\/www.asajacyl.com\/soria\/wp-content\/uploads\/sites\/9\/2024\/08\/mapa-ehe.jpg","width":480,"height":356},{"@type":"BreadcrumbList","@id":"https:\/\/www.asajacyl.com\/soria\/asaja-soria-informa\/asaja-se-reune-con-la-delegada-territorial-de-la-junta-para-tratar-el-asunto-de-la-ehe-en-la-provincia#breadcrumb","itemListElement":[{"@type":"ListItem","position":1,"name":"Portada","item":"https:\/\/www.asajacyl.com\/soria\/"},{"@type":"ListItem","position":2,"name":"ASAJA SE RE\u00daNE CON LA DELEGADA DE LA JUNTA PARA TRATAR EL ASUNTO DE LA EHE EN LA PROVINCIA"}]},{"@type":"WebSite","@id":"https:\/\/www.asajacyl.com\/soria\/#website","url":"https:\/\/www.asajacyl.com\/soria\/","name":"ASAJA Soria","description":"Otro sitio m\u00e1s de Provincias ASAJA Castilla y Le\u00f3n","potentialAction":[{"@type":"SearchAction","target":{"@type":"EntryPoint","urlTemplate":"https:\/\/www.asajacyl.com\/soria\/?s={search_term_string}"},"query-input":{"@type":"PropertyValueSpecification","valueRequired":true,"valueName":"search_term_string"}}],"inLanguage":"es"},{"@type":"Person","@id":"https:\/\/www.asajacyl.com\/soria\/#\/schema\/person\/fd3081c40255119ce8133b87e6aedfab","name":"Juan Ignacio Prieto Nieto","image":{"@type":"ImageObject","inLanguage":"es","@id":"https:\/\/www.asajacyl.com\/soria\/#\/schema\/person\/image\/","url":"https:\/\/secure.gravatar.com\/avatar\/8266b36e4d9001acb4700699a2468dc8?s=96&d=mm&r=g","contentUrl":"https:\/\/secure.gravatar.com\/avatar\/8266b36e4d9001acb4700699a2468dc8?s=96&d=mm&r=g","caption":"Juan Ignacio Prieto Nieto"},"url":"https:\/\/www.asajacyl.com\/soria\/author\/juanfranciscoby"}]}},"_links":{"self":[{"href":"https:\/\/www.asajacyl.com\/soria\/wp-json\/wp\/v2\/posts\/8267"}],"collection":[{"href":"https:\/\/www.asajacyl.com\/soria\/wp-json\/wp\/v2\/posts"}],"about":[{"href":"https:\/\/www.asajacyl.com\/soria\/wp-json\/wp\/v2\/types\/post"}],"author":[{"embeddable":true,"href":"https:\/\/www.asajacyl.com\/soria\/wp-json\/wp\/v2\/users\/12"}],"replies":[{"embeddable":true,"href":"https:\/\/www.asajacyl.com\/soria\/wp-json\/wp\/v2\/comments?post=8267"}],"version-history":[{"count":2,"href":"https:\/\/www.asajacyl.com\/soria\/wp-json\/wp\/v2\/posts\/8267\/revisions"}],"predecessor-version":[{"id":8271,"href":"https:\/\/www.asajacyl.com\/soria\/wp-json\/wp\/v2\/posts\/8267\/revisions\/8271"}],"wp:featuredmedia":[{"embeddable":true,"href":"https:\/\/www.asajacyl.com\/soria\/wp-json\/wp\/v2\/media\/8268"}],"wp:attachment":[{"href":"https:\/\/www.asajacyl.com\/soria\/wp-json\/wp\/v2\/media?parent=8267"}],"wp:term":[{"taxonomy":"category","embeddable":true,"href":"https:\/\/www.asajacyl.com\/soria\/wp-json\/wp\/v2\/categories?post=8267"},{"taxonomy":"post_tag","embeddable":true,"href":"https:\/\/www.asajacyl.com\/soria\/wp-json\/wp\/v2\/tags?post=8267"}],"curies":[{"name":"wp","href":"https:\/\/api.w.org\/{rel}","templated":true}]}}