{"id":8292,"date":"2024-09-23T13:45:48","date_gmt":"2024-09-23T11:45:48","guid":{"rendered":"https:\/\/www.asajacyl.com\/soria\/?p=8292"},"modified":"2024-09-23T13:48:29","modified_gmt":"2024-09-23T11:48:29","slug":"curso-de-ampliacion-en-agricultura-4-0-golmayo-soria","status":"publish","type":"post","link":"https:\/\/www.asajacyl.com\/soria\/servicios-socio\/cursos-jornadas\/curso-de-ampliacion-en-agricultura-4-0-golmayo-soria","title":{"rendered":"CURSO DE AMPLIACI\u00d3N EN AGRICULTURA 4.0 (GOLMAYO, SORIA)"},"content":{"rendered":"\n\n\n<h4><em>***ATENCI\u00d3N***\u00a0 HAY UNA MODIFICACI\u00d3N EN LAS FECHAS. LAS CLASES DEL 27 DE SEPTIEMBRE PASAN AL 4 DE OCTUBRE, EN EL MISMO LUGAR Y CON EL MISMO HORARIO QUE ESTABA YA PREVISTO.<\/em><\/h4>\n\n\n\n<h2>** Este curso va dirigido a agricultores <strong>que tienen realizado ya el curso de Agricultura 4.0, <\/strong>y desean voluntariamente ampliar conocimientos. <strong>Si solo se hace este curso no pueden justificar formaci\u00f3n suficiente a los efectos de ayudas ni convalidaciones.<\/strong> Es un curso voluntario de ampliaci\u00f3n para dar salida a la demanda expresada por bastantes socios que ya hicieron el curso de 25 horas en su d\u00eda y desean ampliar su formaci\u00f3n especialmente en la aplicaci\u00f3n Sativum del Instituto Tecnol\u00f3gico Agrario de Castilla y L\u00e9on.\u00a0<\/h2>\n<p><strong>FECHAS DE CELEBRACI\u00d3N: 25 y 26\/09\/2024, y 04\/10\/2024<\/strong><br \/>MODALIDAD DE IMPARTICI\u00d3N: Presencial.<br \/>LUGAR DE CELEBRACI\u00d3N: Centro Joven y Aula\u2013 Biblioteca Municipal, calle Libertad 1, Golmayo (Soria)<br \/>DURACI\u00d3N: 15 horas presenciales.<br \/>HORARIO: de 15:30 a 20:30 horas <strong>(el d\u00eda 4 de octubre de 09:00 a 14:00h)<\/strong><br \/>INSCRIPCIONES GRATUITAS: Mediante presentaci\u00f3n del modelo oficial FS1, en cualquier oficina de ASAJA Soria.<br \/>Contacto: Tel\u00e9fono 975 215 171<br \/>FECHA DE RECEPCI\u00d3N DE SOLICITUDES: hasta el 20 de septiembre de 2024.<\/p>\n<p>ESTA OPERACI\u00d3N EST\u00c1 COFINANCIADA POR LA UNI\u00d3N EUROPEA A TRAV\u00c9S DEL FEADER EN UN 55%<br \/>ORGANIZA: ASAJA SORIA<br \/>IMPARTE: ASAJA SORIA<br \/>FINANCIAN:<\/p>\n<p><img loading=\"lazy\" decoding=\"async\" class=\"aligncenter size-full wp-image-8307\" src=\"https:\/\/www.asajacyl.com\/soria\/wp-content\/uploads\/sites\/9\/2024\/08\/ANEXO-ii-INFO-PARA-WEB-FEADER-JCYL.jpg\" alt=\"\" width=\"1054\" height=\"610\" srcset=\"https:\/\/www.asajacyl.com\/soria\/wp-content\/uploads\/sites\/9\/2024\/08\/ANEXO-ii-INFO-PARA-WEB-FEADER-JCYL.jpg 1054w, https:\/\/www.asajacyl.com\/soria\/wp-content\/uploads\/sites\/9\/2024\/08\/ANEXO-ii-INFO-PARA-WEB-FEADER-JCYL-300x174.jpg 300w, https:\/\/www.asajacyl.com\/soria\/wp-content\/uploads\/sites\/9\/2024\/08\/ANEXO-ii-INFO-PARA-WEB-FEADER-JCYL-1024x593.jpg 1024w, https:\/\/www.asajacyl.com\/soria\/wp-content\/uploads\/sites\/9\/2024\/08\/ANEXO-ii-INFO-PARA-WEB-FEADER-JCYL-768x444.jpg 768w, https:\/\/www.asajacyl.com\/soria\/wp-content\/uploads\/sites\/9\/2024\/08\/ANEXO-ii-INFO-PARA-WEB-FEADER-JCYL-726x420.jpg 726w, https:\/\/www.asajacyl.com\/soria\/wp-content\/uploads\/sites\/9\/2024\/08\/ANEXO-ii-INFO-PARA-WEB-FEADER-JCYL-696x403.jpg 696w\" sizes=\"(max-width: 1054px) 100vw, 1054px\" \/><\/p>\n<p>\u00a0<\/p>\n<p>\u00a0<\/p>\n\n\n\n<p><a href=\"https:\/\/www.asajacyl.com\/soria\/wp-content\/uploads\/sites\/9\/2024\/08\/ANEXO-I-cartel-AMPLI-4.0-Golmayo-SEPT.pdf\">ANEXO I cartel AMPLI 4.0 Golmayo SEPT<\/a><\/p>\n","protected":false},"excerpt":{"rendered":"<p>***ATENCI\u00d3N***\u00a0 HAY UNA MODIFICACI\u00d3N EN LAS FECHAS. LAS CLASES DEL 27 DE SEPTIEMBRE PASAN AL 4 DE OCTUBRE, EN EL MISMO LUGAR Y CON EL MISMO HORARIO QUE ESTABA YA PREVISTO. ** Este curso va dirigido a agricultores que tienen realizado ya el curso de Agricultura 4.0, y desean voluntariamente ampliar conocimientos. Si solo se [&hellip;]<\/p>\n","protected":false},"author":12,"featured_media":8293,"comment_status":"open","ping_status":"open","sticky":false,"template":"","format":"standard","meta":{"footnotes":""},"categories":[35],"tags":[],"yoast_head":"<!-- This site is optimized with the Yoast SEO plugin v24.5 - https:\/\/yoast.com\/wordpress\/plugins\/seo\/ -->\n<title>CURSO DE AMPLIACI\u00d3N EN AGRICULTURA 4.0 (GOLMAYO, SORIA) - ASAJA Soria<\/title>\n<meta name=\"description\" content=\"***ATENCI\u00d3N***\u00a0 HAY UNA MODIFICACI\u00d3N EN LAS FECHAS. LAS CLASES DEL 27 DE SEPTIEMBRE PASAN AL 4 DE OCTUBRE, EN EL MISMO LUGAR Y CON EL MISMO HORARIO QUE\" \/>\n<meta name=\"robots\" content=\"index, follow, max-snippet:-1, max-image-preview:large, max-video-preview:-1\" \/>\n<link rel=\"canonical\" href=\"https:\/\/www.asajacyl.com\/soria\/servicios-socio\/cursos-jornadas\/curso-de-ampliacion-en-agricultura-4-0-golmayo-soria\" \/>\n<meta property=\"og:locale\" content=\"es_ES\" \/>\n<meta property=\"og:type\" content=\"article\" \/>\n<meta property=\"og:title\" content=\"CURSO DE AMPLIACI\u00d3N EN AGRICULTURA 4.0 (GOLMAYO, SORIA) - ASAJA Soria\" \/>\n<meta property=\"og:description\" content=\"***ATENCI\u00d3N***\u00a0 HAY UNA MODIFICACI\u00d3N EN LAS FECHAS. LAS CLASES DEL 27 DE SEPTIEMBRE PASAN AL 4 DE OCTUBRE, EN EL MISMO LUGAR Y CON EL MISMO HORARIO QUE\" \/>\n<meta property=\"og:url\" content=\"https:\/\/www.asajacyl.com\/soria\/servicios-socio\/cursos-jornadas\/curso-de-ampliacion-en-agricultura-4-0-golmayo-soria\" \/>\n<meta property=\"og:site_name\" content=\"ASAJA Soria\" \/>\n<meta property=\"article:published_time\" content=\"2024-09-23T11:45:48+00:00\" \/>\n<meta property=\"article:modified_time\" content=\"2024-09-23T11:48:29+00:00\" \/>\n<meta property=\"og:image\" content=\"https:\/\/www.asajacyl.com\/soria\/wp-content\/uploads\/sites\/9\/2024\/08\/ampliacion-.jpg\" \/>\n\t<meta property=\"og:image:width\" content=\"2500\" \/>\n\t<meta property=\"og:image:height\" content=\"1875\" \/>\n\t<meta property=\"og:image:type\" content=\"image\/jpeg\" \/>\n<meta name=\"author\" content=\"Juan Ignacio Prieto Nieto\" \/>\n<meta name=\"twitter:card\" content=\"summary_large_image\" \/>\n<meta name=\"twitter:label1\" content=\"Escrito por\" \/>\n\t<meta name=\"twitter:data1\" content=\"Juan Ignacio Prieto Nieto\" \/>\n\t<meta name=\"twitter:label2\" content=\"Tiempo de lectura\" \/>\n\t<meta name=\"twitter:data2\" content=\"2 minutos\" \/>\n<script type=\"application\/ld+json\" class=\"yoast-schema-graph\">{\"@context\":\"https:\/\/schema.org\",\"@graph\":[{\"@type\":\"WebPage\",\"@id\":\"https:\/\/www.asajacyl.com\/soria\/servicios-socio\/cursos-jornadas\/curso-de-ampliacion-en-agricultura-4-0-golmayo-soria\",\"url\":\"https:\/\/www.asajacyl.com\/soria\/servicios-socio\/cursos-jornadas\/curso-de-ampliacion-en-agricultura-4-0-golmayo-soria\",\"name\":\"CURSO DE AMPLIACI\u00d3N EN AGRICULTURA 4.0 (GOLMAYO, SORIA) - ASAJA Soria\",\"isPartOf\":{\"@id\":\"https:\/\/www.asajacyl.com\/soria\/#website\"},\"primaryImageOfPage\":{\"@id\":\"https:\/\/www.asajacyl.com\/soria\/servicios-socio\/cursos-jornadas\/curso-de-ampliacion-en-agricultura-4-0-golmayo-soria#primaryimage\"},\"image\":{\"@id\":\"https:\/\/www.asajacyl.com\/soria\/servicios-socio\/cursos-jornadas\/curso-de-ampliacion-en-agricultura-4-0-golmayo-soria#primaryimage\"},\"thumbnailUrl\":\"https:\/\/www.asajacyl.com\/soria\/wp-content\/uploads\/sites\/9\/2024\/08\/ampliacion-.jpg\",\"datePublished\":\"2024-09-23T11:45:48+00:00\",\"dateModified\":\"2024-09-23T11:48:29+00:00\",\"author\":{\"@id\":\"https:\/\/www.asajacyl.com\/soria\/#\/schema\/person\/fd3081c40255119ce8133b87e6aedfab\"},\"description\":\"***ATENCI\u00d3N***\u00a0 HAY UNA MODIFICACI\u00d3N EN LAS FECHAS. LAS CLASES DEL 27 DE SEPTIEMBRE PASAN AL 4 DE OCTUBRE, EN EL MISMO LUGAR Y CON EL MISMO HORARIO QUE\",\"breadcrumb\":{\"@id\":\"https:\/\/www.asajacyl.com\/soria\/servicios-socio\/cursos-jornadas\/curso-de-ampliacion-en-agricultura-4-0-golmayo-soria#breadcrumb\"},\"inLanguage\":\"es\",\"potentialAction\":[{\"@type\":\"ReadAction\",\"target\":[\"https:\/\/www.asajacyl.com\/soria\/servicios-socio\/cursos-jornadas\/curso-de-ampliacion-en-agricultura-4-0-golmayo-soria\"]}]},{\"@type\":\"ImageObject\",\"inLanguage\":\"es\",\"@id\":\"https:\/\/www.asajacyl.com\/soria\/servicios-socio\/cursos-jornadas\/curso-de-ampliacion-en-agricultura-4-0-golmayo-soria#primaryimage\",\"url\":\"https:\/\/www.asajacyl.com\/soria\/wp-content\/uploads\/sites\/9\/2024\/08\/ampliacion-.jpg\",\"contentUrl\":\"https:\/\/www.asajacyl.com\/soria\/wp-content\/uploads\/sites\/9\/2024\/08\/ampliacion-.jpg\",\"width\":2500,\"height\":1875},{\"@type\":\"BreadcrumbList\",\"@id\":\"https:\/\/www.asajacyl.com\/soria\/servicios-socio\/cursos-jornadas\/curso-de-ampliacion-en-agricultura-4-0-golmayo-soria#breadcrumb\",\"itemListElement\":[{\"@type\":\"ListItem\",\"position\":1,\"name\":\"Portada\",\"item\":\"https:\/\/www.asajacyl.com\/soria\/\"},{\"@type\":\"ListItem\",\"position\":2,\"name\":\"CURSO DE AMPLIACI\u00d3N EN AGRICULTURA 4.0 (GOLMAYO, SORIA)\"}]},{\"@type\":\"WebSite\",\"@id\":\"https:\/\/www.asajacyl.com\/soria\/#website\",\"url\":\"https:\/\/www.asajacyl.com\/soria\/\",\"name\":\"ASAJA Soria\",\"description\":\"Otro sitio m\u00e1s de Provincias ASAJA Castilla y Le\u00f3n\",\"potentialAction\":[{\"@type\":\"SearchAction\",\"target\":{\"@type\":\"EntryPoint\",\"urlTemplate\":\"https:\/\/www.asajacyl.com\/soria\/?s={search_term_string}\"},\"query-input\":{\"@type\":\"PropertyValueSpecification\",\"valueRequired\":true,\"valueName\":\"search_term_string\"}}],\"inLanguage\":\"es\"},{\"@type\":\"Person\",\"@id\":\"https:\/\/www.asajacyl.com\/soria\/#\/schema\/person\/fd3081c40255119ce8133b87e6aedfab\",\"name\":\"Juan Ignacio Prieto Nieto\",\"image\":{\"@type\":\"ImageObject\",\"inLanguage\":\"es\",\"@id\":\"https:\/\/www.asajacyl.com\/soria\/#\/schema\/person\/image\/\",\"url\":\"https:\/\/secure.gravatar.com\/avatar\/8266b36e4d9001acb4700699a2468dc8?s=96&d=mm&r=g\",\"contentUrl\":\"https:\/\/secure.gravatar.com\/avatar\/8266b36e4d9001acb4700699a2468dc8?s=96&d=mm&r=g\",\"caption\":\"Juan Ignacio Prieto Nieto\"},\"url\":\"https:\/\/www.asajacyl.com\/soria\/author\/juanfranciscoby\"}]}<\/script>\n<!-- \/ Yoast SEO plugin. -->","yoast_head_json":{"title":"CURSO DE AMPLIACI\u00d3N EN AGRICULTURA 4.0 (GOLMAYO, SORIA) - ASAJA Soria","description":"***ATENCI\u00d3N***\u00a0 HAY UNA MODIFICACI\u00d3N EN LAS FECHAS. LAS CLASES DEL 27 DE SEPTIEMBRE PASAN AL 4 DE OCTUBRE, EN EL MISMO LUGAR Y CON EL MISMO HORARIO QUE","robots":{"index":"index","follow":"follow","max-snippet":"max-snippet:-1","max-image-preview":"max-image-preview:large","max-video-preview":"max-video-preview:-1"},"canonical":"https:\/\/www.asajacyl.com\/soria\/servicios-socio\/cursos-jornadas\/curso-de-ampliacion-en-agricultura-4-0-golmayo-soria","og_locale":"es_ES","og_type":"article","og_title":"CURSO DE AMPLIACI\u00d3N EN AGRICULTURA 4.0 (GOLMAYO, SORIA) - ASAJA Soria","og_description":"***ATENCI\u00d3N***\u00a0 HAY UNA MODIFICACI\u00d3N EN LAS FECHAS. LAS CLASES DEL 27 DE SEPTIEMBRE PASAN AL 4 DE OCTUBRE, EN EL MISMO LUGAR Y CON EL MISMO HORARIO QUE","og_url":"https:\/\/www.asajacyl.com\/soria\/servicios-socio\/cursos-jornadas\/curso-de-ampliacion-en-agricultura-4-0-golmayo-soria","og_site_name":"ASAJA Soria","article_published_time":"2024-09-23T11:45:48+00:00","article_modified_time":"2024-09-23T11:48:29+00:00","og_image":[{"width":2500,"height":1875,"url":"https:\/\/www.asajacyl.com\/soria\/wp-content\/uploads\/sites\/9\/2024\/08\/ampliacion-.jpg","type":"image\/jpeg"}],"author":"Juan Ignacio Prieto Nieto","twitter_card":"summary_large_image","twitter_misc":{"Escrito por":"Juan Ignacio Prieto Nieto","Tiempo de lectura":"2 minutos"},"schema":{"@context":"https:\/\/schema.org","@graph":[{"@type":"WebPage","@id":"https:\/\/www.asajacyl.com\/soria\/servicios-socio\/cursos-jornadas\/curso-de-ampliacion-en-agricultura-4-0-golmayo-soria","url":"https:\/\/www.asajacyl.com\/soria\/servicios-socio\/cursos-jornadas\/curso-de-ampliacion-en-agricultura-4-0-golmayo-soria","name":"CURSO DE AMPLIACI\u00d3N EN AGRICULTURA 4.0 (GOLMAYO, SORIA) - ASAJA Soria","isPartOf":{"@id":"https:\/\/www.asajacyl.com\/soria\/#website"},"primaryImageOfPage":{"@id":"https:\/\/www.asajacyl.com\/soria\/servicios-socio\/cursos-jornadas\/curso-de-ampliacion-en-agricultura-4-0-golmayo-soria#primaryimage"},"image":{"@id":"https:\/\/www.asajacyl.com\/soria\/servicios-socio\/cursos-jornadas\/curso-de-ampliacion-en-agricultura-4-0-golmayo-soria#primaryimage"},"thumbnailUrl":"https:\/\/www.asajacyl.com\/soria\/wp-content\/uploads\/sites\/9\/2024\/08\/ampliacion-.jpg","datePublished":"2024-09-23T11:45:48+00:00","dateModified":"2024-09-23T11:48:29+00:00","author":{"@id":"https:\/\/www.asajacyl.com\/soria\/#\/schema\/person\/fd3081c40255119ce8133b87e6aedfab"},"description":"***ATENCI\u00d3N***\u00a0 HAY UNA MODIFICACI\u00d3N EN LAS FECHAS. LAS CLASES DEL 27 DE SEPTIEMBRE PASAN AL 4 DE OCTUBRE, EN EL MISMO LUGAR Y CON EL MISMO HORARIO QUE","breadcrumb":{"@id":"https:\/\/www.asajacyl.com\/soria\/servicios-socio\/cursos-jornadas\/curso-de-ampliacion-en-agricultura-4-0-golmayo-soria#breadcrumb"},"inLanguage":"es","potentialAction":[{"@type":"ReadAction","target":["https:\/\/www.asajacyl.com\/soria\/servicios-socio\/cursos-jornadas\/curso-de-ampliacion-en-agricultura-4-0-golmayo-soria"]}]},{"@type":"ImageObject","inLanguage":"es","@id":"https:\/\/www.asajacyl.com\/soria\/servicios-socio\/cursos-jornadas\/curso-de-ampliacion-en-agricultura-4-0-golmayo-soria#primaryimage","url":"https:\/\/www.asajacyl.com\/soria\/wp-content\/uploads\/sites\/9\/2024\/08\/ampliacion-.jpg","contentUrl":"https:\/\/www.asajacyl.com\/soria\/wp-content\/uploads\/sites\/9\/2024\/08\/ampliacion-.jpg","width":2500,"height":1875},{"@type":"BreadcrumbList","@id":"https:\/\/www.asajacyl.com\/soria\/servicios-socio\/cursos-jornadas\/curso-de-ampliacion-en-agricultura-4-0-golmayo-soria#breadcrumb","itemListElement":[{"@type":"ListItem","position":1,"name":"Portada","item":"https:\/\/www.asajacyl.com\/soria\/"},{"@type":"ListItem","position":2,"name":"CURSO DE AMPLIACI\u00d3N EN AGRICULTURA 4.0 (GOLMAYO, SORIA)"}]},{"@type":"WebSite","@id":"https:\/\/www.asajacyl.com\/soria\/#website","url":"https:\/\/www.asajacyl.com\/soria\/","name":"ASAJA Soria","description":"Otro sitio m\u00e1s de Provincias ASAJA Castilla y Le\u00f3n","potentialAction":[{"@type":"SearchAction","target":{"@type":"EntryPoint","urlTemplate":"https:\/\/www.asajacyl.com\/soria\/?s={search_term_string}"},"query-input":{"@type":"PropertyValueSpecification","valueRequired":true,"valueName":"search_term_string"}}],"inLanguage":"es"},{"@type":"Person","@id":"https:\/\/www.asajacyl.com\/soria\/#\/schema\/person\/fd3081c40255119ce8133b87e6aedfab","name":"Juan Ignacio Prieto Nieto","image":{"@type":"ImageObject","inLanguage":"es","@id":"https:\/\/www.asajacyl.com\/soria\/#\/schema\/person\/image\/","url":"https:\/\/secure.gravatar.com\/avatar\/8266b36e4d9001acb4700699a2468dc8?s=96&d=mm&r=g","contentUrl":"https:\/\/secure.gravatar.com\/avatar\/8266b36e4d9001acb4700699a2468dc8?s=96&d=mm&r=g","caption":"Juan Ignacio Prieto Nieto"},"url":"https:\/\/www.asajacyl.com\/soria\/author\/juanfranciscoby"}]}},"_links":{"self":[{"href":"https:\/\/www.asajacyl.com\/soria\/wp-json\/wp\/v2\/posts\/8292"}],"collection":[{"href":"https:\/\/www.asajacyl.com\/soria\/wp-json\/wp\/v2\/posts"}],"about":[{"href":"https:\/\/www.asajacyl.com\/soria\/wp-json\/wp\/v2\/types\/post"}],"author":[{"embeddable":true,"href":"https:\/\/www.asajacyl.com\/soria\/wp-json\/wp\/v2\/users\/12"}],"replies":[{"embeddable":true,"href":"https:\/\/www.asajacyl.com\/soria\/wp-json\/wp\/v2\/comments?post=8292"}],"version-history":[{"count":5,"href":"https:\/\/www.asajacyl.com\/soria\/wp-json\/wp\/v2\/posts\/8292\/revisions"}],"predecessor-version":[{"id":8405,"href":"https:\/\/www.asajacyl.com\/soria\/wp-json\/wp\/v2\/posts\/8292\/revisions\/8405"}],"wp:featuredmedia":[{"embeddable":true,"href":"https:\/\/www.asajacyl.com\/soria\/wp-json\/wp\/v2\/media\/8293"}],"wp:attachment":[{"href":"https:\/\/www.asajacyl.com\/soria\/wp-json\/wp\/v2\/media?parent=8292"}],"wp:term":[{"taxonomy":"category","embeddable":true,"href":"https:\/\/www.asajacyl.com\/soria\/wp-json\/wp\/v2\/categories?post=8292"},{"taxonomy":"post_tag","embeddable":true,"href":"https:\/\/www.asajacyl.com\/soria\/wp-json\/wp\/v2\/tags?post=8292"}],"curies":[{"name":"wp","href":"https:\/\/api.w.org\/{rel}","templated":true}]}}