{"id":8303,"date":"2024-08-20T12:40:10","date_gmt":"2024-08-20T10:40:10","guid":{"rendered":"https:\/\/www.asajacyl.com\/soria\/?p=8303"},"modified":"2024-08-21T10:45:04","modified_gmt":"2024-08-21T08:45:04","slug":"curso-presencial-de-incorporacion-a-la-empresa-agraria-ciea-2","status":"publish","type":"post","link":"https:\/\/www.asajacyl.com\/soria\/servicios-socio\/cursos-jornadas\/curso-presencial-de-incorporacion-a-la-empresa-agraria-ciea-2","title":{"rendered":"CURSO PRESENCIAL DE INCORPORACI\u00d3N A LA EMPRESA AGRARIA (CIEA)"},"content":{"rendered":"\n\n\n<p>FECHAS DE CELEBRACI\u00d3N: del 26\/09\/2024 al 10\/12\/2024.<\/p>\n<p><br \/>MODALIDAD DE IMPARTICI\u00d3N: Presencial.<\/p>\n<p><br \/>LUGAR DE CELEBRACI\u00d3N: Aula Vivero de Empresas, c\/ J, s\/n; Pol. Ind. Las Casas 42005 (Soria)<\/p>\n<p><br \/>DURACI\u00d3N: 200 horas presenciales.<\/p>\n<p><br \/>HORARIO: de 16:30 a 20:30 horas<\/p>\n<p><br \/>DESTINATARIOS: J\u00f3venes y nuevos agricultores para su instalaci\u00f3n en el sector, con el fin de alcanzar el nivel de capacitaci\u00f3n profesional suficiente establecido en determinadas normativas sectoriales.<\/p>\n<p><br \/>INSCRIPCIONES GRATUITAS: Mediante presentaci\u00f3n del modelo oficial FS1, en cualquier oficina de ASAJA Soria.<\/p>\n<p><br \/>CONTACTO: Tel\u00e9fono 975 215 171<\/p>\n<p><br \/>FECHA DE RECEPCI\u00d3N DE SOLICITUDES: hasta el 20 de septiembre de 2024.<\/p>\n<p>\u00a0<\/p>\n<p>ESTA OPERACI\u00d3N EST\u00c1 COFINANCIADA POR LA UNI\u00d3N EUROPEA A TRAV\u00c9S DEL FEADER EN UN 55%<br \/>ORGANIZA: ASAJA SORIA<br \/>IMPARTE: ASAJA SORIA<br \/>FINANCIAN:<\/p>\n<p><img loading=\"lazy\" decoding=\"async\" class=\"aligncenter size-full wp-image-8307\" src=\"https:\/\/www.asajacyl.com\/soria\/wp-content\/uploads\/sites\/9\/2024\/08\/ANEXO-ii-INFO-PARA-WEB-FEADER-JCYL.jpg\" alt=\"\" width=\"1054\" height=\"610\" srcset=\"https:\/\/www.asajacyl.com\/soria\/wp-content\/uploads\/sites\/9\/2024\/08\/ANEXO-ii-INFO-PARA-WEB-FEADER-JCYL.jpg 1054w, https:\/\/www.asajacyl.com\/soria\/wp-content\/uploads\/sites\/9\/2024\/08\/ANEXO-ii-INFO-PARA-WEB-FEADER-JCYL-300x174.jpg 300w, https:\/\/www.asajacyl.com\/soria\/wp-content\/uploads\/sites\/9\/2024\/08\/ANEXO-ii-INFO-PARA-WEB-FEADER-JCYL-1024x593.jpg 1024w, https:\/\/www.asajacyl.com\/soria\/wp-content\/uploads\/sites\/9\/2024\/08\/ANEXO-ii-INFO-PARA-WEB-FEADER-JCYL-768x444.jpg 768w, https:\/\/www.asajacyl.com\/soria\/wp-content\/uploads\/sites\/9\/2024\/08\/ANEXO-ii-INFO-PARA-WEB-FEADER-JCYL-726x420.jpg 726w, https:\/\/www.asajacyl.com\/soria\/wp-content\/uploads\/sites\/9\/2024\/08\/ANEXO-ii-INFO-PARA-WEB-FEADER-JCYL-696x403.jpg 696w\" sizes=\"(max-width: 1054px) 100vw, 1054px\" \/><\/p>\n\n\n\n<p><a href=\"https:\/\/www.asajacyl.com\/soria\/wp-content\/uploads\/sites\/9\/2024\/08\/ANEXO-I-cartel-CIEA-PRES.pdf\">ANEXO I cartel CIEA PRES<\/a><\/p>\n","protected":false},"excerpt":{"rendered":"<p>FECHAS DE CELEBRACI\u00d3N: del 26\/09\/2024 al 10\/12\/2024. MODALIDAD DE IMPARTICI\u00d3N: Presencial. LUGAR DE CELEBRACI\u00d3N: Aula Vivero de Empresas, c\/ J, s\/n; Pol. Ind. Las Casas 42005 (Soria) DURACI\u00d3N: 200 horas presenciales. HORARIO: de 16:30 a 20:30 horas DESTINATARIOS: J\u00f3venes y nuevos agricultores para su instalaci\u00f3n en el sector, con el fin de alcanzar el nivel [&hellip;]<\/p>\n","protected":false},"author":12,"featured_media":8304,"comment_status":"open","ping_status":"open","sticky":false,"template":"","format":"standard","meta":{"footnotes":""},"categories":[35],"tags":[],"yoast_head":"<!-- This site is optimized with the Yoast SEO plugin v24.5 - https:\/\/yoast.com\/wordpress\/plugins\/seo\/ -->\n<title>CURSO PRESENCIAL DE INCORPORACI\u00d3N A LA EMPRESA AGRARIA (CIEA) - ASAJA Soria<\/title>\n<meta name=\"description\" content=\"FECHAS DE CELEBRACI\u00d3N: del 26\/09\/2024 al 10\/12\/2024. MODALIDAD DE IMPARTICI\u00d3N: Presencial. LUGAR DE CELEBRACI\u00d3N: Aula Vivero de Empresas, c\/ J, s\/n; Pol.\" \/>\n<meta name=\"robots\" content=\"index, follow, max-snippet:-1, max-image-preview:large, max-video-preview:-1\" \/>\n<link rel=\"canonical\" href=\"https:\/\/www.asajacyl.com\/soria\/servicios-socio\/cursos-jornadas\/curso-presencial-de-incorporacion-a-la-empresa-agraria-ciea-2\" \/>\n<meta property=\"og:locale\" content=\"es_ES\" \/>\n<meta property=\"og:type\" content=\"article\" \/>\n<meta property=\"og:title\" content=\"CURSO PRESENCIAL DE INCORPORACI\u00d3N A LA EMPRESA AGRARIA (CIEA) - ASAJA Soria\" \/>\n<meta property=\"og:description\" content=\"FECHAS DE CELEBRACI\u00d3N: del 26\/09\/2024 al 10\/12\/2024. MODALIDAD DE IMPARTICI\u00d3N: Presencial. LUGAR DE CELEBRACI\u00d3N: Aula Vivero de Empresas, c\/ J, s\/n; Pol.\" \/>\n<meta property=\"og:url\" content=\"https:\/\/www.asajacyl.com\/soria\/servicios-socio\/cursos-jornadas\/curso-presencial-de-incorporacion-a-la-empresa-agraria-ciea-2\" \/>\n<meta property=\"og:site_name\" content=\"ASAJA Soria\" \/>\n<meta property=\"article:published_time\" content=\"2024-08-20T10:40:10+00:00\" \/>\n<meta property=\"article:modified_time\" content=\"2024-08-21T08:45:04+00:00\" \/>\n<meta property=\"og:image\" content=\"https:\/\/www.asajacyl.com\/soria\/wp-content\/uploads\/sites\/9\/2024\/08\/incorporacion.jpg\" \/>\n\t<meta property=\"og:image:width\" content=\"2500\" \/>\n\t<meta property=\"og:image:height\" content=\"1875\" \/>\n\t<meta property=\"og:image:type\" content=\"image\/jpeg\" \/>\n<meta name=\"author\" content=\"Juan Ignacio Prieto Nieto\" \/>\n<meta name=\"twitter:card\" content=\"summary_large_image\" \/>\n<meta name=\"twitter:label1\" content=\"Escrito por\" \/>\n\t<meta name=\"twitter:data1\" content=\"Juan Ignacio Prieto Nieto\" \/>\n\t<meta name=\"twitter:label2\" content=\"Tiempo de lectura\" \/>\n\t<meta name=\"twitter:data2\" content=\"1 minuto\" \/>\n<script type=\"application\/ld+json\" class=\"yoast-schema-graph\">{\"@context\":\"https:\/\/schema.org\",\"@graph\":[{\"@type\":\"WebPage\",\"@id\":\"https:\/\/www.asajacyl.com\/soria\/servicios-socio\/cursos-jornadas\/curso-presencial-de-incorporacion-a-la-empresa-agraria-ciea-2\",\"url\":\"https:\/\/www.asajacyl.com\/soria\/servicios-socio\/cursos-jornadas\/curso-presencial-de-incorporacion-a-la-empresa-agraria-ciea-2\",\"name\":\"CURSO PRESENCIAL DE INCORPORACI\u00d3N A LA EMPRESA AGRARIA (CIEA) - ASAJA Soria\",\"isPartOf\":{\"@id\":\"https:\/\/www.asajacyl.com\/soria\/#website\"},\"primaryImageOfPage\":{\"@id\":\"https:\/\/www.asajacyl.com\/soria\/servicios-socio\/cursos-jornadas\/curso-presencial-de-incorporacion-a-la-empresa-agraria-ciea-2#primaryimage\"},\"image\":{\"@id\":\"https:\/\/www.asajacyl.com\/soria\/servicios-socio\/cursos-jornadas\/curso-presencial-de-incorporacion-a-la-empresa-agraria-ciea-2#primaryimage\"},\"thumbnailUrl\":\"https:\/\/www.asajacyl.com\/soria\/wp-content\/uploads\/sites\/9\/2024\/08\/incorporacion.jpg\",\"datePublished\":\"2024-08-20T10:40:10+00:00\",\"dateModified\":\"2024-08-21T08:45:04+00:00\",\"author\":{\"@id\":\"https:\/\/www.asajacyl.com\/soria\/#\/schema\/person\/fd3081c40255119ce8133b87e6aedfab\"},\"description\":\"FECHAS DE CELEBRACI\u00d3N: del 26\/09\/2024 al 10\/12\/2024. MODALIDAD DE IMPARTICI\u00d3N: Presencial. LUGAR DE CELEBRACI\u00d3N: Aula Vivero de Empresas, c\/ J, s\/n; Pol.\",\"breadcrumb\":{\"@id\":\"https:\/\/www.asajacyl.com\/soria\/servicios-socio\/cursos-jornadas\/curso-presencial-de-incorporacion-a-la-empresa-agraria-ciea-2#breadcrumb\"},\"inLanguage\":\"es\",\"potentialAction\":[{\"@type\":\"ReadAction\",\"target\":[\"https:\/\/www.asajacyl.com\/soria\/servicios-socio\/cursos-jornadas\/curso-presencial-de-incorporacion-a-la-empresa-agraria-ciea-2\"]}]},{\"@type\":\"ImageObject\",\"inLanguage\":\"es\",\"@id\":\"https:\/\/www.asajacyl.com\/soria\/servicios-socio\/cursos-jornadas\/curso-presencial-de-incorporacion-a-la-empresa-agraria-ciea-2#primaryimage\",\"url\":\"https:\/\/www.asajacyl.com\/soria\/wp-content\/uploads\/sites\/9\/2024\/08\/incorporacion.jpg\",\"contentUrl\":\"https:\/\/www.asajacyl.com\/soria\/wp-content\/uploads\/sites\/9\/2024\/08\/incorporacion.jpg\",\"width\":2500,\"height\":1875},{\"@type\":\"BreadcrumbList\",\"@id\":\"https:\/\/www.asajacyl.com\/soria\/servicios-socio\/cursos-jornadas\/curso-presencial-de-incorporacion-a-la-empresa-agraria-ciea-2#breadcrumb\",\"itemListElement\":[{\"@type\":\"ListItem\",\"position\":1,\"name\":\"Portada\",\"item\":\"https:\/\/www.asajacyl.com\/soria\/\"},{\"@type\":\"ListItem\",\"position\":2,\"name\":\"CURSO PRESENCIAL DE INCORPORACI\u00d3N A LA EMPRESA AGRARIA (CIEA)\"}]},{\"@type\":\"WebSite\",\"@id\":\"https:\/\/www.asajacyl.com\/soria\/#website\",\"url\":\"https:\/\/www.asajacyl.com\/soria\/\",\"name\":\"ASAJA Soria\",\"description\":\"Otro sitio m\u00e1s de Provincias ASAJA Castilla y Le\u00f3n\",\"potentialAction\":[{\"@type\":\"SearchAction\",\"target\":{\"@type\":\"EntryPoint\",\"urlTemplate\":\"https:\/\/www.asajacyl.com\/soria\/?s={search_term_string}\"},\"query-input\":{\"@type\":\"PropertyValueSpecification\",\"valueRequired\":true,\"valueName\":\"search_term_string\"}}],\"inLanguage\":\"es\"},{\"@type\":\"Person\",\"@id\":\"https:\/\/www.asajacyl.com\/soria\/#\/schema\/person\/fd3081c40255119ce8133b87e6aedfab\",\"name\":\"Juan Ignacio Prieto Nieto\",\"image\":{\"@type\":\"ImageObject\",\"inLanguage\":\"es\",\"@id\":\"https:\/\/www.asajacyl.com\/soria\/#\/schema\/person\/image\/\",\"url\":\"https:\/\/secure.gravatar.com\/avatar\/8266b36e4d9001acb4700699a2468dc8?s=96&d=mm&r=g\",\"contentUrl\":\"https:\/\/secure.gravatar.com\/avatar\/8266b36e4d9001acb4700699a2468dc8?s=96&d=mm&r=g\",\"caption\":\"Juan Ignacio Prieto Nieto\"},\"url\":\"https:\/\/www.asajacyl.com\/soria\/author\/juanfranciscoby\"}]}<\/script>\n<!-- \/ Yoast SEO plugin. -->","yoast_head_json":{"title":"CURSO PRESENCIAL DE INCORPORACI\u00d3N A LA EMPRESA AGRARIA (CIEA) - ASAJA Soria","description":"FECHAS DE CELEBRACI\u00d3N: del 26\/09\/2024 al 10\/12\/2024. MODALIDAD DE IMPARTICI\u00d3N: Presencial. LUGAR DE CELEBRACI\u00d3N: Aula Vivero de Empresas, c\/ J, s\/n; Pol.","robots":{"index":"index","follow":"follow","max-snippet":"max-snippet:-1","max-image-preview":"max-image-preview:large","max-video-preview":"max-video-preview:-1"},"canonical":"https:\/\/www.asajacyl.com\/soria\/servicios-socio\/cursos-jornadas\/curso-presencial-de-incorporacion-a-la-empresa-agraria-ciea-2","og_locale":"es_ES","og_type":"article","og_title":"CURSO PRESENCIAL DE INCORPORACI\u00d3N A LA EMPRESA AGRARIA (CIEA) - ASAJA Soria","og_description":"FECHAS DE CELEBRACI\u00d3N: del 26\/09\/2024 al 10\/12\/2024. MODALIDAD DE IMPARTICI\u00d3N: Presencial. LUGAR DE CELEBRACI\u00d3N: Aula Vivero de Empresas, c\/ J, s\/n; Pol.","og_url":"https:\/\/www.asajacyl.com\/soria\/servicios-socio\/cursos-jornadas\/curso-presencial-de-incorporacion-a-la-empresa-agraria-ciea-2","og_site_name":"ASAJA Soria","article_published_time":"2024-08-20T10:40:10+00:00","article_modified_time":"2024-08-21T08:45:04+00:00","og_image":[{"width":2500,"height":1875,"url":"https:\/\/www.asajacyl.com\/soria\/wp-content\/uploads\/sites\/9\/2024\/08\/incorporacion.jpg","type":"image\/jpeg"}],"author":"Juan Ignacio Prieto Nieto","twitter_card":"summary_large_image","twitter_misc":{"Escrito por":"Juan Ignacio Prieto Nieto","Tiempo de lectura":"1 minuto"},"schema":{"@context":"https:\/\/schema.org","@graph":[{"@type":"WebPage","@id":"https:\/\/www.asajacyl.com\/soria\/servicios-socio\/cursos-jornadas\/curso-presencial-de-incorporacion-a-la-empresa-agraria-ciea-2","url":"https:\/\/www.asajacyl.com\/soria\/servicios-socio\/cursos-jornadas\/curso-presencial-de-incorporacion-a-la-empresa-agraria-ciea-2","name":"CURSO PRESENCIAL DE INCORPORACI\u00d3N A LA EMPRESA AGRARIA (CIEA) - ASAJA Soria","isPartOf":{"@id":"https:\/\/www.asajacyl.com\/soria\/#website"},"primaryImageOfPage":{"@id":"https:\/\/www.asajacyl.com\/soria\/servicios-socio\/cursos-jornadas\/curso-presencial-de-incorporacion-a-la-empresa-agraria-ciea-2#primaryimage"},"image":{"@id":"https:\/\/www.asajacyl.com\/soria\/servicios-socio\/cursos-jornadas\/curso-presencial-de-incorporacion-a-la-empresa-agraria-ciea-2#primaryimage"},"thumbnailUrl":"https:\/\/www.asajacyl.com\/soria\/wp-content\/uploads\/sites\/9\/2024\/08\/incorporacion.jpg","datePublished":"2024-08-20T10:40:10+00:00","dateModified":"2024-08-21T08:45:04+00:00","author":{"@id":"https:\/\/www.asajacyl.com\/soria\/#\/schema\/person\/fd3081c40255119ce8133b87e6aedfab"},"description":"FECHAS DE CELEBRACI\u00d3N: del 26\/09\/2024 al 10\/12\/2024. MODALIDAD DE IMPARTICI\u00d3N: Presencial. LUGAR DE CELEBRACI\u00d3N: Aula Vivero de Empresas, c\/ J, s\/n; Pol.","breadcrumb":{"@id":"https:\/\/www.asajacyl.com\/soria\/servicios-socio\/cursos-jornadas\/curso-presencial-de-incorporacion-a-la-empresa-agraria-ciea-2#breadcrumb"},"inLanguage":"es","potentialAction":[{"@type":"ReadAction","target":["https:\/\/www.asajacyl.com\/soria\/servicios-socio\/cursos-jornadas\/curso-presencial-de-incorporacion-a-la-empresa-agraria-ciea-2"]}]},{"@type":"ImageObject","inLanguage":"es","@id":"https:\/\/www.asajacyl.com\/soria\/servicios-socio\/cursos-jornadas\/curso-presencial-de-incorporacion-a-la-empresa-agraria-ciea-2#primaryimage","url":"https:\/\/www.asajacyl.com\/soria\/wp-content\/uploads\/sites\/9\/2024\/08\/incorporacion.jpg","contentUrl":"https:\/\/www.asajacyl.com\/soria\/wp-content\/uploads\/sites\/9\/2024\/08\/incorporacion.jpg","width":2500,"height":1875},{"@type":"BreadcrumbList","@id":"https:\/\/www.asajacyl.com\/soria\/servicios-socio\/cursos-jornadas\/curso-presencial-de-incorporacion-a-la-empresa-agraria-ciea-2#breadcrumb","itemListElement":[{"@type":"ListItem","position":1,"name":"Portada","item":"https:\/\/www.asajacyl.com\/soria\/"},{"@type":"ListItem","position":2,"name":"CURSO PRESENCIAL DE INCORPORACI\u00d3N A LA EMPRESA AGRARIA (CIEA)"}]},{"@type":"WebSite","@id":"https:\/\/www.asajacyl.com\/soria\/#website","url":"https:\/\/www.asajacyl.com\/soria\/","name":"ASAJA Soria","description":"Otro sitio m\u00e1s de Provincias ASAJA Castilla y Le\u00f3n","potentialAction":[{"@type":"SearchAction","target":{"@type":"EntryPoint","urlTemplate":"https:\/\/www.asajacyl.com\/soria\/?s={search_term_string}"},"query-input":{"@type":"PropertyValueSpecification","valueRequired":true,"valueName":"search_term_string"}}],"inLanguage":"es"},{"@type":"Person","@id":"https:\/\/www.asajacyl.com\/soria\/#\/schema\/person\/fd3081c40255119ce8133b87e6aedfab","name":"Juan Ignacio Prieto Nieto","image":{"@type":"ImageObject","inLanguage":"es","@id":"https:\/\/www.asajacyl.com\/soria\/#\/schema\/person\/image\/","url":"https:\/\/secure.gravatar.com\/avatar\/8266b36e4d9001acb4700699a2468dc8?s=96&d=mm&r=g","contentUrl":"https:\/\/secure.gravatar.com\/avatar\/8266b36e4d9001acb4700699a2468dc8?s=96&d=mm&r=g","caption":"Juan Ignacio Prieto Nieto"},"url":"https:\/\/www.asajacyl.com\/soria\/author\/juanfranciscoby"}]}},"_links":{"self":[{"href":"https:\/\/www.asajacyl.com\/soria\/wp-json\/wp\/v2\/posts\/8303"}],"collection":[{"href":"https:\/\/www.asajacyl.com\/soria\/wp-json\/wp\/v2\/posts"}],"about":[{"href":"https:\/\/www.asajacyl.com\/soria\/wp-json\/wp\/v2\/types\/post"}],"author":[{"embeddable":true,"href":"https:\/\/www.asajacyl.com\/soria\/wp-json\/wp\/v2\/users\/12"}],"replies":[{"embeddable":true,"href":"https:\/\/www.asajacyl.com\/soria\/wp-json\/wp\/v2\/comments?post=8303"}],"version-history":[{"count":2,"href":"https:\/\/www.asajacyl.com\/soria\/wp-json\/wp\/v2\/posts\/8303\/revisions"}],"predecessor-version":[{"id":8311,"href":"https:\/\/www.asajacyl.com\/soria\/wp-json\/wp\/v2\/posts\/8303\/revisions\/8311"}],"wp:featuredmedia":[{"embeddable":true,"href":"https:\/\/www.asajacyl.com\/soria\/wp-json\/wp\/v2\/media\/8304"}],"wp:attachment":[{"href":"https:\/\/www.asajacyl.com\/soria\/wp-json\/wp\/v2\/media?parent=8303"}],"wp:term":[{"taxonomy":"category","embeddable":true,"href":"https:\/\/www.asajacyl.com\/soria\/wp-json\/wp\/v2\/categories?post=8303"},{"taxonomy":"post_tag","embeddable":true,"href":"https:\/\/www.asajacyl.com\/soria\/wp-json\/wp\/v2\/tags?post=8303"}],"curies":[{"name":"wp","href":"https:\/\/api.w.org\/{rel}","templated":true}]}}