{"id":8331,"date":"2024-09-05T15:04:04","date_gmt":"2024-09-05T13:04:04","guid":{"rendered":"https:\/\/www.asajacyl.com\/soria\/?p=8331"},"modified":"2024-09-10T12:33:29","modified_gmt":"2024-09-10T10:33:29","slug":"asaja-recibe-positivamente-la-prolongacion-de-las-ayudas-por-la-ehe","status":"publish","type":"post","link":"https:\/\/www.asajacyl.com\/soria\/asaja-soria-informa\/asaja-recibe-positivamente-la-prolongacion-de-las-ayudas-por-la-ehe","title":{"rendered":"ASAJA recibe positivamente la prolongaci\u00f3n de las ayudas por la EHE"},"content":{"rendered":"\n\n\n<p>El presidente de la Junta de Castilla y Le\u00f3n, Alfonso Fern\u00e1ndez Ma\u00f1ueco, acaba de anunciar que el Gobierno auton\u00f3mico seguir\u00e1 otorgando ayudas a las explotaciones afectadas por la Enfermedad Hemorr\u00e1gica Epizo\u00f3tica (EHE) durante este a\u00f1o, que ser\u00e1n concedidas de acuerdo con el protocolo establecido.<\/p>\n<p>Adem\u00e1s, Fern\u00e1ndez Ma\u00f1ueco ha avanzado que se destinar\u00e1n otros 10 millones de euros complementarios para las explotaciones que en 2023 no pudieron acogerse a estos apoyos.<\/p>\n<p>ASAJA recuerda que la continuidad de este apoyo en un a\u00f1o en el que la EHE se ha cebado de manera extraordinaria con nuestra provincia -al igual que pas\u00f3 en 2023 en otros puntos de la comunidad aut\u00f3noma- es un asunto de verdadera justicia, como as\u00ed lo puso de manifiesto y reclam\u00f3 la presidenta de ASAJA Soria, Ana Pastor, junto al responsable de vacuno de la OPA, Diego Escalada, en una reuni\u00f3n celebrada el 8 de agosto con la delegada territorial de la Junta, Yolanda de Gregorio.<\/p>\n<p>En esa reuni\u00f3n, la representaci\u00f3n de los ganaderos puso de manifiesto que este verano y el contexto de la enfermedad ha tenido diferencias con la del a\u00f1o pasado.\u00a0 Las zonas con mayor afecci\u00f3n han cambiado, ya existe una interesante vacuna que supone un mayor coste para los ganaderos y una experiencia sobre lo acontecido en 2023 para que la propia administraci\u00f3n reflexione sobre su propio procedimiento de concesi\u00f3n y sobre aquellos perjuicios tenidos por los ganaderos y que pudieran haber quedado fuera de las ayudas anteriores.<\/p>\n<p>Desde la prudencia, porque desconocemos c\u00f3mo se concretar\u00e1 el reparto, ASAJA Soria valora positivamente el anuncio realizado por el presidente regional, estar\u00e1 pendiente de su concreci\u00f3n y agradece la labor realizada desde la Delegaci\u00f3n Territorial.<\/p>\n<p>\u00a0<\/p>\n","protected":false},"excerpt":{"rendered":"<p>El presidente de la Junta de Castilla y Le\u00f3n, Alfonso Fern\u00e1ndez Ma\u00f1ueco, acaba de anunciar que el Gobierno auton\u00f3mico seguir\u00e1 otorgando ayudas a las explotaciones afectadas por la Enfermedad Hemorr\u00e1gica Epizo\u00f3tica (EHE) durante este a\u00f1o, que ser\u00e1n concedidas de acuerdo con el protocolo establecido. Adem\u00e1s, Fern\u00e1ndez Ma\u00f1ueco ha avanzado que se destinar\u00e1n otros 10 millones [&hellip;]<\/p>\n","protected":false},"author":12,"featured_media":8332,"comment_status":"open","ping_status":"open","sticky":false,"template":"","format":"standard","meta":{"footnotes":""},"categories":[10,25],"tags":[],"yoast_head":"<!-- This site is optimized with the Yoast SEO plugin v24.5 - https:\/\/yoast.com\/wordpress\/plugins\/seo\/ -->\n<title>ASAJA recibe positivamente la prolongaci\u00f3n de las ayudas por la EHE - ASAJA Soria<\/title>\n<meta name=\"description\" content=\"El presidente de la Junta de Castilla y Le\u00f3n, Alfonso Fern\u00e1ndez Ma\u00f1ueco, acaba de anunciar que el Gobierno auton\u00f3mico seguir\u00e1 otorgando ayudas a las\" \/>\n<meta name=\"robots\" content=\"index, follow, max-snippet:-1, max-image-preview:large, max-video-preview:-1\" \/>\n<link rel=\"canonical\" href=\"https:\/\/www.asajacyl.com\/soria\/asaja-soria-informa\/asaja-recibe-positivamente-la-prolongacion-de-las-ayudas-por-la-ehe\" \/>\n<meta property=\"og:locale\" content=\"es_ES\" \/>\n<meta property=\"og:type\" content=\"article\" \/>\n<meta property=\"og:title\" content=\"ASAJA recibe positivamente la prolongaci\u00f3n de las ayudas por la EHE - ASAJA Soria\" \/>\n<meta property=\"og:description\" content=\"El presidente de la Junta de Castilla y Le\u00f3n, Alfonso Fern\u00e1ndez Ma\u00f1ueco, acaba de anunciar que el Gobierno auton\u00f3mico seguir\u00e1 otorgando ayudas a las\" \/>\n<meta property=\"og:url\" content=\"https:\/\/www.asajacyl.com\/soria\/asaja-soria-informa\/asaja-recibe-positivamente-la-prolongacion-de-las-ayudas-por-la-ehe\" \/>\n<meta property=\"og:site_name\" content=\"ASAJA Soria\" \/>\n<meta property=\"article:published_time\" content=\"2024-09-05T13:04:04+00:00\" \/>\n<meta property=\"article:modified_time\" content=\"2024-09-10T10:33:29+00:00\" \/>\n<meta property=\"og:image\" content=\"https:\/\/www.asajacyl.com\/soria\/wp-content\/uploads\/sites\/9\/2024\/09\/IMG_5087.jpg\" \/>\n\t<meta property=\"og:image:width\" content=\"2500\" \/>\n\t<meta property=\"og:image:height\" content=\"1875\" \/>\n\t<meta property=\"og:image:type\" content=\"image\/jpeg\" \/>\n<meta name=\"author\" content=\"Juan Ignacio Prieto Nieto\" \/>\n<meta name=\"twitter:card\" content=\"summary_large_image\" \/>\n<meta name=\"twitter:label1\" content=\"Escrito por\" \/>\n\t<meta name=\"twitter:data1\" content=\"Juan Ignacio Prieto Nieto\" \/>\n\t<meta name=\"twitter:label2\" content=\"Tiempo de lectura\" \/>\n\t<meta name=\"twitter:data2\" content=\"2 minutos\" \/>\n<script type=\"application\/ld+json\" class=\"yoast-schema-graph\">{\"@context\":\"https:\/\/schema.org\",\"@graph\":[{\"@type\":\"WebPage\",\"@id\":\"https:\/\/www.asajacyl.com\/soria\/asaja-soria-informa\/asaja-recibe-positivamente-la-prolongacion-de-las-ayudas-por-la-ehe\",\"url\":\"https:\/\/www.asajacyl.com\/soria\/asaja-soria-informa\/asaja-recibe-positivamente-la-prolongacion-de-las-ayudas-por-la-ehe\",\"name\":\"ASAJA recibe positivamente la prolongaci\u00f3n de las ayudas por la EHE - ASAJA Soria\",\"isPartOf\":{\"@id\":\"https:\/\/www.asajacyl.com\/soria\/#website\"},\"primaryImageOfPage\":{\"@id\":\"https:\/\/www.asajacyl.com\/soria\/asaja-soria-informa\/asaja-recibe-positivamente-la-prolongacion-de-las-ayudas-por-la-ehe#primaryimage\"},\"image\":{\"@id\":\"https:\/\/www.asajacyl.com\/soria\/asaja-soria-informa\/asaja-recibe-positivamente-la-prolongacion-de-las-ayudas-por-la-ehe#primaryimage\"},\"thumbnailUrl\":\"https:\/\/www.asajacyl.com\/soria\/wp-content\/uploads\/sites\/9\/2024\/09\/IMG_5087.jpg\",\"datePublished\":\"2024-09-05T13:04:04+00:00\",\"dateModified\":\"2024-09-10T10:33:29+00:00\",\"author\":{\"@id\":\"https:\/\/www.asajacyl.com\/soria\/#\/schema\/person\/fd3081c40255119ce8133b87e6aedfab\"},\"description\":\"El presidente de la Junta de Castilla y Le\u00f3n, Alfonso Fern\u00e1ndez Ma\u00f1ueco, acaba de anunciar que el Gobierno auton\u00f3mico seguir\u00e1 otorgando ayudas a las\",\"breadcrumb\":{\"@id\":\"https:\/\/www.asajacyl.com\/soria\/asaja-soria-informa\/asaja-recibe-positivamente-la-prolongacion-de-las-ayudas-por-la-ehe#breadcrumb\"},\"inLanguage\":\"es\",\"potentialAction\":[{\"@type\":\"ReadAction\",\"target\":[\"https:\/\/www.asajacyl.com\/soria\/asaja-soria-informa\/asaja-recibe-positivamente-la-prolongacion-de-las-ayudas-por-la-ehe\"]}]},{\"@type\":\"ImageObject\",\"inLanguage\":\"es\",\"@id\":\"https:\/\/www.asajacyl.com\/soria\/asaja-soria-informa\/asaja-recibe-positivamente-la-prolongacion-de-las-ayudas-por-la-ehe#primaryimage\",\"url\":\"https:\/\/www.asajacyl.com\/soria\/wp-content\/uploads\/sites\/9\/2024\/09\/IMG_5087.jpg\",\"contentUrl\":\"https:\/\/www.asajacyl.com\/soria\/wp-content\/uploads\/sites\/9\/2024\/09\/IMG_5087.jpg\",\"width\":2500,\"height\":1875},{\"@type\":\"BreadcrumbList\",\"@id\":\"https:\/\/www.asajacyl.com\/soria\/asaja-soria-informa\/asaja-recibe-positivamente-la-prolongacion-de-las-ayudas-por-la-ehe#breadcrumb\",\"itemListElement\":[{\"@type\":\"ListItem\",\"position\":1,\"name\":\"Portada\",\"item\":\"https:\/\/www.asajacyl.com\/soria\/\"},{\"@type\":\"ListItem\",\"position\":2,\"name\":\"ASAJA recibe positivamente la prolongaci\u00f3n de las ayudas por la EHE\"}]},{\"@type\":\"WebSite\",\"@id\":\"https:\/\/www.asajacyl.com\/soria\/#website\",\"url\":\"https:\/\/www.asajacyl.com\/soria\/\",\"name\":\"ASAJA Soria\",\"description\":\"Otro sitio m\u00e1s de Provincias ASAJA Castilla y Le\u00f3n\",\"potentialAction\":[{\"@type\":\"SearchAction\",\"target\":{\"@type\":\"EntryPoint\",\"urlTemplate\":\"https:\/\/www.asajacyl.com\/soria\/?s={search_term_string}\"},\"query-input\":{\"@type\":\"PropertyValueSpecification\",\"valueRequired\":true,\"valueName\":\"search_term_string\"}}],\"inLanguage\":\"es\"},{\"@type\":\"Person\",\"@id\":\"https:\/\/www.asajacyl.com\/soria\/#\/schema\/person\/fd3081c40255119ce8133b87e6aedfab\",\"name\":\"Juan Ignacio Prieto Nieto\",\"image\":{\"@type\":\"ImageObject\",\"inLanguage\":\"es\",\"@id\":\"https:\/\/www.asajacyl.com\/soria\/#\/schema\/person\/image\/\",\"url\":\"https:\/\/secure.gravatar.com\/avatar\/8266b36e4d9001acb4700699a2468dc8?s=96&d=mm&r=g\",\"contentUrl\":\"https:\/\/secure.gravatar.com\/avatar\/8266b36e4d9001acb4700699a2468dc8?s=96&d=mm&r=g\",\"caption\":\"Juan Ignacio Prieto Nieto\"},\"url\":\"https:\/\/www.asajacyl.com\/soria\/author\/juanfranciscoby\"}]}<\/script>\n<!-- \/ Yoast SEO plugin. -->","yoast_head_json":{"title":"ASAJA recibe positivamente la prolongaci\u00f3n de las ayudas por la EHE - ASAJA Soria","description":"El presidente de la Junta de Castilla y Le\u00f3n, Alfonso Fern\u00e1ndez Ma\u00f1ueco, acaba de anunciar que el Gobierno auton\u00f3mico seguir\u00e1 otorgando ayudas a las","robots":{"index":"index","follow":"follow","max-snippet":"max-snippet:-1","max-image-preview":"max-image-preview:large","max-video-preview":"max-video-preview:-1"},"canonical":"https:\/\/www.asajacyl.com\/soria\/asaja-soria-informa\/asaja-recibe-positivamente-la-prolongacion-de-las-ayudas-por-la-ehe","og_locale":"es_ES","og_type":"article","og_title":"ASAJA recibe positivamente la prolongaci\u00f3n de las ayudas por la EHE - ASAJA Soria","og_description":"El presidente de la Junta de Castilla y Le\u00f3n, Alfonso Fern\u00e1ndez Ma\u00f1ueco, acaba de anunciar que el Gobierno auton\u00f3mico seguir\u00e1 otorgando ayudas a las","og_url":"https:\/\/www.asajacyl.com\/soria\/asaja-soria-informa\/asaja-recibe-positivamente-la-prolongacion-de-las-ayudas-por-la-ehe","og_site_name":"ASAJA Soria","article_published_time":"2024-09-05T13:04:04+00:00","article_modified_time":"2024-09-10T10:33:29+00:00","og_image":[{"width":2500,"height":1875,"url":"https:\/\/www.asajacyl.com\/soria\/wp-content\/uploads\/sites\/9\/2024\/09\/IMG_5087.jpg","type":"image\/jpeg"}],"author":"Juan Ignacio Prieto Nieto","twitter_card":"summary_large_image","twitter_misc":{"Escrito por":"Juan Ignacio Prieto Nieto","Tiempo de lectura":"2 minutos"},"schema":{"@context":"https:\/\/schema.org","@graph":[{"@type":"WebPage","@id":"https:\/\/www.asajacyl.com\/soria\/asaja-soria-informa\/asaja-recibe-positivamente-la-prolongacion-de-las-ayudas-por-la-ehe","url":"https:\/\/www.asajacyl.com\/soria\/asaja-soria-informa\/asaja-recibe-positivamente-la-prolongacion-de-las-ayudas-por-la-ehe","name":"ASAJA recibe positivamente la prolongaci\u00f3n de las ayudas por la EHE - ASAJA Soria","isPartOf":{"@id":"https:\/\/www.asajacyl.com\/soria\/#website"},"primaryImageOfPage":{"@id":"https:\/\/www.asajacyl.com\/soria\/asaja-soria-informa\/asaja-recibe-positivamente-la-prolongacion-de-las-ayudas-por-la-ehe#primaryimage"},"image":{"@id":"https:\/\/www.asajacyl.com\/soria\/asaja-soria-informa\/asaja-recibe-positivamente-la-prolongacion-de-las-ayudas-por-la-ehe#primaryimage"},"thumbnailUrl":"https:\/\/www.asajacyl.com\/soria\/wp-content\/uploads\/sites\/9\/2024\/09\/IMG_5087.jpg","datePublished":"2024-09-05T13:04:04+00:00","dateModified":"2024-09-10T10:33:29+00:00","author":{"@id":"https:\/\/www.asajacyl.com\/soria\/#\/schema\/person\/fd3081c40255119ce8133b87e6aedfab"},"description":"El presidente de la Junta de Castilla y Le\u00f3n, Alfonso Fern\u00e1ndez Ma\u00f1ueco, acaba de anunciar que el Gobierno auton\u00f3mico seguir\u00e1 otorgando ayudas a las","breadcrumb":{"@id":"https:\/\/www.asajacyl.com\/soria\/asaja-soria-informa\/asaja-recibe-positivamente-la-prolongacion-de-las-ayudas-por-la-ehe#breadcrumb"},"inLanguage":"es","potentialAction":[{"@type":"ReadAction","target":["https:\/\/www.asajacyl.com\/soria\/asaja-soria-informa\/asaja-recibe-positivamente-la-prolongacion-de-las-ayudas-por-la-ehe"]}]},{"@type":"ImageObject","inLanguage":"es","@id":"https:\/\/www.asajacyl.com\/soria\/asaja-soria-informa\/asaja-recibe-positivamente-la-prolongacion-de-las-ayudas-por-la-ehe#primaryimage","url":"https:\/\/www.asajacyl.com\/soria\/wp-content\/uploads\/sites\/9\/2024\/09\/IMG_5087.jpg","contentUrl":"https:\/\/www.asajacyl.com\/soria\/wp-content\/uploads\/sites\/9\/2024\/09\/IMG_5087.jpg","width":2500,"height":1875},{"@type":"BreadcrumbList","@id":"https:\/\/www.asajacyl.com\/soria\/asaja-soria-informa\/asaja-recibe-positivamente-la-prolongacion-de-las-ayudas-por-la-ehe#breadcrumb","itemListElement":[{"@type":"ListItem","position":1,"name":"Portada","item":"https:\/\/www.asajacyl.com\/soria\/"},{"@type":"ListItem","position":2,"name":"ASAJA recibe positivamente la prolongaci\u00f3n de las ayudas por la EHE"}]},{"@type":"WebSite","@id":"https:\/\/www.asajacyl.com\/soria\/#website","url":"https:\/\/www.asajacyl.com\/soria\/","name":"ASAJA Soria","description":"Otro sitio m\u00e1s de Provincias ASAJA Castilla y Le\u00f3n","potentialAction":[{"@type":"SearchAction","target":{"@type":"EntryPoint","urlTemplate":"https:\/\/www.asajacyl.com\/soria\/?s={search_term_string}"},"query-input":{"@type":"PropertyValueSpecification","valueRequired":true,"valueName":"search_term_string"}}],"inLanguage":"es"},{"@type":"Person","@id":"https:\/\/www.asajacyl.com\/soria\/#\/schema\/person\/fd3081c40255119ce8133b87e6aedfab","name":"Juan Ignacio Prieto Nieto","image":{"@type":"ImageObject","inLanguage":"es","@id":"https:\/\/www.asajacyl.com\/soria\/#\/schema\/person\/image\/","url":"https:\/\/secure.gravatar.com\/avatar\/8266b36e4d9001acb4700699a2468dc8?s=96&d=mm&r=g","contentUrl":"https:\/\/secure.gravatar.com\/avatar\/8266b36e4d9001acb4700699a2468dc8?s=96&d=mm&r=g","caption":"Juan Ignacio Prieto Nieto"},"url":"https:\/\/www.asajacyl.com\/soria\/author\/juanfranciscoby"}]}},"_links":{"self":[{"href":"https:\/\/www.asajacyl.com\/soria\/wp-json\/wp\/v2\/posts\/8331"}],"collection":[{"href":"https:\/\/www.asajacyl.com\/soria\/wp-json\/wp\/v2\/posts"}],"about":[{"href":"https:\/\/www.asajacyl.com\/soria\/wp-json\/wp\/v2\/types\/post"}],"author":[{"embeddable":true,"href":"https:\/\/www.asajacyl.com\/soria\/wp-json\/wp\/v2\/users\/12"}],"replies":[{"embeddable":true,"href":"https:\/\/www.asajacyl.com\/soria\/wp-json\/wp\/v2\/comments?post=8331"}],"version-history":[{"count":3,"href":"https:\/\/www.asajacyl.com\/soria\/wp-json\/wp\/v2\/posts\/8331\/revisions"}],"predecessor-version":[{"id":8336,"href":"https:\/\/www.asajacyl.com\/soria\/wp-json\/wp\/v2\/posts\/8331\/revisions\/8336"}],"wp:featuredmedia":[{"embeddable":true,"href":"https:\/\/www.asajacyl.com\/soria\/wp-json\/wp\/v2\/media\/8332"}],"wp:attachment":[{"href":"https:\/\/www.asajacyl.com\/soria\/wp-json\/wp\/v2\/media?parent=8331"}],"wp:term":[{"taxonomy":"category","embeddable":true,"href":"https:\/\/www.asajacyl.com\/soria\/wp-json\/wp\/v2\/categories?post=8331"},{"taxonomy":"post_tag","embeddable":true,"href":"https:\/\/www.asajacyl.com\/soria\/wp-json\/wp\/v2\/tags?post=8331"}],"curies":[{"name":"wp","href":"https:\/\/api.w.org\/{rel}","templated":true}]}}