{"id":8361,"date":"2024-09-11T10:54:54","date_gmt":"2024-09-11T08:54:54","guid":{"rendered":"https:\/\/www.asajacyl.com\/soria\/?p=8361"},"modified":"2024-09-11T10:54:57","modified_gmt":"2024-09-11T08:54:57","slug":"granja-de-cidones-ciencia-y-creencias","status":"publish","type":"post","link":"https:\/\/www.asajacyl.com\/soria\/asaja-soria-informa\/granja-de-cidones-ciencia-y-creencias","title":{"rendered":"Granja de Cidones, ciencia y creencias"},"content":{"rendered":"\n\n\n<p>Cualquiera que haya seguido el controvertido asunto de la granja porcina de Cidones sabr\u00e1 que los tribunales de justicia han dado la raz\u00f3n a sus promotores y atr\u00e1s deber\u00edan quedar creencias, intereses no siempre altruistas y tal vez incluso decisiones sospechosamente injustas.<\/p>\n<p>Una vez dada la raz\u00f3n por la justicia, de nuevo algunos preocupados ciudadanos vuelven a la carga contra el establecimiento de esta granja en estos d\u00edas. Y la administraci\u00f3n, que trata de huir del ruido medi\u00e1tico, se pone a hacer malabares entre los entregados a las creencias o a sus intereses particulares, que tambi\u00e9n los tienen, y la prevaricaci\u00f3n, en la que incurrir\u00edan una vez sentenciado que la granja act\u00faa conforme a la ley.<\/p>\n<p>Para los bienintencionados incluidos en ese movimiento contrario a esta y otras granjas, que no me queda duda de que los hay, y de los que, aquellos otros que con intereses se aprovechan, les dir\u00e9 que si existe una legislaci\u00f3n restrictiva y estricta esa es la que tiene que ver con la regulaci\u00f3n de las granjas y muy en particular las intensivas del porcino, una normativa basada en fundamentos de ciencia. La norma est\u00e1 plagada de matem\u00e1ticas, cm, cm2, cm3, horas, grados Celsius, microSiemens, resistencias y propiedades f\u00edsico-qu\u00edmicas de los materiales, caudales, etc.<\/p>\n<p>La normativa auton\u00f3mica, competente en materia de medio ambiente y agricultura, establece, desarrolla y aplica estas normativas espec\u00edficas en ordenaci\u00f3n de esta actividad, as\u00ed como aquellas espec\u00edficas para la gesti\u00f3n de esti\u00e9rcoles y residuos y la protecci\u00f3n del medio ambiente. Esta administraci\u00f3n garantiza a la sociedad su cumplimiento mediante un estricto y f\u00e9rreo control peri\u00f3dico de las granjas.<\/p>\n<p>En el marco nacional, la gesti\u00f3n de residuos, la protecci\u00f3n de los suelos, la calidad y protecci\u00f3n del aire son materia fundamental de leyes que regulan estrictamente estas actividades. Y en este mismo sentido la Uni\u00f3n Europea establece normas, las m\u00e1s avanzadas y estrictas del planeta, en materia de emisiones y regulaci\u00f3n de actividades para prevenir y reducir la contaminaci\u00f3n del aire, agua y suelos y que obliga adem\u00e1s a este tipo de granjas a contar con las mejores y m\u00e1s modernas pr\u00e1cticas que aseguren a todos que operan siempre de manera sostenible y respetuosa con el medio ambiente. Una normativa que adem\u00e1s es excesivamente garantista en Espa\u00f1a, pues algunos l\u00edmites o topes establecidos se restringen a la mitad de los marcados por la UE, como es precisamente el caso de los nitratos, algo que nos obliga a un sobresfuerzo enorme a los ganaderos espa\u00f1oles alej\u00e1ndonos much\u00edsimo m\u00e1s de los l\u00edmites que la ciencia determina como contaminaci\u00f3n, algo que como colectivo no compartimos y que precisamente es este exceso de celo, exigiendo m\u00e1s garant\u00edas de las necesarias, lo que venimos protestando y discutiendo.<\/p>\n<p>El caso es que la justicia ha hablado, y ha determinado que el planteamiento realizado por los promotores de la granja, gente normal, est\u00e1 conforme a toda esta ley enumerada.<\/p>\n<p>Las leyes que regulan todo el tema de contaminaciones, nos gusten mucho o nada, o para unas cosas s\u00ed y para otras no, est\u00e1n fundamentadas en la ciencia, es decir: en la objetividad y la racionalidad, cuyos elementos de an\u00e1lisis est\u00e1n estandarizados y han debido ser aceptados globalmente por la comunidad cient\u00edfica, sin sesgos, con resultados validados por la experimentaci\u00f3n y que son repetibles. Y, lo que resulta m\u00e1s importante, para los que tan solo somos simples mortales la ciencia demuestra y ha demostrado ser efectiva en la mejora de nuestra calidad de vida y es esencial para enfrentar desaf\u00edos globales del futuro, como puede ser el cambio clim\u00e1tico, pero tambi\u00e9n, no nos olvidemos, la reducci\u00f3n de la pobreza o la alimentaci\u00f3n de una poblaci\u00f3n cada vez m\u00e1s numerosa.<\/p>\n<p>Adem\u00e1s, estamos en un momento en el que se est\u00e1 trabajando en la promoci\u00f3n de varios centros de biog\u00e1s por nuestra provincia, por lo que estos purines est\u00e1n siendo buscados por estos promotores que disponen de las \u00faltimas tecnolog\u00edas para retirarlos de las granjas y llevarlos a sus centros. Estas empresas tratan de aprovechar el nuevo mercado de CO2 por su efecto sumidero, la generaci\u00f3n de energ\u00edas no f\u00f3siles y, en \u00faltimo t\u00e9rmino, la fertilizaci\u00f3n de tierras con la \u00faltima fracci\u00f3n del proceso, evitando el empleo de fuentes minerales como el gas petr\u00f3leo y resultando adem\u00e1s una actividad menos molesta por estar tratados o compostados.<\/p>\n<p>Desde los tiempos de Descartes y su famoso \u201cM\u00e9todo\u201d, la esperanza de vida de los humanos ha pasado de los poco m\u00e1s de 30 a\u00f1os en el cambio de siglo XVI-XVII, a los m\u00e1s de los 80 actuales, m\u00e1s de 85 incluso para las mujeres.<\/p>\n<p>Es la ciencia y no las creencias lo que nos ha tra\u00eddo por este camino y hoy de media vivimos 50 a\u00f1os m\u00e1s, casi otras dos vidas de las de entonces. As\u00ed que, por favor, confiemos en ella y no tanto en los pregoneros del Apocalipsis.<\/p>\n<p>\u00a0<\/p>\n<p><em>Ana Pastor Soria, presidenta de ASAJA Soria.<\/em><\/p>\n","protected":false},"excerpt":{"rendered":"<p>Cualquiera que haya seguido el controvertido asunto de la granja porcina de Cidones sabr\u00e1 que los tribunales de justicia han dado la raz\u00f3n a sus promotores y atr\u00e1s deber\u00edan quedar creencias, intereses no siempre altruistas y tal vez incluso decisiones sospechosamente injustas. Una vez dada la raz\u00f3n por la justicia, de nuevo algunos preocupados ciudadanos [&hellip;]<\/p>\n","protected":false},"author":12,"featured_media":8362,"comment_status":"open","ping_status":"open","sticky":false,"template":"","format":"standard","meta":{"footnotes":""},"categories":[10,28],"tags":[],"yoast_head":"<!-- This site is optimized with the Yoast SEO plugin v24.5 - https:\/\/yoast.com\/wordpress\/plugins\/seo\/ -->\n<title>Granja de Cidones, ciencia y creencias - ASAJA Soria<\/title>\n<meta name=\"description\" content=\"Cualquiera que haya seguido el controvertido asunto de la granja porcina de Cidones sabr\u00e1 que los tribunales de justicia han dado la raz\u00f3n a sus\" \/>\n<meta name=\"robots\" content=\"index, follow, max-snippet:-1, max-image-preview:large, max-video-preview:-1\" \/>\n<link rel=\"canonical\" href=\"https:\/\/www.asajacyl.com\/soria\/asaja-soria-informa\/granja-de-cidones-ciencia-y-creencias\" \/>\n<meta property=\"og:locale\" content=\"es_ES\" \/>\n<meta property=\"og:type\" content=\"article\" \/>\n<meta property=\"og:title\" content=\"Granja de Cidones, ciencia y creencias - ASAJA Soria\" \/>\n<meta property=\"og:description\" content=\"Cualquiera que haya seguido el controvertido asunto de la granja porcina de Cidones sabr\u00e1 que los tribunales de justicia han dado la raz\u00f3n a sus\" \/>\n<meta property=\"og:url\" content=\"https:\/\/www.asajacyl.com\/soria\/asaja-soria-informa\/granja-de-cidones-ciencia-y-creencias\" \/>\n<meta property=\"og:site_name\" content=\"ASAJA Soria\" \/>\n<meta property=\"article:published_time\" content=\"2024-09-11T08:54:54+00:00\" \/>\n<meta property=\"article:modified_time\" content=\"2024-09-11T08:54:57+00:00\" \/>\n<meta property=\"og:image\" content=\"https:\/\/www.asajacyl.com\/soria\/wp-content\/uploads\/sites\/9\/2024\/09\/cerdos-porcino.jpg\" \/>\n\t<meta property=\"og:image:width\" content=\"2000\" \/>\n\t<meta property=\"og:image:height\" content=\"929\" \/>\n\t<meta property=\"og:image:type\" content=\"image\/jpeg\" \/>\n<meta name=\"author\" content=\"Juan Ignacio Prieto Nieto\" \/>\n<meta name=\"twitter:card\" content=\"summary_large_image\" \/>\n<meta name=\"twitter:label1\" content=\"Escrito por\" \/>\n\t<meta name=\"twitter:data1\" content=\"Juan Ignacio Prieto Nieto\" \/>\n\t<meta name=\"twitter:label2\" content=\"Tiempo de lectura\" \/>\n\t<meta name=\"twitter:data2\" content=\"4 minutos\" \/>\n<script type=\"application\/ld+json\" class=\"yoast-schema-graph\">{\"@context\":\"https:\/\/schema.org\",\"@graph\":[{\"@type\":\"WebPage\",\"@id\":\"https:\/\/www.asajacyl.com\/soria\/asaja-soria-informa\/granja-de-cidones-ciencia-y-creencias\",\"url\":\"https:\/\/www.asajacyl.com\/soria\/asaja-soria-informa\/granja-de-cidones-ciencia-y-creencias\",\"name\":\"Granja de Cidones, ciencia y creencias - ASAJA Soria\",\"isPartOf\":{\"@id\":\"https:\/\/www.asajacyl.com\/soria\/#website\"},\"primaryImageOfPage\":{\"@id\":\"https:\/\/www.asajacyl.com\/soria\/asaja-soria-informa\/granja-de-cidones-ciencia-y-creencias#primaryimage\"},\"image\":{\"@id\":\"https:\/\/www.asajacyl.com\/soria\/asaja-soria-informa\/granja-de-cidones-ciencia-y-creencias#primaryimage\"},\"thumbnailUrl\":\"https:\/\/www.asajacyl.com\/soria\/wp-content\/uploads\/sites\/9\/2024\/09\/cerdos-porcino.jpg\",\"datePublished\":\"2024-09-11T08:54:54+00:00\",\"dateModified\":\"2024-09-11T08:54:57+00:00\",\"author\":{\"@id\":\"https:\/\/www.asajacyl.com\/soria\/#\/schema\/person\/fd3081c40255119ce8133b87e6aedfab\"},\"description\":\"Cualquiera que haya seguido el controvertido asunto de la granja porcina de Cidones sabr\u00e1 que los tribunales de justicia han dado la raz\u00f3n a sus\",\"breadcrumb\":{\"@id\":\"https:\/\/www.asajacyl.com\/soria\/asaja-soria-informa\/granja-de-cidones-ciencia-y-creencias#breadcrumb\"},\"inLanguage\":\"es\",\"potentialAction\":[{\"@type\":\"ReadAction\",\"target\":[\"https:\/\/www.asajacyl.com\/soria\/asaja-soria-informa\/granja-de-cidones-ciencia-y-creencias\"]}]},{\"@type\":\"ImageObject\",\"inLanguage\":\"es\",\"@id\":\"https:\/\/www.asajacyl.com\/soria\/asaja-soria-informa\/granja-de-cidones-ciencia-y-creencias#primaryimage\",\"url\":\"https:\/\/www.asajacyl.com\/soria\/wp-content\/uploads\/sites\/9\/2024\/09\/cerdos-porcino.jpg\",\"contentUrl\":\"https:\/\/www.asajacyl.com\/soria\/wp-content\/uploads\/sites\/9\/2024\/09\/cerdos-porcino.jpg\",\"width\":2000,\"height\":929},{\"@type\":\"BreadcrumbList\",\"@id\":\"https:\/\/www.asajacyl.com\/soria\/asaja-soria-informa\/granja-de-cidones-ciencia-y-creencias#breadcrumb\",\"itemListElement\":[{\"@type\":\"ListItem\",\"position\":1,\"name\":\"Portada\",\"item\":\"https:\/\/www.asajacyl.com\/soria\/\"},{\"@type\":\"ListItem\",\"position\":2,\"name\":\"Granja de Cidones, ciencia y creencias\"}]},{\"@type\":\"WebSite\",\"@id\":\"https:\/\/www.asajacyl.com\/soria\/#website\",\"url\":\"https:\/\/www.asajacyl.com\/soria\/\",\"name\":\"ASAJA Soria\",\"description\":\"Otro sitio m\u00e1s de Provincias ASAJA Castilla y Le\u00f3n\",\"potentialAction\":[{\"@type\":\"SearchAction\",\"target\":{\"@type\":\"EntryPoint\",\"urlTemplate\":\"https:\/\/www.asajacyl.com\/soria\/?s={search_term_string}\"},\"query-input\":{\"@type\":\"PropertyValueSpecification\",\"valueRequired\":true,\"valueName\":\"search_term_string\"}}],\"inLanguage\":\"es\"},{\"@type\":\"Person\",\"@id\":\"https:\/\/www.asajacyl.com\/soria\/#\/schema\/person\/fd3081c40255119ce8133b87e6aedfab\",\"name\":\"Juan Ignacio Prieto Nieto\",\"image\":{\"@type\":\"ImageObject\",\"inLanguage\":\"es\",\"@id\":\"https:\/\/www.asajacyl.com\/soria\/#\/schema\/person\/image\/\",\"url\":\"https:\/\/secure.gravatar.com\/avatar\/8266b36e4d9001acb4700699a2468dc8?s=96&d=mm&r=g\",\"contentUrl\":\"https:\/\/secure.gravatar.com\/avatar\/8266b36e4d9001acb4700699a2468dc8?s=96&d=mm&r=g\",\"caption\":\"Juan Ignacio Prieto Nieto\"},\"url\":\"https:\/\/www.asajacyl.com\/soria\/author\/juanfranciscoby\"}]}<\/script>\n<!-- \/ Yoast SEO plugin. -->","yoast_head_json":{"title":"Granja de Cidones, ciencia y creencias - ASAJA Soria","description":"Cualquiera que haya seguido el controvertido asunto de la granja porcina de Cidones sabr\u00e1 que los tribunales de justicia han dado la raz\u00f3n a sus","robots":{"index":"index","follow":"follow","max-snippet":"max-snippet:-1","max-image-preview":"max-image-preview:large","max-video-preview":"max-video-preview:-1"},"canonical":"https:\/\/www.asajacyl.com\/soria\/asaja-soria-informa\/granja-de-cidones-ciencia-y-creencias","og_locale":"es_ES","og_type":"article","og_title":"Granja de Cidones, ciencia y creencias - ASAJA Soria","og_description":"Cualquiera que haya seguido el controvertido asunto de la granja porcina de Cidones sabr\u00e1 que los tribunales de justicia han dado la raz\u00f3n a sus","og_url":"https:\/\/www.asajacyl.com\/soria\/asaja-soria-informa\/granja-de-cidones-ciencia-y-creencias","og_site_name":"ASAJA Soria","article_published_time":"2024-09-11T08:54:54+00:00","article_modified_time":"2024-09-11T08:54:57+00:00","og_image":[{"width":2000,"height":929,"url":"https:\/\/www.asajacyl.com\/soria\/wp-content\/uploads\/sites\/9\/2024\/09\/cerdos-porcino.jpg","type":"image\/jpeg"}],"author":"Juan Ignacio Prieto Nieto","twitter_card":"summary_large_image","twitter_misc":{"Escrito por":"Juan Ignacio Prieto Nieto","Tiempo de lectura":"4 minutos"},"schema":{"@context":"https:\/\/schema.org","@graph":[{"@type":"WebPage","@id":"https:\/\/www.asajacyl.com\/soria\/asaja-soria-informa\/granja-de-cidones-ciencia-y-creencias","url":"https:\/\/www.asajacyl.com\/soria\/asaja-soria-informa\/granja-de-cidones-ciencia-y-creencias","name":"Granja de Cidones, ciencia y creencias - ASAJA Soria","isPartOf":{"@id":"https:\/\/www.asajacyl.com\/soria\/#website"},"primaryImageOfPage":{"@id":"https:\/\/www.asajacyl.com\/soria\/asaja-soria-informa\/granja-de-cidones-ciencia-y-creencias#primaryimage"},"image":{"@id":"https:\/\/www.asajacyl.com\/soria\/asaja-soria-informa\/granja-de-cidones-ciencia-y-creencias#primaryimage"},"thumbnailUrl":"https:\/\/www.asajacyl.com\/soria\/wp-content\/uploads\/sites\/9\/2024\/09\/cerdos-porcino.jpg","datePublished":"2024-09-11T08:54:54+00:00","dateModified":"2024-09-11T08:54:57+00:00","author":{"@id":"https:\/\/www.asajacyl.com\/soria\/#\/schema\/person\/fd3081c40255119ce8133b87e6aedfab"},"description":"Cualquiera que haya seguido el controvertido asunto de la granja porcina de Cidones sabr\u00e1 que los tribunales de justicia han dado la raz\u00f3n a sus","breadcrumb":{"@id":"https:\/\/www.asajacyl.com\/soria\/asaja-soria-informa\/granja-de-cidones-ciencia-y-creencias#breadcrumb"},"inLanguage":"es","potentialAction":[{"@type":"ReadAction","target":["https:\/\/www.asajacyl.com\/soria\/asaja-soria-informa\/granja-de-cidones-ciencia-y-creencias"]}]},{"@type":"ImageObject","inLanguage":"es","@id":"https:\/\/www.asajacyl.com\/soria\/asaja-soria-informa\/granja-de-cidones-ciencia-y-creencias#primaryimage","url":"https:\/\/www.asajacyl.com\/soria\/wp-content\/uploads\/sites\/9\/2024\/09\/cerdos-porcino.jpg","contentUrl":"https:\/\/www.asajacyl.com\/soria\/wp-content\/uploads\/sites\/9\/2024\/09\/cerdos-porcino.jpg","width":2000,"height":929},{"@type":"BreadcrumbList","@id":"https:\/\/www.asajacyl.com\/soria\/asaja-soria-informa\/granja-de-cidones-ciencia-y-creencias#breadcrumb","itemListElement":[{"@type":"ListItem","position":1,"name":"Portada","item":"https:\/\/www.asajacyl.com\/soria\/"},{"@type":"ListItem","position":2,"name":"Granja de Cidones, ciencia y creencias"}]},{"@type":"WebSite","@id":"https:\/\/www.asajacyl.com\/soria\/#website","url":"https:\/\/www.asajacyl.com\/soria\/","name":"ASAJA Soria","description":"Otro sitio m\u00e1s de Provincias ASAJA Castilla y Le\u00f3n","potentialAction":[{"@type":"SearchAction","target":{"@type":"EntryPoint","urlTemplate":"https:\/\/www.asajacyl.com\/soria\/?s={search_term_string}"},"query-input":{"@type":"PropertyValueSpecification","valueRequired":true,"valueName":"search_term_string"}}],"inLanguage":"es"},{"@type":"Person","@id":"https:\/\/www.asajacyl.com\/soria\/#\/schema\/person\/fd3081c40255119ce8133b87e6aedfab","name":"Juan Ignacio Prieto Nieto","image":{"@type":"ImageObject","inLanguage":"es","@id":"https:\/\/www.asajacyl.com\/soria\/#\/schema\/person\/image\/","url":"https:\/\/secure.gravatar.com\/avatar\/8266b36e4d9001acb4700699a2468dc8?s=96&d=mm&r=g","contentUrl":"https:\/\/secure.gravatar.com\/avatar\/8266b36e4d9001acb4700699a2468dc8?s=96&d=mm&r=g","caption":"Juan Ignacio Prieto Nieto"},"url":"https:\/\/www.asajacyl.com\/soria\/author\/juanfranciscoby"}]}},"_links":{"self":[{"href":"https:\/\/www.asajacyl.com\/soria\/wp-json\/wp\/v2\/posts\/8361"}],"collection":[{"href":"https:\/\/www.asajacyl.com\/soria\/wp-json\/wp\/v2\/posts"}],"about":[{"href":"https:\/\/www.asajacyl.com\/soria\/wp-json\/wp\/v2\/types\/post"}],"author":[{"embeddable":true,"href":"https:\/\/www.asajacyl.com\/soria\/wp-json\/wp\/v2\/users\/12"}],"replies":[{"embeddable":true,"href":"https:\/\/www.asajacyl.com\/soria\/wp-json\/wp\/v2\/comments?post=8361"}],"version-history":[{"count":1,"href":"https:\/\/www.asajacyl.com\/soria\/wp-json\/wp\/v2\/posts\/8361\/revisions"}],"predecessor-version":[{"id":8363,"href":"https:\/\/www.asajacyl.com\/soria\/wp-json\/wp\/v2\/posts\/8361\/revisions\/8363"}],"wp:featuredmedia":[{"embeddable":true,"href":"https:\/\/www.asajacyl.com\/soria\/wp-json\/wp\/v2\/media\/8362"}],"wp:attachment":[{"href":"https:\/\/www.asajacyl.com\/soria\/wp-json\/wp\/v2\/media?parent=8361"}],"wp:term":[{"taxonomy":"category","embeddable":true,"href":"https:\/\/www.asajacyl.com\/soria\/wp-json\/wp\/v2\/categories?post=8361"},{"taxonomy":"post_tag","embeddable":true,"href":"https:\/\/www.asajacyl.com\/soria\/wp-json\/wp\/v2\/tags?post=8361"}],"curies":[{"name":"wp","href":"https:\/\/api.w.org\/{rel}","templated":true}]}}