{"id":8370,"date":"2024-09-13T14:16:26","date_gmt":"2024-09-13T12:16:26","guid":{"rendered":"https:\/\/www.asajacyl.com\/soria\/?p=8370"},"modified":"2024-09-25T12:25:43","modified_gmt":"2024-09-25T10:25:43","slug":"asaja-junto-al-resto-de-opas-provinciales-se-concentrara-el-dia-26-en-denuncia-de-los-calamitosos-precios-del-cereal","status":"publish","type":"post","link":"https:\/\/www.asajacyl.com\/soria\/asaja-soria-informa\/asaja-junto-al-resto-de-opas-provinciales-se-concentrara-el-dia-26-en-denuncia-de-los-calamitosos-precios-del-cereal","title":{"rendered":"ASAJA, junto al resto de OPAs provinciales, se concentrar\u00e1 el d\u00eda 26 en denuncia de los calamitosos precios del cereal"},"content":{"rendered":"\n\n\n<h2><strong><em>Los baj\u00edsimos valores de la producci\u00f3n ahondan la crisis del sector cerealista soriano, castellano y leon\u00e9s y espa\u00f1ol, y abocan a la ruina a miles de explotaciones profesionales familiares<\/em><\/strong><\/h2>\n<p>Las organizaciones agrarias sorianas ASAJA, Coag y Upa convocan una concentraci\u00f3n de protesta por la situaci\u00f3n econ\u00f3mica del campo para el 26 de septiembre. El acto central tendr\u00e1 lugar a las 13.00 horas frente a la Subdelegaci\u00f3n del Gobierno en Soria.<\/p>\n<p>Desde 2022 el mercado del cereal mundial est\u00e1 en franco deterioro. Esta situaci\u00f3n muy condicionada posiblemente por la guerra de Ucrania est\u00e1 llevando a una situaci\u00f3n insostenible para las explotaciones cerealistas. A nadie se le escapa que los bajos precios del cereal reducen ingresos a Rusia, mientras se garantiza el mercado interior sin aranceles a Ucrania, siendo ambos pa\u00edses los grandes exportadores mundiales de cereal (suponen el 30% de toda la exportaci\u00f3n global). Y Soria, con su agricultura continental eminentemente de secano y que recordamos que ocupa las \u00faltimas posiciones de porcentaje de regad\u00edo de Espa\u00f1a, se encuentra al l\u00edmite debido a la presi\u00f3n de los precios.<\/p>\n<p><img loading=\"lazy\" decoding=\"async\" class=\"aligncenter size-full wp-image-8371\" src=\"https:\/\/www.asajacyl.com\/soria\/wp-content\/uploads\/sites\/9\/2024\/09\/1.jpg\" alt=\"\" width=\"631\" height=\"369\" srcset=\"https:\/\/www.asajacyl.com\/soria\/wp-content\/uploads\/sites\/9\/2024\/09\/1.jpg 631w, https:\/\/www.asajacyl.com\/soria\/wp-content\/uploads\/sites\/9\/2024\/09\/1-300x175.jpg 300w\" sizes=\"(max-width: 631px) 100vw, 631px\" \/><\/p>\n<p><em>Evoluci\u00f3n de precios del trigo en Bolsa de Cereales de Chicago, precio operaciones a diciembre 2024 (fuente AGRITEL).<\/em><\/p>\n<p>La depresi\u00f3n de los precios en el plano internacional, que es innegable en Espa\u00f1a, tiene una mayor repercusi\u00f3n por cuanto nuestro pa\u00eds, obligado a importar todos los a\u00f1os de media entre 15 y 20 millones de toneladas para completar el autoconsumo, se ha convertido en el primer receptor de trigo ucranio en Europa, de tal modo que una desmesurada entrada de trigo est\u00e1 inundando de materia prima nuestros puertos, tambi\u00e9n ruso, a pesar de la imposici\u00f3n de aranceles. Esta oferta, superior a la demanda, convierte la ya de por s\u00ed fuerte presi\u00f3n internacional de los mercados en algo insoportablemente virulento en el caso de las explotaciones agrarias cerealistas espa\u00f1olas y sorianas.<\/p>\n<p><img loading=\"lazy\" decoding=\"async\" class=\"aligncenter size-full wp-image-8372\" src=\"https:\/\/www.asajacyl.com\/soria\/wp-content\/uploads\/sites\/9\/2024\/09\/2.jpg\" alt=\"\" width=\"610\" height=\"346\" srcset=\"https:\/\/www.asajacyl.com\/soria\/wp-content\/uploads\/sites\/9\/2024\/09\/2.jpg 610w, https:\/\/www.asajacyl.com\/soria\/wp-content\/uploads\/sites\/9\/2024\/09\/2-300x170.jpg 300w\" sizes=\"(max-width: 610px) 100vw, 610px\" \/><\/p>\n<p><em>Evoluci\u00f3n de precios del trigo en Bolsa Euronext, precios para operaciones a marzo 2025 (fuente AGRITEL).<\/em><\/p>\n<p>Como ejemplo, en este mes de septiembre y solo en los puertos m\u00e1s cercanos a Soria se est\u00e1n descargando o est\u00e1n para llegar los siguientes barcos: En Tarragona con origen de Ucrania dos barcos, uno con 20.500 toneladas y otro con 27.700; con origen del Mar Negro tres entradas, 9.000 tn de centeno, 30.000 de trigo y otras 30.000 de centeno. En el puerto de Valencia, uno con origen ucraniano de 50.000 tn y en Castell\u00f3n otro de trigo de 33.000 toneladas de Lituania.<\/p>\n<p>A esto se suma el problema econ\u00f3mico de la inflaci\u00f3n derivada o agudizada tambi\u00e9n por la guerra, que tal vez haga que no importe mucho a los gobiernos este problema de los bajos precios del cereal, pues resultan un alivio para la macroeconom\u00eda, pero son la ruina de un colectivo, el de los cerealistas, como denuncia ASAJA. De ah\u00ed nuestra repetida frase de denuncia social de que el apoyo a Ucrania no puede realizarse a costa de la ruina de los agricultores.<\/p>\n<p>A pesar de una ligera recuperaci\u00f3n de los precios en las \u00faltimas semanas la situaci\u00f3n a nivel internacional la situaci\u00f3n de precios es absolutamente calamitosa y para colmo los precios en el mercado interior est\u00e1n m\u00e1s deprimidos a\u00fan, no alcanzando los niveles.<\/p>\n<p><img loading=\"lazy\" decoding=\"async\" class=\"aligncenter size-full wp-image-8373\" src=\"https:\/\/www.asajacyl.com\/soria\/wp-content\/uploads\/sites\/9\/2024\/09\/3.jpg\" alt=\"\" width=\"858\" height=\"318\" srcset=\"https:\/\/www.asajacyl.com\/soria\/wp-content\/uploads\/sites\/9\/2024\/09\/3.jpg 858w, https:\/\/www.asajacyl.com\/soria\/wp-content\/uploads\/sites\/9\/2024\/09\/3-300x111.jpg 300w, https:\/\/www.asajacyl.com\/soria\/wp-content\/uploads\/sites\/9\/2024\/09\/3-768x285.jpg 768w, https:\/\/www.asajacyl.com\/soria\/wp-content\/uploads\/sites\/9\/2024\/09\/3-696x258.jpg 696w\" sizes=\"(max-width: 858px) 100vw, 858px\" \/> <em>Fuente: Lonja de Segovia. Grupo Avigase<\/em><\/p>\n<p>Por dar un dato, hace dos a\u00f1os por estas fechas el trigo estaba a 358\u20ac\/tn.<\/p>\n<p>Para colmo, el conflicto ha tra\u00eddo la extraordinaria subida de materias primas y con ello la desorbitada subida de los medios de producci\u00f3n, sobre todo de los fertilizantes (Rusia es el tercer exportador mundial de petr\u00f3leo).<\/p>\n<p><img loading=\"lazy\" decoding=\"async\" class=\"aligncenter size-full wp-image-8374\" src=\"https:\/\/www.asajacyl.com\/soria\/wp-content\/uploads\/sites\/9\/2024\/09\/5.jpg\" alt=\"\" width=\"1220\" height=\"1020\" srcset=\"https:\/\/www.asajacyl.com\/soria\/wp-content\/uploads\/sites\/9\/2024\/09\/5.jpg 1220w, https:\/\/www.asajacyl.com\/soria\/wp-content\/uploads\/sites\/9\/2024\/09\/5-300x251.jpg 300w, https:\/\/www.asajacyl.com\/soria\/wp-content\/uploads\/sites\/9\/2024\/09\/5-1024x856.jpg 1024w, https:\/\/www.asajacyl.com\/soria\/wp-content\/uploads\/sites\/9\/2024\/09\/5-768x642.jpg 768w, https:\/\/www.asajacyl.com\/soria\/wp-content\/uploads\/sites\/9\/2024\/09\/5-502x420.jpg 502w, https:\/\/www.asajacyl.com\/soria\/wp-content\/uploads\/sites\/9\/2024\/09\/5-696x582.jpg 696w, https:\/\/www.asajacyl.com\/soria\/wp-content\/uploads\/sites\/9\/2024\/09\/5-1068x893.jpg 1068w\" sizes=\"(max-width: 1220px) 100vw, 1220px\" \/><\/p>\n<p>Situaci\u00f3n esta, la de los fertilizantes, que parece ser no va a sufrir grandes variaciones con respecto al a\u00f1o anterior 2023, y que incluso superado el pico del estallido de crisis por la guerra los precios pagados por los agricultores contin\u00faan en casi el doble de los que hab\u00eda previamente.<\/p>\n<p><img loading=\"lazy\" decoding=\"async\" class=\"aligncenter size-full wp-image-8376\" src=\"https:\/\/www.asajacyl.com\/soria\/wp-content\/uploads\/sites\/9\/2024\/09\/7.jpg\" alt=\"\" width=\"1200\" height=\"675\" srcset=\"https:\/\/www.asajacyl.com\/soria\/wp-content\/uploads\/sites\/9\/2024\/09\/7.jpg 1200w, https:\/\/www.asajacyl.com\/soria\/wp-content\/uploads\/sites\/9\/2024\/09\/7-300x169.jpg 300w, https:\/\/www.asajacyl.com\/soria\/wp-content\/uploads\/sites\/9\/2024\/09\/7-1024x576.jpg 1024w, https:\/\/www.asajacyl.com\/soria\/wp-content\/uploads\/sites\/9\/2024\/09\/7-768x432.jpg 768w, https:\/\/www.asajacyl.com\/soria\/wp-content\/uploads\/sites\/9\/2024\/09\/7-747x420.jpg 747w, https:\/\/www.asajacyl.com\/soria\/wp-content\/uploads\/sites\/9\/2024\/09\/7-696x392.jpg 696w, https:\/\/www.asajacyl.com\/soria\/wp-content\/uploads\/sites\/9\/2024\/09\/7-1068x601.jpg 1068w\" sizes=\"(max-width: 1200px) 100vw, 1200px\" \/><\/p>\n<p><em>Fuente: Tem\u00e1ticas.ORG (datos MAPA). *Hace referencia a la media no solamente de los fertilizantes sino tambi\u00e9n de productos fitosanitarios, maquinaria, etc\u00e9tera, que tambi\u00e9n se han visto muy aumentados. (Especialmente este \u00faltimo).<\/em><\/p>\n<p>\u00a0<\/p>\n<p><img loading=\"lazy\" decoding=\"async\" class=\"aligncenter size-full wp-image-8383\" src=\"https:\/\/www.asajacyl.com\/soria\/wp-content\/uploads\/sites\/9\/2024\/09\/fert.jpg\" alt=\"\" width=\"540\" height=\"429\" srcset=\"https:\/\/www.asajacyl.com\/soria\/wp-content\/uploads\/sites\/9\/2024\/09\/fert.jpg 540w, https:\/\/www.asajacyl.com\/soria\/wp-content\/uploads\/sites\/9\/2024\/09\/fert-300x238.jpg 300w, https:\/\/www.asajacyl.com\/soria\/wp-content\/uploads\/sites\/9\/2024\/09\/fert-529x420.jpg 529w\" sizes=\"(max-width: 540px) 100vw, 540px\" \/> <em>Fuente: Fertilizantes on.<\/em><\/p>\n<p>Esta situaci\u00f3n est\u00e1 repercutiendo en un descenso dr\u00e1stico de las siembras del cereal. Soria ha dejado de sembrar m\u00e1s de 40.000 has de cereal, que es casi una cuarta parte del total y si no se soluciona el problema de rentabilidad, llevar\u00e1 a la desaparici\u00f3n casi total del secano.<\/p>\n<p><img loading=\"lazy\" decoding=\"async\" class=\"aligncenter size-full wp-image-8377\" src=\"https:\/\/www.asajacyl.com\/soria\/wp-content\/uploads\/sites\/9\/2024\/09\/8.jpg\" alt=\"\" width=\"1015\" height=\"1009\" srcset=\"https:\/\/www.asajacyl.com\/soria\/wp-content\/uploads\/sites\/9\/2024\/09\/8.jpg 1015w, https:\/\/www.asajacyl.com\/soria\/wp-content\/uploads\/sites\/9\/2024\/09\/8-300x298.jpg 300w, https:\/\/www.asajacyl.com\/soria\/wp-content\/uploads\/sites\/9\/2024\/09\/8-150x150.jpg 150w, https:\/\/www.asajacyl.com\/soria\/wp-content\/uploads\/sites\/9\/2024\/09\/8-768x763.jpg 768w, https:\/\/www.asajacyl.com\/soria\/wp-content\/uploads\/sites\/9\/2024\/09\/8-422x420.jpg 422w, https:\/\/www.asajacyl.com\/soria\/wp-content\/uploads\/sites\/9\/2024\/09\/8-696x692.jpg 696w\" sizes=\"(max-width: 1015px) 100vw, 1015px\" \/><\/p>\n<p>\u00a0<\/p>\n<p>Esta reducci\u00f3n de superficie sembrada es producci\u00f3n nacional, realizada con los est\u00e1ndares europeos y espa\u00f1oles de cumplimiento de medidas de protecci\u00f3n del medio ambiente, salud p\u00fablica y salud animal, que se cambia por otro cereal producido en condiciones rusas y ucranias que \u201cvaya usted a saber\u201d y que adem\u00e1s de rebajar la seguridad de nuestros ciudadanos, no contribuye en la misma medida a los retos ambientales que tanto preocupan a muchos y que cuya distorsi\u00f3n del mercado adem\u00e1s nos lleva a la ruina.<\/p>\n<p>Por estos motivos, el pr\u00f3ximo d\u00eda 26 de septiembre ASAJA Soria, junto con Upa y Coag, realizar\u00e1n un acto de denuncia de esta situaci\u00f3n de precios y de reivindicaci\u00f3n de medidas para salvaguardar las explotaciones cerealistas provinciales, y pedir justicia en el mercado del cereal. Si no se recuperan los precios la ruina acabar\u00e1 con la agricultura cerealista.<\/p>\n<p><strong>Estas son las reivindicaciones:<\/strong><\/p>\n<ul>\n<li><strong><em>Suspensi\u00f3n de importaciones, vigilancia del deprimido mercado interior de cereales y control de calidades de toda la mercanc\u00eda que est\u00e9 ya en puertos.<\/em><\/strong><\/li>\n<li><strong><em>Cumplimiento de lo recogido en la Ley de la Cadena Alimentaria que proh\u00edbe remuneraciones por debajo de los costes de producci\u00f3n.<\/em><\/strong><\/li>\n<li><strong><em>Comunicaci\u00f3n oficial a la Comisi\u00f3n Europea advirtiendo de la perturbaci\u00f3n del mercado del cereal en Espa\u00f1a en el marco del nuevo Acuerdo Europeo con Ucrania.<\/em><\/strong><\/li>\n<li><strong><em>Adelanto efectivo del 70% de la PAC en octubre como acaba de ser autorizado para dar liquidez a las explotaciones ante los ruinosos precios actuales.<\/em><\/strong><\/li>\n<\/ul>\n<p>\u00a0<\/p>\n<p>\u00a0<\/p>\n<p><img loading=\"lazy\" decoding=\"async\" class=\"aligncenter  wp-image-8378\" src=\"https:\/\/www.asajacyl.com\/soria\/wp-content\/uploads\/sites\/9\/2024\/09\/00.jpg\" alt=\"\" width=\"1004\" height=\"157\" srcset=\"https:\/\/www.asajacyl.com\/soria\/wp-content\/uploads\/sites\/9\/2024\/09\/00.jpg 830w, https:\/\/www.asajacyl.com\/soria\/wp-content\/uploads\/sites\/9\/2024\/09\/00-300x47.jpg 300w, https:\/\/www.asajacyl.com\/soria\/wp-content\/uploads\/sites\/9\/2024\/09\/00-768x120.jpg 768w, https:\/\/www.asajacyl.com\/soria\/wp-content\/uploads\/sites\/9\/2024\/09\/00-696x109.jpg 696w\" sizes=\"(max-width: 1004px) 100vw, 1004px\" \/><\/p>\n<p>\u00a0<\/p>\n","protected":false},"excerpt":{"rendered":"<p>Los baj\u00edsimos valores de la producci\u00f3n ahondan la crisis del sector cerealista soriano, castellano y leon\u00e9s y espa\u00f1ol, y abocan a la ruina a miles de explotaciones profesionales familiares Las organizaciones agrarias sorianas ASAJA, Coag y Upa convocan una concentraci\u00f3n de protesta por la situaci\u00f3n econ\u00f3mica del campo para el 26 de septiembre. El acto [&hellip;]<\/p>\n","protected":false},"author":12,"featured_media":8377,"comment_status":"open","ping_status":"open","sticky":false,"template":"","format":"standard","meta":{"footnotes":""},"categories":[10,25],"tags":[],"yoast_head":"<!-- This site is optimized with the Yoast SEO plugin v24.5 - https:\/\/yoast.com\/wordpress\/plugins\/seo\/ -->\n<title>ASAJA, junto al resto de OPAs provinciales, se concentrar\u00e1 el d\u00eda 26 en denuncia de los calamitosos precios del cereal - ASAJA Soria<\/title>\n<meta name=\"description\" content=\"Los baj\u00edsimos valores de la producci\u00f3n ahondan la crisis del sector cerealista soriano, castellano y leon\u00e9s y espa\u00f1ol, y abocan a la ruina a miles de\" \/>\n<meta name=\"robots\" content=\"index, follow, max-snippet:-1, max-image-preview:large, max-video-preview:-1\" \/>\n<link rel=\"canonical\" href=\"https:\/\/www.asajacyl.com\/soria\/asaja-soria-informa\/asaja-junto-al-resto-de-opas-provinciales-se-concentrara-el-dia-26-en-denuncia-de-los-calamitosos-precios-del-cereal\" \/>\n<meta property=\"og:locale\" content=\"es_ES\" \/>\n<meta property=\"og:type\" content=\"article\" \/>\n<meta property=\"og:title\" content=\"ASAJA, junto al resto de OPAs provinciales, se concentrar\u00e1 el d\u00eda 26 en denuncia de los calamitosos precios del cereal - ASAJA Soria\" \/>\n<meta property=\"og:description\" content=\"Los baj\u00edsimos valores de la producci\u00f3n ahondan la crisis del sector cerealista soriano, castellano y leon\u00e9s y espa\u00f1ol, y abocan a la ruina a miles de\" \/>\n<meta property=\"og:url\" content=\"https:\/\/www.asajacyl.com\/soria\/asaja-soria-informa\/asaja-junto-al-resto-de-opas-provinciales-se-concentrara-el-dia-26-en-denuncia-de-los-calamitosos-precios-del-cereal\" \/>\n<meta property=\"og:site_name\" content=\"ASAJA Soria\" \/>\n<meta property=\"article:published_time\" content=\"2024-09-13T12:16:26+00:00\" \/>\n<meta property=\"article:modified_time\" content=\"2024-09-25T10:25:43+00:00\" \/>\n<meta property=\"og:image\" content=\"https:\/\/www.asajacyl.com\/soria\/wp-content\/uploads\/sites\/9\/2024\/09\/8.jpg\" \/>\n\t<meta property=\"og:image:width\" content=\"1015\" \/>\n\t<meta property=\"og:image:height\" content=\"1009\" \/>\n\t<meta property=\"og:image:type\" content=\"image\/jpeg\" \/>\n<meta name=\"author\" content=\"Juan Ignacio Prieto Nieto\" \/>\n<meta name=\"twitter:card\" content=\"summary_large_image\" \/>\n<meta name=\"twitter:label1\" content=\"Escrito por\" \/>\n\t<meta name=\"twitter:data1\" content=\"Juan Ignacio Prieto Nieto\" \/>\n\t<meta name=\"twitter:label2\" content=\"Tiempo de lectura\" \/>\n\t<meta name=\"twitter:data2\" content=\"7 minutos\" \/>\n<script type=\"application\/ld+json\" class=\"yoast-schema-graph\">{\"@context\":\"https:\/\/schema.org\",\"@graph\":[{\"@type\":\"WebPage\",\"@id\":\"https:\/\/www.asajacyl.com\/soria\/asaja-soria-informa\/asaja-junto-al-resto-de-opas-provinciales-se-concentrara-el-dia-26-en-denuncia-de-los-calamitosos-precios-del-cereal\",\"url\":\"https:\/\/www.asajacyl.com\/soria\/asaja-soria-informa\/asaja-junto-al-resto-de-opas-provinciales-se-concentrara-el-dia-26-en-denuncia-de-los-calamitosos-precios-del-cereal\",\"name\":\"ASAJA, junto al resto de OPAs provinciales, se concentrar\u00e1 el d\u00eda 26 en denuncia de los calamitosos precios del cereal - ASAJA Soria\",\"isPartOf\":{\"@id\":\"https:\/\/www.asajacyl.com\/soria\/#website\"},\"primaryImageOfPage\":{\"@id\":\"https:\/\/www.asajacyl.com\/soria\/asaja-soria-informa\/asaja-junto-al-resto-de-opas-provinciales-se-concentrara-el-dia-26-en-denuncia-de-los-calamitosos-precios-del-cereal#primaryimage\"},\"image\":{\"@id\":\"https:\/\/www.asajacyl.com\/soria\/asaja-soria-informa\/asaja-junto-al-resto-de-opas-provinciales-se-concentrara-el-dia-26-en-denuncia-de-los-calamitosos-precios-del-cereal#primaryimage\"},\"thumbnailUrl\":\"https:\/\/www.asajacyl.com\/soria\/wp-content\/uploads\/sites\/9\/2024\/09\/8.jpg\",\"datePublished\":\"2024-09-13T12:16:26+00:00\",\"dateModified\":\"2024-09-25T10:25:43+00:00\",\"author\":{\"@id\":\"https:\/\/www.asajacyl.com\/soria\/#\/schema\/person\/fd3081c40255119ce8133b87e6aedfab\"},\"description\":\"Los baj\u00edsimos valores de la producci\u00f3n ahondan la crisis del sector cerealista soriano, castellano y leon\u00e9s y espa\u00f1ol, y abocan a la ruina a miles de\",\"breadcrumb\":{\"@id\":\"https:\/\/www.asajacyl.com\/soria\/asaja-soria-informa\/asaja-junto-al-resto-de-opas-provinciales-se-concentrara-el-dia-26-en-denuncia-de-los-calamitosos-precios-del-cereal#breadcrumb\"},\"inLanguage\":\"es\",\"potentialAction\":[{\"@type\":\"ReadAction\",\"target\":[\"https:\/\/www.asajacyl.com\/soria\/asaja-soria-informa\/asaja-junto-al-resto-de-opas-provinciales-se-concentrara-el-dia-26-en-denuncia-de-los-calamitosos-precios-del-cereal\"]}]},{\"@type\":\"ImageObject\",\"inLanguage\":\"es\",\"@id\":\"https:\/\/www.asajacyl.com\/soria\/asaja-soria-informa\/asaja-junto-al-resto-de-opas-provinciales-se-concentrara-el-dia-26-en-denuncia-de-los-calamitosos-precios-del-cereal#primaryimage\",\"url\":\"https:\/\/www.asajacyl.com\/soria\/wp-content\/uploads\/sites\/9\/2024\/09\/8.jpg\",\"contentUrl\":\"https:\/\/www.asajacyl.com\/soria\/wp-content\/uploads\/sites\/9\/2024\/09\/8.jpg\",\"width\":1015,\"height\":1009},{\"@type\":\"BreadcrumbList\",\"@id\":\"https:\/\/www.asajacyl.com\/soria\/asaja-soria-informa\/asaja-junto-al-resto-de-opas-provinciales-se-concentrara-el-dia-26-en-denuncia-de-los-calamitosos-precios-del-cereal#breadcrumb\",\"itemListElement\":[{\"@type\":\"ListItem\",\"position\":1,\"name\":\"Portada\",\"item\":\"https:\/\/www.asajacyl.com\/soria\/\"},{\"@type\":\"ListItem\",\"position\":2,\"name\":\"ASAJA, junto al resto de OPAs provinciales, se concentrar\u00e1 el d\u00eda 26 en denuncia de los calamitosos precios del cereal\"}]},{\"@type\":\"WebSite\",\"@id\":\"https:\/\/www.asajacyl.com\/soria\/#website\",\"url\":\"https:\/\/www.asajacyl.com\/soria\/\",\"name\":\"ASAJA Soria\",\"description\":\"Otro sitio m\u00e1s de Provincias ASAJA Castilla y Le\u00f3n\",\"potentialAction\":[{\"@type\":\"SearchAction\",\"target\":{\"@type\":\"EntryPoint\",\"urlTemplate\":\"https:\/\/www.asajacyl.com\/soria\/?s={search_term_string}\"},\"query-input\":{\"@type\":\"PropertyValueSpecification\",\"valueRequired\":true,\"valueName\":\"search_term_string\"}}],\"inLanguage\":\"es\"},{\"@type\":\"Person\",\"@id\":\"https:\/\/www.asajacyl.com\/soria\/#\/schema\/person\/fd3081c40255119ce8133b87e6aedfab\",\"name\":\"Juan Ignacio Prieto Nieto\",\"image\":{\"@type\":\"ImageObject\",\"inLanguage\":\"es\",\"@id\":\"https:\/\/www.asajacyl.com\/soria\/#\/schema\/person\/image\/\",\"url\":\"https:\/\/secure.gravatar.com\/avatar\/8266b36e4d9001acb4700699a2468dc8?s=96&d=mm&r=g\",\"contentUrl\":\"https:\/\/secure.gravatar.com\/avatar\/8266b36e4d9001acb4700699a2468dc8?s=96&d=mm&r=g\",\"caption\":\"Juan Ignacio Prieto Nieto\"},\"url\":\"https:\/\/www.asajacyl.com\/soria\/author\/juanfranciscoby\"}]}<\/script>\n<!-- \/ Yoast SEO plugin. -->","yoast_head_json":{"title":"ASAJA, junto al resto de OPAs provinciales, se concentrar\u00e1 el d\u00eda 26 en denuncia de los calamitosos precios del cereal - ASAJA Soria","description":"Los baj\u00edsimos valores de la producci\u00f3n ahondan la crisis del sector cerealista soriano, castellano y leon\u00e9s y espa\u00f1ol, y abocan a la ruina a miles de","robots":{"index":"index","follow":"follow","max-snippet":"max-snippet:-1","max-image-preview":"max-image-preview:large","max-video-preview":"max-video-preview:-1"},"canonical":"https:\/\/www.asajacyl.com\/soria\/asaja-soria-informa\/asaja-junto-al-resto-de-opas-provinciales-se-concentrara-el-dia-26-en-denuncia-de-los-calamitosos-precios-del-cereal","og_locale":"es_ES","og_type":"article","og_title":"ASAJA, junto al resto de OPAs provinciales, se concentrar\u00e1 el d\u00eda 26 en denuncia de los calamitosos precios del cereal - ASAJA Soria","og_description":"Los baj\u00edsimos valores de la producci\u00f3n ahondan la crisis del sector cerealista soriano, castellano y leon\u00e9s y espa\u00f1ol, y abocan a la ruina a miles de","og_url":"https:\/\/www.asajacyl.com\/soria\/asaja-soria-informa\/asaja-junto-al-resto-de-opas-provinciales-se-concentrara-el-dia-26-en-denuncia-de-los-calamitosos-precios-del-cereal","og_site_name":"ASAJA Soria","article_published_time":"2024-09-13T12:16:26+00:00","article_modified_time":"2024-09-25T10:25:43+00:00","og_image":[{"width":1015,"height":1009,"url":"https:\/\/www.asajacyl.com\/soria\/wp-content\/uploads\/sites\/9\/2024\/09\/8.jpg","type":"image\/jpeg"}],"author":"Juan Ignacio Prieto Nieto","twitter_card":"summary_large_image","twitter_misc":{"Escrito por":"Juan Ignacio Prieto Nieto","Tiempo de lectura":"7 minutos"},"schema":{"@context":"https:\/\/schema.org","@graph":[{"@type":"WebPage","@id":"https:\/\/www.asajacyl.com\/soria\/asaja-soria-informa\/asaja-junto-al-resto-de-opas-provinciales-se-concentrara-el-dia-26-en-denuncia-de-los-calamitosos-precios-del-cereal","url":"https:\/\/www.asajacyl.com\/soria\/asaja-soria-informa\/asaja-junto-al-resto-de-opas-provinciales-se-concentrara-el-dia-26-en-denuncia-de-los-calamitosos-precios-del-cereal","name":"ASAJA, junto al resto de OPAs provinciales, se concentrar\u00e1 el d\u00eda 26 en denuncia de los calamitosos precios del cereal - ASAJA Soria","isPartOf":{"@id":"https:\/\/www.asajacyl.com\/soria\/#website"},"primaryImageOfPage":{"@id":"https:\/\/www.asajacyl.com\/soria\/asaja-soria-informa\/asaja-junto-al-resto-de-opas-provinciales-se-concentrara-el-dia-26-en-denuncia-de-los-calamitosos-precios-del-cereal#primaryimage"},"image":{"@id":"https:\/\/www.asajacyl.com\/soria\/asaja-soria-informa\/asaja-junto-al-resto-de-opas-provinciales-se-concentrara-el-dia-26-en-denuncia-de-los-calamitosos-precios-del-cereal#primaryimage"},"thumbnailUrl":"https:\/\/www.asajacyl.com\/soria\/wp-content\/uploads\/sites\/9\/2024\/09\/8.jpg","datePublished":"2024-09-13T12:16:26+00:00","dateModified":"2024-09-25T10:25:43+00:00","author":{"@id":"https:\/\/www.asajacyl.com\/soria\/#\/schema\/person\/fd3081c40255119ce8133b87e6aedfab"},"description":"Los baj\u00edsimos valores de la producci\u00f3n ahondan la crisis del sector cerealista soriano, castellano y leon\u00e9s y espa\u00f1ol, y abocan a la ruina a miles de","breadcrumb":{"@id":"https:\/\/www.asajacyl.com\/soria\/asaja-soria-informa\/asaja-junto-al-resto-de-opas-provinciales-se-concentrara-el-dia-26-en-denuncia-de-los-calamitosos-precios-del-cereal#breadcrumb"},"inLanguage":"es","potentialAction":[{"@type":"ReadAction","target":["https:\/\/www.asajacyl.com\/soria\/asaja-soria-informa\/asaja-junto-al-resto-de-opas-provinciales-se-concentrara-el-dia-26-en-denuncia-de-los-calamitosos-precios-del-cereal"]}]},{"@type":"ImageObject","inLanguage":"es","@id":"https:\/\/www.asajacyl.com\/soria\/asaja-soria-informa\/asaja-junto-al-resto-de-opas-provinciales-se-concentrara-el-dia-26-en-denuncia-de-los-calamitosos-precios-del-cereal#primaryimage","url":"https:\/\/www.asajacyl.com\/soria\/wp-content\/uploads\/sites\/9\/2024\/09\/8.jpg","contentUrl":"https:\/\/www.asajacyl.com\/soria\/wp-content\/uploads\/sites\/9\/2024\/09\/8.jpg","width":1015,"height":1009},{"@type":"BreadcrumbList","@id":"https:\/\/www.asajacyl.com\/soria\/asaja-soria-informa\/asaja-junto-al-resto-de-opas-provinciales-se-concentrara-el-dia-26-en-denuncia-de-los-calamitosos-precios-del-cereal#breadcrumb","itemListElement":[{"@type":"ListItem","position":1,"name":"Portada","item":"https:\/\/www.asajacyl.com\/soria\/"},{"@type":"ListItem","position":2,"name":"ASAJA, junto al resto de OPAs provinciales, se concentrar\u00e1 el d\u00eda 26 en denuncia de los calamitosos precios del cereal"}]},{"@type":"WebSite","@id":"https:\/\/www.asajacyl.com\/soria\/#website","url":"https:\/\/www.asajacyl.com\/soria\/","name":"ASAJA Soria","description":"Otro sitio m\u00e1s de Provincias ASAJA Castilla y Le\u00f3n","potentialAction":[{"@type":"SearchAction","target":{"@type":"EntryPoint","urlTemplate":"https:\/\/www.asajacyl.com\/soria\/?s={search_term_string}"},"query-input":{"@type":"PropertyValueSpecification","valueRequired":true,"valueName":"search_term_string"}}],"inLanguage":"es"},{"@type":"Person","@id":"https:\/\/www.asajacyl.com\/soria\/#\/schema\/person\/fd3081c40255119ce8133b87e6aedfab","name":"Juan Ignacio Prieto Nieto","image":{"@type":"ImageObject","inLanguage":"es","@id":"https:\/\/www.asajacyl.com\/soria\/#\/schema\/person\/image\/","url":"https:\/\/secure.gravatar.com\/avatar\/8266b36e4d9001acb4700699a2468dc8?s=96&d=mm&r=g","contentUrl":"https:\/\/secure.gravatar.com\/avatar\/8266b36e4d9001acb4700699a2468dc8?s=96&d=mm&r=g","caption":"Juan Ignacio Prieto Nieto"},"url":"https:\/\/www.asajacyl.com\/soria\/author\/juanfranciscoby"}]}},"_links":{"self":[{"href":"https:\/\/www.asajacyl.com\/soria\/wp-json\/wp\/v2\/posts\/8370"}],"collection":[{"href":"https:\/\/www.asajacyl.com\/soria\/wp-json\/wp\/v2\/posts"}],"about":[{"href":"https:\/\/www.asajacyl.com\/soria\/wp-json\/wp\/v2\/types\/post"}],"author":[{"embeddable":true,"href":"https:\/\/www.asajacyl.com\/soria\/wp-json\/wp\/v2\/users\/12"}],"replies":[{"embeddable":true,"href":"https:\/\/www.asajacyl.com\/soria\/wp-json\/wp\/v2\/comments?post=8370"}],"version-history":[{"count":5,"href":"https:\/\/www.asajacyl.com\/soria\/wp-json\/wp\/v2\/posts\/8370\/revisions"}],"predecessor-version":[{"id":8387,"href":"https:\/\/www.asajacyl.com\/soria\/wp-json\/wp\/v2\/posts\/8370\/revisions\/8387"}],"wp:featuredmedia":[{"embeddable":true,"href":"https:\/\/www.asajacyl.com\/soria\/wp-json\/wp\/v2\/media\/8377"}],"wp:attachment":[{"href":"https:\/\/www.asajacyl.com\/soria\/wp-json\/wp\/v2\/media?parent=8370"}],"wp:term":[{"taxonomy":"category","embeddable":true,"href":"https:\/\/www.asajacyl.com\/soria\/wp-json\/wp\/v2\/categories?post=8370"},{"taxonomy":"post_tag","embeddable":true,"href":"https:\/\/www.asajacyl.com\/soria\/wp-json\/wp\/v2\/tags?post=8370"}],"curies":[{"name":"wp","href":"https:\/\/api.w.org\/{rel}","templated":true}]}}