{"id":8392,"date":"2024-09-19T09:04:38","date_gmt":"2024-09-19T07:04:38","guid":{"rendered":"https:\/\/www.asajacyl.com\/soria\/?p=8392"},"modified":"2024-09-19T09:08:48","modified_gmt":"2024-09-19T07:08:48","slug":"el-luxemburgues-christophe-hansen-nuevo-comisario-europeo-de-agricultura-y-alimentacion","status":"publish","type":"post","link":"https:\/\/www.asajacyl.com\/soria\/asaja-soria-informa\/el-luxemburgues-christophe-hansen-nuevo-comisario-europeo-de-agricultura-y-alimentacion","title":{"rendered":"El luxemburgu\u00e9s Christophe Hansen, nuevo comisario europeo de Agricultura y Alimentaci\u00f3n"},"content":{"rendered":"\n\n\n<p>El luxemburgu\u00e9s Christophe Hansen, nuevo comisario europeo de Agricultura y Alimentaci\u00f3n de la Comisi\u00f3n Europea (CE) para la nueva legislatura comunitaria.<\/p>\n<p>La principal novedad salta a la vista tan solo en el nombre de la cartera, puesto que su antecesor, el polaco Janusz Wojciechowski, fue\u00a0comisario de Agricultura y Desarrollo Rural. Por lo tanto, se espera que en esta legislatura la alimentaci\u00f3n -y todo lo que conlleva, industria, procesadores, cadena de valor agroalimentaria, h\u00e1bitos de consumo- tendr\u00e1n m\u00e1s peso que en los \u00faltimos cinco a\u00f1os.<\/p>\n<p>Von der Leyen ha explicado en una rueda de prensa que el comisario Hansen ser\u00e1 el responsable de acometer el Di\u00e1logo Estrat\u00e9gico sobre el Futuro de la Agricultura dentro del Colegio de Comisarios de la Uni\u00f3n Europea (UE) que, en sus cien primeros d\u00edas de mandato, presentar\u00e1 sus primeras conclusiones en la materia.<\/p>\n<p><img loading=\"lazy\" decoding=\"async\" class=\"aligncenter size-full wp-image-8397\" src=\"https:\/\/www.asajacyl.com\/soria\/wp-content\/uploads\/sites\/9\/2024\/09\/el-europarlamentario-christophe-hansen-en-junio-de-2020-en-un-encuentro-ue-reino-unido-en-bruselas.jpeg\" alt=\"\" width=\"1200\" height=\"720\" srcset=\"https:\/\/www.asajacyl.com\/soria\/wp-content\/uploads\/sites\/9\/2024\/09\/el-europarlamentario-christophe-hansen-en-junio-de-2020-en-un-encuentro-ue-reino-unido-en-bruselas.jpeg 1200w, https:\/\/www.asajacyl.com\/soria\/wp-content\/uploads\/sites\/9\/2024\/09\/el-europarlamentario-christophe-hansen-en-junio-de-2020-en-un-encuentro-ue-reino-unido-en-bruselas-300x180.jpeg 300w, https:\/\/www.asajacyl.com\/soria\/wp-content\/uploads\/sites\/9\/2024\/09\/el-europarlamentario-christophe-hansen-en-junio-de-2020-en-un-encuentro-ue-reino-unido-en-bruselas-1024x614.jpeg 1024w, https:\/\/www.asajacyl.com\/soria\/wp-content\/uploads\/sites\/9\/2024\/09\/el-europarlamentario-christophe-hansen-en-junio-de-2020-en-un-encuentro-ue-reino-unido-en-bruselas-768x461.jpeg 768w, https:\/\/www.asajacyl.com\/soria\/wp-content\/uploads\/sites\/9\/2024\/09\/el-europarlamentario-christophe-hansen-en-junio-de-2020-en-un-encuentro-ue-reino-unido-en-bruselas-700x420.jpeg 700w, https:\/\/www.asajacyl.com\/soria\/wp-content\/uploads\/sites\/9\/2024\/09\/el-europarlamentario-christophe-hansen-en-junio-de-2020-en-un-encuentro-ue-reino-unido-en-bruselas-696x418.jpeg 696w, https:\/\/www.asajacyl.com\/soria\/wp-content\/uploads\/sites\/9\/2024\/09\/el-europarlamentario-christophe-hansen-en-junio-de-2020-en-un-encuentro-ue-reino-unido-en-bruselas-1068x641.jpeg 1068w\" sizes=\"(max-width: 1200px) 100vw, 1200px\" \/><\/p>\n<p>Christophe Hansen, el nuevo Comisario de Agricultura y Alimentaci\u00f3n, es un candidato con experiencia. En concreto, fue ponente del grupo del Partido Popular Europeo y particip\u00f3 en las negociaciones sobre la reforma de la PAC. Por familia, conoce la realidad de la agricultura, ahora queda comprobar que sea capaz de introducir los cambios positivos que necesita con urgencia el sector,\u00a0tal como subraya ASAJA.<\/p>\n<p>La incorporaci\u00f3n de la alimentaci\u00f3n a su cartera no es una sorpresa, aunque ASAJA pide que se mantengan en la cartera las\u00a0especificidades de las pol\u00edticas agr\u00edcolas, que abarcan la producci\u00f3n de alimentos, piensos, fibras y combustibles. Preocupa que quede fuera de su cartera el \u00e1rea de desarrollo rural,\u00a0fundamental para el campo.<\/p>\n<p>Cabe destacar que los asuntos de Bienestar Animal, ya no estar\u00e1n entre las competencias del comisario de Agricultura, puesto que Von der Leyen ha decidido ceder esta competencia al comisario h\u00fangaro Oliv\u00e9r V\u00e1rhelyi, que asumir\u00e1 la cartera exclusiva de Salud y Bienestar Animal. En este sentido, el bienestar animal es una verdadera prioridad para la presidenta Von der Leyen en esta legislatura. Sin embargo, seg\u00fan afirman periodistas de informaci\u00f3n europea, \u201cun enorme interrogante se cierne sobre la cabeza del h\u00fangaro, ya que se espera que sea rechazado por el Parlamento Europeo\u201d.<\/p>\n<p>Igualmente, como todo el resto de comisarios nombrados por la presidenta Von der Leyen, deber\u00e1n ser auditados por el Pleno del Parlamento Europeo, que votar\u00e1 si son los candidatos adecuados para cada cartera. Por tanto, cabe reiterar que los nombramientos de los posibles comisarios, todav\u00eda no son definitivos.<\/p>\n<p>Una de las grandes inc\u00f3gnitas ser\u00e1, si Agricultura ha sido asignada a Alimentaci\u00f3n, y Salud con Bienestar Animal, a\u00fan se desconoce a qu\u00e9 comisario ser\u00e1n asignadas las responsabilidades sobre Seguridad Alimentaria, el Desarrollo Rural o las Nuevas T\u00e9cnicas de Edici\u00f3n Gen\u00e9tica.<\/p>\n<h4><strong>Ribera, lejos del campo<\/strong><\/h4>\n<p>Por otro lado, seg\u00fan la gu\u00eda de trabajo preparada por la presidenta Von der Leyen a los futuros comisarios, donde les informa de a qu\u00e9 vicepresidente deber\u00e1n rendir cuentas, el comisario de Agricultura estar\u00e1 bajo el mando del vicepresidente ejecutivo de Cohesi\u00f3n y Reformas, el italiano Raffaele Fitto, candidato que fue propuesto por la primera ministra de su pa\u00eds Giorgia Meloni. En este sentido, cabe mencionar la cercan\u00eda de Meloni con el sector agr\u00edcola italiano, tanto es as\u00ed que la primera reuni\u00f3n que tuvo como primera ministra reci\u00e9n electa, fue con el presidente de Coldiretti, la principal asociaci\u00f3n de agricultores de Italia. As\u00ed pues, el nuevo comisario de Agricultura no responder\u00e1 ante la vicepresidenta Teresa Ribera, que, seg\u00fan la gu\u00eda de trabajo repartida por Von der Leyen, no tendr\u00e1 ninguna competencia sobre asuntos agr\u00edcolas en la UE. Algo que tranquiliza al campo espa\u00f1ol, vista la trayectoria nacional de Ribera.<\/p>\n","protected":false},"excerpt":{"rendered":"<p>El luxemburgu\u00e9s Christophe Hansen, nuevo comisario europeo de Agricultura y Alimentaci\u00f3n de la Comisi\u00f3n Europea (CE) para la nueva legislatura comunitaria. La principal novedad salta a la vista tan solo en el nombre de la cartera, puesto que su antecesor, el polaco Janusz Wojciechowski, fue\u00a0comisario de Agricultura y Desarrollo Rural. Por lo tanto, se espera [&hellip;]<\/p>\n","protected":false},"author":12,"featured_media":8393,"comment_status":"open","ping_status":"open","sticky":false,"template":"","format":"standard","meta":{"footnotes":""},"categories":[10,25],"tags":[],"yoast_head":"<!-- This site is optimized with the Yoast SEO plugin v24.5 - https:\/\/yoast.com\/wordpress\/plugins\/seo\/ -->\n<title>El luxemburgu\u00e9s Christophe Hansen, nuevo comisario europeo de Agricultura y Alimentaci\u00f3n - ASAJA Soria<\/title>\n<meta name=\"description\" content=\"El luxemburgu\u00e9s Christophe Hansen, nuevo comisario europeo de Agricultura y Alimentaci\u00f3n de la Comisi\u00f3n Europea (CE) para la nueva legislatura\" \/>\n<meta name=\"robots\" content=\"index, follow, max-snippet:-1, max-image-preview:large, max-video-preview:-1\" \/>\n<link rel=\"canonical\" href=\"https:\/\/www.asajacyl.com\/soria\/asaja-soria-informa\/el-luxemburgues-christophe-hansen-nuevo-comisario-europeo-de-agricultura-y-alimentacion\" \/>\n<meta property=\"og:locale\" content=\"es_ES\" \/>\n<meta property=\"og:type\" content=\"article\" \/>\n<meta property=\"og:title\" content=\"El luxemburgu\u00e9s Christophe Hansen, nuevo comisario europeo de Agricultura y Alimentaci\u00f3n - ASAJA Soria\" \/>\n<meta property=\"og:description\" content=\"El luxemburgu\u00e9s Christophe Hansen, nuevo comisario europeo de Agricultura y Alimentaci\u00f3n de la Comisi\u00f3n Europea (CE) para la nueva legislatura\" \/>\n<meta property=\"og:url\" content=\"https:\/\/www.asajacyl.com\/soria\/asaja-soria-informa\/el-luxemburgues-christophe-hansen-nuevo-comisario-europeo-de-agricultura-y-alimentacion\" \/>\n<meta property=\"og:site_name\" content=\"ASAJA Soria\" \/>\n<meta property=\"article:published_time\" content=\"2024-09-19T07:04:38+00:00\" \/>\n<meta property=\"article:modified_time\" content=\"2024-09-19T07:08:48+00:00\" \/>\n<meta property=\"og:image\" content=\"https:\/\/www.asajacyl.com\/soria\/wp-content\/uploads\/sites\/9\/2024\/09\/Christophe-Hansen-COMISARIO-EUROPEO-AGRICULTURA.jpg\" \/>\n\t<meta property=\"og:image:width\" content=\"1086\" \/>\n\t<meta property=\"og:image:height\" content=\"700\" \/>\n\t<meta property=\"og:image:type\" content=\"image\/jpeg\" \/>\n<meta name=\"author\" content=\"Juan Ignacio Prieto Nieto\" \/>\n<meta name=\"twitter:card\" content=\"summary_large_image\" \/>\n<meta name=\"twitter:label1\" content=\"Escrito por\" \/>\n\t<meta name=\"twitter:data1\" content=\"Juan Ignacio Prieto Nieto\" \/>\n\t<meta name=\"twitter:label2\" content=\"Tiempo de lectura\" \/>\n\t<meta name=\"twitter:data2\" content=\"4 minutos\" \/>\n<script type=\"application\/ld+json\" class=\"yoast-schema-graph\">{\"@context\":\"https:\/\/schema.org\",\"@graph\":[{\"@type\":\"WebPage\",\"@id\":\"https:\/\/www.asajacyl.com\/soria\/asaja-soria-informa\/el-luxemburgues-christophe-hansen-nuevo-comisario-europeo-de-agricultura-y-alimentacion\",\"url\":\"https:\/\/www.asajacyl.com\/soria\/asaja-soria-informa\/el-luxemburgues-christophe-hansen-nuevo-comisario-europeo-de-agricultura-y-alimentacion\",\"name\":\"El luxemburgu\u00e9s Christophe Hansen, nuevo comisario europeo de Agricultura y Alimentaci\u00f3n - ASAJA Soria\",\"isPartOf\":{\"@id\":\"https:\/\/www.asajacyl.com\/soria\/#website\"},\"primaryImageOfPage\":{\"@id\":\"https:\/\/www.asajacyl.com\/soria\/asaja-soria-informa\/el-luxemburgues-christophe-hansen-nuevo-comisario-europeo-de-agricultura-y-alimentacion#primaryimage\"},\"image\":{\"@id\":\"https:\/\/www.asajacyl.com\/soria\/asaja-soria-informa\/el-luxemburgues-christophe-hansen-nuevo-comisario-europeo-de-agricultura-y-alimentacion#primaryimage\"},\"thumbnailUrl\":\"https:\/\/www.asajacyl.com\/soria\/wp-content\/uploads\/sites\/9\/2024\/09\/Christophe-Hansen-COMISARIO-EUROPEO-AGRICULTURA.jpg\",\"datePublished\":\"2024-09-19T07:04:38+00:00\",\"dateModified\":\"2024-09-19T07:08:48+00:00\",\"author\":{\"@id\":\"https:\/\/www.asajacyl.com\/soria\/#\/schema\/person\/fd3081c40255119ce8133b87e6aedfab\"},\"description\":\"El luxemburgu\u00e9s Christophe Hansen, nuevo comisario europeo de Agricultura y Alimentaci\u00f3n de la Comisi\u00f3n Europea (CE) para la nueva legislatura\",\"breadcrumb\":{\"@id\":\"https:\/\/www.asajacyl.com\/soria\/asaja-soria-informa\/el-luxemburgues-christophe-hansen-nuevo-comisario-europeo-de-agricultura-y-alimentacion#breadcrumb\"},\"inLanguage\":\"es\",\"potentialAction\":[{\"@type\":\"ReadAction\",\"target\":[\"https:\/\/www.asajacyl.com\/soria\/asaja-soria-informa\/el-luxemburgues-christophe-hansen-nuevo-comisario-europeo-de-agricultura-y-alimentacion\"]}]},{\"@type\":\"ImageObject\",\"inLanguage\":\"es\",\"@id\":\"https:\/\/www.asajacyl.com\/soria\/asaja-soria-informa\/el-luxemburgues-christophe-hansen-nuevo-comisario-europeo-de-agricultura-y-alimentacion#primaryimage\",\"url\":\"https:\/\/www.asajacyl.com\/soria\/wp-content\/uploads\/sites\/9\/2024\/09\/Christophe-Hansen-COMISARIO-EUROPEO-AGRICULTURA.jpg\",\"contentUrl\":\"https:\/\/www.asajacyl.com\/soria\/wp-content\/uploads\/sites\/9\/2024\/09\/Christophe-Hansen-COMISARIO-EUROPEO-AGRICULTURA.jpg\",\"width\":1086,\"height\":700},{\"@type\":\"BreadcrumbList\",\"@id\":\"https:\/\/www.asajacyl.com\/soria\/asaja-soria-informa\/el-luxemburgues-christophe-hansen-nuevo-comisario-europeo-de-agricultura-y-alimentacion#breadcrumb\",\"itemListElement\":[{\"@type\":\"ListItem\",\"position\":1,\"name\":\"Portada\",\"item\":\"https:\/\/www.asajacyl.com\/soria\/\"},{\"@type\":\"ListItem\",\"position\":2,\"name\":\"El luxemburgu\u00e9s Christophe Hansen, nuevo comisario europeo de Agricultura y Alimentaci\u00f3n\"}]},{\"@type\":\"WebSite\",\"@id\":\"https:\/\/www.asajacyl.com\/soria\/#website\",\"url\":\"https:\/\/www.asajacyl.com\/soria\/\",\"name\":\"ASAJA Soria\",\"description\":\"Otro sitio m\u00e1s de Provincias ASAJA Castilla y Le\u00f3n\",\"potentialAction\":[{\"@type\":\"SearchAction\",\"target\":{\"@type\":\"EntryPoint\",\"urlTemplate\":\"https:\/\/www.asajacyl.com\/soria\/?s={search_term_string}\"},\"query-input\":{\"@type\":\"PropertyValueSpecification\",\"valueRequired\":true,\"valueName\":\"search_term_string\"}}],\"inLanguage\":\"es\"},{\"@type\":\"Person\",\"@id\":\"https:\/\/www.asajacyl.com\/soria\/#\/schema\/person\/fd3081c40255119ce8133b87e6aedfab\",\"name\":\"Juan Ignacio Prieto Nieto\",\"image\":{\"@type\":\"ImageObject\",\"inLanguage\":\"es\",\"@id\":\"https:\/\/www.asajacyl.com\/soria\/#\/schema\/person\/image\/\",\"url\":\"https:\/\/secure.gravatar.com\/avatar\/8266b36e4d9001acb4700699a2468dc8?s=96&d=mm&r=g\",\"contentUrl\":\"https:\/\/secure.gravatar.com\/avatar\/8266b36e4d9001acb4700699a2468dc8?s=96&d=mm&r=g\",\"caption\":\"Juan Ignacio Prieto Nieto\"},\"url\":\"https:\/\/www.asajacyl.com\/soria\/author\/juanfranciscoby\"}]}<\/script>\n<!-- \/ Yoast SEO plugin. -->","yoast_head_json":{"title":"El luxemburgu\u00e9s Christophe Hansen, nuevo comisario europeo de Agricultura y Alimentaci\u00f3n - ASAJA Soria","description":"El luxemburgu\u00e9s Christophe Hansen, nuevo comisario europeo de Agricultura y Alimentaci\u00f3n de la Comisi\u00f3n Europea (CE) para la nueva legislatura","robots":{"index":"index","follow":"follow","max-snippet":"max-snippet:-1","max-image-preview":"max-image-preview:large","max-video-preview":"max-video-preview:-1"},"canonical":"https:\/\/www.asajacyl.com\/soria\/asaja-soria-informa\/el-luxemburgues-christophe-hansen-nuevo-comisario-europeo-de-agricultura-y-alimentacion","og_locale":"es_ES","og_type":"article","og_title":"El luxemburgu\u00e9s Christophe Hansen, nuevo comisario europeo de Agricultura y Alimentaci\u00f3n - ASAJA Soria","og_description":"El luxemburgu\u00e9s Christophe Hansen, nuevo comisario europeo de Agricultura y Alimentaci\u00f3n de la Comisi\u00f3n Europea (CE) para la nueva legislatura","og_url":"https:\/\/www.asajacyl.com\/soria\/asaja-soria-informa\/el-luxemburgues-christophe-hansen-nuevo-comisario-europeo-de-agricultura-y-alimentacion","og_site_name":"ASAJA Soria","article_published_time":"2024-09-19T07:04:38+00:00","article_modified_time":"2024-09-19T07:08:48+00:00","og_image":[{"width":1086,"height":700,"url":"https:\/\/www.asajacyl.com\/soria\/wp-content\/uploads\/sites\/9\/2024\/09\/Christophe-Hansen-COMISARIO-EUROPEO-AGRICULTURA.jpg","type":"image\/jpeg"}],"author":"Juan Ignacio Prieto Nieto","twitter_card":"summary_large_image","twitter_misc":{"Escrito por":"Juan Ignacio Prieto Nieto","Tiempo de lectura":"4 minutos"},"schema":{"@context":"https:\/\/schema.org","@graph":[{"@type":"WebPage","@id":"https:\/\/www.asajacyl.com\/soria\/asaja-soria-informa\/el-luxemburgues-christophe-hansen-nuevo-comisario-europeo-de-agricultura-y-alimentacion","url":"https:\/\/www.asajacyl.com\/soria\/asaja-soria-informa\/el-luxemburgues-christophe-hansen-nuevo-comisario-europeo-de-agricultura-y-alimentacion","name":"El luxemburgu\u00e9s Christophe Hansen, nuevo comisario europeo de Agricultura y Alimentaci\u00f3n - ASAJA Soria","isPartOf":{"@id":"https:\/\/www.asajacyl.com\/soria\/#website"},"primaryImageOfPage":{"@id":"https:\/\/www.asajacyl.com\/soria\/asaja-soria-informa\/el-luxemburgues-christophe-hansen-nuevo-comisario-europeo-de-agricultura-y-alimentacion#primaryimage"},"image":{"@id":"https:\/\/www.asajacyl.com\/soria\/asaja-soria-informa\/el-luxemburgues-christophe-hansen-nuevo-comisario-europeo-de-agricultura-y-alimentacion#primaryimage"},"thumbnailUrl":"https:\/\/www.asajacyl.com\/soria\/wp-content\/uploads\/sites\/9\/2024\/09\/Christophe-Hansen-COMISARIO-EUROPEO-AGRICULTURA.jpg","datePublished":"2024-09-19T07:04:38+00:00","dateModified":"2024-09-19T07:08:48+00:00","author":{"@id":"https:\/\/www.asajacyl.com\/soria\/#\/schema\/person\/fd3081c40255119ce8133b87e6aedfab"},"description":"El luxemburgu\u00e9s Christophe Hansen, nuevo comisario europeo de Agricultura y Alimentaci\u00f3n de la Comisi\u00f3n Europea (CE) para la nueva legislatura","breadcrumb":{"@id":"https:\/\/www.asajacyl.com\/soria\/asaja-soria-informa\/el-luxemburgues-christophe-hansen-nuevo-comisario-europeo-de-agricultura-y-alimentacion#breadcrumb"},"inLanguage":"es","potentialAction":[{"@type":"ReadAction","target":["https:\/\/www.asajacyl.com\/soria\/asaja-soria-informa\/el-luxemburgues-christophe-hansen-nuevo-comisario-europeo-de-agricultura-y-alimentacion"]}]},{"@type":"ImageObject","inLanguage":"es","@id":"https:\/\/www.asajacyl.com\/soria\/asaja-soria-informa\/el-luxemburgues-christophe-hansen-nuevo-comisario-europeo-de-agricultura-y-alimentacion#primaryimage","url":"https:\/\/www.asajacyl.com\/soria\/wp-content\/uploads\/sites\/9\/2024\/09\/Christophe-Hansen-COMISARIO-EUROPEO-AGRICULTURA.jpg","contentUrl":"https:\/\/www.asajacyl.com\/soria\/wp-content\/uploads\/sites\/9\/2024\/09\/Christophe-Hansen-COMISARIO-EUROPEO-AGRICULTURA.jpg","width":1086,"height":700},{"@type":"BreadcrumbList","@id":"https:\/\/www.asajacyl.com\/soria\/asaja-soria-informa\/el-luxemburgues-christophe-hansen-nuevo-comisario-europeo-de-agricultura-y-alimentacion#breadcrumb","itemListElement":[{"@type":"ListItem","position":1,"name":"Portada","item":"https:\/\/www.asajacyl.com\/soria\/"},{"@type":"ListItem","position":2,"name":"El luxemburgu\u00e9s Christophe Hansen, nuevo comisario europeo de Agricultura y Alimentaci\u00f3n"}]},{"@type":"WebSite","@id":"https:\/\/www.asajacyl.com\/soria\/#website","url":"https:\/\/www.asajacyl.com\/soria\/","name":"ASAJA Soria","description":"Otro sitio m\u00e1s de Provincias ASAJA Castilla y Le\u00f3n","potentialAction":[{"@type":"SearchAction","target":{"@type":"EntryPoint","urlTemplate":"https:\/\/www.asajacyl.com\/soria\/?s={search_term_string}"},"query-input":{"@type":"PropertyValueSpecification","valueRequired":true,"valueName":"search_term_string"}}],"inLanguage":"es"},{"@type":"Person","@id":"https:\/\/www.asajacyl.com\/soria\/#\/schema\/person\/fd3081c40255119ce8133b87e6aedfab","name":"Juan Ignacio Prieto Nieto","image":{"@type":"ImageObject","inLanguage":"es","@id":"https:\/\/www.asajacyl.com\/soria\/#\/schema\/person\/image\/","url":"https:\/\/secure.gravatar.com\/avatar\/8266b36e4d9001acb4700699a2468dc8?s=96&d=mm&r=g","contentUrl":"https:\/\/secure.gravatar.com\/avatar\/8266b36e4d9001acb4700699a2468dc8?s=96&d=mm&r=g","caption":"Juan Ignacio Prieto Nieto"},"url":"https:\/\/www.asajacyl.com\/soria\/author\/juanfranciscoby"}]}},"_links":{"self":[{"href":"https:\/\/www.asajacyl.com\/soria\/wp-json\/wp\/v2\/posts\/8392"}],"collection":[{"href":"https:\/\/www.asajacyl.com\/soria\/wp-json\/wp\/v2\/posts"}],"about":[{"href":"https:\/\/www.asajacyl.com\/soria\/wp-json\/wp\/v2\/types\/post"}],"author":[{"embeddable":true,"href":"https:\/\/www.asajacyl.com\/soria\/wp-json\/wp\/v2\/users\/12"}],"replies":[{"embeddable":true,"href":"https:\/\/www.asajacyl.com\/soria\/wp-json\/wp\/v2\/comments?post=8392"}],"version-history":[{"count":2,"href":"https:\/\/www.asajacyl.com\/soria\/wp-json\/wp\/v2\/posts\/8392\/revisions"}],"predecessor-version":[{"id":8398,"href":"https:\/\/www.asajacyl.com\/soria\/wp-json\/wp\/v2\/posts\/8392\/revisions\/8398"}],"wp:featuredmedia":[{"embeddable":true,"href":"https:\/\/www.asajacyl.com\/soria\/wp-json\/wp\/v2\/media\/8393"}],"wp:attachment":[{"href":"https:\/\/www.asajacyl.com\/soria\/wp-json\/wp\/v2\/media?parent=8392"}],"wp:term":[{"taxonomy":"category","embeddable":true,"href":"https:\/\/www.asajacyl.com\/soria\/wp-json\/wp\/v2\/categories?post=8392"},{"taxonomy":"post_tag","embeddable":true,"href":"https:\/\/www.asajacyl.com\/soria\/wp-json\/wp\/v2\/tags?post=8392"}],"curies":[{"name":"wp","href":"https:\/\/api.w.org\/{rel}","templated":true}]}}