{"id":8409,"date":"2024-09-25T12:22:31","date_gmt":"2024-09-25T10:22:31","guid":{"rendered":"https:\/\/www.asajacyl.com\/soria\/?p=8409"},"modified":"2024-10-07T14:12:12","modified_gmt":"2024-10-07T12:12:12","slug":"asaja-upa-y-coag-de-soria-invitan-a-todos-los-profesionales-del-campo-a-acudir-a-la-concentracion-de-manana-en-defensa-de-unos-precios-que-sean-suficientes-para-subsistir","status":"publish","type":"post","link":"https:\/\/www.asajacyl.com\/soria\/asaja-soria-informa\/asaja-upa-y-coag-de-soria-invitan-a-todos-los-profesionales-del-campo-a-acudir-a-la-concentracion-de-manana-en-defensa-de-unos-precios-que-sean-suficientes-para-subsistir","title":{"rendered":"ASAJA, Upa y Coag de Soria invitan a todos los profesionales del campo a acudir a la concentraci\u00f3n de ma\u00f1ana en defensa de unos precios que sean suficientes para subsistir"},"content":{"rendered":"\n\n\n<h2><strong>De 13:00 a 14:00 a las puertas de la Subdelegaci\u00f3n del Gobierno<\/strong><\/h2>\n<p><strong>\u00a0<\/strong>Las organizaciones agrarias ASAJA, COAG y UPA invitan a todos los agricultores y ganaderos de la provincia de Soria a que se sumen y participen en la concentraci\u00f3n prevista para ma\u00f1ana a las 13 horas a las puertas de la Subdelegaci\u00f3n del Gobierno.<\/p>\n<p>Con los lemas unitarios de \u2018Precios por los suelos\u2019 y \u2018Por unos precios razonables\u2019, las opas convocantes quieren poner el acento en los baj\u00edsimos precios, que ahondan la crisis del sector cerealista soriano y abocan a la ruina a numerosas explotaciones profesionales familiares de la provincia.<\/p>\n<p>Las principales reivindicaciones son:<\/p>\n<p><em>*Suspensi\u00f3n de importaciones, vigilancia del deprimido mercado interior de cereales y control de calidades de toda la mercanc\u00eda que est\u00e9 ya en puertos.<\/em><\/p>\n<p><em>*Cumplimiento de lo recogido en la Ley de la Cadena Alimentaria que proh\u00edbe remuneraciones por debajo de los costes de producci\u00f3n.<\/em><\/p>\n<p><em>*Comunicaci\u00f3n oficial a la Comisi\u00f3n Europea advirtiendo de la perturbaci\u00f3n del mercado del cereal en Espa\u00f1a en el marco del nuevo Acuerdo Europeo con Ucrania.<\/em><\/p>\n<p><em>*Adelanto efectivo del 70% de la PAC en octubre como acaba de ser autorizado para dar liquidez a las explotaciones ante los ruinosos precios actuales.<\/em><\/p>\n<p>\u00a0<\/p>\n<p>\u00a0<\/p>\n","protected":false},"excerpt":{"rendered":"<p>De 13:00 a 14:00 a las puertas de la Subdelegaci\u00f3n del Gobierno \u00a0Las organizaciones agrarias ASAJA, COAG y UPA invitan a todos los agricultores y ganaderos de la provincia de Soria a que se sumen y participen en la concentraci\u00f3n prevista para ma\u00f1ana a las 13 horas a las puertas de la Subdelegaci\u00f3n del Gobierno. [&hellip;]<\/p>\n","protected":false},"author":12,"featured_media":8410,"comment_status":"open","ping_status":"open","sticky":false,"template":"","format":"standard","meta":{"footnotes":""},"categories":[10,25],"tags":[],"yoast_head":"<!-- This site is optimized with the Yoast SEO plugin v24.5 - https:\/\/yoast.com\/wordpress\/plugins\/seo\/ -->\n<title>ASAJA, Upa y Coag de Soria invitan a todos los profesionales del campo a acudir a la concentraci\u00f3n de ma\u00f1ana en defensa de unos precios que sean suficientes para subsistir - ASAJA Soria<\/title>\n<meta name=\"description\" content=\"De 13:00 a 14:00 a las puertas de la Subdelegaci\u00f3n del Gobierno \u00a0Las organizaciones agrarias ASAJA, COAG y UPA invitan a todos los agricultores y\" \/>\n<meta name=\"robots\" content=\"index, follow, max-snippet:-1, max-image-preview:large, max-video-preview:-1\" \/>\n<link rel=\"canonical\" href=\"https:\/\/www.asajacyl.com\/soria\/asaja-soria-informa\/asaja-upa-y-coag-de-soria-invitan-a-todos-los-profesionales-del-campo-a-acudir-a-la-concentracion-de-manana-en-defensa-de-unos-precios-que-sean-suficientes-para-subsistir\" \/>\n<meta property=\"og:locale\" content=\"es_ES\" \/>\n<meta property=\"og:type\" content=\"article\" \/>\n<meta property=\"og:title\" content=\"ASAJA, Upa y Coag de Soria invitan a todos los profesionales del campo a acudir a la concentraci\u00f3n de ma\u00f1ana en defensa de unos precios que sean suficientes para subsistir - ASAJA Soria\" \/>\n<meta property=\"og:description\" content=\"De 13:00 a 14:00 a las puertas de la Subdelegaci\u00f3n del Gobierno \u00a0Las organizaciones agrarias ASAJA, COAG y UPA invitan a todos los agricultores y\" \/>\n<meta property=\"og:url\" content=\"https:\/\/www.asajacyl.com\/soria\/asaja-soria-informa\/asaja-upa-y-coag-de-soria-invitan-a-todos-los-profesionales-del-campo-a-acudir-a-la-concentracion-de-manana-en-defensa-de-unos-precios-que-sean-suficientes-para-subsistir\" \/>\n<meta property=\"og:site_name\" content=\"ASAJA Soria\" \/>\n<meta property=\"article:published_time\" content=\"2024-09-25T10:22:31+00:00\" \/>\n<meta property=\"article:modified_time\" content=\"2024-10-07T12:12:12+00:00\" \/>\n<meta property=\"og:image\" content=\"https:\/\/www.asajacyl.com\/soria\/wp-content\/uploads\/sites\/9\/2024\/09\/trigo-granos.jpg\" \/>\n\t<meta property=\"og:image:width\" content=\"1024\" \/>\n\t<meta property=\"og:image:height\" content=\"500\" \/>\n\t<meta property=\"og:image:type\" content=\"image\/jpeg\" \/>\n<meta name=\"author\" content=\"Juan Ignacio Prieto Nieto\" \/>\n<meta name=\"twitter:card\" content=\"summary_large_image\" \/>\n<meta name=\"twitter:label1\" content=\"Escrito por\" \/>\n\t<meta name=\"twitter:data1\" content=\"Juan Ignacio Prieto Nieto\" \/>\n\t<meta name=\"twitter:label2\" content=\"Tiempo de lectura\" \/>\n\t<meta name=\"twitter:data2\" content=\"2 minutos\" \/>\n<script type=\"application\/ld+json\" class=\"yoast-schema-graph\">{\"@context\":\"https:\/\/schema.org\",\"@graph\":[{\"@type\":\"WebPage\",\"@id\":\"https:\/\/www.asajacyl.com\/soria\/asaja-soria-informa\/asaja-upa-y-coag-de-soria-invitan-a-todos-los-profesionales-del-campo-a-acudir-a-la-concentracion-de-manana-en-defensa-de-unos-precios-que-sean-suficientes-para-subsistir\",\"url\":\"https:\/\/www.asajacyl.com\/soria\/asaja-soria-informa\/asaja-upa-y-coag-de-soria-invitan-a-todos-los-profesionales-del-campo-a-acudir-a-la-concentracion-de-manana-en-defensa-de-unos-precios-que-sean-suficientes-para-subsistir\",\"name\":\"ASAJA, Upa y Coag de Soria invitan a todos los profesionales del campo a acudir a la concentraci\u00f3n de ma\u00f1ana en defensa de unos precios que sean suficientes para subsistir - ASAJA Soria\",\"isPartOf\":{\"@id\":\"https:\/\/www.asajacyl.com\/soria\/#website\"},\"primaryImageOfPage\":{\"@id\":\"https:\/\/www.asajacyl.com\/soria\/asaja-soria-informa\/asaja-upa-y-coag-de-soria-invitan-a-todos-los-profesionales-del-campo-a-acudir-a-la-concentracion-de-manana-en-defensa-de-unos-precios-que-sean-suficientes-para-subsistir#primaryimage\"},\"image\":{\"@id\":\"https:\/\/www.asajacyl.com\/soria\/asaja-soria-informa\/asaja-upa-y-coag-de-soria-invitan-a-todos-los-profesionales-del-campo-a-acudir-a-la-concentracion-de-manana-en-defensa-de-unos-precios-que-sean-suficientes-para-subsistir#primaryimage\"},\"thumbnailUrl\":\"https:\/\/www.asajacyl.com\/soria\/wp-content\/uploads\/sites\/9\/2024\/09\/trigo-granos.jpg\",\"datePublished\":\"2024-09-25T10:22:31+00:00\",\"dateModified\":\"2024-10-07T12:12:12+00:00\",\"author\":{\"@id\":\"https:\/\/www.asajacyl.com\/soria\/#\/schema\/person\/fd3081c40255119ce8133b87e6aedfab\"},\"description\":\"De 13:00 a 14:00 a las puertas de la Subdelegaci\u00f3n del Gobierno \u00a0Las organizaciones agrarias ASAJA, COAG y UPA invitan a todos los agricultores y\",\"breadcrumb\":{\"@id\":\"https:\/\/www.asajacyl.com\/soria\/asaja-soria-informa\/asaja-upa-y-coag-de-soria-invitan-a-todos-los-profesionales-del-campo-a-acudir-a-la-concentracion-de-manana-en-defensa-de-unos-precios-que-sean-suficientes-para-subsistir#breadcrumb\"},\"inLanguage\":\"es\",\"potentialAction\":[{\"@type\":\"ReadAction\",\"target\":[\"https:\/\/www.asajacyl.com\/soria\/asaja-soria-informa\/asaja-upa-y-coag-de-soria-invitan-a-todos-los-profesionales-del-campo-a-acudir-a-la-concentracion-de-manana-en-defensa-de-unos-precios-que-sean-suficientes-para-subsistir\"]}]},{\"@type\":\"ImageObject\",\"inLanguage\":\"es\",\"@id\":\"https:\/\/www.asajacyl.com\/soria\/asaja-soria-informa\/asaja-upa-y-coag-de-soria-invitan-a-todos-los-profesionales-del-campo-a-acudir-a-la-concentracion-de-manana-en-defensa-de-unos-precios-que-sean-suficientes-para-subsistir#primaryimage\",\"url\":\"https:\/\/www.asajacyl.com\/soria\/wp-content\/uploads\/sites\/9\/2024\/09\/trigo-granos.jpg\",\"contentUrl\":\"https:\/\/www.asajacyl.com\/soria\/wp-content\/uploads\/sites\/9\/2024\/09\/trigo-granos.jpg\",\"width\":1024,\"height\":500},{\"@type\":\"BreadcrumbList\",\"@id\":\"https:\/\/www.asajacyl.com\/soria\/asaja-soria-informa\/asaja-upa-y-coag-de-soria-invitan-a-todos-los-profesionales-del-campo-a-acudir-a-la-concentracion-de-manana-en-defensa-de-unos-precios-que-sean-suficientes-para-subsistir#breadcrumb\",\"itemListElement\":[{\"@type\":\"ListItem\",\"position\":1,\"name\":\"Portada\",\"item\":\"https:\/\/www.asajacyl.com\/soria\/\"},{\"@type\":\"ListItem\",\"position\":2,\"name\":\"ASAJA, Upa y Coag de Soria invitan a todos los profesionales del campo a acudir a la concentraci\u00f3n de ma\u00f1ana en defensa de unos precios que sean suficientes para subsistir\"}]},{\"@type\":\"WebSite\",\"@id\":\"https:\/\/www.asajacyl.com\/soria\/#website\",\"url\":\"https:\/\/www.asajacyl.com\/soria\/\",\"name\":\"ASAJA Soria\",\"description\":\"Otro sitio m\u00e1s de Provincias ASAJA Castilla y Le\u00f3n\",\"potentialAction\":[{\"@type\":\"SearchAction\",\"target\":{\"@type\":\"EntryPoint\",\"urlTemplate\":\"https:\/\/www.asajacyl.com\/soria\/?s={search_term_string}\"},\"query-input\":{\"@type\":\"PropertyValueSpecification\",\"valueRequired\":true,\"valueName\":\"search_term_string\"}}],\"inLanguage\":\"es\"},{\"@type\":\"Person\",\"@id\":\"https:\/\/www.asajacyl.com\/soria\/#\/schema\/person\/fd3081c40255119ce8133b87e6aedfab\",\"name\":\"Juan Ignacio Prieto Nieto\",\"image\":{\"@type\":\"ImageObject\",\"inLanguage\":\"es\",\"@id\":\"https:\/\/www.asajacyl.com\/soria\/#\/schema\/person\/image\/\",\"url\":\"https:\/\/secure.gravatar.com\/avatar\/8266b36e4d9001acb4700699a2468dc8?s=96&d=mm&r=g\",\"contentUrl\":\"https:\/\/secure.gravatar.com\/avatar\/8266b36e4d9001acb4700699a2468dc8?s=96&d=mm&r=g\",\"caption\":\"Juan Ignacio Prieto Nieto\"},\"url\":\"https:\/\/www.asajacyl.com\/soria\/author\/juanfranciscoby\"}]}<\/script>\n<!-- \/ Yoast SEO plugin. -->","yoast_head_json":{"title":"ASAJA, Upa y Coag de Soria invitan a todos los profesionales del campo a acudir a la concentraci\u00f3n de ma\u00f1ana en defensa de unos precios que sean suficientes para subsistir - ASAJA Soria","description":"De 13:00 a 14:00 a las puertas de la Subdelegaci\u00f3n del Gobierno \u00a0Las organizaciones agrarias ASAJA, COAG y UPA invitan a todos los agricultores y","robots":{"index":"index","follow":"follow","max-snippet":"max-snippet:-1","max-image-preview":"max-image-preview:large","max-video-preview":"max-video-preview:-1"},"canonical":"https:\/\/www.asajacyl.com\/soria\/asaja-soria-informa\/asaja-upa-y-coag-de-soria-invitan-a-todos-los-profesionales-del-campo-a-acudir-a-la-concentracion-de-manana-en-defensa-de-unos-precios-que-sean-suficientes-para-subsistir","og_locale":"es_ES","og_type":"article","og_title":"ASAJA, Upa y Coag de Soria invitan a todos los profesionales del campo a acudir a la concentraci\u00f3n de ma\u00f1ana en defensa de unos precios que sean suficientes para subsistir - ASAJA Soria","og_description":"De 13:00 a 14:00 a las puertas de la Subdelegaci\u00f3n del Gobierno \u00a0Las organizaciones agrarias ASAJA, COAG y UPA invitan a todos los agricultores y","og_url":"https:\/\/www.asajacyl.com\/soria\/asaja-soria-informa\/asaja-upa-y-coag-de-soria-invitan-a-todos-los-profesionales-del-campo-a-acudir-a-la-concentracion-de-manana-en-defensa-de-unos-precios-que-sean-suficientes-para-subsistir","og_site_name":"ASAJA Soria","article_published_time":"2024-09-25T10:22:31+00:00","article_modified_time":"2024-10-07T12:12:12+00:00","og_image":[{"width":1024,"height":500,"url":"https:\/\/www.asajacyl.com\/soria\/wp-content\/uploads\/sites\/9\/2024\/09\/trigo-granos.jpg","type":"image\/jpeg"}],"author":"Juan Ignacio Prieto Nieto","twitter_card":"summary_large_image","twitter_misc":{"Escrito por":"Juan Ignacio Prieto Nieto","Tiempo de lectura":"2 minutos"},"schema":{"@context":"https:\/\/schema.org","@graph":[{"@type":"WebPage","@id":"https:\/\/www.asajacyl.com\/soria\/asaja-soria-informa\/asaja-upa-y-coag-de-soria-invitan-a-todos-los-profesionales-del-campo-a-acudir-a-la-concentracion-de-manana-en-defensa-de-unos-precios-que-sean-suficientes-para-subsistir","url":"https:\/\/www.asajacyl.com\/soria\/asaja-soria-informa\/asaja-upa-y-coag-de-soria-invitan-a-todos-los-profesionales-del-campo-a-acudir-a-la-concentracion-de-manana-en-defensa-de-unos-precios-que-sean-suficientes-para-subsistir","name":"ASAJA, Upa y Coag de Soria invitan a todos los profesionales del campo a acudir a la concentraci\u00f3n de ma\u00f1ana en defensa de unos precios que sean suficientes para subsistir - ASAJA Soria","isPartOf":{"@id":"https:\/\/www.asajacyl.com\/soria\/#website"},"primaryImageOfPage":{"@id":"https:\/\/www.asajacyl.com\/soria\/asaja-soria-informa\/asaja-upa-y-coag-de-soria-invitan-a-todos-los-profesionales-del-campo-a-acudir-a-la-concentracion-de-manana-en-defensa-de-unos-precios-que-sean-suficientes-para-subsistir#primaryimage"},"image":{"@id":"https:\/\/www.asajacyl.com\/soria\/asaja-soria-informa\/asaja-upa-y-coag-de-soria-invitan-a-todos-los-profesionales-del-campo-a-acudir-a-la-concentracion-de-manana-en-defensa-de-unos-precios-que-sean-suficientes-para-subsistir#primaryimage"},"thumbnailUrl":"https:\/\/www.asajacyl.com\/soria\/wp-content\/uploads\/sites\/9\/2024\/09\/trigo-granos.jpg","datePublished":"2024-09-25T10:22:31+00:00","dateModified":"2024-10-07T12:12:12+00:00","author":{"@id":"https:\/\/www.asajacyl.com\/soria\/#\/schema\/person\/fd3081c40255119ce8133b87e6aedfab"},"description":"De 13:00 a 14:00 a las puertas de la Subdelegaci\u00f3n del Gobierno \u00a0Las organizaciones agrarias ASAJA, COAG y UPA invitan a todos los agricultores y","breadcrumb":{"@id":"https:\/\/www.asajacyl.com\/soria\/asaja-soria-informa\/asaja-upa-y-coag-de-soria-invitan-a-todos-los-profesionales-del-campo-a-acudir-a-la-concentracion-de-manana-en-defensa-de-unos-precios-que-sean-suficientes-para-subsistir#breadcrumb"},"inLanguage":"es","potentialAction":[{"@type":"ReadAction","target":["https:\/\/www.asajacyl.com\/soria\/asaja-soria-informa\/asaja-upa-y-coag-de-soria-invitan-a-todos-los-profesionales-del-campo-a-acudir-a-la-concentracion-de-manana-en-defensa-de-unos-precios-que-sean-suficientes-para-subsistir"]}]},{"@type":"ImageObject","inLanguage":"es","@id":"https:\/\/www.asajacyl.com\/soria\/asaja-soria-informa\/asaja-upa-y-coag-de-soria-invitan-a-todos-los-profesionales-del-campo-a-acudir-a-la-concentracion-de-manana-en-defensa-de-unos-precios-que-sean-suficientes-para-subsistir#primaryimage","url":"https:\/\/www.asajacyl.com\/soria\/wp-content\/uploads\/sites\/9\/2024\/09\/trigo-granos.jpg","contentUrl":"https:\/\/www.asajacyl.com\/soria\/wp-content\/uploads\/sites\/9\/2024\/09\/trigo-granos.jpg","width":1024,"height":500},{"@type":"BreadcrumbList","@id":"https:\/\/www.asajacyl.com\/soria\/asaja-soria-informa\/asaja-upa-y-coag-de-soria-invitan-a-todos-los-profesionales-del-campo-a-acudir-a-la-concentracion-de-manana-en-defensa-de-unos-precios-que-sean-suficientes-para-subsistir#breadcrumb","itemListElement":[{"@type":"ListItem","position":1,"name":"Portada","item":"https:\/\/www.asajacyl.com\/soria\/"},{"@type":"ListItem","position":2,"name":"ASAJA, Upa y Coag de Soria invitan a todos los profesionales del campo a acudir a la concentraci\u00f3n de ma\u00f1ana en defensa de unos precios que sean suficientes para subsistir"}]},{"@type":"WebSite","@id":"https:\/\/www.asajacyl.com\/soria\/#website","url":"https:\/\/www.asajacyl.com\/soria\/","name":"ASAJA Soria","description":"Otro sitio m\u00e1s de Provincias ASAJA Castilla y Le\u00f3n","potentialAction":[{"@type":"SearchAction","target":{"@type":"EntryPoint","urlTemplate":"https:\/\/www.asajacyl.com\/soria\/?s={search_term_string}"},"query-input":{"@type":"PropertyValueSpecification","valueRequired":true,"valueName":"search_term_string"}}],"inLanguage":"es"},{"@type":"Person","@id":"https:\/\/www.asajacyl.com\/soria\/#\/schema\/person\/fd3081c40255119ce8133b87e6aedfab","name":"Juan Ignacio Prieto Nieto","image":{"@type":"ImageObject","inLanguage":"es","@id":"https:\/\/www.asajacyl.com\/soria\/#\/schema\/person\/image\/","url":"https:\/\/secure.gravatar.com\/avatar\/8266b36e4d9001acb4700699a2468dc8?s=96&d=mm&r=g","contentUrl":"https:\/\/secure.gravatar.com\/avatar\/8266b36e4d9001acb4700699a2468dc8?s=96&d=mm&r=g","caption":"Juan Ignacio Prieto Nieto"},"url":"https:\/\/www.asajacyl.com\/soria\/author\/juanfranciscoby"}]}},"_links":{"self":[{"href":"https:\/\/www.asajacyl.com\/soria\/wp-json\/wp\/v2\/posts\/8409"}],"collection":[{"href":"https:\/\/www.asajacyl.com\/soria\/wp-json\/wp\/v2\/posts"}],"about":[{"href":"https:\/\/www.asajacyl.com\/soria\/wp-json\/wp\/v2\/types\/post"}],"author":[{"embeddable":true,"href":"https:\/\/www.asajacyl.com\/soria\/wp-json\/wp\/v2\/users\/12"}],"replies":[{"embeddable":true,"href":"https:\/\/www.asajacyl.com\/soria\/wp-json\/wp\/v2\/comments?post=8409"}],"version-history":[{"count":1,"href":"https:\/\/www.asajacyl.com\/soria\/wp-json\/wp\/v2\/posts\/8409\/revisions"}],"predecessor-version":[{"id":8411,"href":"https:\/\/www.asajacyl.com\/soria\/wp-json\/wp\/v2\/posts\/8409\/revisions\/8411"}],"wp:featuredmedia":[{"embeddable":true,"href":"https:\/\/www.asajacyl.com\/soria\/wp-json\/wp\/v2\/media\/8410"}],"wp:attachment":[{"href":"https:\/\/www.asajacyl.com\/soria\/wp-json\/wp\/v2\/media?parent=8409"}],"wp:term":[{"taxonomy":"category","embeddable":true,"href":"https:\/\/www.asajacyl.com\/soria\/wp-json\/wp\/v2\/categories?post=8409"},{"taxonomy":"post_tag","embeddable":true,"href":"https:\/\/www.asajacyl.com\/soria\/wp-json\/wp\/v2\/tags?post=8409"}],"curies":[{"name":"wp","href":"https:\/\/api.w.org\/{rel}","templated":true}]}}