{"id":8434,"date":"2024-10-07T14:09:50","date_gmt":"2024-10-07T12:09:50","guid":{"rendered":"https:\/\/www.asajacyl.com\/soria\/?p=8434"},"modified":"2024-11-04T12:45:27","modified_gmt":"2024-11-04T11:45:27","slug":"asaja-y-alianza-upa-coag-convocan-a-todos-los-profesionales-del-campo-a-la-concentracion-en-defensa-de-la-agricultura-cerealista-en-va","status":"publish","type":"post","link":"https:\/\/www.asajacyl.com\/soria\/asaja-soria-informa\/asaja-y-alianza-upa-coag-convocan-a-todos-los-profesionales-del-campo-a-la-concentracion-en-defensa-de-la-agricultura-cerealista-en-va","title":{"rendered":"ASAJA Y ALIANZA UPA-COAG CONVOCAN A TODOS\u00a0\u00a0\u00a0\u00a0\u00a0\u00a0\u00a0\u00a0\u00a0\u00a0\u00a0 LOS PROFESIONALES DEL CAMPO A LA CONCENTRACI\u00d3N EN DEFENSA DE LA AGRICULTURA CEREALISTA EN VALLADOLID"},"content":{"rendered":"\n\n\n<h2>ASAJA Soria pone autocares a disposici\u00f3n de los agricultores que quieran acudir a Valladolid. La protesta es el viernes 11 a las 12:00 en la Delegaci\u00f3n del Gobierno, calle Francesco Scrimieri, 1<\/h2>\n<p>Las organizaciones agrarias ASAJA y la Alianza UPA-COAG invitan a todos los agricultores y ganaderos de Castilla y Le\u00f3n a que se sumen y participen en la concentraci\u00f3n prevista para el pr\u00f3ximo viernes 11 de octubre a las 12 horas en Valladolid, a las puertas de la Delegaci\u00f3n del Gobierno en Castilla y Le\u00f3n.<\/p>\n<p>Con el lema \u201cCostes, importaciones y especulaci\u00f3n arruinan nuestra producci\u00f3n\u201d, las organizaciones convocantes quieren denunciar la crisis econ\u00f3mica que sufre el sector, debido, por una parte, al elevado coste de los factores de producci\u00f3n (fertilizantes, maquinaria, fitosanitarios, energ\u00eda, etc.), y por otra parte a un mercado devaluado por el efecto de importaciones masivas de cereal ucranio, as\u00ed como por la especulaci\u00f3n de operadores que utilizan \u00e9stas para bajar los precios a las producciones locales sin que, por el contrario, los ganaderos est\u00e9n observando ning\u00fan abaratamiento en los piensos.<\/p>\n<p><img loading=\"lazy\" decoding=\"async\" class=\"aligncenter size-full wp-image-8435\" src=\"https:\/\/www.asajacyl.com\/soria\/wp-content\/uploads\/sites\/9\/2024\/10\/PHOTO-2024-10-07-13-31-39.jpg\" alt=\"\" width=\"706\" height=\"679\" srcset=\"https:\/\/www.asajacyl.com\/soria\/wp-content\/uploads\/sites\/9\/2024\/10\/PHOTO-2024-10-07-13-31-39.jpg 706w, https:\/\/www.asajacyl.com\/soria\/wp-content\/uploads\/sites\/9\/2024\/10\/PHOTO-2024-10-07-13-31-39-300x289.jpg 300w, https:\/\/www.asajacyl.com\/soria\/wp-content\/uploads\/sites\/9\/2024\/10\/PHOTO-2024-10-07-13-31-39-437x420.jpg 437w, https:\/\/www.asajacyl.com\/soria\/wp-content\/uploads\/sites\/9\/2024\/10\/PHOTO-2024-10-07-13-31-39-696x669.jpg 696w\" sizes=\"(max-width: 706px) 100vw, 706px\" \/><\/p>\n<p>Las organizaciones agrarias, que invitan a todos los agricultores a secundar la protesta, advierten que son ya varias campa\u00f1as consecutivas de n\u00fameros rojos para el sector cerealista, bien a causa de bajas cosechas por la sequ\u00eda, bien por los disparados costes de producci\u00f3n, por el hundimiento de los precios o por la combinaci\u00f3n de varias de ellas.<\/p>\n<p>Esta situaci\u00f3n sostenida de p\u00e9rdidas est\u00e1 repercutiendo ya en un descenso de las siembras, que seguir\u00e1 ampli\u00e1ndose esta campa\u00f1a si los agricultores no reciben signos claros de que el cereal tiene futuro, para lo que es imprescindible medidas concretas de apoyo por parte de los responsables pol\u00edticos.<\/p>\n<p>\u00a0<\/p>\n<p>\u00a0<\/p>\n<p>\u00a0<\/p>\n","protected":false},"excerpt":{"rendered":"<p>ASAJA Soria pone autocares a disposici\u00f3n de los agricultores que quieran acudir a Valladolid. La protesta es el viernes 11 a las 12:00 en la Delegaci\u00f3n del Gobierno, calle Francesco Scrimieri, 1 Las organizaciones agrarias ASAJA y la Alianza UPA-COAG invitan a todos los agricultores y ganaderos de Castilla y Le\u00f3n a que se sumen [&hellip;]<\/p>\n","protected":false},"author":12,"featured_media":8435,"comment_status":"open","ping_status":"open","sticky":false,"template":"","format":"standard","meta":{"footnotes":""},"categories":[10,25],"tags":[],"yoast_head":"<!-- This site is optimized with the Yoast SEO plugin v24.5 - https:\/\/yoast.com\/wordpress\/plugins\/seo\/ -->\n<title>ASAJA Y ALIANZA UPA-COAG CONVOCAN A TODOS\u00a0\u00a0\u00a0\u00a0\u00a0\u00a0\u00a0\u00a0\u00a0\u00a0\u00a0 LOS PROFESIONALES DEL CAMPO A LA CONCENTRACI\u00d3N EN DEFENSA DE LA AGRICULTURA CEREALISTA EN VALLADOLID - ASAJA Soria<\/title>\n<meta name=\"description\" content=\"ASAJA Soria pone autocares a disposici\u00f3n de los agricultores que quieran acudir a Valladolid. La protesta es el viernes 11 a las 12:00 en la Delegaci\u00f3n\" \/>\n<meta name=\"robots\" content=\"index, follow, max-snippet:-1, max-image-preview:large, max-video-preview:-1\" \/>\n<link rel=\"canonical\" href=\"https:\/\/www.asajacyl.com\/soria\/asaja-soria-informa\/asaja-y-alianza-upa-coag-convocan-a-todos-los-profesionales-del-campo-a-la-concentracion-en-defensa-de-la-agricultura-cerealista-en-va\" \/>\n<meta property=\"og:locale\" content=\"es_ES\" \/>\n<meta property=\"og:type\" content=\"article\" \/>\n<meta property=\"og:title\" content=\"ASAJA Y ALIANZA UPA-COAG CONVOCAN A TODOS\u00a0\u00a0\u00a0\u00a0\u00a0\u00a0\u00a0\u00a0\u00a0\u00a0\u00a0 LOS PROFESIONALES DEL CAMPO A LA CONCENTRACI\u00d3N EN DEFENSA DE LA AGRICULTURA CEREALISTA EN VALLADOLID - ASAJA Soria\" \/>\n<meta property=\"og:description\" content=\"ASAJA Soria pone autocares a disposici\u00f3n de los agricultores que quieran acudir a Valladolid. La protesta es el viernes 11 a las 12:00 en la Delegaci\u00f3n\" \/>\n<meta property=\"og:url\" content=\"https:\/\/www.asajacyl.com\/soria\/asaja-soria-informa\/asaja-y-alianza-upa-coag-convocan-a-todos-los-profesionales-del-campo-a-la-concentracion-en-defensa-de-la-agricultura-cerealista-en-va\" \/>\n<meta property=\"og:site_name\" content=\"ASAJA Soria\" \/>\n<meta property=\"article:published_time\" content=\"2024-10-07T12:09:50+00:00\" \/>\n<meta property=\"article:modified_time\" content=\"2024-11-04T11:45:27+00:00\" \/>\n<meta property=\"og:image\" content=\"https:\/\/www.asajacyl.com\/soria\/wp-content\/uploads\/sites\/9\/2024\/10\/PHOTO-2024-10-07-13-31-39.jpg\" \/>\n\t<meta property=\"og:image:width\" content=\"706\" \/>\n\t<meta property=\"og:image:height\" content=\"679\" \/>\n\t<meta property=\"og:image:type\" content=\"image\/jpeg\" \/>\n<meta name=\"author\" content=\"Juan Ignacio Prieto Nieto\" \/>\n<meta name=\"twitter:card\" content=\"summary_large_image\" \/>\n<meta name=\"twitter:label1\" content=\"Escrito por\" \/>\n\t<meta name=\"twitter:data1\" content=\"Juan Ignacio Prieto Nieto\" \/>\n\t<meta name=\"twitter:label2\" content=\"Tiempo de lectura\" \/>\n\t<meta name=\"twitter:data2\" content=\"2 minutos\" \/>\n<script type=\"application\/ld+json\" class=\"yoast-schema-graph\">{\"@context\":\"https:\/\/schema.org\",\"@graph\":[{\"@type\":\"WebPage\",\"@id\":\"https:\/\/www.asajacyl.com\/soria\/asaja-soria-informa\/asaja-y-alianza-upa-coag-convocan-a-todos-los-profesionales-del-campo-a-la-concentracion-en-defensa-de-la-agricultura-cerealista-en-va\",\"url\":\"https:\/\/www.asajacyl.com\/soria\/asaja-soria-informa\/asaja-y-alianza-upa-coag-convocan-a-todos-los-profesionales-del-campo-a-la-concentracion-en-defensa-de-la-agricultura-cerealista-en-va\",\"name\":\"ASAJA Y ALIANZA UPA-COAG CONVOCAN A TODOS\u00a0\u00a0\u00a0\u00a0\u00a0\u00a0\u00a0\u00a0\u00a0\u00a0\u00a0 LOS PROFESIONALES DEL CAMPO A LA CONCENTRACI\u00d3N EN DEFENSA DE LA AGRICULTURA CEREALISTA EN VALLADOLID - ASAJA Soria\",\"isPartOf\":{\"@id\":\"https:\/\/www.asajacyl.com\/soria\/#website\"},\"primaryImageOfPage\":{\"@id\":\"https:\/\/www.asajacyl.com\/soria\/asaja-soria-informa\/asaja-y-alianza-upa-coag-convocan-a-todos-los-profesionales-del-campo-a-la-concentracion-en-defensa-de-la-agricultura-cerealista-en-va#primaryimage\"},\"image\":{\"@id\":\"https:\/\/www.asajacyl.com\/soria\/asaja-soria-informa\/asaja-y-alianza-upa-coag-convocan-a-todos-los-profesionales-del-campo-a-la-concentracion-en-defensa-de-la-agricultura-cerealista-en-va#primaryimage\"},\"thumbnailUrl\":\"https:\/\/www.asajacyl.com\/soria\/wp-content\/uploads\/sites\/9\/2024\/10\/PHOTO-2024-10-07-13-31-39.jpg\",\"datePublished\":\"2024-10-07T12:09:50+00:00\",\"dateModified\":\"2024-11-04T11:45:27+00:00\",\"author\":{\"@id\":\"https:\/\/www.asajacyl.com\/soria\/#\/schema\/person\/fd3081c40255119ce8133b87e6aedfab\"},\"description\":\"ASAJA Soria pone autocares a disposici\u00f3n de los agricultores que quieran acudir a Valladolid. La protesta es el viernes 11 a las 12:00 en la Delegaci\u00f3n\",\"breadcrumb\":{\"@id\":\"https:\/\/www.asajacyl.com\/soria\/asaja-soria-informa\/asaja-y-alianza-upa-coag-convocan-a-todos-los-profesionales-del-campo-a-la-concentracion-en-defensa-de-la-agricultura-cerealista-en-va#breadcrumb\"},\"inLanguage\":\"es\",\"potentialAction\":[{\"@type\":\"ReadAction\",\"target\":[\"https:\/\/www.asajacyl.com\/soria\/asaja-soria-informa\/asaja-y-alianza-upa-coag-convocan-a-todos-los-profesionales-del-campo-a-la-concentracion-en-defensa-de-la-agricultura-cerealista-en-va\"]}]},{\"@type\":\"ImageObject\",\"inLanguage\":\"es\",\"@id\":\"https:\/\/www.asajacyl.com\/soria\/asaja-soria-informa\/asaja-y-alianza-upa-coag-convocan-a-todos-los-profesionales-del-campo-a-la-concentracion-en-defensa-de-la-agricultura-cerealista-en-va#primaryimage\",\"url\":\"https:\/\/www.asajacyl.com\/soria\/wp-content\/uploads\/sites\/9\/2024\/10\/PHOTO-2024-10-07-13-31-39.jpg\",\"contentUrl\":\"https:\/\/www.asajacyl.com\/soria\/wp-content\/uploads\/sites\/9\/2024\/10\/PHOTO-2024-10-07-13-31-39.jpg\",\"width\":706,\"height\":679},{\"@type\":\"BreadcrumbList\",\"@id\":\"https:\/\/www.asajacyl.com\/soria\/asaja-soria-informa\/asaja-y-alianza-upa-coag-convocan-a-todos-los-profesionales-del-campo-a-la-concentracion-en-defensa-de-la-agricultura-cerealista-en-va#breadcrumb\",\"itemListElement\":[{\"@type\":\"ListItem\",\"position\":1,\"name\":\"Portada\",\"item\":\"https:\/\/www.asajacyl.com\/soria\/\"},{\"@type\":\"ListItem\",\"position\":2,\"name\":\"ASAJA Y ALIANZA UPA-COAG CONVOCAN A TODOS\u00a0\u00a0\u00a0\u00a0\u00a0\u00a0\u00a0\u00a0\u00a0\u00a0\u00a0 LOS PROFESIONALES DEL CAMPO A LA CONCENTRACI\u00d3N EN DEFENSA DE LA AGRICULTURA CEREALISTA EN VALLADOLID\"}]},{\"@type\":\"WebSite\",\"@id\":\"https:\/\/www.asajacyl.com\/soria\/#website\",\"url\":\"https:\/\/www.asajacyl.com\/soria\/\",\"name\":\"ASAJA Soria\",\"description\":\"Otro sitio m\u00e1s de Provincias ASAJA Castilla y Le\u00f3n\",\"potentialAction\":[{\"@type\":\"SearchAction\",\"target\":{\"@type\":\"EntryPoint\",\"urlTemplate\":\"https:\/\/www.asajacyl.com\/soria\/?s={search_term_string}\"},\"query-input\":{\"@type\":\"PropertyValueSpecification\",\"valueRequired\":true,\"valueName\":\"search_term_string\"}}],\"inLanguage\":\"es\"},{\"@type\":\"Person\",\"@id\":\"https:\/\/www.asajacyl.com\/soria\/#\/schema\/person\/fd3081c40255119ce8133b87e6aedfab\",\"name\":\"Juan Ignacio Prieto Nieto\",\"image\":{\"@type\":\"ImageObject\",\"inLanguage\":\"es\",\"@id\":\"https:\/\/www.asajacyl.com\/soria\/#\/schema\/person\/image\/\",\"url\":\"https:\/\/secure.gravatar.com\/avatar\/8266b36e4d9001acb4700699a2468dc8?s=96&d=mm&r=g\",\"contentUrl\":\"https:\/\/secure.gravatar.com\/avatar\/8266b36e4d9001acb4700699a2468dc8?s=96&d=mm&r=g\",\"caption\":\"Juan Ignacio Prieto Nieto\"},\"url\":\"https:\/\/www.asajacyl.com\/soria\/author\/juanfranciscoby\"}]}<\/script>\n<!-- \/ Yoast SEO plugin. -->","yoast_head_json":{"title":"ASAJA Y ALIANZA UPA-COAG CONVOCAN A TODOS\u00a0\u00a0\u00a0\u00a0\u00a0\u00a0\u00a0\u00a0\u00a0\u00a0\u00a0 LOS PROFESIONALES DEL CAMPO A LA CONCENTRACI\u00d3N EN DEFENSA DE LA AGRICULTURA CEREALISTA EN VALLADOLID - ASAJA Soria","description":"ASAJA Soria pone autocares a disposici\u00f3n de los agricultores que quieran acudir a Valladolid. La protesta es el viernes 11 a las 12:00 en la Delegaci\u00f3n","robots":{"index":"index","follow":"follow","max-snippet":"max-snippet:-1","max-image-preview":"max-image-preview:large","max-video-preview":"max-video-preview:-1"},"canonical":"https:\/\/www.asajacyl.com\/soria\/asaja-soria-informa\/asaja-y-alianza-upa-coag-convocan-a-todos-los-profesionales-del-campo-a-la-concentracion-en-defensa-de-la-agricultura-cerealista-en-va","og_locale":"es_ES","og_type":"article","og_title":"ASAJA Y ALIANZA UPA-COAG CONVOCAN A TODOS\u00a0\u00a0\u00a0\u00a0\u00a0\u00a0\u00a0\u00a0\u00a0\u00a0\u00a0 LOS PROFESIONALES DEL CAMPO A LA CONCENTRACI\u00d3N EN DEFENSA DE LA AGRICULTURA CEREALISTA EN VALLADOLID - ASAJA Soria","og_description":"ASAJA Soria pone autocares a disposici\u00f3n de los agricultores que quieran acudir a Valladolid. La protesta es el viernes 11 a las 12:00 en la Delegaci\u00f3n","og_url":"https:\/\/www.asajacyl.com\/soria\/asaja-soria-informa\/asaja-y-alianza-upa-coag-convocan-a-todos-los-profesionales-del-campo-a-la-concentracion-en-defensa-de-la-agricultura-cerealista-en-va","og_site_name":"ASAJA Soria","article_published_time":"2024-10-07T12:09:50+00:00","article_modified_time":"2024-11-04T11:45:27+00:00","og_image":[{"width":706,"height":679,"url":"https:\/\/www.asajacyl.com\/soria\/wp-content\/uploads\/sites\/9\/2024\/10\/PHOTO-2024-10-07-13-31-39.jpg","type":"image\/jpeg"}],"author":"Juan Ignacio Prieto Nieto","twitter_card":"summary_large_image","twitter_misc":{"Escrito por":"Juan Ignacio Prieto Nieto","Tiempo de lectura":"2 minutos"},"schema":{"@context":"https:\/\/schema.org","@graph":[{"@type":"WebPage","@id":"https:\/\/www.asajacyl.com\/soria\/asaja-soria-informa\/asaja-y-alianza-upa-coag-convocan-a-todos-los-profesionales-del-campo-a-la-concentracion-en-defensa-de-la-agricultura-cerealista-en-va","url":"https:\/\/www.asajacyl.com\/soria\/asaja-soria-informa\/asaja-y-alianza-upa-coag-convocan-a-todos-los-profesionales-del-campo-a-la-concentracion-en-defensa-de-la-agricultura-cerealista-en-va","name":"ASAJA Y ALIANZA UPA-COAG CONVOCAN A TODOS\u00a0\u00a0\u00a0\u00a0\u00a0\u00a0\u00a0\u00a0\u00a0\u00a0\u00a0 LOS PROFESIONALES DEL CAMPO A LA CONCENTRACI\u00d3N EN DEFENSA DE LA AGRICULTURA CEREALISTA EN VALLADOLID - ASAJA Soria","isPartOf":{"@id":"https:\/\/www.asajacyl.com\/soria\/#website"},"primaryImageOfPage":{"@id":"https:\/\/www.asajacyl.com\/soria\/asaja-soria-informa\/asaja-y-alianza-upa-coag-convocan-a-todos-los-profesionales-del-campo-a-la-concentracion-en-defensa-de-la-agricultura-cerealista-en-va#primaryimage"},"image":{"@id":"https:\/\/www.asajacyl.com\/soria\/asaja-soria-informa\/asaja-y-alianza-upa-coag-convocan-a-todos-los-profesionales-del-campo-a-la-concentracion-en-defensa-de-la-agricultura-cerealista-en-va#primaryimage"},"thumbnailUrl":"https:\/\/www.asajacyl.com\/soria\/wp-content\/uploads\/sites\/9\/2024\/10\/PHOTO-2024-10-07-13-31-39.jpg","datePublished":"2024-10-07T12:09:50+00:00","dateModified":"2024-11-04T11:45:27+00:00","author":{"@id":"https:\/\/www.asajacyl.com\/soria\/#\/schema\/person\/fd3081c40255119ce8133b87e6aedfab"},"description":"ASAJA Soria pone autocares a disposici\u00f3n de los agricultores que quieran acudir a Valladolid. La protesta es el viernes 11 a las 12:00 en la Delegaci\u00f3n","breadcrumb":{"@id":"https:\/\/www.asajacyl.com\/soria\/asaja-soria-informa\/asaja-y-alianza-upa-coag-convocan-a-todos-los-profesionales-del-campo-a-la-concentracion-en-defensa-de-la-agricultura-cerealista-en-va#breadcrumb"},"inLanguage":"es","potentialAction":[{"@type":"ReadAction","target":["https:\/\/www.asajacyl.com\/soria\/asaja-soria-informa\/asaja-y-alianza-upa-coag-convocan-a-todos-los-profesionales-del-campo-a-la-concentracion-en-defensa-de-la-agricultura-cerealista-en-va"]}]},{"@type":"ImageObject","inLanguage":"es","@id":"https:\/\/www.asajacyl.com\/soria\/asaja-soria-informa\/asaja-y-alianza-upa-coag-convocan-a-todos-los-profesionales-del-campo-a-la-concentracion-en-defensa-de-la-agricultura-cerealista-en-va#primaryimage","url":"https:\/\/www.asajacyl.com\/soria\/wp-content\/uploads\/sites\/9\/2024\/10\/PHOTO-2024-10-07-13-31-39.jpg","contentUrl":"https:\/\/www.asajacyl.com\/soria\/wp-content\/uploads\/sites\/9\/2024\/10\/PHOTO-2024-10-07-13-31-39.jpg","width":706,"height":679},{"@type":"BreadcrumbList","@id":"https:\/\/www.asajacyl.com\/soria\/asaja-soria-informa\/asaja-y-alianza-upa-coag-convocan-a-todos-los-profesionales-del-campo-a-la-concentracion-en-defensa-de-la-agricultura-cerealista-en-va#breadcrumb","itemListElement":[{"@type":"ListItem","position":1,"name":"Portada","item":"https:\/\/www.asajacyl.com\/soria\/"},{"@type":"ListItem","position":2,"name":"ASAJA Y ALIANZA UPA-COAG CONVOCAN A TODOS\u00a0\u00a0\u00a0\u00a0\u00a0\u00a0\u00a0\u00a0\u00a0\u00a0\u00a0 LOS PROFESIONALES DEL CAMPO A LA CONCENTRACI\u00d3N EN DEFENSA DE LA AGRICULTURA CEREALISTA EN VALLADOLID"}]},{"@type":"WebSite","@id":"https:\/\/www.asajacyl.com\/soria\/#website","url":"https:\/\/www.asajacyl.com\/soria\/","name":"ASAJA Soria","description":"Otro sitio m\u00e1s de Provincias ASAJA Castilla y Le\u00f3n","potentialAction":[{"@type":"SearchAction","target":{"@type":"EntryPoint","urlTemplate":"https:\/\/www.asajacyl.com\/soria\/?s={search_term_string}"},"query-input":{"@type":"PropertyValueSpecification","valueRequired":true,"valueName":"search_term_string"}}],"inLanguage":"es"},{"@type":"Person","@id":"https:\/\/www.asajacyl.com\/soria\/#\/schema\/person\/fd3081c40255119ce8133b87e6aedfab","name":"Juan Ignacio Prieto Nieto","image":{"@type":"ImageObject","inLanguage":"es","@id":"https:\/\/www.asajacyl.com\/soria\/#\/schema\/person\/image\/","url":"https:\/\/secure.gravatar.com\/avatar\/8266b36e4d9001acb4700699a2468dc8?s=96&d=mm&r=g","contentUrl":"https:\/\/secure.gravatar.com\/avatar\/8266b36e4d9001acb4700699a2468dc8?s=96&d=mm&r=g","caption":"Juan Ignacio Prieto Nieto"},"url":"https:\/\/www.asajacyl.com\/soria\/author\/juanfranciscoby"}]}},"_links":{"self":[{"href":"https:\/\/www.asajacyl.com\/soria\/wp-json\/wp\/v2\/posts\/8434"}],"collection":[{"href":"https:\/\/www.asajacyl.com\/soria\/wp-json\/wp\/v2\/posts"}],"about":[{"href":"https:\/\/www.asajacyl.com\/soria\/wp-json\/wp\/v2\/types\/post"}],"author":[{"embeddable":true,"href":"https:\/\/www.asajacyl.com\/soria\/wp-json\/wp\/v2\/users\/12"}],"replies":[{"embeddable":true,"href":"https:\/\/www.asajacyl.com\/soria\/wp-json\/wp\/v2\/comments?post=8434"}],"version-history":[{"count":2,"href":"https:\/\/www.asajacyl.com\/soria\/wp-json\/wp\/v2\/posts\/8434\/revisions"}],"predecessor-version":[{"id":8439,"href":"https:\/\/www.asajacyl.com\/soria\/wp-json\/wp\/v2\/posts\/8434\/revisions\/8439"}],"wp:featuredmedia":[{"embeddable":true,"href":"https:\/\/www.asajacyl.com\/soria\/wp-json\/wp\/v2\/media\/8435"}],"wp:attachment":[{"href":"https:\/\/www.asajacyl.com\/soria\/wp-json\/wp\/v2\/media?parent=8434"}],"wp:term":[{"taxonomy":"category","embeddable":true,"href":"https:\/\/www.asajacyl.com\/soria\/wp-json\/wp\/v2\/categories?post=8434"},{"taxonomy":"post_tag","embeddable":true,"href":"https:\/\/www.asajacyl.com\/soria\/wp-json\/wp\/v2\/tags?post=8434"}],"curies":[{"name":"wp","href":"https:\/\/api.w.org\/{rel}","templated":true}]}}