{"id":8440,"date":"2024-10-08T18:54:48","date_gmt":"2024-10-08T16:54:48","guid":{"rendered":"https:\/\/www.asajacyl.com\/soria\/?p=8440"},"modified":"2024-10-08T18:54:51","modified_gmt":"2024-10-08T16:54:51","slug":"ya-se-conocen-los-ganadores-de-los-concursos-de-asaja-para-ninos-y-jovenes-2","status":"publish","type":"post","link":"https:\/\/www.asajacyl.com\/soria\/asaja-soria-informa\/ya-se-conocen-los-ganadores-de-los-concursos-de-asaja-para-ninos-y-jovenes-2","title":{"rendered":"YA SE CONOCEN LOS GANADORES DE LOS CONCURSOS DE ASAJA PARA NI\u00d1OS Y J\u00d3VENES"},"content":{"rendered":"\n<p>Patrocinados por la Fundaci\u00f3n de Castilla y Le\u00f3n<\/p>\n\n\n\n\n\n<p>Ya se han fallado el XXVI Concurso Infantil de Pintura del Medio Rural \u201cAs\u00ed es mi pueblo\u201d y el XVI Concurso de Fotograf\u00eda Juvenil \u201cMi pueblo, mi gente\u201d, organizados por ASAJA de Castilla y Le\u00f3n con el patrocinio de la Fundaci\u00f3n de Castilla y Le\u00f3n. El jurado, reunido hoy en la sede de las Cortes auton\u00f3micas, ha estado formado por su presidente, Carlos Poll\u00e1n Fern\u00e1ndez; el dibujante y humorista gr\u00e1fico de ABC Jos\u00e9 Mar\u00eda Nieto, el fot\u00f3grafo Miguel \u00c1ngel Santos, y Donaciano Dujo, presidente de ASAJA de Castilla y Le\u00f3n.<\/p>\n<p>Con el concurso de pintura \u201cAs\u00ed es mi pueblo\u201d se busca que los ni\u00f1os del medio rural de Castilla y Le\u00f3n muestren sobre el papel el d\u00eda a d\u00eda de los pueblos de nuestra comunidad aut\u00f3noma. El objetivo del concurso \u201cMi pueblo, mi gente\u201d es que los m\u00e1s j\u00f3venes plasmen en fotograf\u00edas diferentes aspectos de la vida en los pueblos en los que residen o veranean, convirtiendo as\u00ed a los adolescentes \u201creporteros\u201d del d\u00eda a d\u00eda rural.<\/p>\n<p>As\u00ed, entre los motivos escogidos en los trabajos destacan los paisajes rurales, la agricultura y ganader\u00eda (sus favoritos son los tractores, cultivos, animales de granja, etc.), las actividades que se desarrollan en los pueblos (desde ferias de alimentos, senderismo, folklore, procesiones\u2026) hasta los retratos de sus seres m\u00e1s queridos, tanto familia como amigos.<\/p>\n<p>En total han participado en el concurso de pintura cerca de un centenar de trabajos de ni\u00f1os y ni\u00f1as de hasta 12 a\u00f1os, y se han presentado 140 fotograf\u00edas al certamen de j\u00f3venes. Aunque la mayor parte de los concursantes tienen su residencia en localidades rurales de Castilla y Le\u00f3n, tambi\u00e9n hay una parte significativa que veranean en los pueblos de origen de sus familias, pero residen en n\u00facleos urbanos, principalmente de Madrid, de Navarra y del Pa\u00eds Vasco.<\/p>\n<p><u>Los premiados en el concurso de <strong>pintura infantil<\/strong> \u201cAs\u00ed es mi pueblo\u201d han sido:<br \/><br \/><\/u><\/p>\n<p>Primera categor\u00eda (hasta 5 a\u00f1os de edad)<br \/>1\u00ba <strong>Jes\u00fas Valle de Castro,<\/strong> de 5 a\u00f1os, de Guijuelo, Salamanca<\/p>\n<p>2\u00ba <strong>Nahia Rivero Ulecia<\/strong>, de 4 a\u00f1os, de Miraveche, Burgos<\/p>\n<p><br \/>Segunda categor\u00eda (de 6 a 9 a\u00f1os de edad)<br \/>1\u00ba <strong>Irene Cuadrado S\u00e1nchez<\/strong>, de 7 a\u00f1os, de Valladolid<\/p>\n<p>2\u00ba <strong>Sergio Gonz\u00e1lez Rosete <\/strong>de 6 a\u00f1os, de Toro, Zamora<\/p>\n<p><br \/>Tercera categor\u00eda (de 10 a 12 a\u00f1os)<br \/>1\u00ba <strong>Alba Gil Rodrig\u00e1lvarez<\/strong>, de 12 a\u00f1os, de Monteagudo de las Vicar\u00edas, Soria<\/p>\n<p>2\u00ba <strong>David Garrido Ruano<\/strong>, de 12 a\u00f1os, de Palazuelos de Eresma, Segovia<\/p>\n<p>Acc\u00e9sit:<\/p>\n<p><strong>Mart\u00edn Ayuso Santana<\/strong>, de 10 a\u00f1os, de Canales, \u00c1vila<\/p>\n<p><br \/><u>Los autores de las <strong>fotograf\u00edas premiadas<\/strong> en el concurso \u201cMi pueblo, mi gente\u201d han sido:<\/u><\/p>\n<p><br \/>Primer premio<\/p>\n<p><strong>Aroa Moreno Morato<\/strong>, de 14 a\u00f1os, de Fuenterroble de Salvatierra, Salamanca<\/p>\n<p>Acc\u00e9sit<\/p>\n<p><strong>Carla Molina Herrero, de <\/strong>13 a\u00f1os, de Covaleda, Soria<\/p>\n<p><strong>Jimena Mediavilla Alonso,<\/strong> de 16 a\u00f1os, de Burgos<\/p>\n<p>Con este certamen, ASAJA quisiera contribuir a que los j\u00f3venes valoren los pueblos y se impliquen en la construcci\u00f3n del futuro rural. Los ni\u00f1os galardonados en el concurso de dibujo recibir\u00e1n diferentes regalos, consistentes en material de pintura, lotes de libros, juegos educativos, etc. Respecto al concurso de fotograf\u00eda, los premios son econ\u00f3micos (200 y 120 euros, respectivamente, primer premio y acc\u00e9sit). Adem\u00e1s, todos los participantes recibir\u00e1n un peque\u00f1o obsequio en agradecimiento a su participaci\u00f3n.<\/p>\n<p>\u00a0<\/p>\n","protected":false},"excerpt":{"rendered":"<p>Patrocinados por la Fundaci\u00f3n de Castilla y Le\u00f3n Ya se han fallado el XXVI Concurso Infantil de Pintura del Medio Rural \u201cAs\u00ed es mi pueblo\u201d y el XVI Concurso de Fotograf\u00eda Juvenil \u201cMi pueblo, mi gente\u201d, organizados por ASAJA de Castilla y Le\u00f3n con el patrocinio de la Fundaci\u00f3n de Castilla y Le\u00f3n. El jurado, [&hellip;]<\/p>\n","protected":false},"author":12,"featured_media":8207,"comment_status":"open","ping_status":"open","sticky":false,"template":"","format":"standard","meta":{"footnotes":""},"categories":[10,25],"tags":[],"yoast_head":"<!-- This site is optimized with the Yoast SEO plugin v24.5 - https:\/\/yoast.com\/wordpress\/plugins\/seo\/ -->\n<title>YA SE CONOCEN LOS GANADORES DE LOS CONCURSOS DE ASAJA PARA NI\u00d1OS Y J\u00d3VENES - ASAJA Soria<\/title>\n<meta name=\"description\" content=\"Patrocinados por la Fundaci\u00f3n de Castilla y Le\u00f3n Ya se han fallado el XXVI Concurso Infantil de Pintura del Medio Rural \u201cAs\u00ed es mi pueblo\u201d y el XVI\" \/>\n<meta name=\"robots\" content=\"index, follow, max-snippet:-1, max-image-preview:large, max-video-preview:-1\" \/>\n<link rel=\"canonical\" href=\"https:\/\/www.asajacyl.com\/soria\/asaja-soria-informa\/ya-se-conocen-los-ganadores-de-los-concursos-de-asaja-para-ninos-y-jovenes-2\" \/>\n<meta property=\"og:locale\" content=\"es_ES\" \/>\n<meta property=\"og:type\" content=\"article\" \/>\n<meta property=\"og:title\" content=\"YA SE CONOCEN LOS GANADORES DE LOS CONCURSOS DE ASAJA PARA NI\u00d1OS Y J\u00d3VENES - ASAJA Soria\" \/>\n<meta property=\"og:description\" content=\"Patrocinados por la Fundaci\u00f3n de Castilla y Le\u00f3n Ya se han fallado el XXVI Concurso Infantil de Pintura del Medio Rural \u201cAs\u00ed es mi pueblo\u201d y el XVI\" \/>\n<meta property=\"og:url\" content=\"https:\/\/www.asajacyl.com\/soria\/asaja-soria-informa\/ya-se-conocen-los-ganadores-de-los-concursos-de-asaja-para-ninos-y-jovenes-2\" \/>\n<meta property=\"og:site_name\" content=\"ASAJA Soria\" \/>\n<meta property=\"article:published_time\" content=\"2024-10-08T16:54:48+00:00\" \/>\n<meta property=\"article:modified_time\" content=\"2024-10-08T16:54:51+00:00\" \/>\n<meta property=\"og:image\" content=\"https:\/\/www.asajacyl.com\/soria\/wp-content\/uploads\/sites\/9\/2024\/07\/Para-redes-2024-concurso.jpg\" \/>\n\t<meta property=\"og:image:width\" content=\"1080\" \/>\n\t<meta property=\"og:image:height\" content=\"1205\" \/>\n\t<meta property=\"og:image:type\" content=\"image\/jpeg\" \/>\n<meta name=\"author\" content=\"Juan Ignacio Prieto Nieto\" \/>\n<meta name=\"twitter:card\" content=\"summary_large_image\" \/>\n<meta name=\"twitter:label1\" content=\"Escrito por\" \/>\n\t<meta name=\"twitter:data1\" content=\"Juan Ignacio Prieto Nieto\" \/>\n\t<meta name=\"twitter:label2\" content=\"Tiempo de lectura\" \/>\n\t<meta name=\"twitter:data2\" content=\"3 minutos\" \/>\n<script type=\"application\/ld+json\" class=\"yoast-schema-graph\">{\"@context\":\"https:\/\/schema.org\",\"@graph\":[{\"@type\":\"WebPage\",\"@id\":\"https:\/\/www.asajacyl.com\/soria\/asaja-soria-informa\/ya-se-conocen-los-ganadores-de-los-concursos-de-asaja-para-ninos-y-jovenes-2\",\"url\":\"https:\/\/www.asajacyl.com\/soria\/asaja-soria-informa\/ya-se-conocen-los-ganadores-de-los-concursos-de-asaja-para-ninos-y-jovenes-2\",\"name\":\"YA SE CONOCEN LOS GANADORES DE LOS CONCURSOS DE ASAJA PARA NI\u00d1OS Y J\u00d3VENES - ASAJA Soria\",\"isPartOf\":{\"@id\":\"https:\/\/www.asajacyl.com\/soria\/#website\"},\"primaryImageOfPage\":{\"@id\":\"https:\/\/www.asajacyl.com\/soria\/asaja-soria-informa\/ya-se-conocen-los-ganadores-de-los-concursos-de-asaja-para-ninos-y-jovenes-2#primaryimage\"},\"image\":{\"@id\":\"https:\/\/www.asajacyl.com\/soria\/asaja-soria-informa\/ya-se-conocen-los-ganadores-de-los-concursos-de-asaja-para-ninos-y-jovenes-2#primaryimage\"},\"thumbnailUrl\":\"https:\/\/www.asajacyl.com\/soria\/wp-content\/uploads\/sites\/9\/2024\/07\/Para-redes-2024-concurso.jpg\",\"datePublished\":\"2024-10-08T16:54:48+00:00\",\"dateModified\":\"2024-10-08T16:54:51+00:00\",\"author\":{\"@id\":\"https:\/\/www.asajacyl.com\/soria\/#\/schema\/person\/fd3081c40255119ce8133b87e6aedfab\"},\"description\":\"Patrocinados por la Fundaci\u00f3n de Castilla y Le\u00f3n Ya se han fallado el XXVI Concurso Infantil de Pintura del Medio Rural \u201cAs\u00ed es mi pueblo\u201d y el XVI\",\"breadcrumb\":{\"@id\":\"https:\/\/www.asajacyl.com\/soria\/asaja-soria-informa\/ya-se-conocen-los-ganadores-de-los-concursos-de-asaja-para-ninos-y-jovenes-2#breadcrumb\"},\"inLanguage\":\"es\",\"potentialAction\":[{\"@type\":\"ReadAction\",\"target\":[\"https:\/\/www.asajacyl.com\/soria\/asaja-soria-informa\/ya-se-conocen-los-ganadores-de-los-concursos-de-asaja-para-ninos-y-jovenes-2\"]}]},{\"@type\":\"ImageObject\",\"inLanguage\":\"es\",\"@id\":\"https:\/\/www.asajacyl.com\/soria\/asaja-soria-informa\/ya-se-conocen-los-ganadores-de-los-concursos-de-asaja-para-ninos-y-jovenes-2#primaryimage\",\"url\":\"https:\/\/www.asajacyl.com\/soria\/wp-content\/uploads\/sites\/9\/2024\/07\/Para-redes-2024-concurso.jpg\",\"contentUrl\":\"https:\/\/www.asajacyl.com\/soria\/wp-content\/uploads\/sites\/9\/2024\/07\/Para-redes-2024-concurso.jpg\",\"width\":1080,\"height\":1205},{\"@type\":\"BreadcrumbList\",\"@id\":\"https:\/\/www.asajacyl.com\/soria\/asaja-soria-informa\/ya-se-conocen-los-ganadores-de-los-concursos-de-asaja-para-ninos-y-jovenes-2#breadcrumb\",\"itemListElement\":[{\"@type\":\"ListItem\",\"position\":1,\"name\":\"Portada\",\"item\":\"https:\/\/www.asajacyl.com\/soria\/\"},{\"@type\":\"ListItem\",\"position\":2,\"name\":\"YA SE CONOCEN LOS GANADORES DE LOS CONCURSOS DE ASAJA PARA NI\u00d1OS Y J\u00d3VENES\"}]},{\"@type\":\"WebSite\",\"@id\":\"https:\/\/www.asajacyl.com\/soria\/#website\",\"url\":\"https:\/\/www.asajacyl.com\/soria\/\",\"name\":\"ASAJA Soria\",\"description\":\"Otro sitio m\u00e1s de Provincias ASAJA Castilla y Le\u00f3n\",\"potentialAction\":[{\"@type\":\"SearchAction\",\"target\":{\"@type\":\"EntryPoint\",\"urlTemplate\":\"https:\/\/www.asajacyl.com\/soria\/?s={search_term_string}\"},\"query-input\":{\"@type\":\"PropertyValueSpecification\",\"valueRequired\":true,\"valueName\":\"search_term_string\"}}],\"inLanguage\":\"es\"},{\"@type\":\"Person\",\"@id\":\"https:\/\/www.asajacyl.com\/soria\/#\/schema\/person\/fd3081c40255119ce8133b87e6aedfab\",\"name\":\"Juan Ignacio Prieto Nieto\",\"image\":{\"@type\":\"ImageObject\",\"inLanguage\":\"es\",\"@id\":\"https:\/\/www.asajacyl.com\/soria\/#\/schema\/person\/image\/\",\"url\":\"https:\/\/secure.gravatar.com\/avatar\/8266b36e4d9001acb4700699a2468dc8?s=96&d=mm&r=g\",\"contentUrl\":\"https:\/\/secure.gravatar.com\/avatar\/8266b36e4d9001acb4700699a2468dc8?s=96&d=mm&r=g\",\"caption\":\"Juan Ignacio Prieto Nieto\"},\"url\":\"https:\/\/www.asajacyl.com\/soria\/author\/juanfranciscoby\"}]}<\/script>\n<!-- \/ Yoast SEO plugin. -->","yoast_head_json":{"title":"YA SE CONOCEN LOS GANADORES DE LOS CONCURSOS DE ASAJA PARA NI\u00d1OS Y J\u00d3VENES - ASAJA Soria","description":"Patrocinados por la Fundaci\u00f3n de Castilla y Le\u00f3n Ya se han fallado el XXVI Concurso Infantil de Pintura del Medio Rural \u201cAs\u00ed es mi pueblo\u201d y el XVI","robots":{"index":"index","follow":"follow","max-snippet":"max-snippet:-1","max-image-preview":"max-image-preview:large","max-video-preview":"max-video-preview:-1"},"canonical":"https:\/\/www.asajacyl.com\/soria\/asaja-soria-informa\/ya-se-conocen-los-ganadores-de-los-concursos-de-asaja-para-ninos-y-jovenes-2","og_locale":"es_ES","og_type":"article","og_title":"YA SE CONOCEN LOS GANADORES DE LOS CONCURSOS DE ASAJA PARA NI\u00d1OS Y J\u00d3VENES - ASAJA Soria","og_description":"Patrocinados por la Fundaci\u00f3n de Castilla y Le\u00f3n Ya se han fallado el XXVI Concurso Infantil de Pintura del Medio Rural \u201cAs\u00ed es mi pueblo\u201d y el XVI","og_url":"https:\/\/www.asajacyl.com\/soria\/asaja-soria-informa\/ya-se-conocen-los-ganadores-de-los-concursos-de-asaja-para-ninos-y-jovenes-2","og_site_name":"ASAJA Soria","article_published_time":"2024-10-08T16:54:48+00:00","article_modified_time":"2024-10-08T16:54:51+00:00","og_image":[{"width":1080,"height":1205,"url":"https:\/\/www.asajacyl.com\/soria\/wp-content\/uploads\/sites\/9\/2024\/07\/Para-redes-2024-concurso.jpg","type":"image\/jpeg"}],"author":"Juan Ignacio Prieto Nieto","twitter_card":"summary_large_image","twitter_misc":{"Escrito por":"Juan Ignacio Prieto Nieto","Tiempo de lectura":"3 minutos"},"schema":{"@context":"https:\/\/schema.org","@graph":[{"@type":"WebPage","@id":"https:\/\/www.asajacyl.com\/soria\/asaja-soria-informa\/ya-se-conocen-los-ganadores-de-los-concursos-de-asaja-para-ninos-y-jovenes-2","url":"https:\/\/www.asajacyl.com\/soria\/asaja-soria-informa\/ya-se-conocen-los-ganadores-de-los-concursos-de-asaja-para-ninos-y-jovenes-2","name":"YA SE CONOCEN LOS GANADORES DE LOS CONCURSOS DE ASAJA PARA NI\u00d1OS Y J\u00d3VENES - ASAJA Soria","isPartOf":{"@id":"https:\/\/www.asajacyl.com\/soria\/#website"},"primaryImageOfPage":{"@id":"https:\/\/www.asajacyl.com\/soria\/asaja-soria-informa\/ya-se-conocen-los-ganadores-de-los-concursos-de-asaja-para-ninos-y-jovenes-2#primaryimage"},"image":{"@id":"https:\/\/www.asajacyl.com\/soria\/asaja-soria-informa\/ya-se-conocen-los-ganadores-de-los-concursos-de-asaja-para-ninos-y-jovenes-2#primaryimage"},"thumbnailUrl":"https:\/\/www.asajacyl.com\/soria\/wp-content\/uploads\/sites\/9\/2024\/07\/Para-redes-2024-concurso.jpg","datePublished":"2024-10-08T16:54:48+00:00","dateModified":"2024-10-08T16:54:51+00:00","author":{"@id":"https:\/\/www.asajacyl.com\/soria\/#\/schema\/person\/fd3081c40255119ce8133b87e6aedfab"},"description":"Patrocinados por la Fundaci\u00f3n de Castilla y Le\u00f3n Ya se han fallado el XXVI Concurso Infantil de Pintura del Medio Rural \u201cAs\u00ed es mi pueblo\u201d y el XVI","breadcrumb":{"@id":"https:\/\/www.asajacyl.com\/soria\/asaja-soria-informa\/ya-se-conocen-los-ganadores-de-los-concursos-de-asaja-para-ninos-y-jovenes-2#breadcrumb"},"inLanguage":"es","potentialAction":[{"@type":"ReadAction","target":["https:\/\/www.asajacyl.com\/soria\/asaja-soria-informa\/ya-se-conocen-los-ganadores-de-los-concursos-de-asaja-para-ninos-y-jovenes-2"]}]},{"@type":"ImageObject","inLanguage":"es","@id":"https:\/\/www.asajacyl.com\/soria\/asaja-soria-informa\/ya-se-conocen-los-ganadores-de-los-concursos-de-asaja-para-ninos-y-jovenes-2#primaryimage","url":"https:\/\/www.asajacyl.com\/soria\/wp-content\/uploads\/sites\/9\/2024\/07\/Para-redes-2024-concurso.jpg","contentUrl":"https:\/\/www.asajacyl.com\/soria\/wp-content\/uploads\/sites\/9\/2024\/07\/Para-redes-2024-concurso.jpg","width":1080,"height":1205},{"@type":"BreadcrumbList","@id":"https:\/\/www.asajacyl.com\/soria\/asaja-soria-informa\/ya-se-conocen-los-ganadores-de-los-concursos-de-asaja-para-ninos-y-jovenes-2#breadcrumb","itemListElement":[{"@type":"ListItem","position":1,"name":"Portada","item":"https:\/\/www.asajacyl.com\/soria\/"},{"@type":"ListItem","position":2,"name":"YA SE CONOCEN LOS GANADORES DE LOS CONCURSOS DE ASAJA PARA NI\u00d1OS Y J\u00d3VENES"}]},{"@type":"WebSite","@id":"https:\/\/www.asajacyl.com\/soria\/#website","url":"https:\/\/www.asajacyl.com\/soria\/","name":"ASAJA Soria","description":"Otro sitio m\u00e1s de Provincias ASAJA Castilla y Le\u00f3n","potentialAction":[{"@type":"SearchAction","target":{"@type":"EntryPoint","urlTemplate":"https:\/\/www.asajacyl.com\/soria\/?s={search_term_string}"},"query-input":{"@type":"PropertyValueSpecification","valueRequired":true,"valueName":"search_term_string"}}],"inLanguage":"es"},{"@type":"Person","@id":"https:\/\/www.asajacyl.com\/soria\/#\/schema\/person\/fd3081c40255119ce8133b87e6aedfab","name":"Juan Ignacio Prieto Nieto","image":{"@type":"ImageObject","inLanguage":"es","@id":"https:\/\/www.asajacyl.com\/soria\/#\/schema\/person\/image\/","url":"https:\/\/secure.gravatar.com\/avatar\/8266b36e4d9001acb4700699a2468dc8?s=96&d=mm&r=g","contentUrl":"https:\/\/secure.gravatar.com\/avatar\/8266b36e4d9001acb4700699a2468dc8?s=96&d=mm&r=g","caption":"Juan Ignacio Prieto Nieto"},"url":"https:\/\/www.asajacyl.com\/soria\/author\/juanfranciscoby"}]}},"_links":{"self":[{"href":"https:\/\/www.asajacyl.com\/soria\/wp-json\/wp\/v2\/posts\/8440"}],"collection":[{"href":"https:\/\/www.asajacyl.com\/soria\/wp-json\/wp\/v2\/posts"}],"about":[{"href":"https:\/\/www.asajacyl.com\/soria\/wp-json\/wp\/v2\/types\/post"}],"author":[{"embeddable":true,"href":"https:\/\/www.asajacyl.com\/soria\/wp-json\/wp\/v2\/users\/12"}],"replies":[{"embeddable":true,"href":"https:\/\/www.asajacyl.com\/soria\/wp-json\/wp\/v2\/comments?post=8440"}],"version-history":[{"count":1,"href":"https:\/\/www.asajacyl.com\/soria\/wp-json\/wp\/v2\/posts\/8440\/revisions"}],"predecessor-version":[{"id":8441,"href":"https:\/\/www.asajacyl.com\/soria\/wp-json\/wp\/v2\/posts\/8440\/revisions\/8441"}],"wp:featuredmedia":[{"embeddable":true,"href":"https:\/\/www.asajacyl.com\/soria\/wp-json\/wp\/v2\/media\/8207"}],"wp:attachment":[{"href":"https:\/\/www.asajacyl.com\/soria\/wp-json\/wp\/v2\/media?parent=8440"}],"wp:term":[{"taxonomy":"category","embeddable":true,"href":"https:\/\/www.asajacyl.com\/soria\/wp-json\/wp\/v2\/categories?post=8440"},{"taxonomy":"post_tag","embeddable":true,"href":"https:\/\/www.asajacyl.com\/soria\/wp-json\/wp\/v2\/tags?post=8440"}],"curies":[{"name":"wp","href":"https:\/\/api.w.org\/{rel}","templated":true}]}}