{"id":8626,"date":"2025-01-07T14:17:05","date_gmt":"2025-01-07T13:17:05","guid":{"rendered":"https:\/\/www.asajacyl.com\/soria\/?p=8626"},"modified":"2025-01-08T11:23:24","modified_gmt":"2025-01-08T10:23:24","slug":"asaja-apunta-a-la-falta-de-rentabilidad-como-el-freno-principal-del-potencial-de-crecimiento-del-sector-agroganadero-de-castilla-y-leon","status":"publish","type":"post","link":"https:\/\/www.asajacyl.com\/soria\/asaja-soria-informa\/asaja-apunta-a-la-falta-de-rentabilidad-como-el-freno-principal-del-potencial-de-crecimiento-del-sector-agroganadero-de-castilla-y-leon","title":{"rendered":"ASAJA apunta a la falta de rentabilidad como el freno principal al potencial de crecimiento del sector agroganadero de Castilla y Le\u00f3n"},"content":{"rendered":"\n\n\n<p>ASAJA de Castilla y Le\u00f3n present\u00f3 el 7 de enero el balance del sector agrario y ganadero en 2024 y sus propuestas y demandas para 2025. La peor parte se la ha llevado una vez m\u00e1s la agricultura cerealista, que arrastra varios a\u00f1os de n\u00fameros rojos, \u201caunque el problema se extiende a todo el sector agroganadero. Vemos que producir no se traduce en ingresos, por lo que la rentabilidad del campo est\u00e1 muy comprometida\u201d, ha remarcado el presidente de la organizaci\u00f3n profesional agraria, Donaciano Dujo, que ha estado acompa\u00f1ado en la rueda de prensa por el secretario general y la gerente de ASAJA CyL, Jos\u00e9 Antonio Turrado y Nuria Ruiz.<\/p>\n<p><img loading=\"lazy\" decoding=\"async\" class=\" wp-image-8629 alignleft\" src=\"https:\/\/www.asajacyl.com\/soria\/wp-content\/uploads\/sites\/9\/2025\/01\/GgsVtOfWMAACOrs.jpg\" alt=\"\" width=\"481\" height=\"271\" srcset=\"https:\/\/www.asajacyl.com\/soria\/wp-content\/uploads\/sites\/9\/2025\/01\/GgsVtOfWMAACOrs.jpg 2500w, https:\/\/www.asajacyl.com\/soria\/wp-content\/uploads\/sites\/9\/2025\/01\/GgsVtOfWMAACOrs-300x169.jpg 300w, https:\/\/www.asajacyl.com\/soria\/wp-content\/uploads\/sites\/9\/2025\/01\/GgsVtOfWMAACOrs-1024x576.jpg 1024w, https:\/\/www.asajacyl.com\/soria\/wp-content\/uploads\/sites\/9\/2025\/01\/GgsVtOfWMAACOrs-768x432.jpg 768w, https:\/\/www.asajacyl.com\/soria\/wp-content\/uploads\/sites\/9\/2025\/01\/GgsVtOfWMAACOrs-1536x864.jpg 1536w, https:\/\/www.asajacyl.com\/soria\/wp-content\/uploads\/sites\/9\/2025\/01\/GgsVtOfWMAACOrs-2048x1152.jpg 2048w, https:\/\/www.asajacyl.com\/soria\/wp-content\/uploads\/sites\/9\/2025\/01\/GgsVtOfWMAACOrs-747x420.jpg 747w, https:\/\/www.asajacyl.com\/soria\/wp-content\/uploads\/sites\/9\/2025\/01\/GgsVtOfWMAACOrs-696x391.jpg 696w, https:\/\/www.asajacyl.com\/soria\/wp-content\/uploads\/sites\/9\/2025\/01\/GgsVtOfWMAACOrs-1068x601.jpg 1068w, https:\/\/www.asajacyl.com\/soria\/wp-content\/uploads\/sites\/9\/2025\/01\/GgsVtOfWMAACOrs-1920x1080.jpg 1920w\" sizes=\"(max-width: 481px) 100vw, 481px\" \/><\/p>\n<p>Para la organizaci\u00f3n agraria, 2024 ha sido un a\u00f1o de contrastes en el balance de la evoluci\u00f3n de la agricultura y ganader\u00eda de Castilla y Le\u00f3n. Si por una parte se constata una subida de la renta agraria, amparada m\u00e1s en el aumento de la producci\u00f3n de cereal tras un a\u00f1o de sequ\u00eda que en el respaldo de los precios -especialmente nefastos por la entrada de grano ucranio sin arancel-, por otra parte 2024 pasar\u00e1 a la historia del sector como uno de los a\u00f1os m\u00e1s conflictivos, con movilizaciones que han recorrido el mapa de la comunidad aut\u00f3noma, de Espa\u00f1a e incluso m\u00e1s all\u00e1 de nuestras fronteras. En este sentido, Donaciano Dujo ha afirmado que \u201clas espadas siguen en alto, porque los problemas que nos han llevado a la calle en 2024 siguen siendo los mismos, y encima hay que sumar problemas nuevos y muy graves, como puede ser que se consolide el acuerdo con Mercosur, que supondr\u00eda un golpe brutal para la agricultura y la ganader\u00eda de Castilla y Le\u00f3n\u201d.<\/p>\n<p>\u201cLos agricultores y ganaderos no ven alegr\u00eda, no ven una m\u00ednima garant\u00eda de rentabilidad\u201d, ha asegurado Donaciano Dujo, y ha a\u00f1adido que esta inestabilidad se refleja en los datos. \u201cLos cereales sembr\u00e1bamos casi 2 millones de hect\u00e1reas, y ahora son apenas 1,5 millones; en vacuno tenemos 100.000 cabezas menos que en 2023; en ovino 142.000 menos; en caprino 5.000 animales menos, y en porcino 80.000 cabezas menos que el a\u00f1o anterior. La producci\u00f3n de carne se ha recortado igualmente en 52.000 toneladas. Y en leche, hoy ya solo hay 650 explotaciones de vacuno de leche, 75 menos que el a\u00f1o anterior, y en ovino son 950, 50 menos que en 2023\u201d, ha indicado el presidente de ASAJA, que tambi\u00e9n ha destacado que por primera vez en mucho tiempo \u201clos viticultores se est\u00e1n planteando arrancar vi\u00f1as\u201d.<br \/>Otros problemas que impactan sobre el sector son la presi\u00f3n sobre la demanda de suelo, principalmente por la desordenada y masiva implantaci\u00f3n de macroparques fotovoltaicos, y tambi\u00e9n la creciente dificultad para encontrar mano de obra, lo que puede comprometer seriamente el futuro, e incluso el presente, del n\u00famero ya muy ajustado de explotaciones agroganaderas que existe en la Comunidad Aut\u00f3noma. Aunque en Castilla y Le\u00f3n, contra la media del pa\u00eds, predomina el modelo profesional (seis de cada diez afiliados a la SS por rama agraria son aut\u00f3nomos y el resto asalariados, cuando en Espa\u00f1a el 75 por ciento de los que trabajan en el campo son asalariados) tambi\u00e9n en nuestra comunidad aut\u00f3noma se necesita contratar extranjeros, que ya representan m\u00e1s del 50% de la mano de obra asalariada de la agricultura y la ganader\u00eda.<\/p>\n<p>\u201cDetr\u00e1s de este debilitamiento est\u00e1 el des\u00e1nimo de los profesionales del campo ante la falta de rentabilidad y la presi\u00f3n que sienten por las exigencias imposibles de cumplir, con limitaciones de todo tipo, impuestas por todas las instituciones, desde la Uni\u00f3n Europea, Gobierno nacional y auton\u00f3mico y hasta el ayuntamiento de turno. Pero eso s\u00ed, luego permiten que entren productos de fuera de nuestras fronteras, que no tienen que cumplir ning\u00fan requisito\u201d, ha denunciado el presidente de ASAJA.<\/p>\n<p>Las soluciones pol\u00edticas a estos grandes problemas de rentabilidad del sector son escasas. \u201cAl contrario, la percepci\u00f3n de los agricultores y ganaderos es que en muchas ocasiones parecen trabajar en engrosar la burocracia, si alguna consigna se repet\u00eda en las manifestaciones era \u2018menos burocracia\u2019, as\u00ed como la defensa del producto nacional y europeo, la preferencia comunitaria y las \u2018cl\u00e1usulas espejo\u2019. No es extra\u00f1o que el disgusto de los agricultores y ganaderos se dirija en gran parte contra los responsables pol\u00edticos\u201d, ha se\u00f1alado Donaciano Dujo. Por ello, el trabajo y reivindicaci\u00f3n de ASAJA de cara a este 2025 se centrar\u00e1 en revertir la situaci\u00f3n que ahoga al campo y exigir soluciones para los grandes problemas del sector: precios dignos para nuestros productos y costes de los medios de producci\u00f3n asequibles; freno a la burocracia irracional en la PAC y resto de las pol\u00edticas agrarias y ambientales; protecci\u00f3n al ganado con un control real del lobo y de la fauna salvaje; un plan hidrol\u00f3gico que no relegue el desarrollo de la agricultura en nuestra comunidad, con un regad\u00edo que ofrece importantes posibilidades de desarrollo y, en el contexto internacional, presionar a las administraciones, desde el nivel europeo al local, para que no se establezcan acuerdos de importaci\u00f3n lesivos para nuestro campo, en especial Mercosur.<\/p>\n","protected":false},"excerpt":{"rendered":"<p>ASAJA de Castilla y Le\u00f3n present\u00f3 el 7 de enero el balance del sector agrario y ganadero en 2024 y sus propuestas y demandas para 2025. La peor parte se la ha llevado una vez m\u00e1s la agricultura cerealista, que arrastra varios a\u00f1os de n\u00fameros rojos, \u201caunque el problema se extiende a todo el sector [&hellip;]<\/p>\n","protected":false},"author":12,"featured_media":8414,"comment_status":"open","ping_status":"open","sticky":false,"template":"","format":"standard","meta":{"footnotes":""},"categories":[10,25],"tags":[],"yoast_head":"<!-- This site is optimized with the Yoast SEO plugin v24.5 - https:\/\/yoast.com\/wordpress\/plugins\/seo\/ -->\n<title>ASAJA apunta a la falta de rentabilidad como el freno principal al potencial de crecimiento del sector agroganadero de Castilla y Le\u00f3n - ASAJA Soria<\/title>\n<meta name=\"description\" content=\"ASAJA de Castilla y Le\u00f3n present\u00f3 el 7 de enero el balance del sector agrario y ganadero en 2024 y sus propuestas y demandas para 2025. La peor parte se\" \/>\n<meta name=\"robots\" content=\"index, follow, max-snippet:-1, max-image-preview:large, max-video-preview:-1\" \/>\n<link rel=\"canonical\" href=\"https:\/\/www.asajacyl.com\/soria\/asaja-soria-informa\/asaja-apunta-a-la-falta-de-rentabilidad-como-el-freno-principal-del-potencial-de-crecimiento-del-sector-agroganadero-de-castilla-y-leon\" \/>\n<meta property=\"og:locale\" content=\"es_ES\" \/>\n<meta property=\"og:type\" content=\"article\" \/>\n<meta property=\"og:title\" content=\"ASAJA apunta a la falta de rentabilidad como el freno principal al potencial de crecimiento del sector agroganadero de Castilla y Le\u00f3n - ASAJA Soria\" \/>\n<meta property=\"og:description\" content=\"ASAJA de Castilla y Le\u00f3n present\u00f3 el 7 de enero el balance del sector agrario y ganadero en 2024 y sus propuestas y demandas para 2025. La peor parte se\" \/>\n<meta property=\"og:url\" content=\"https:\/\/www.asajacyl.com\/soria\/asaja-soria-informa\/asaja-apunta-a-la-falta-de-rentabilidad-como-el-freno-principal-del-potencial-de-crecimiento-del-sector-agroganadero-de-castilla-y-leon\" \/>\n<meta property=\"og:site_name\" content=\"ASAJA Soria\" \/>\n<meta property=\"article:published_time\" content=\"2025-01-07T13:17:05+00:00\" \/>\n<meta property=\"article:modified_time\" content=\"2025-01-08T10:23:24+00:00\" \/>\n<meta property=\"og:image\" content=\"https:\/\/www.asajacyl.com\/soria\/wp-content\/uploads\/sites\/9\/2024\/09\/IMG_5459.jpg\" \/>\n\t<meta property=\"og:image:width\" content=\"2016\" \/>\n\t<meta property=\"og:image:height\" content=\"1512\" \/>\n\t<meta property=\"og:image:type\" content=\"image\/jpeg\" \/>\n<meta name=\"author\" content=\"Juan Ignacio Prieto Nieto\" \/>\n<meta name=\"twitter:card\" content=\"summary_large_image\" \/>\n<meta name=\"twitter:label1\" content=\"Escrito por\" \/>\n\t<meta name=\"twitter:data1\" content=\"Juan Ignacio Prieto Nieto\" \/>\n\t<meta name=\"twitter:label2\" content=\"Tiempo de lectura\" \/>\n\t<meta name=\"twitter:data2\" content=\"5 minutos\" \/>\n<script type=\"application\/ld+json\" class=\"yoast-schema-graph\">{\"@context\":\"https:\/\/schema.org\",\"@graph\":[{\"@type\":\"WebPage\",\"@id\":\"https:\/\/www.asajacyl.com\/soria\/asaja-soria-informa\/asaja-apunta-a-la-falta-de-rentabilidad-como-el-freno-principal-del-potencial-de-crecimiento-del-sector-agroganadero-de-castilla-y-leon\",\"url\":\"https:\/\/www.asajacyl.com\/soria\/asaja-soria-informa\/asaja-apunta-a-la-falta-de-rentabilidad-como-el-freno-principal-del-potencial-de-crecimiento-del-sector-agroganadero-de-castilla-y-leon\",\"name\":\"ASAJA apunta a la falta de rentabilidad como el freno principal al potencial de crecimiento del sector agroganadero de Castilla y Le\u00f3n - ASAJA Soria\",\"isPartOf\":{\"@id\":\"https:\/\/www.asajacyl.com\/soria\/#website\"},\"primaryImageOfPage\":{\"@id\":\"https:\/\/www.asajacyl.com\/soria\/asaja-soria-informa\/asaja-apunta-a-la-falta-de-rentabilidad-como-el-freno-principal-del-potencial-de-crecimiento-del-sector-agroganadero-de-castilla-y-leon#primaryimage\"},\"image\":{\"@id\":\"https:\/\/www.asajacyl.com\/soria\/asaja-soria-informa\/asaja-apunta-a-la-falta-de-rentabilidad-como-el-freno-principal-del-potencial-de-crecimiento-del-sector-agroganadero-de-castilla-y-leon#primaryimage\"},\"thumbnailUrl\":\"https:\/\/www.asajacyl.com\/soria\/wp-content\/uploads\/sites\/9\/2024\/09\/IMG_5459.jpg\",\"datePublished\":\"2025-01-07T13:17:05+00:00\",\"dateModified\":\"2025-01-08T10:23:24+00:00\",\"author\":{\"@id\":\"https:\/\/www.asajacyl.com\/soria\/#\/schema\/person\/fd3081c40255119ce8133b87e6aedfab\"},\"description\":\"ASAJA de Castilla y Le\u00f3n present\u00f3 el 7 de enero el balance del sector agrario y ganadero en 2024 y sus propuestas y demandas para 2025. La peor parte se\",\"breadcrumb\":{\"@id\":\"https:\/\/www.asajacyl.com\/soria\/asaja-soria-informa\/asaja-apunta-a-la-falta-de-rentabilidad-como-el-freno-principal-del-potencial-de-crecimiento-del-sector-agroganadero-de-castilla-y-leon#breadcrumb\"},\"inLanguage\":\"es\",\"potentialAction\":[{\"@type\":\"ReadAction\",\"target\":[\"https:\/\/www.asajacyl.com\/soria\/asaja-soria-informa\/asaja-apunta-a-la-falta-de-rentabilidad-como-el-freno-principal-del-potencial-de-crecimiento-del-sector-agroganadero-de-castilla-y-leon\"]}]},{\"@type\":\"ImageObject\",\"inLanguage\":\"es\",\"@id\":\"https:\/\/www.asajacyl.com\/soria\/asaja-soria-informa\/asaja-apunta-a-la-falta-de-rentabilidad-como-el-freno-principal-del-potencial-de-crecimiento-del-sector-agroganadero-de-castilla-y-leon#primaryimage\",\"url\":\"https:\/\/www.asajacyl.com\/soria\/wp-content\/uploads\/sites\/9\/2024\/09\/IMG_5459.jpg\",\"contentUrl\":\"https:\/\/www.asajacyl.com\/soria\/wp-content\/uploads\/sites\/9\/2024\/09\/IMG_5459.jpg\",\"width\":2016,\"height\":1512},{\"@type\":\"BreadcrumbList\",\"@id\":\"https:\/\/www.asajacyl.com\/soria\/asaja-soria-informa\/asaja-apunta-a-la-falta-de-rentabilidad-como-el-freno-principal-del-potencial-de-crecimiento-del-sector-agroganadero-de-castilla-y-leon#breadcrumb\",\"itemListElement\":[{\"@type\":\"ListItem\",\"position\":1,\"name\":\"Portada\",\"item\":\"https:\/\/www.asajacyl.com\/soria\/\"},{\"@type\":\"ListItem\",\"position\":2,\"name\":\"ASAJA apunta a la falta de rentabilidad como el freno principal al potencial de crecimiento del sector agroganadero de Castilla y Le\u00f3n\"}]},{\"@type\":\"WebSite\",\"@id\":\"https:\/\/www.asajacyl.com\/soria\/#website\",\"url\":\"https:\/\/www.asajacyl.com\/soria\/\",\"name\":\"ASAJA Soria\",\"description\":\"Otro sitio m\u00e1s de Provincias ASAJA Castilla y Le\u00f3n\",\"potentialAction\":[{\"@type\":\"SearchAction\",\"target\":{\"@type\":\"EntryPoint\",\"urlTemplate\":\"https:\/\/www.asajacyl.com\/soria\/?s={search_term_string}\"},\"query-input\":{\"@type\":\"PropertyValueSpecification\",\"valueRequired\":true,\"valueName\":\"search_term_string\"}}],\"inLanguage\":\"es\"},{\"@type\":\"Person\",\"@id\":\"https:\/\/www.asajacyl.com\/soria\/#\/schema\/person\/fd3081c40255119ce8133b87e6aedfab\",\"name\":\"Juan Ignacio Prieto Nieto\",\"image\":{\"@type\":\"ImageObject\",\"inLanguage\":\"es\",\"@id\":\"https:\/\/www.asajacyl.com\/soria\/#\/schema\/person\/image\/\",\"url\":\"https:\/\/secure.gravatar.com\/avatar\/8266b36e4d9001acb4700699a2468dc8?s=96&d=mm&r=g\",\"contentUrl\":\"https:\/\/secure.gravatar.com\/avatar\/8266b36e4d9001acb4700699a2468dc8?s=96&d=mm&r=g\",\"caption\":\"Juan Ignacio Prieto Nieto\"},\"url\":\"https:\/\/www.asajacyl.com\/soria\/author\/juanfranciscoby\"}]}<\/script>\n<!-- \/ Yoast SEO plugin. -->","yoast_head_json":{"title":"ASAJA apunta a la falta de rentabilidad como el freno principal al potencial de crecimiento del sector agroganadero de Castilla y Le\u00f3n - ASAJA Soria","description":"ASAJA de Castilla y Le\u00f3n present\u00f3 el 7 de enero el balance del sector agrario y ganadero en 2024 y sus propuestas y demandas para 2025. La peor parte se","robots":{"index":"index","follow":"follow","max-snippet":"max-snippet:-1","max-image-preview":"max-image-preview:large","max-video-preview":"max-video-preview:-1"},"canonical":"https:\/\/www.asajacyl.com\/soria\/asaja-soria-informa\/asaja-apunta-a-la-falta-de-rentabilidad-como-el-freno-principal-del-potencial-de-crecimiento-del-sector-agroganadero-de-castilla-y-leon","og_locale":"es_ES","og_type":"article","og_title":"ASAJA apunta a la falta de rentabilidad como el freno principal al potencial de crecimiento del sector agroganadero de Castilla y Le\u00f3n - ASAJA Soria","og_description":"ASAJA de Castilla y Le\u00f3n present\u00f3 el 7 de enero el balance del sector agrario y ganadero en 2024 y sus propuestas y demandas para 2025. La peor parte se","og_url":"https:\/\/www.asajacyl.com\/soria\/asaja-soria-informa\/asaja-apunta-a-la-falta-de-rentabilidad-como-el-freno-principal-del-potencial-de-crecimiento-del-sector-agroganadero-de-castilla-y-leon","og_site_name":"ASAJA Soria","article_published_time":"2025-01-07T13:17:05+00:00","article_modified_time":"2025-01-08T10:23:24+00:00","og_image":[{"width":2016,"height":1512,"url":"https:\/\/www.asajacyl.com\/soria\/wp-content\/uploads\/sites\/9\/2024\/09\/IMG_5459.jpg","type":"image\/jpeg"}],"author":"Juan Ignacio Prieto Nieto","twitter_card":"summary_large_image","twitter_misc":{"Escrito por":"Juan Ignacio Prieto Nieto","Tiempo de lectura":"5 minutos"},"schema":{"@context":"https:\/\/schema.org","@graph":[{"@type":"WebPage","@id":"https:\/\/www.asajacyl.com\/soria\/asaja-soria-informa\/asaja-apunta-a-la-falta-de-rentabilidad-como-el-freno-principal-del-potencial-de-crecimiento-del-sector-agroganadero-de-castilla-y-leon","url":"https:\/\/www.asajacyl.com\/soria\/asaja-soria-informa\/asaja-apunta-a-la-falta-de-rentabilidad-como-el-freno-principal-del-potencial-de-crecimiento-del-sector-agroganadero-de-castilla-y-leon","name":"ASAJA apunta a la falta de rentabilidad como el freno principal al potencial de crecimiento del sector agroganadero de Castilla y Le\u00f3n - ASAJA Soria","isPartOf":{"@id":"https:\/\/www.asajacyl.com\/soria\/#website"},"primaryImageOfPage":{"@id":"https:\/\/www.asajacyl.com\/soria\/asaja-soria-informa\/asaja-apunta-a-la-falta-de-rentabilidad-como-el-freno-principal-del-potencial-de-crecimiento-del-sector-agroganadero-de-castilla-y-leon#primaryimage"},"image":{"@id":"https:\/\/www.asajacyl.com\/soria\/asaja-soria-informa\/asaja-apunta-a-la-falta-de-rentabilidad-como-el-freno-principal-del-potencial-de-crecimiento-del-sector-agroganadero-de-castilla-y-leon#primaryimage"},"thumbnailUrl":"https:\/\/www.asajacyl.com\/soria\/wp-content\/uploads\/sites\/9\/2024\/09\/IMG_5459.jpg","datePublished":"2025-01-07T13:17:05+00:00","dateModified":"2025-01-08T10:23:24+00:00","author":{"@id":"https:\/\/www.asajacyl.com\/soria\/#\/schema\/person\/fd3081c40255119ce8133b87e6aedfab"},"description":"ASAJA de Castilla y Le\u00f3n present\u00f3 el 7 de enero el balance del sector agrario y ganadero en 2024 y sus propuestas y demandas para 2025. La peor parte se","breadcrumb":{"@id":"https:\/\/www.asajacyl.com\/soria\/asaja-soria-informa\/asaja-apunta-a-la-falta-de-rentabilidad-como-el-freno-principal-del-potencial-de-crecimiento-del-sector-agroganadero-de-castilla-y-leon#breadcrumb"},"inLanguage":"es","potentialAction":[{"@type":"ReadAction","target":["https:\/\/www.asajacyl.com\/soria\/asaja-soria-informa\/asaja-apunta-a-la-falta-de-rentabilidad-como-el-freno-principal-del-potencial-de-crecimiento-del-sector-agroganadero-de-castilla-y-leon"]}]},{"@type":"ImageObject","inLanguage":"es","@id":"https:\/\/www.asajacyl.com\/soria\/asaja-soria-informa\/asaja-apunta-a-la-falta-de-rentabilidad-como-el-freno-principal-del-potencial-de-crecimiento-del-sector-agroganadero-de-castilla-y-leon#primaryimage","url":"https:\/\/www.asajacyl.com\/soria\/wp-content\/uploads\/sites\/9\/2024\/09\/IMG_5459.jpg","contentUrl":"https:\/\/www.asajacyl.com\/soria\/wp-content\/uploads\/sites\/9\/2024\/09\/IMG_5459.jpg","width":2016,"height":1512},{"@type":"BreadcrumbList","@id":"https:\/\/www.asajacyl.com\/soria\/asaja-soria-informa\/asaja-apunta-a-la-falta-de-rentabilidad-como-el-freno-principal-del-potencial-de-crecimiento-del-sector-agroganadero-de-castilla-y-leon#breadcrumb","itemListElement":[{"@type":"ListItem","position":1,"name":"Portada","item":"https:\/\/www.asajacyl.com\/soria\/"},{"@type":"ListItem","position":2,"name":"ASAJA apunta a la falta de rentabilidad como el freno principal al potencial de crecimiento del sector agroganadero de Castilla y Le\u00f3n"}]},{"@type":"WebSite","@id":"https:\/\/www.asajacyl.com\/soria\/#website","url":"https:\/\/www.asajacyl.com\/soria\/","name":"ASAJA Soria","description":"Otro sitio m\u00e1s de Provincias ASAJA Castilla y Le\u00f3n","potentialAction":[{"@type":"SearchAction","target":{"@type":"EntryPoint","urlTemplate":"https:\/\/www.asajacyl.com\/soria\/?s={search_term_string}"},"query-input":{"@type":"PropertyValueSpecification","valueRequired":true,"valueName":"search_term_string"}}],"inLanguage":"es"},{"@type":"Person","@id":"https:\/\/www.asajacyl.com\/soria\/#\/schema\/person\/fd3081c40255119ce8133b87e6aedfab","name":"Juan Ignacio Prieto Nieto","image":{"@type":"ImageObject","inLanguage":"es","@id":"https:\/\/www.asajacyl.com\/soria\/#\/schema\/person\/image\/","url":"https:\/\/secure.gravatar.com\/avatar\/8266b36e4d9001acb4700699a2468dc8?s=96&d=mm&r=g","contentUrl":"https:\/\/secure.gravatar.com\/avatar\/8266b36e4d9001acb4700699a2468dc8?s=96&d=mm&r=g","caption":"Juan Ignacio Prieto Nieto"},"url":"https:\/\/www.asajacyl.com\/soria\/author\/juanfranciscoby"}]}},"_links":{"self":[{"href":"https:\/\/www.asajacyl.com\/soria\/wp-json\/wp\/v2\/posts\/8626"}],"collection":[{"href":"https:\/\/www.asajacyl.com\/soria\/wp-json\/wp\/v2\/posts"}],"about":[{"href":"https:\/\/www.asajacyl.com\/soria\/wp-json\/wp\/v2\/types\/post"}],"author":[{"embeddable":true,"href":"https:\/\/www.asajacyl.com\/soria\/wp-json\/wp\/v2\/users\/12"}],"replies":[{"embeddable":true,"href":"https:\/\/www.asajacyl.com\/soria\/wp-json\/wp\/v2\/comments?post=8626"}],"version-history":[{"count":4,"href":"https:\/\/www.asajacyl.com\/soria\/wp-json\/wp\/v2\/posts\/8626\/revisions"}],"predecessor-version":[{"id":8632,"href":"https:\/\/www.asajacyl.com\/soria\/wp-json\/wp\/v2\/posts\/8626\/revisions\/8632"}],"wp:featuredmedia":[{"embeddable":true,"href":"https:\/\/www.asajacyl.com\/soria\/wp-json\/wp\/v2\/media\/8414"}],"wp:attachment":[{"href":"https:\/\/www.asajacyl.com\/soria\/wp-json\/wp\/v2\/media?parent=8626"}],"wp:term":[{"taxonomy":"category","embeddable":true,"href":"https:\/\/www.asajacyl.com\/soria\/wp-json\/wp\/v2\/categories?post=8626"},{"taxonomy":"post_tag","embeddable":true,"href":"https:\/\/www.asajacyl.com\/soria\/wp-json\/wp\/v2\/tags?post=8626"}],"curies":[{"name":"wp","href":"https:\/\/api.w.org\/{rel}","templated":true}]}}