{"id":8639,"date":"2025-01-10T11:13:58","date_gmt":"2025-01-10T10:13:58","guid":{"rendered":"https:\/\/www.asajacyl.com\/soria\/?p=8639"},"modified":"2025-01-10T11:14:00","modified_gmt":"2025-01-10T10:14:00","slug":"la-encuesta-del-eurobarometro-muestra-un-fuerte-apoyo-a-la-politica-agricola-comun-pac","status":"publish","type":"post","link":"https:\/\/www.asajacyl.com\/soria\/asaja-soria-informa\/la-encuesta-del-eurobarometro-muestra-un-fuerte-apoyo-a-la-politica-agricola-comun-pac","title":{"rendered":"La encuesta del Eurobar\u00f3metro muestra un fuerte apoyo a la Pol\u00edtica Agr\u00edcola Com\u00fan (PAC)"},"content":{"rendered":"\n<p>Seg\u00fan la \u00faltima encuesta del Eurobar\u00f3metro,\u00a0el apoyo a la pol\u00edtica agr\u00edcola com\u00fan (PAC) de la UE ha alcanzado un m\u00e1ximo hist\u00f3rico. El nivel de sensibilizaci\u00f3n de la opini\u00f3n p\u00fablica sobre la PAC se encuentra en su nivel m\u00e1s alto desde 2007, y el 78 % de los encuestados afirma que conoce la pol\u00edtica agr\u00edcola com\u00fan de la UE. M\u00e1s del 70 % de los encuestados est\u00e1 de acuerdo en que la UE, a trav\u00e9s de la PAC, est\u00e1 cumpliendo su papel de proporcionar alimentos seguros, saludables y sostenibles de alta calidad. Esto demuestra una comprensi\u00f3n clara y una conciencia aguda del papel clave que desempe\u00f1an las pol\u00edticas agr\u00edcolas de la UE.<\/p>\n<p>La mayor\u00eda de los ciudadanos de la UE cree que la UE, a trav\u00e9s de la PAC, est\u00e1 cumpliendo su papel de\u00a0<a name=\"_Int_SIFd2Jm8\"><\/a>garantizar un suministro estable de alimentos en todo momento (81 %). Adem\u00e1s, alrededor de siete de cada diez encuestados creen que la PAC contribuye a la gesti\u00f3n sostenible de los recursos naturales (72 %), al desarrollo de investigaci\u00f3n y soluciones digitales para apoyar a los sectores agr\u00edcola y alimentario (71 %)<a name=\"_Int_kQdSRheT\"><\/a>y al refuerzo del papel de los agricultores en la cadena alimentaria (70 %). Adem\u00e1s, impulsar la inversi\u00f3n y el crecimiento y crear puestos de trabajo en los sectores agr\u00edcola y alimentario (70 %), ayudar a hacer frente al cambio clim\u00e1tico (70 %) y garantizar unos precios razonables de los alimentos (69 %) tambi\u00e9n son contribuciones clave de la PAC, seg\u00fan los ciudadanos. M\u00e1s de seis de cada diez encuestados tambi\u00e9n creen que la PAC ayuda a reducir las disparidades regionales (66 %) y anima a los j\u00f3venes a incorporarse al sector agr\u00edcola (63 %).<\/p>\n<p>La encuesta tambi\u00e9n revela un fuerte aprecio por los agricultores entre los ciudadanos de la UE, ya que el 92 % dice que, en la UE, la agricultura y las zonas rurales son importantes para nuestro futuro, y el 52 % las considera \u00abmuy importantes\u00bb. M\u00e1s de la mitad (56%) indica que el nivel de apoyo financiero de la UE a los agricultores para ayudar a estabilizar sus ingresos es correcto, un aumento de diez puntos porcentuales desde 2022 y el nivel m\u00e1s alto desde 2013. Cerca de nueve de cada diez (88 %) est\u00e1n a favor de que la UE siga pagando subvenciones a los agricultores por llevar a cabo pr\u00e1cticas agr\u00edcolas beneficiosas para el clima y el medio ambiente.<\/p>\n<p>Los resultados tambi\u00e9n muestran que el 62% est\u00e1 de acuerdo en que la agricultura ya ha hecho una contribuci\u00f3n importante en la lucha contra el cambio clim\u00e1tico.<\/p>\n<p>En t\u00e9rminos de prioridades y expectativas, una abrumadora mayor\u00eda de los encuestados respondi\u00f3 que es importante garantizar un suministro estable de alimentos en la UE en todo momento (94 %), garantizar precios razonables de los alimentos para los consumidores (92 %), garantizar una gesti\u00f3n sostenible de los recursos naturales (91 %) y reforzar el papel de los agricultores en la cadena alimentaria (90 %).<\/p>\n<p>Los acuerdos comerciales de la UE son ampliamente vistos como un \u00e9xito por los europeos, y una gran mayor\u00eda cree que aportan beneficios significativos a la agricultura y los consumidores de la UE. En concreto, el 76 % est\u00e1 de acuerdo en que estos acuerdos garantizan la diversificaci\u00f3n de los mercados y el suministro de productos agr\u00edcolas en la UE. M\u00e1s de siete de cada diez consideran que estos acuerdos comerciales mejoran las exportaciones de productos agr\u00edcolas de la UE en todo el mundo (73 %) y que promueven las normas laborales y medioambientales de la UE, incluido el bienestar animal para la producci\u00f3n agr\u00edcola en otros pa\u00edses (71 %).<\/p>\n","protected":false},"excerpt":{"rendered":"<p>Seg\u00fan la \u00faltima encuesta del Eurobar\u00f3metro,\u00a0el apoyo a la pol\u00edtica agr\u00edcola com\u00fan (PAC) de la UE ha alcanzado un m\u00e1ximo hist\u00f3rico. El nivel de sensibilizaci\u00f3n de la opini\u00f3n p\u00fablica sobre la PAC se encuentra en su nivel m\u00e1s alto desde 2007, y el 78 % de los encuestados afirma que conoce la pol\u00edtica agr\u00edcola com\u00fan [&hellip;]<\/p>\n","protected":false},"author":12,"featured_media":7050,"comment_status":"open","ping_status":"open","sticky":false,"template":"","format":"standard","meta":{"footnotes":""},"categories":[10,25],"tags":[],"yoast_head":"<!-- This site is optimized with the Yoast SEO plugin v24.5 - https:\/\/yoast.com\/wordpress\/plugins\/seo\/ -->\n<title>La encuesta del Eurobar\u00f3metro muestra un fuerte apoyo a la Pol\u00edtica Agr\u00edcola Com\u00fan (PAC) - ASAJA Soria<\/title>\n<meta name=\"description\" content=\"Seg\u00fan la \u00faltima encuesta del Eurobar\u00f3metro,\u00a0el apoyo a la pol\u00edtica agr\u00edcola com\u00fan (PAC) de la UE ha alcanzado un m\u00e1ximo hist\u00f3rico. El nivel de\" \/>\n<meta name=\"robots\" content=\"index, follow, max-snippet:-1, max-image-preview:large, max-video-preview:-1\" \/>\n<link rel=\"canonical\" href=\"https:\/\/www.asajacyl.com\/soria\/asaja-soria-informa\/la-encuesta-del-eurobarometro-muestra-un-fuerte-apoyo-a-la-politica-agricola-comun-pac\" \/>\n<meta property=\"og:locale\" content=\"es_ES\" \/>\n<meta property=\"og:type\" content=\"article\" \/>\n<meta property=\"og:title\" content=\"La encuesta del Eurobar\u00f3metro muestra un fuerte apoyo a la Pol\u00edtica Agr\u00edcola Com\u00fan (PAC) - ASAJA Soria\" \/>\n<meta property=\"og:description\" content=\"Seg\u00fan la \u00faltima encuesta del Eurobar\u00f3metro,\u00a0el apoyo a la pol\u00edtica agr\u00edcola com\u00fan (PAC) de la UE ha alcanzado un m\u00e1ximo hist\u00f3rico. El nivel de\" \/>\n<meta property=\"og:url\" content=\"https:\/\/www.asajacyl.com\/soria\/asaja-soria-informa\/la-encuesta-del-eurobarometro-muestra-un-fuerte-apoyo-a-la-politica-agricola-comun-pac\" \/>\n<meta property=\"og:site_name\" content=\"ASAJA Soria\" \/>\n<meta property=\"article:published_time\" content=\"2025-01-10T10:13:58+00:00\" \/>\n<meta property=\"article:modified_time\" content=\"2025-01-10T10:14:00+00:00\" \/>\n<meta property=\"og:image\" content=\"https:\/\/www.asajacyl.com\/soria\/wp-content\/uploads\/sites\/9\/2023\/07\/WhatsApp-Image-2023-07-13-at-16.50.56.jpeg\" \/>\n\t<meta property=\"og:image:width\" content=\"1200\" \/>\n\t<meta property=\"og:image:height\" content=\"1600\" \/>\n\t<meta property=\"og:image:type\" content=\"image\/jpeg\" \/>\n<meta name=\"author\" content=\"Juan Ignacio Prieto Nieto\" \/>\n<meta name=\"twitter:card\" content=\"summary_large_image\" \/>\n<meta name=\"twitter:label1\" content=\"Escrito por\" \/>\n\t<meta name=\"twitter:data1\" content=\"Juan Ignacio Prieto Nieto\" \/>\n\t<meta name=\"twitter:label2\" content=\"Tiempo de lectura\" \/>\n\t<meta name=\"twitter:data2\" content=\"3 minutos\" \/>\n<script type=\"application\/ld+json\" class=\"yoast-schema-graph\">{\"@context\":\"https:\/\/schema.org\",\"@graph\":[{\"@type\":\"WebPage\",\"@id\":\"https:\/\/www.asajacyl.com\/soria\/asaja-soria-informa\/la-encuesta-del-eurobarometro-muestra-un-fuerte-apoyo-a-la-politica-agricola-comun-pac\",\"url\":\"https:\/\/www.asajacyl.com\/soria\/asaja-soria-informa\/la-encuesta-del-eurobarometro-muestra-un-fuerte-apoyo-a-la-politica-agricola-comun-pac\",\"name\":\"La encuesta del Eurobar\u00f3metro muestra un fuerte apoyo a la Pol\u00edtica Agr\u00edcola Com\u00fan (PAC) - ASAJA Soria\",\"isPartOf\":{\"@id\":\"https:\/\/www.asajacyl.com\/soria\/#website\"},\"primaryImageOfPage\":{\"@id\":\"https:\/\/www.asajacyl.com\/soria\/asaja-soria-informa\/la-encuesta-del-eurobarometro-muestra-un-fuerte-apoyo-a-la-politica-agricola-comun-pac#primaryimage\"},\"image\":{\"@id\":\"https:\/\/www.asajacyl.com\/soria\/asaja-soria-informa\/la-encuesta-del-eurobarometro-muestra-un-fuerte-apoyo-a-la-politica-agricola-comun-pac#primaryimage\"},\"thumbnailUrl\":\"https:\/\/www.asajacyl.com\/soria\/wp-content\/uploads\/sites\/9\/2023\/07\/WhatsApp-Image-2023-07-13-at-16.50.56.jpeg\",\"datePublished\":\"2025-01-10T10:13:58+00:00\",\"dateModified\":\"2025-01-10T10:14:00+00:00\",\"author\":{\"@id\":\"https:\/\/www.asajacyl.com\/soria\/#\/schema\/person\/fd3081c40255119ce8133b87e6aedfab\"},\"description\":\"Seg\u00fan la \u00faltima encuesta del Eurobar\u00f3metro,\u00a0el apoyo a la pol\u00edtica agr\u00edcola com\u00fan (PAC) de la UE ha alcanzado un m\u00e1ximo hist\u00f3rico. El nivel de\",\"breadcrumb\":{\"@id\":\"https:\/\/www.asajacyl.com\/soria\/asaja-soria-informa\/la-encuesta-del-eurobarometro-muestra-un-fuerte-apoyo-a-la-politica-agricola-comun-pac#breadcrumb\"},\"inLanguage\":\"es\",\"potentialAction\":[{\"@type\":\"ReadAction\",\"target\":[\"https:\/\/www.asajacyl.com\/soria\/asaja-soria-informa\/la-encuesta-del-eurobarometro-muestra-un-fuerte-apoyo-a-la-politica-agricola-comun-pac\"]}]},{\"@type\":\"ImageObject\",\"inLanguage\":\"es\",\"@id\":\"https:\/\/www.asajacyl.com\/soria\/asaja-soria-informa\/la-encuesta-del-eurobarometro-muestra-un-fuerte-apoyo-a-la-politica-agricola-comun-pac#primaryimage\",\"url\":\"https:\/\/www.asajacyl.com\/soria\/wp-content\/uploads\/sites\/9\/2023\/07\/WhatsApp-Image-2023-07-13-at-16.50.56.jpeg\",\"contentUrl\":\"https:\/\/www.asajacyl.com\/soria\/wp-content\/uploads\/sites\/9\/2023\/07\/WhatsApp-Image-2023-07-13-at-16.50.56.jpeg\",\"width\":1200,\"height\":1600},{\"@type\":\"BreadcrumbList\",\"@id\":\"https:\/\/www.asajacyl.com\/soria\/asaja-soria-informa\/la-encuesta-del-eurobarometro-muestra-un-fuerte-apoyo-a-la-politica-agricola-comun-pac#breadcrumb\",\"itemListElement\":[{\"@type\":\"ListItem\",\"position\":1,\"name\":\"Portada\",\"item\":\"https:\/\/www.asajacyl.com\/soria\/\"},{\"@type\":\"ListItem\",\"position\":2,\"name\":\"La encuesta del Eurobar\u00f3metro muestra un fuerte apoyo a la Pol\u00edtica Agr\u00edcola Com\u00fan (PAC)\"}]},{\"@type\":\"WebSite\",\"@id\":\"https:\/\/www.asajacyl.com\/soria\/#website\",\"url\":\"https:\/\/www.asajacyl.com\/soria\/\",\"name\":\"ASAJA Soria\",\"description\":\"Otro sitio m\u00e1s de Provincias ASAJA Castilla y Le\u00f3n\",\"potentialAction\":[{\"@type\":\"SearchAction\",\"target\":{\"@type\":\"EntryPoint\",\"urlTemplate\":\"https:\/\/www.asajacyl.com\/soria\/?s={search_term_string}\"},\"query-input\":{\"@type\":\"PropertyValueSpecification\",\"valueRequired\":true,\"valueName\":\"search_term_string\"}}],\"inLanguage\":\"es\"},{\"@type\":\"Person\",\"@id\":\"https:\/\/www.asajacyl.com\/soria\/#\/schema\/person\/fd3081c40255119ce8133b87e6aedfab\",\"name\":\"Juan Ignacio Prieto Nieto\",\"image\":{\"@type\":\"ImageObject\",\"inLanguage\":\"es\",\"@id\":\"https:\/\/www.asajacyl.com\/soria\/#\/schema\/person\/image\/\",\"url\":\"https:\/\/secure.gravatar.com\/avatar\/8266b36e4d9001acb4700699a2468dc8?s=96&d=mm&r=g\",\"contentUrl\":\"https:\/\/secure.gravatar.com\/avatar\/8266b36e4d9001acb4700699a2468dc8?s=96&d=mm&r=g\",\"caption\":\"Juan Ignacio Prieto Nieto\"},\"url\":\"https:\/\/www.asajacyl.com\/soria\/author\/juanfranciscoby\"}]}<\/script>\n<!-- \/ Yoast SEO plugin. -->","yoast_head_json":{"title":"La encuesta del Eurobar\u00f3metro muestra un fuerte apoyo a la Pol\u00edtica Agr\u00edcola Com\u00fan (PAC) - ASAJA Soria","description":"Seg\u00fan la \u00faltima encuesta del Eurobar\u00f3metro,\u00a0el apoyo a la pol\u00edtica agr\u00edcola com\u00fan (PAC) de la UE ha alcanzado un m\u00e1ximo hist\u00f3rico. El nivel de","robots":{"index":"index","follow":"follow","max-snippet":"max-snippet:-1","max-image-preview":"max-image-preview:large","max-video-preview":"max-video-preview:-1"},"canonical":"https:\/\/www.asajacyl.com\/soria\/asaja-soria-informa\/la-encuesta-del-eurobarometro-muestra-un-fuerte-apoyo-a-la-politica-agricola-comun-pac","og_locale":"es_ES","og_type":"article","og_title":"La encuesta del Eurobar\u00f3metro muestra un fuerte apoyo a la Pol\u00edtica Agr\u00edcola Com\u00fan (PAC) - ASAJA Soria","og_description":"Seg\u00fan la \u00faltima encuesta del Eurobar\u00f3metro,\u00a0el apoyo a la pol\u00edtica agr\u00edcola com\u00fan (PAC) de la UE ha alcanzado un m\u00e1ximo hist\u00f3rico. El nivel de","og_url":"https:\/\/www.asajacyl.com\/soria\/asaja-soria-informa\/la-encuesta-del-eurobarometro-muestra-un-fuerte-apoyo-a-la-politica-agricola-comun-pac","og_site_name":"ASAJA Soria","article_published_time":"2025-01-10T10:13:58+00:00","article_modified_time":"2025-01-10T10:14:00+00:00","og_image":[{"width":1200,"height":1600,"url":"https:\/\/www.asajacyl.com\/soria\/wp-content\/uploads\/sites\/9\/2023\/07\/WhatsApp-Image-2023-07-13-at-16.50.56.jpeg","type":"image\/jpeg"}],"author":"Juan Ignacio Prieto Nieto","twitter_card":"summary_large_image","twitter_misc":{"Escrito por":"Juan Ignacio Prieto Nieto","Tiempo de lectura":"3 minutos"},"schema":{"@context":"https:\/\/schema.org","@graph":[{"@type":"WebPage","@id":"https:\/\/www.asajacyl.com\/soria\/asaja-soria-informa\/la-encuesta-del-eurobarometro-muestra-un-fuerte-apoyo-a-la-politica-agricola-comun-pac","url":"https:\/\/www.asajacyl.com\/soria\/asaja-soria-informa\/la-encuesta-del-eurobarometro-muestra-un-fuerte-apoyo-a-la-politica-agricola-comun-pac","name":"La encuesta del Eurobar\u00f3metro muestra un fuerte apoyo a la Pol\u00edtica Agr\u00edcola Com\u00fan (PAC) - ASAJA Soria","isPartOf":{"@id":"https:\/\/www.asajacyl.com\/soria\/#website"},"primaryImageOfPage":{"@id":"https:\/\/www.asajacyl.com\/soria\/asaja-soria-informa\/la-encuesta-del-eurobarometro-muestra-un-fuerte-apoyo-a-la-politica-agricola-comun-pac#primaryimage"},"image":{"@id":"https:\/\/www.asajacyl.com\/soria\/asaja-soria-informa\/la-encuesta-del-eurobarometro-muestra-un-fuerte-apoyo-a-la-politica-agricola-comun-pac#primaryimage"},"thumbnailUrl":"https:\/\/www.asajacyl.com\/soria\/wp-content\/uploads\/sites\/9\/2023\/07\/WhatsApp-Image-2023-07-13-at-16.50.56.jpeg","datePublished":"2025-01-10T10:13:58+00:00","dateModified":"2025-01-10T10:14:00+00:00","author":{"@id":"https:\/\/www.asajacyl.com\/soria\/#\/schema\/person\/fd3081c40255119ce8133b87e6aedfab"},"description":"Seg\u00fan la \u00faltima encuesta del Eurobar\u00f3metro,\u00a0el apoyo a la pol\u00edtica agr\u00edcola com\u00fan (PAC) de la UE ha alcanzado un m\u00e1ximo hist\u00f3rico. El nivel de","breadcrumb":{"@id":"https:\/\/www.asajacyl.com\/soria\/asaja-soria-informa\/la-encuesta-del-eurobarometro-muestra-un-fuerte-apoyo-a-la-politica-agricola-comun-pac#breadcrumb"},"inLanguage":"es","potentialAction":[{"@type":"ReadAction","target":["https:\/\/www.asajacyl.com\/soria\/asaja-soria-informa\/la-encuesta-del-eurobarometro-muestra-un-fuerte-apoyo-a-la-politica-agricola-comun-pac"]}]},{"@type":"ImageObject","inLanguage":"es","@id":"https:\/\/www.asajacyl.com\/soria\/asaja-soria-informa\/la-encuesta-del-eurobarometro-muestra-un-fuerte-apoyo-a-la-politica-agricola-comun-pac#primaryimage","url":"https:\/\/www.asajacyl.com\/soria\/wp-content\/uploads\/sites\/9\/2023\/07\/WhatsApp-Image-2023-07-13-at-16.50.56.jpeg","contentUrl":"https:\/\/www.asajacyl.com\/soria\/wp-content\/uploads\/sites\/9\/2023\/07\/WhatsApp-Image-2023-07-13-at-16.50.56.jpeg","width":1200,"height":1600},{"@type":"BreadcrumbList","@id":"https:\/\/www.asajacyl.com\/soria\/asaja-soria-informa\/la-encuesta-del-eurobarometro-muestra-un-fuerte-apoyo-a-la-politica-agricola-comun-pac#breadcrumb","itemListElement":[{"@type":"ListItem","position":1,"name":"Portada","item":"https:\/\/www.asajacyl.com\/soria\/"},{"@type":"ListItem","position":2,"name":"La encuesta del Eurobar\u00f3metro muestra un fuerte apoyo a la Pol\u00edtica Agr\u00edcola Com\u00fan (PAC)"}]},{"@type":"WebSite","@id":"https:\/\/www.asajacyl.com\/soria\/#website","url":"https:\/\/www.asajacyl.com\/soria\/","name":"ASAJA Soria","description":"Otro sitio m\u00e1s de Provincias ASAJA Castilla y Le\u00f3n","potentialAction":[{"@type":"SearchAction","target":{"@type":"EntryPoint","urlTemplate":"https:\/\/www.asajacyl.com\/soria\/?s={search_term_string}"},"query-input":{"@type":"PropertyValueSpecification","valueRequired":true,"valueName":"search_term_string"}}],"inLanguage":"es"},{"@type":"Person","@id":"https:\/\/www.asajacyl.com\/soria\/#\/schema\/person\/fd3081c40255119ce8133b87e6aedfab","name":"Juan Ignacio Prieto Nieto","image":{"@type":"ImageObject","inLanguage":"es","@id":"https:\/\/www.asajacyl.com\/soria\/#\/schema\/person\/image\/","url":"https:\/\/secure.gravatar.com\/avatar\/8266b36e4d9001acb4700699a2468dc8?s=96&d=mm&r=g","contentUrl":"https:\/\/secure.gravatar.com\/avatar\/8266b36e4d9001acb4700699a2468dc8?s=96&d=mm&r=g","caption":"Juan Ignacio Prieto Nieto"},"url":"https:\/\/www.asajacyl.com\/soria\/author\/juanfranciscoby"}]}},"_links":{"self":[{"href":"https:\/\/www.asajacyl.com\/soria\/wp-json\/wp\/v2\/posts\/8639"}],"collection":[{"href":"https:\/\/www.asajacyl.com\/soria\/wp-json\/wp\/v2\/posts"}],"about":[{"href":"https:\/\/www.asajacyl.com\/soria\/wp-json\/wp\/v2\/types\/post"}],"author":[{"embeddable":true,"href":"https:\/\/www.asajacyl.com\/soria\/wp-json\/wp\/v2\/users\/12"}],"replies":[{"embeddable":true,"href":"https:\/\/www.asajacyl.com\/soria\/wp-json\/wp\/v2\/comments?post=8639"}],"version-history":[{"count":1,"href":"https:\/\/www.asajacyl.com\/soria\/wp-json\/wp\/v2\/posts\/8639\/revisions"}],"predecessor-version":[{"id":8640,"href":"https:\/\/www.asajacyl.com\/soria\/wp-json\/wp\/v2\/posts\/8639\/revisions\/8640"}],"wp:featuredmedia":[{"embeddable":true,"href":"https:\/\/www.asajacyl.com\/soria\/wp-json\/wp\/v2\/media\/7050"}],"wp:attachment":[{"href":"https:\/\/www.asajacyl.com\/soria\/wp-json\/wp\/v2\/media?parent=8639"}],"wp:term":[{"taxonomy":"category","embeddable":true,"href":"https:\/\/www.asajacyl.com\/soria\/wp-json\/wp\/v2\/categories?post=8639"},{"taxonomy":"post_tag","embeddable":true,"href":"https:\/\/www.asajacyl.com\/soria\/wp-json\/wp\/v2\/tags?post=8639"}],"curies":[{"name":"wp","href":"https:\/\/api.w.org\/{rel}","templated":true}]}}