{"id":8762,"date":"2025-03-14T08:59:08","date_gmt":"2025-03-14T07:59:08","guid":{"rendered":"https:\/\/www.asajacyl.com\/soria\/?p=8762"},"modified":"2025-03-17T12:54:21","modified_gmt":"2025-03-17T11:54:21","slug":"las-opas-matizan-la-informacion-vertida-por-la-delegacion-territorial-aparecida-en-los-medios","status":"publish","type":"post","link":"https:\/\/www.asajacyl.com\/soria\/asaja-soria-informa\/las-opas-matizan-la-informacion-vertida-por-la-delegacion-territorial-aparecida-en-los-medios","title":{"rendered":"LAS OPAS MATIZAN LA INFORMACI\u00d3N VERTIDA POR LA DELEGACI\u00d3N TERRITORIAL APARECIDA EN LOS MEDIOS"},"content":{"rendered":"\n\n\n<h2><strong><em>Los ganaderos de bovino solicitan que la provincia sea considerada libre de tuberculosis<\/em><\/strong><\/h2>\n<p>Con el fin de aclarar la informaci\u00f3n aparecida en algunos medios de comunicaci\u00f3n sorianos al respecto de la reuni\u00f3n del Consejo Provincial Agrario celebrado en el d\u00eda de ayer, al respecto de la sanidad animal, queremos aclarar que Soria consigui\u00f3 el \u201ccero en prevalencia a tuberculosis\u201d hace dos campa\u00f1as esperando conseguir el estatus de zona \u201clibre de tuberculosis bovina\u201d, tras d\u00e9cadas de sacrificios y sinsabores para los ganaderos sometidos a las estrictas medidas que engloba el plan nacional de saneamiento ganadero y que en muchas ocasiones llev\u00f3 y lleva a que, en el extremo, algunas ganader\u00edas completas fueran o siguen siendo forzadas a realizar vac\u00edos sanitarios, que es el sacrificio de la totalidad de los animales de la explotaci\u00f3n.<\/p>\n<p>Como decimos, tras a\u00f1os de sacrificios y penurias de los ganaderos, la provincia rebaj\u00f3 su tasa de prevalencia de la enfermedad hasta el \u201ccero\u201d hace dos a\u00f1os. Sin embargo, en estos \u00faltimos a\u00f1os la excepcionalidad por el \u201cvalor gen\u00e9tico\u201d de una explotaci\u00f3n, que recurrentemente permanece positiva, impide alcanzar ese doble cero consecutivo en prevalencia que es la condici\u00f3n para la declaraci\u00f3n de zona libre de tuberculosis bovina. Es necesario aclarar que cualquier explotaci\u00f3n del resto de ganaderos hubiera sido \u201cforzada a realizar vac\u00edo sanitario en su explotaci\u00f3n\u201d.<\/p>\n<p>Ante esta situaci\u00f3n, y en respuesta al sentir de la inmensa mayor\u00eda de los ganaderos, se pidi\u00f3 a la Administraci\u00f3n regional que, puesto que la ubicaci\u00f3n de la granja que permanece positiva est\u00e1 en un extremo de la provincia y la excepcionalidad aplicada a esta es algo que pertenece al campo de decisi\u00f3n de la Administraci\u00f3n, se sacara de la estad\u00edstica provincial con el fin de no afectar a todos los restantes ganaderos de Soria, con el fin de alcanzar el estatus de libre de tuberculosis, lo que puede rebajar significativamente el padecimiento de las campa\u00f1as de saneamiento ganadero en la provincia.<\/p>\n<p>Ante la imposibilidad manifestada por la Administraci\u00f3n de reconocer la excepcionalidad aplicada a esta granja tambi\u00e9n en la estad\u00edstica, lo que supondr\u00eda un alivio para esa explotaci\u00f3n y para el resto de ganaderos, a la pregunta de la administraci\u00f3n de si estamos de acuerdo de que se aplique el mismo criterio que para el resto de ganaderos la respuesta fue de s\u00ed, lo que incluye claro est\u00e1 la posibilidad del vac\u00edo sanitario.<\/p>\n<p>De ning\u00fan modo las OPAs nos manifestamos de acuerdo con esta medida del vac\u00edo sanitario, como parte importante de las campa\u00f1as de saneamiento, como da a entender la informaci\u00f3n aparecida en algunos medios, pues para el ganadero es una cuesti\u00f3n totalmente traum\u00e1tica y dolorosa que no cuenta en absoluto con nuestro agrado, y que en todo caso debe ser voluntaria.<\/p>\n<p>Sin embargo, el premio, de alcanzar el estatus de libre de la enfermedad, a tanto dolor padecido por los ganaderos de la provincia a lo largo de d\u00e9cadas est\u00e1 si\u00e9ndoles negado por la excepcionalidad aplicada a esta granja.\u00a0 Y a lo que se dijo s\u00ed, ya que no dejan otra opci\u00f3n menos traum\u00e1tica, es que se aplique a \u00e9sta lo mismo que se aplica al resto de los ganaderos de esta provincia.<\/p>\n<p>Aqu\u00ed puedes pinchar para ver la nota de prensa conjunta que ya tienen todos los medios de comunicaci\u00f3n provinciales.<\/p>\n<p><a href=\"https:\/\/www.asajacyl.com\/soria\/wp-content\/uploads\/sites\/9\/2025\/03\/LAS-OPAS-MATIZAN-LA-INFORMACION-VERTIDA-POR-LA-DELEGACION-TERRITORIAL-APARECIDA-EN-LOS-MEDIOS.pdf\">LAS OPAS MATIZAN LA INFORMACI\u00d3N VERTIDA POR LA DELEGACI\u00d3N TERRITORIAL APARECIDA EN LOS MEDIOS<\/a><\/p>\n<p>\u00a0<\/p>\n<p>\u00a0<\/p>\n","protected":false},"excerpt":{"rendered":"<p>Los ganaderos de bovino solicitan que la provincia sea considerada libre de tuberculosis Con el fin de aclarar la informaci\u00f3n aparecida en algunos medios de comunicaci\u00f3n sorianos al respecto de la reuni\u00f3n del Consejo Provincial Agrario celebrado en el d\u00eda de ayer, al respecto de la sanidad animal, queremos aclarar que Soria consigui\u00f3 el \u201ccero [&hellip;]<\/p>\n","protected":false},"author":12,"featured_media":8764,"comment_status":"open","ping_status":"open","sticky":false,"template":"","format":"standard","meta":{"footnotes":""},"categories":[10,25],"tags":[],"yoast_head":"<!-- This site is optimized with the Yoast SEO plugin v24.5 - https:\/\/yoast.com\/wordpress\/plugins\/seo\/ -->\n<title>LAS OPAS MATIZAN LA INFORMACI\u00d3N VERTIDA POR LA DELEGACI\u00d3N TERRITORIAL APARECIDA EN LOS MEDIOS - ASAJA Soria<\/title>\n<meta name=\"description\" content=\"Los ganaderos de bovino solicitan que la provincia sea considerada libre de tuberculosis Con el fin de aclarar la informaci\u00f3n aparecida en algunos medios\" \/>\n<meta name=\"robots\" content=\"index, follow, max-snippet:-1, max-image-preview:large, max-video-preview:-1\" \/>\n<link rel=\"canonical\" href=\"https:\/\/www.asajacyl.com\/soria\/asaja-soria-informa\/las-opas-matizan-la-informacion-vertida-por-la-delegacion-territorial-aparecida-en-los-medios\" \/>\n<meta property=\"og:locale\" content=\"es_ES\" \/>\n<meta property=\"og:type\" content=\"article\" \/>\n<meta property=\"og:title\" content=\"LAS OPAS MATIZAN LA INFORMACI\u00d3N VERTIDA POR LA DELEGACI\u00d3N TERRITORIAL APARECIDA EN LOS MEDIOS - ASAJA Soria\" \/>\n<meta property=\"og:description\" content=\"Los ganaderos de bovino solicitan que la provincia sea considerada libre de tuberculosis Con el fin de aclarar la informaci\u00f3n aparecida en algunos medios\" \/>\n<meta property=\"og:url\" content=\"https:\/\/www.asajacyl.com\/soria\/asaja-soria-informa\/las-opas-matizan-la-informacion-vertida-por-la-delegacion-territorial-aparecida-en-los-medios\" \/>\n<meta property=\"og:site_name\" content=\"ASAJA Soria\" \/>\n<meta property=\"article:published_time\" content=\"2025-03-14T07:59:08+00:00\" \/>\n<meta property=\"article:modified_time\" content=\"2025-03-17T11:54:21+00:00\" \/>\n<meta property=\"og:image\" content=\"https:\/\/www.asajacyl.com\/soria\/wp-content\/uploads\/sites\/9\/2025\/03\/2025030616342233644.jpg\" \/>\n\t<meta property=\"og:image:width\" content=\"960\" \/>\n\t<meta property=\"og:image:height\" content=\"720\" \/>\n\t<meta property=\"og:image:type\" content=\"image\/jpeg\" \/>\n<meta name=\"author\" content=\"Juan Ignacio Prieto Nieto\" \/>\n<meta name=\"twitter:card\" content=\"summary_large_image\" \/>\n<meta name=\"twitter:label1\" content=\"Escrito por\" \/>\n\t<meta name=\"twitter:data1\" content=\"Juan Ignacio Prieto Nieto\" \/>\n\t<meta name=\"twitter:label2\" content=\"Tiempo de lectura\" \/>\n\t<meta name=\"twitter:data2\" content=\"3 minutos\" \/>\n<script type=\"application\/ld+json\" class=\"yoast-schema-graph\">{\"@context\":\"https:\/\/schema.org\",\"@graph\":[{\"@type\":\"WebPage\",\"@id\":\"https:\/\/www.asajacyl.com\/soria\/asaja-soria-informa\/las-opas-matizan-la-informacion-vertida-por-la-delegacion-territorial-aparecida-en-los-medios\",\"url\":\"https:\/\/www.asajacyl.com\/soria\/asaja-soria-informa\/las-opas-matizan-la-informacion-vertida-por-la-delegacion-territorial-aparecida-en-los-medios\",\"name\":\"LAS OPAS MATIZAN LA INFORMACI\u00d3N VERTIDA POR LA DELEGACI\u00d3N TERRITORIAL APARECIDA EN LOS MEDIOS - ASAJA Soria\",\"isPartOf\":{\"@id\":\"https:\/\/www.asajacyl.com\/soria\/#website\"},\"primaryImageOfPage\":{\"@id\":\"https:\/\/www.asajacyl.com\/soria\/asaja-soria-informa\/las-opas-matizan-la-informacion-vertida-por-la-delegacion-territorial-aparecida-en-los-medios#primaryimage\"},\"image\":{\"@id\":\"https:\/\/www.asajacyl.com\/soria\/asaja-soria-informa\/las-opas-matizan-la-informacion-vertida-por-la-delegacion-territorial-aparecida-en-los-medios#primaryimage\"},\"thumbnailUrl\":\"https:\/\/www.asajacyl.com\/soria\/wp-content\/uploads\/sites\/9\/2025\/03\/2025030616342233644.jpg\",\"datePublished\":\"2025-03-14T07:59:08+00:00\",\"dateModified\":\"2025-03-17T11:54:21+00:00\",\"author\":{\"@id\":\"https:\/\/www.asajacyl.com\/soria\/#\/schema\/person\/fd3081c40255119ce8133b87e6aedfab\"},\"description\":\"Los ganaderos de bovino solicitan que la provincia sea considerada libre de tuberculosis Con el fin de aclarar la informaci\u00f3n aparecida en algunos medios\",\"breadcrumb\":{\"@id\":\"https:\/\/www.asajacyl.com\/soria\/asaja-soria-informa\/las-opas-matizan-la-informacion-vertida-por-la-delegacion-territorial-aparecida-en-los-medios#breadcrumb\"},\"inLanguage\":\"es\",\"potentialAction\":[{\"@type\":\"ReadAction\",\"target\":[\"https:\/\/www.asajacyl.com\/soria\/asaja-soria-informa\/las-opas-matizan-la-informacion-vertida-por-la-delegacion-territorial-aparecida-en-los-medios\"]}]},{\"@type\":\"ImageObject\",\"inLanguage\":\"es\",\"@id\":\"https:\/\/www.asajacyl.com\/soria\/asaja-soria-informa\/las-opas-matizan-la-informacion-vertida-por-la-delegacion-territorial-aparecida-en-los-medios#primaryimage\",\"url\":\"https:\/\/www.asajacyl.com\/soria\/wp-content\/uploads\/sites\/9\/2025\/03\/2025030616342233644.jpg\",\"contentUrl\":\"https:\/\/www.asajacyl.com\/soria\/wp-content\/uploads\/sites\/9\/2025\/03\/2025030616342233644.jpg\",\"width\":960,\"height\":720},{\"@type\":\"BreadcrumbList\",\"@id\":\"https:\/\/www.asajacyl.com\/soria\/asaja-soria-informa\/las-opas-matizan-la-informacion-vertida-por-la-delegacion-territorial-aparecida-en-los-medios#breadcrumb\",\"itemListElement\":[{\"@type\":\"ListItem\",\"position\":1,\"name\":\"Portada\",\"item\":\"https:\/\/www.asajacyl.com\/soria\/\"},{\"@type\":\"ListItem\",\"position\":2,\"name\":\"LAS OPAS MATIZAN LA INFORMACI\u00d3N VERTIDA POR LA DELEGACI\u00d3N TERRITORIAL APARECIDA EN LOS MEDIOS\"}]},{\"@type\":\"WebSite\",\"@id\":\"https:\/\/www.asajacyl.com\/soria\/#website\",\"url\":\"https:\/\/www.asajacyl.com\/soria\/\",\"name\":\"ASAJA Soria\",\"description\":\"Otro sitio m\u00e1s de Provincias ASAJA Castilla y Le\u00f3n\",\"potentialAction\":[{\"@type\":\"SearchAction\",\"target\":{\"@type\":\"EntryPoint\",\"urlTemplate\":\"https:\/\/www.asajacyl.com\/soria\/?s={search_term_string}\"},\"query-input\":{\"@type\":\"PropertyValueSpecification\",\"valueRequired\":true,\"valueName\":\"search_term_string\"}}],\"inLanguage\":\"es\"},{\"@type\":\"Person\",\"@id\":\"https:\/\/www.asajacyl.com\/soria\/#\/schema\/person\/fd3081c40255119ce8133b87e6aedfab\",\"name\":\"Juan Ignacio Prieto Nieto\",\"image\":{\"@type\":\"ImageObject\",\"inLanguage\":\"es\",\"@id\":\"https:\/\/www.asajacyl.com\/soria\/#\/schema\/person\/image\/\",\"url\":\"https:\/\/secure.gravatar.com\/avatar\/8266b36e4d9001acb4700699a2468dc8?s=96&d=mm&r=g\",\"contentUrl\":\"https:\/\/secure.gravatar.com\/avatar\/8266b36e4d9001acb4700699a2468dc8?s=96&d=mm&r=g\",\"caption\":\"Juan Ignacio Prieto Nieto\"},\"url\":\"https:\/\/www.asajacyl.com\/soria\/author\/juanfranciscoby\"}]}<\/script>\n<!-- \/ Yoast SEO plugin. -->","yoast_head_json":{"title":"LAS OPAS MATIZAN LA INFORMACI\u00d3N VERTIDA POR LA DELEGACI\u00d3N TERRITORIAL APARECIDA EN LOS MEDIOS - ASAJA Soria","description":"Los ganaderos de bovino solicitan que la provincia sea considerada libre de tuberculosis Con el fin de aclarar la informaci\u00f3n aparecida en algunos medios","robots":{"index":"index","follow":"follow","max-snippet":"max-snippet:-1","max-image-preview":"max-image-preview:large","max-video-preview":"max-video-preview:-1"},"canonical":"https:\/\/www.asajacyl.com\/soria\/asaja-soria-informa\/las-opas-matizan-la-informacion-vertida-por-la-delegacion-territorial-aparecida-en-los-medios","og_locale":"es_ES","og_type":"article","og_title":"LAS OPAS MATIZAN LA INFORMACI\u00d3N VERTIDA POR LA DELEGACI\u00d3N TERRITORIAL APARECIDA EN LOS MEDIOS - ASAJA Soria","og_description":"Los ganaderos de bovino solicitan que la provincia sea considerada libre de tuberculosis Con el fin de aclarar la informaci\u00f3n aparecida en algunos medios","og_url":"https:\/\/www.asajacyl.com\/soria\/asaja-soria-informa\/las-opas-matizan-la-informacion-vertida-por-la-delegacion-territorial-aparecida-en-los-medios","og_site_name":"ASAJA Soria","article_published_time":"2025-03-14T07:59:08+00:00","article_modified_time":"2025-03-17T11:54:21+00:00","og_image":[{"width":960,"height":720,"url":"https:\/\/www.asajacyl.com\/soria\/wp-content\/uploads\/sites\/9\/2025\/03\/2025030616342233644.jpg","type":"image\/jpeg"}],"author":"Juan Ignacio Prieto Nieto","twitter_card":"summary_large_image","twitter_misc":{"Escrito por":"Juan Ignacio Prieto Nieto","Tiempo de lectura":"3 minutos"},"schema":{"@context":"https:\/\/schema.org","@graph":[{"@type":"WebPage","@id":"https:\/\/www.asajacyl.com\/soria\/asaja-soria-informa\/las-opas-matizan-la-informacion-vertida-por-la-delegacion-territorial-aparecida-en-los-medios","url":"https:\/\/www.asajacyl.com\/soria\/asaja-soria-informa\/las-opas-matizan-la-informacion-vertida-por-la-delegacion-territorial-aparecida-en-los-medios","name":"LAS OPAS MATIZAN LA INFORMACI\u00d3N VERTIDA POR LA DELEGACI\u00d3N TERRITORIAL APARECIDA EN LOS MEDIOS - ASAJA Soria","isPartOf":{"@id":"https:\/\/www.asajacyl.com\/soria\/#website"},"primaryImageOfPage":{"@id":"https:\/\/www.asajacyl.com\/soria\/asaja-soria-informa\/las-opas-matizan-la-informacion-vertida-por-la-delegacion-territorial-aparecida-en-los-medios#primaryimage"},"image":{"@id":"https:\/\/www.asajacyl.com\/soria\/asaja-soria-informa\/las-opas-matizan-la-informacion-vertida-por-la-delegacion-territorial-aparecida-en-los-medios#primaryimage"},"thumbnailUrl":"https:\/\/www.asajacyl.com\/soria\/wp-content\/uploads\/sites\/9\/2025\/03\/2025030616342233644.jpg","datePublished":"2025-03-14T07:59:08+00:00","dateModified":"2025-03-17T11:54:21+00:00","author":{"@id":"https:\/\/www.asajacyl.com\/soria\/#\/schema\/person\/fd3081c40255119ce8133b87e6aedfab"},"description":"Los ganaderos de bovino solicitan que la provincia sea considerada libre de tuberculosis Con el fin de aclarar la informaci\u00f3n aparecida en algunos medios","breadcrumb":{"@id":"https:\/\/www.asajacyl.com\/soria\/asaja-soria-informa\/las-opas-matizan-la-informacion-vertida-por-la-delegacion-territorial-aparecida-en-los-medios#breadcrumb"},"inLanguage":"es","potentialAction":[{"@type":"ReadAction","target":["https:\/\/www.asajacyl.com\/soria\/asaja-soria-informa\/las-opas-matizan-la-informacion-vertida-por-la-delegacion-territorial-aparecida-en-los-medios"]}]},{"@type":"ImageObject","inLanguage":"es","@id":"https:\/\/www.asajacyl.com\/soria\/asaja-soria-informa\/las-opas-matizan-la-informacion-vertida-por-la-delegacion-territorial-aparecida-en-los-medios#primaryimage","url":"https:\/\/www.asajacyl.com\/soria\/wp-content\/uploads\/sites\/9\/2025\/03\/2025030616342233644.jpg","contentUrl":"https:\/\/www.asajacyl.com\/soria\/wp-content\/uploads\/sites\/9\/2025\/03\/2025030616342233644.jpg","width":960,"height":720},{"@type":"BreadcrumbList","@id":"https:\/\/www.asajacyl.com\/soria\/asaja-soria-informa\/las-opas-matizan-la-informacion-vertida-por-la-delegacion-territorial-aparecida-en-los-medios#breadcrumb","itemListElement":[{"@type":"ListItem","position":1,"name":"Portada","item":"https:\/\/www.asajacyl.com\/soria\/"},{"@type":"ListItem","position":2,"name":"LAS OPAS MATIZAN LA INFORMACI\u00d3N VERTIDA POR LA DELEGACI\u00d3N TERRITORIAL APARECIDA EN LOS MEDIOS"}]},{"@type":"WebSite","@id":"https:\/\/www.asajacyl.com\/soria\/#website","url":"https:\/\/www.asajacyl.com\/soria\/","name":"ASAJA Soria","description":"Otro sitio m\u00e1s de Provincias ASAJA Castilla y Le\u00f3n","potentialAction":[{"@type":"SearchAction","target":{"@type":"EntryPoint","urlTemplate":"https:\/\/www.asajacyl.com\/soria\/?s={search_term_string}"},"query-input":{"@type":"PropertyValueSpecification","valueRequired":true,"valueName":"search_term_string"}}],"inLanguage":"es"},{"@type":"Person","@id":"https:\/\/www.asajacyl.com\/soria\/#\/schema\/person\/fd3081c40255119ce8133b87e6aedfab","name":"Juan Ignacio Prieto Nieto","image":{"@type":"ImageObject","inLanguage":"es","@id":"https:\/\/www.asajacyl.com\/soria\/#\/schema\/person\/image\/","url":"https:\/\/secure.gravatar.com\/avatar\/8266b36e4d9001acb4700699a2468dc8?s=96&d=mm&r=g","contentUrl":"https:\/\/secure.gravatar.com\/avatar\/8266b36e4d9001acb4700699a2468dc8?s=96&d=mm&r=g","caption":"Juan Ignacio Prieto Nieto"},"url":"https:\/\/www.asajacyl.com\/soria\/author\/juanfranciscoby"}]}},"_links":{"self":[{"href":"https:\/\/www.asajacyl.com\/soria\/wp-json\/wp\/v2\/posts\/8762"}],"collection":[{"href":"https:\/\/www.asajacyl.com\/soria\/wp-json\/wp\/v2\/posts"}],"about":[{"href":"https:\/\/www.asajacyl.com\/soria\/wp-json\/wp\/v2\/types\/post"}],"author":[{"embeddable":true,"href":"https:\/\/www.asajacyl.com\/soria\/wp-json\/wp\/v2\/users\/12"}],"replies":[{"embeddable":true,"href":"https:\/\/www.asajacyl.com\/soria\/wp-json\/wp\/v2\/comments?post=8762"}],"version-history":[{"count":1,"href":"https:\/\/www.asajacyl.com\/soria\/wp-json\/wp\/v2\/posts\/8762\/revisions"}],"predecessor-version":[{"id":8765,"href":"https:\/\/www.asajacyl.com\/soria\/wp-json\/wp\/v2\/posts\/8762\/revisions\/8765"}],"wp:featuredmedia":[{"embeddable":true,"href":"https:\/\/www.asajacyl.com\/soria\/wp-json\/wp\/v2\/media\/8764"}],"wp:attachment":[{"href":"https:\/\/www.asajacyl.com\/soria\/wp-json\/wp\/v2\/media?parent=8762"}],"wp:term":[{"taxonomy":"category","embeddable":true,"href":"https:\/\/www.asajacyl.com\/soria\/wp-json\/wp\/v2\/categories?post=8762"},{"taxonomy":"post_tag","embeddable":true,"href":"https:\/\/www.asajacyl.com\/soria\/wp-json\/wp\/v2\/tags?post=8762"}],"curies":[{"name":"wp","href":"https:\/\/api.w.org\/{rel}","templated":true}]}}