{"id":8770,"date":"2025-03-17T12:40:27","date_gmt":"2025-03-17T11:40:27","guid":{"rendered":"https:\/\/www.asajacyl.com\/soria\/?p=8770"},"modified":"2025-03-17T14:55:47","modified_gmt":"2025-03-17T13:55:47","slug":"asaja-soria-se-reunira-con-el-subdelegado-para-tratar-el-preocupante-estado-de-numerosos-puntos-fluviales-de-la-provincia","status":"publish","type":"post","link":"https:\/\/www.asajacyl.com\/soria\/asaja-soria-informa\/asaja-soria-se-reunira-con-el-subdelegado-para-tratar-el-preocupante-estado-de-numerosos-puntos-fluviales-de-la-provincia","title":{"rendered":"ASAJA Soria se reunir\u00e1 con el subdelegado para tratar el preocupante estado de numerosos puntos fluviales de la provincia"},"content":{"rendered":"\n<p>ASAJA Soria ha solicitado esta ma\u00f1ana una reuni\u00f3n con el subdelegado del Gobierno, Miguel Latorre, debido a que la climatolog\u00eda especialmente lluviosa de estas \u00faltimas semanas ha puesto de manifiesto problemas que afectan a la evacuaci\u00f3n del exceso de agua en parcelas e infraestructuras agr\u00edcolas. Con el fin de tratar la situaci\u00f3n de la red hidrogr\u00e1fica de nuestra provincia, la organizaci\u00f3n ha considerado procedente mantener una reuni\u00f3n en la que abordar este asunto. El encuentro ha quedado fijado ya para el 19 de marzo.<\/p>\n<p><img loading=\"lazy\" decoding=\"async\" class=\"aligncenter  wp-image-8772\" src=\"https:\/\/www.asajacyl.com\/soria\/wp-content\/uploads\/sites\/9\/2025\/03\/987c8338-d5f0-4590-8f9c-5b43b8ee0e93.jpg\" alt=\"\" width=\"642\" height=\"856\" srcset=\"https:\/\/www.asajacyl.com\/soria\/wp-content\/uploads\/sites\/9\/2025\/03\/987c8338-d5f0-4590-8f9c-5b43b8ee0e93.jpg 1200w, https:\/\/www.asajacyl.com\/soria\/wp-content\/uploads\/sites\/9\/2025\/03\/987c8338-d5f0-4590-8f9c-5b43b8ee0e93-225x300.jpg 225w, https:\/\/www.asajacyl.com\/soria\/wp-content\/uploads\/sites\/9\/2025\/03\/987c8338-d5f0-4590-8f9c-5b43b8ee0e93-768x1024.jpg 768w, https:\/\/www.asajacyl.com\/soria\/wp-content\/uploads\/sites\/9\/2025\/03\/987c8338-d5f0-4590-8f9c-5b43b8ee0e93-1152x1536.jpg 1152w, https:\/\/www.asajacyl.com\/soria\/wp-content\/uploads\/sites\/9\/2025\/03\/987c8338-d5f0-4590-8f9c-5b43b8ee0e93-315x420.jpg 315w, https:\/\/www.asajacyl.com\/soria\/wp-content\/uploads\/sites\/9\/2025\/03\/987c8338-d5f0-4590-8f9c-5b43b8ee0e93-696x928.jpg 696w, https:\/\/www.asajacyl.com\/soria\/wp-content\/uploads\/sites\/9\/2025\/03\/987c8338-d5f0-4590-8f9c-5b43b8ee0e93-1068x1424.jpg 1068w\" sizes=\"(max-width: 642px) 100vw, 642px\" \/><\/p>\n","protected":false},"excerpt":{"rendered":"<p>ASAJA Soria ha solicitado esta ma\u00f1ana una reuni\u00f3n con el subdelegado del Gobierno, Miguel Latorre, debido a que la climatolog\u00eda especialmente lluviosa de estas \u00faltimas semanas ha puesto de manifiesto problemas que afectan a la evacuaci\u00f3n del exceso de agua en parcelas e infraestructuras agr\u00edcolas. Con el fin de tratar la situaci\u00f3n de la red [&hellip;]<\/p>\n","protected":false},"author":12,"featured_media":8774,"comment_status":"open","ping_status":"open","sticky":false,"template":"","format":"standard","meta":{"footnotes":""},"categories":[10,25],"tags":[],"yoast_head":"<!-- This site is optimized with the Yoast SEO plugin v24.5 - https:\/\/yoast.com\/wordpress\/plugins\/seo\/ -->\n<title>ASAJA Soria se reunir\u00e1 con el subdelegado para tratar el preocupante estado de numerosos puntos fluviales de la provincia - ASAJA Soria<\/title>\n<meta name=\"description\" content=\"ASAJA Soria ha solicitado esta ma\u00f1ana una reuni\u00f3n con el subdelegado del Gobierno, Miguel Latorre, debido a que la climatolog\u00eda especialmente lluviosa de\" \/>\n<meta name=\"robots\" content=\"index, follow, max-snippet:-1, max-image-preview:large, max-video-preview:-1\" \/>\n<link rel=\"canonical\" href=\"https:\/\/www.asajacyl.com\/soria\/asaja-soria-informa\/asaja-soria-se-reunira-con-el-subdelegado-para-tratar-el-preocupante-estado-de-numerosos-puntos-fluviales-de-la-provincia\" \/>\n<meta property=\"og:locale\" content=\"es_ES\" \/>\n<meta property=\"og:type\" content=\"article\" \/>\n<meta property=\"og:title\" content=\"ASAJA Soria se reunir\u00e1 con el subdelegado para tratar el preocupante estado de numerosos puntos fluviales de la provincia - ASAJA Soria\" \/>\n<meta property=\"og:description\" content=\"ASAJA Soria ha solicitado esta ma\u00f1ana una reuni\u00f3n con el subdelegado del Gobierno, Miguel Latorre, debido a que la climatolog\u00eda especialmente lluviosa de\" \/>\n<meta property=\"og:url\" content=\"https:\/\/www.asajacyl.com\/soria\/asaja-soria-informa\/asaja-soria-se-reunira-con-el-subdelegado-para-tratar-el-preocupante-estado-de-numerosos-puntos-fluviales-de-la-provincia\" \/>\n<meta property=\"og:site_name\" content=\"ASAJA Soria\" \/>\n<meta property=\"article:published_time\" content=\"2025-03-17T11:40:27+00:00\" \/>\n<meta property=\"article:modified_time\" content=\"2025-03-17T13:55:47+00:00\" \/>\n<meta property=\"og:image\" content=\"https:\/\/www.asajacyl.com\/soria\/wp-content\/uploads\/sites\/9\/2025\/03\/6957bb45-d5aa-46e3-814d-249887301c80-copia.jpg\" \/>\n\t<meta property=\"og:image:width\" content=\"1169\" \/>\n\t<meta property=\"og:image:height\" content=\"973\" \/>\n\t<meta property=\"og:image:type\" content=\"image\/jpeg\" \/>\n<meta name=\"author\" content=\"Juan Ignacio Prieto Nieto\" \/>\n<meta name=\"twitter:card\" content=\"summary_large_image\" \/>\n<meta name=\"twitter:label1\" content=\"Escrito por\" \/>\n\t<meta name=\"twitter:data1\" content=\"Juan Ignacio Prieto Nieto\" \/>\n\t<meta name=\"twitter:label2\" content=\"Tiempo de lectura\" \/>\n\t<meta name=\"twitter:data2\" content=\"1 minuto\" \/>\n<script type=\"application\/ld+json\" class=\"yoast-schema-graph\">{\"@context\":\"https:\/\/schema.org\",\"@graph\":[{\"@type\":\"WebPage\",\"@id\":\"https:\/\/www.asajacyl.com\/soria\/asaja-soria-informa\/asaja-soria-se-reunira-con-el-subdelegado-para-tratar-el-preocupante-estado-de-numerosos-puntos-fluviales-de-la-provincia\",\"url\":\"https:\/\/www.asajacyl.com\/soria\/asaja-soria-informa\/asaja-soria-se-reunira-con-el-subdelegado-para-tratar-el-preocupante-estado-de-numerosos-puntos-fluviales-de-la-provincia\",\"name\":\"ASAJA Soria se reunir\u00e1 con el subdelegado para tratar el preocupante estado de numerosos puntos fluviales de la provincia - ASAJA Soria\",\"isPartOf\":{\"@id\":\"https:\/\/www.asajacyl.com\/soria\/#website\"},\"primaryImageOfPage\":{\"@id\":\"https:\/\/www.asajacyl.com\/soria\/asaja-soria-informa\/asaja-soria-se-reunira-con-el-subdelegado-para-tratar-el-preocupante-estado-de-numerosos-puntos-fluviales-de-la-provincia#primaryimage\"},\"image\":{\"@id\":\"https:\/\/www.asajacyl.com\/soria\/asaja-soria-informa\/asaja-soria-se-reunira-con-el-subdelegado-para-tratar-el-preocupante-estado-de-numerosos-puntos-fluviales-de-la-provincia#primaryimage\"},\"thumbnailUrl\":\"https:\/\/www.asajacyl.com\/soria\/wp-content\/uploads\/sites\/9\/2025\/03\/6957bb45-d5aa-46e3-814d-249887301c80-copia.jpg\",\"datePublished\":\"2025-03-17T11:40:27+00:00\",\"dateModified\":\"2025-03-17T13:55:47+00:00\",\"author\":{\"@id\":\"https:\/\/www.asajacyl.com\/soria\/#\/schema\/person\/fd3081c40255119ce8133b87e6aedfab\"},\"description\":\"ASAJA Soria ha solicitado esta ma\u00f1ana una reuni\u00f3n con el subdelegado del Gobierno, Miguel Latorre, debido a que la climatolog\u00eda especialmente lluviosa de\",\"breadcrumb\":{\"@id\":\"https:\/\/www.asajacyl.com\/soria\/asaja-soria-informa\/asaja-soria-se-reunira-con-el-subdelegado-para-tratar-el-preocupante-estado-de-numerosos-puntos-fluviales-de-la-provincia#breadcrumb\"},\"inLanguage\":\"es\",\"potentialAction\":[{\"@type\":\"ReadAction\",\"target\":[\"https:\/\/www.asajacyl.com\/soria\/asaja-soria-informa\/asaja-soria-se-reunira-con-el-subdelegado-para-tratar-el-preocupante-estado-de-numerosos-puntos-fluviales-de-la-provincia\"]}]},{\"@type\":\"ImageObject\",\"inLanguage\":\"es\",\"@id\":\"https:\/\/www.asajacyl.com\/soria\/asaja-soria-informa\/asaja-soria-se-reunira-con-el-subdelegado-para-tratar-el-preocupante-estado-de-numerosos-puntos-fluviales-de-la-provincia#primaryimage\",\"url\":\"https:\/\/www.asajacyl.com\/soria\/wp-content\/uploads\/sites\/9\/2025\/03\/6957bb45-d5aa-46e3-814d-249887301c80-copia.jpg\",\"contentUrl\":\"https:\/\/www.asajacyl.com\/soria\/wp-content\/uploads\/sites\/9\/2025\/03\/6957bb45-d5aa-46e3-814d-249887301c80-copia.jpg\",\"width\":1169,\"height\":973},{\"@type\":\"BreadcrumbList\",\"@id\":\"https:\/\/www.asajacyl.com\/soria\/asaja-soria-informa\/asaja-soria-se-reunira-con-el-subdelegado-para-tratar-el-preocupante-estado-de-numerosos-puntos-fluviales-de-la-provincia#breadcrumb\",\"itemListElement\":[{\"@type\":\"ListItem\",\"position\":1,\"name\":\"Portada\",\"item\":\"https:\/\/www.asajacyl.com\/soria\/\"},{\"@type\":\"ListItem\",\"position\":2,\"name\":\"ASAJA Soria se reunir\u00e1 con el subdelegado para tratar el preocupante estado de numerosos puntos fluviales de la provincia\"}]},{\"@type\":\"WebSite\",\"@id\":\"https:\/\/www.asajacyl.com\/soria\/#website\",\"url\":\"https:\/\/www.asajacyl.com\/soria\/\",\"name\":\"ASAJA Soria\",\"description\":\"Otro sitio m\u00e1s de Provincias ASAJA Castilla y Le\u00f3n\",\"potentialAction\":[{\"@type\":\"SearchAction\",\"target\":{\"@type\":\"EntryPoint\",\"urlTemplate\":\"https:\/\/www.asajacyl.com\/soria\/?s={search_term_string}\"},\"query-input\":{\"@type\":\"PropertyValueSpecification\",\"valueRequired\":true,\"valueName\":\"search_term_string\"}}],\"inLanguage\":\"es\"},{\"@type\":\"Person\",\"@id\":\"https:\/\/www.asajacyl.com\/soria\/#\/schema\/person\/fd3081c40255119ce8133b87e6aedfab\",\"name\":\"Juan Ignacio Prieto Nieto\",\"image\":{\"@type\":\"ImageObject\",\"inLanguage\":\"es\",\"@id\":\"https:\/\/www.asajacyl.com\/soria\/#\/schema\/person\/image\/\",\"url\":\"https:\/\/secure.gravatar.com\/avatar\/8266b36e4d9001acb4700699a2468dc8?s=96&d=mm&r=g\",\"contentUrl\":\"https:\/\/secure.gravatar.com\/avatar\/8266b36e4d9001acb4700699a2468dc8?s=96&d=mm&r=g\",\"caption\":\"Juan Ignacio Prieto Nieto\"},\"url\":\"https:\/\/www.asajacyl.com\/soria\/author\/juanfranciscoby\"}]}<\/script>\n<!-- \/ Yoast SEO plugin. -->","yoast_head_json":{"title":"ASAJA Soria se reunir\u00e1 con el subdelegado para tratar el preocupante estado de numerosos puntos fluviales de la provincia - ASAJA Soria","description":"ASAJA Soria ha solicitado esta ma\u00f1ana una reuni\u00f3n con el subdelegado del Gobierno, Miguel Latorre, debido a que la climatolog\u00eda especialmente lluviosa de","robots":{"index":"index","follow":"follow","max-snippet":"max-snippet:-1","max-image-preview":"max-image-preview:large","max-video-preview":"max-video-preview:-1"},"canonical":"https:\/\/www.asajacyl.com\/soria\/asaja-soria-informa\/asaja-soria-se-reunira-con-el-subdelegado-para-tratar-el-preocupante-estado-de-numerosos-puntos-fluviales-de-la-provincia","og_locale":"es_ES","og_type":"article","og_title":"ASAJA Soria se reunir\u00e1 con el subdelegado para tratar el preocupante estado de numerosos puntos fluviales de la provincia - ASAJA Soria","og_description":"ASAJA Soria ha solicitado esta ma\u00f1ana una reuni\u00f3n con el subdelegado del Gobierno, Miguel Latorre, debido a que la climatolog\u00eda especialmente lluviosa de","og_url":"https:\/\/www.asajacyl.com\/soria\/asaja-soria-informa\/asaja-soria-se-reunira-con-el-subdelegado-para-tratar-el-preocupante-estado-de-numerosos-puntos-fluviales-de-la-provincia","og_site_name":"ASAJA Soria","article_published_time":"2025-03-17T11:40:27+00:00","article_modified_time":"2025-03-17T13:55:47+00:00","og_image":[{"width":1169,"height":973,"url":"https:\/\/www.asajacyl.com\/soria\/wp-content\/uploads\/sites\/9\/2025\/03\/6957bb45-d5aa-46e3-814d-249887301c80-copia.jpg","type":"image\/jpeg"}],"author":"Juan Ignacio Prieto Nieto","twitter_card":"summary_large_image","twitter_misc":{"Escrito por":"Juan Ignacio Prieto Nieto","Tiempo de lectura":"1 minuto"},"schema":{"@context":"https:\/\/schema.org","@graph":[{"@type":"WebPage","@id":"https:\/\/www.asajacyl.com\/soria\/asaja-soria-informa\/asaja-soria-se-reunira-con-el-subdelegado-para-tratar-el-preocupante-estado-de-numerosos-puntos-fluviales-de-la-provincia","url":"https:\/\/www.asajacyl.com\/soria\/asaja-soria-informa\/asaja-soria-se-reunira-con-el-subdelegado-para-tratar-el-preocupante-estado-de-numerosos-puntos-fluviales-de-la-provincia","name":"ASAJA Soria se reunir\u00e1 con el subdelegado para tratar el preocupante estado de numerosos puntos fluviales de la provincia - ASAJA Soria","isPartOf":{"@id":"https:\/\/www.asajacyl.com\/soria\/#website"},"primaryImageOfPage":{"@id":"https:\/\/www.asajacyl.com\/soria\/asaja-soria-informa\/asaja-soria-se-reunira-con-el-subdelegado-para-tratar-el-preocupante-estado-de-numerosos-puntos-fluviales-de-la-provincia#primaryimage"},"image":{"@id":"https:\/\/www.asajacyl.com\/soria\/asaja-soria-informa\/asaja-soria-se-reunira-con-el-subdelegado-para-tratar-el-preocupante-estado-de-numerosos-puntos-fluviales-de-la-provincia#primaryimage"},"thumbnailUrl":"https:\/\/www.asajacyl.com\/soria\/wp-content\/uploads\/sites\/9\/2025\/03\/6957bb45-d5aa-46e3-814d-249887301c80-copia.jpg","datePublished":"2025-03-17T11:40:27+00:00","dateModified":"2025-03-17T13:55:47+00:00","author":{"@id":"https:\/\/www.asajacyl.com\/soria\/#\/schema\/person\/fd3081c40255119ce8133b87e6aedfab"},"description":"ASAJA Soria ha solicitado esta ma\u00f1ana una reuni\u00f3n con el subdelegado del Gobierno, Miguel Latorre, debido a que la climatolog\u00eda especialmente lluviosa de","breadcrumb":{"@id":"https:\/\/www.asajacyl.com\/soria\/asaja-soria-informa\/asaja-soria-se-reunira-con-el-subdelegado-para-tratar-el-preocupante-estado-de-numerosos-puntos-fluviales-de-la-provincia#breadcrumb"},"inLanguage":"es","potentialAction":[{"@type":"ReadAction","target":["https:\/\/www.asajacyl.com\/soria\/asaja-soria-informa\/asaja-soria-se-reunira-con-el-subdelegado-para-tratar-el-preocupante-estado-de-numerosos-puntos-fluviales-de-la-provincia"]}]},{"@type":"ImageObject","inLanguage":"es","@id":"https:\/\/www.asajacyl.com\/soria\/asaja-soria-informa\/asaja-soria-se-reunira-con-el-subdelegado-para-tratar-el-preocupante-estado-de-numerosos-puntos-fluviales-de-la-provincia#primaryimage","url":"https:\/\/www.asajacyl.com\/soria\/wp-content\/uploads\/sites\/9\/2025\/03\/6957bb45-d5aa-46e3-814d-249887301c80-copia.jpg","contentUrl":"https:\/\/www.asajacyl.com\/soria\/wp-content\/uploads\/sites\/9\/2025\/03\/6957bb45-d5aa-46e3-814d-249887301c80-copia.jpg","width":1169,"height":973},{"@type":"BreadcrumbList","@id":"https:\/\/www.asajacyl.com\/soria\/asaja-soria-informa\/asaja-soria-se-reunira-con-el-subdelegado-para-tratar-el-preocupante-estado-de-numerosos-puntos-fluviales-de-la-provincia#breadcrumb","itemListElement":[{"@type":"ListItem","position":1,"name":"Portada","item":"https:\/\/www.asajacyl.com\/soria\/"},{"@type":"ListItem","position":2,"name":"ASAJA Soria se reunir\u00e1 con el subdelegado para tratar el preocupante estado de numerosos puntos fluviales de la provincia"}]},{"@type":"WebSite","@id":"https:\/\/www.asajacyl.com\/soria\/#website","url":"https:\/\/www.asajacyl.com\/soria\/","name":"ASAJA Soria","description":"Otro sitio m\u00e1s de Provincias ASAJA Castilla y Le\u00f3n","potentialAction":[{"@type":"SearchAction","target":{"@type":"EntryPoint","urlTemplate":"https:\/\/www.asajacyl.com\/soria\/?s={search_term_string}"},"query-input":{"@type":"PropertyValueSpecification","valueRequired":true,"valueName":"search_term_string"}}],"inLanguage":"es"},{"@type":"Person","@id":"https:\/\/www.asajacyl.com\/soria\/#\/schema\/person\/fd3081c40255119ce8133b87e6aedfab","name":"Juan Ignacio Prieto Nieto","image":{"@type":"ImageObject","inLanguage":"es","@id":"https:\/\/www.asajacyl.com\/soria\/#\/schema\/person\/image\/","url":"https:\/\/secure.gravatar.com\/avatar\/8266b36e4d9001acb4700699a2468dc8?s=96&d=mm&r=g","contentUrl":"https:\/\/secure.gravatar.com\/avatar\/8266b36e4d9001acb4700699a2468dc8?s=96&d=mm&r=g","caption":"Juan Ignacio Prieto Nieto"},"url":"https:\/\/www.asajacyl.com\/soria\/author\/juanfranciscoby"}]}},"_links":{"self":[{"href":"https:\/\/www.asajacyl.com\/soria\/wp-json\/wp\/v2\/posts\/8770"}],"collection":[{"href":"https:\/\/www.asajacyl.com\/soria\/wp-json\/wp\/v2\/posts"}],"about":[{"href":"https:\/\/www.asajacyl.com\/soria\/wp-json\/wp\/v2\/types\/post"}],"author":[{"embeddable":true,"href":"https:\/\/www.asajacyl.com\/soria\/wp-json\/wp\/v2\/users\/12"}],"replies":[{"embeddable":true,"href":"https:\/\/www.asajacyl.com\/soria\/wp-json\/wp\/v2\/comments?post=8770"}],"version-history":[{"count":1,"href":"https:\/\/www.asajacyl.com\/soria\/wp-json\/wp\/v2\/posts\/8770\/revisions"}],"predecessor-version":[{"id":8773,"href":"https:\/\/www.asajacyl.com\/soria\/wp-json\/wp\/v2\/posts\/8770\/revisions\/8773"}],"wp:featuredmedia":[{"embeddable":true,"href":"https:\/\/www.asajacyl.com\/soria\/wp-json\/wp\/v2\/media\/8774"}],"wp:attachment":[{"href":"https:\/\/www.asajacyl.com\/soria\/wp-json\/wp\/v2\/media?parent=8770"}],"wp:term":[{"taxonomy":"category","embeddable":true,"href":"https:\/\/www.asajacyl.com\/soria\/wp-json\/wp\/v2\/categories?post=8770"},{"taxonomy":"post_tag","embeddable":true,"href":"https:\/\/www.asajacyl.com\/soria\/wp-json\/wp\/v2\/tags?post=8770"}],"curies":[{"name":"wp","href":"https:\/\/api.w.org\/{rel}","templated":true}]}}