{"id":8790,"date":"2025-03-17T14:50:59","date_gmt":"2025-03-17T13:50:59","guid":{"rendered":"https:\/\/www.asajacyl.com\/soria\/?p=8790"},"modified":"2025-03-19T13:52:10","modified_gmt":"2025-03-19T12:52:10","slug":"asaja-soria-pide-ayuda-a-la-diputacion-provincial-para-que-los-ayuntamientos-tomen-conciencia-de-la-necesidad-de-conceder-las-adjudicaciones-de-pastos","status":"publish","type":"post","link":"https:\/\/www.asajacyl.com\/soria\/asaja-soria-informa\/asaja-soria-pide-ayuda-a-la-diputacion-provincial-para-que-los-ayuntamientos-tomen-conciencia-de-la-necesidad-de-conceder-las-adjudicaciones-de-pastos","title":{"rendered":"ASAJA Soria pide ayuda a la Diputaci\u00f3n Provincial para que los ayuntamientos tomen conciencia de la necesidad de conceder las adjudicaciones de pastos"},"content":{"rendered":"\n\n\n<h2><em>La asociaci\u00f3n profesional recuerda que las administraciones insisten en que no habr\u00e1 pr\u00f3rrogas en el plazo de la PAC, que termina el 30 de abril<\/em><\/h2>\n<p>La presidenta de ASAJA Soria, Ana Pastor, ha enviado una carta esta ma\u00f1ana al presidente de la Diputaci\u00f3n Provincial de Soria, Benito Serrano, para que se conmine a los ayuntamientos que adjudican pastos a que con car\u00e1cter urgente procedan a estas adjudicaciones y a comunicar a los ganaderos el resultado de ellas, con el fin de que todos dispongan de los datos pertinentes, y en su caso las certificaciones, que les permitan tramitar a tiempo y con seguridad sus expedientes de solicitud de ayudas de la PAC 2025.<\/p>\n<p>ASAJA Soria ha pedido ayuda a la Diputaci\u00f3n Provincial porque el campo soriano est\u00e1 en pleno proceso de presentaci\u00f3n de las Solicitudes \u00danicas de las ayudas de la PAC 2025 y, debido a los continuos retrasos en los plazos de presentaci\u00f3n en las campa\u00f1as precedentes de 2023 y 2024, las administraciones competentes en la gesti\u00f3n de las ayudas para agricultores y ganaderos arrastran retrasos en determinados procesos administrativos para la resoluci\u00f3n de algunos de los tr\u00e1mites implicados en estas solicitudes.<\/p>\n<p><img loading=\"lazy\" decoding=\"async\" class=\"aligncenter size-full wp-image-8791\" src=\"https:\/\/www.asajacyl.com\/soria\/wp-content\/uploads\/sites\/9\/2025\/03\/2bea2209-6892-46fd-9152-7c1ecc574c28.jpg\" alt=\"\" width=\"1600\" height=\"900\" srcset=\"https:\/\/www.asajacyl.com\/soria\/wp-content\/uploads\/sites\/9\/2025\/03\/2bea2209-6892-46fd-9152-7c1ecc574c28.jpg 1600w, https:\/\/www.asajacyl.com\/soria\/wp-content\/uploads\/sites\/9\/2025\/03\/2bea2209-6892-46fd-9152-7c1ecc574c28-300x169.jpg 300w, https:\/\/www.asajacyl.com\/soria\/wp-content\/uploads\/sites\/9\/2025\/03\/2bea2209-6892-46fd-9152-7c1ecc574c28-1024x576.jpg 1024w, https:\/\/www.asajacyl.com\/soria\/wp-content\/uploads\/sites\/9\/2025\/03\/2bea2209-6892-46fd-9152-7c1ecc574c28-768x432.jpg 768w, https:\/\/www.asajacyl.com\/soria\/wp-content\/uploads\/sites\/9\/2025\/03\/2bea2209-6892-46fd-9152-7c1ecc574c28-1536x864.jpg 1536w, https:\/\/www.asajacyl.com\/soria\/wp-content\/uploads\/sites\/9\/2025\/03\/2bea2209-6892-46fd-9152-7c1ecc574c28-747x420.jpg 747w, https:\/\/www.asajacyl.com\/soria\/wp-content\/uploads\/sites\/9\/2025\/03\/2bea2209-6892-46fd-9152-7c1ecc574c28-696x392.jpg 696w, https:\/\/www.asajacyl.com\/soria\/wp-content\/uploads\/sites\/9\/2025\/03\/2bea2209-6892-46fd-9152-7c1ecc574c28-1068x601.jpg 1068w\" sizes=\"(max-width: 1600px) 100vw, 1600px\" \/><\/p>\n<p>Tanto la Consejer\u00eda de Agricultura, Ganader\u00eda y Desarrollo Rural, a trav\u00e9s de la Direcci\u00f3n General de PAC, como el Ministerio de Agricultura, Pesca y Alimentaci\u00f3n, a trav\u00e9s del Fondo Espa\u00f1ol de Garant\u00eda Agraria, vienen advirtiendo de que este a\u00f1o no habr\u00e1 ampliaciones de plazo y han instado a los agricultores y ganaderos a presentar ya sus solicitudes, con el plazo establecido hasta el 30 de abril de 2025.<\/p>\n<p>A la vista de que en estos a\u00f1os precedentes de forma antinatural se ha venido demorando este plazo y que se alarg\u00f3 hasta junio, es posible que otros actores sean ajenos a\u00fan a estos anuncios y pudieran estar confiados de que existen por delante varios meses para poder realizar las gestiones afectadas.<\/p>\n<p>Puedes pinchar aqu\u00ed para ver la carta enviada esta ma\u00f1ana al presidente de la Diputaci\u00f3n Provincial de Soria:<\/p>\n<p><a href=\"https:\/\/www.asajacyl.com\/soria\/wp-content\/uploads\/sites\/9\/2025\/03\/carta-presidenta-a-Dip.pdf\">carta presidenta de ASAJA a Diputaci\u00f3n<\/a><\/p>\n<p>\u00a0<\/p>\n","protected":false},"excerpt":{"rendered":"<p>La asociaci\u00f3n profesional recuerda que las administraciones insisten en que no habr\u00e1 pr\u00f3rrogas en el plazo de la PAC, que termina el 30 de abril La presidenta de ASAJA Soria, Ana Pastor, ha enviado una carta esta ma\u00f1ana al presidente de la Diputaci\u00f3n Provincial de Soria, Benito Serrano, para que se conmine a los ayuntamientos [&hellip;]<\/p>\n","protected":false},"author":12,"featured_media":8792,"comment_status":"open","ping_status":"open","sticky":false,"template":"","format":"standard","meta":{"footnotes":""},"categories":[10,25],"tags":[],"yoast_head":"<!-- This site is optimized with the Yoast SEO plugin v24.5 - https:\/\/yoast.com\/wordpress\/plugins\/seo\/ -->\n<title>ASAJA Soria pide ayuda a la Diputaci\u00f3n Provincial para que los ayuntamientos tomen conciencia de la necesidad de conceder las adjudicaciones de pastos - ASAJA Soria<\/title>\n<meta name=\"description\" content=\"La asociaci\u00f3n profesional recuerda que las administraciones insisten en que no habr\u00e1 pr\u00f3rrogas en el plazo de la PAC, que termina el 30 de abril La\" \/>\n<meta name=\"robots\" content=\"index, follow, max-snippet:-1, max-image-preview:large, max-video-preview:-1\" \/>\n<link rel=\"canonical\" href=\"https:\/\/www.asajacyl.com\/soria\/asaja-soria-informa\/asaja-soria-pide-ayuda-a-la-diputacion-provincial-para-que-los-ayuntamientos-tomen-conciencia-de-la-necesidad-de-conceder-las-adjudicaciones-de-pastos\" \/>\n<meta property=\"og:locale\" content=\"es_ES\" \/>\n<meta property=\"og:type\" content=\"article\" \/>\n<meta property=\"og:title\" content=\"ASAJA Soria pide ayuda a la Diputaci\u00f3n Provincial para que los ayuntamientos tomen conciencia de la necesidad de conceder las adjudicaciones de pastos - ASAJA Soria\" \/>\n<meta property=\"og:description\" content=\"La asociaci\u00f3n profesional recuerda que las administraciones insisten en que no habr\u00e1 pr\u00f3rrogas en el plazo de la PAC, que termina el 30 de abril La\" \/>\n<meta property=\"og:url\" content=\"https:\/\/www.asajacyl.com\/soria\/asaja-soria-informa\/asaja-soria-pide-ayuda-a-la-diputacion-provincial-para-que-los-ayuntamientos-tomen-conciencia-de-la-necesidad-de-conceder-las-adjudicaciones-de-pastos\" \/>\n<meta property=\"og:site_name\" content=\"ASAJA Soria\" \/>\n<meta property=\"article:published_time\" content=\"2025-03-17T13:50:59+00:00\" \/>\n<meta property=\"article:modified_time\" content=\"2025-03-19T12:52:10+00:00\" \/>\n<meta property=\"og:image\" content=\"https:\/\/www.asajacyl.com\/soria\/wp-content\/uploads\/sites\/9\/2025\/03\/vacas-6686de72-0cc0-431d-80fc-bfa69aa9a350.jpg\" \/>\n\t<meta property=\"og:image:width\" content=\"1600\" \/>\n\t<meta property=\"og:image:height\" content=\"900\" \/>\n\t<meta property=\"og:image:type\" content=\"image\/jpeg\" \/>\n<meta name=\"author\" content=\"Juan Ignacio Prieto Nieto\" \/>\n<meta name=\"twitter:card\" content=\"summary_large_image\" \/>\n<meta name=\"twitter:label1\" content=\"Escrito por\" \/>\n\t<meta name=\"twitter:data1\" content=\"Juan Ignacio Prieto Nieto\" \/>\n\t<meta name=\"twitter:label2\" content=\"Tiempo de lectura\" \/>\n\t<meta name=\"twitter:data2\" content=\"2 minutos\" \/>\n<script type=\"application\/ld+json\" class=\"yoast-schema-graph\">{\"@context\":\"https:\/\/schema.org\",\"@graph\":[{\"@type\":\"WebPage\",\"@id\":\"https:\/\/www.asajacyl.com\/soria\/asaja-soria-informa\/asaja-soria-pide-ayuda-a-la-diputacion-provincial-para-que-los-ayuntamientos-tomen-conciencia-de-la-necesidad-de-conceder-las-adjudicaciones-de-pastos\",\"url\":\"https:\/\/www.asajacyl.com\/soria\/asaja-soria-informa\/asaja-soria-pide-ayuda-a-la-diputacion-provincial-para-que-los-ayuntamientos-tomen-conciencia-de-la-necesidad-de-conceder-las-adjudicaciones-de-pastos\",\"name\":\"ASAJA Soria pide ayuda a la Diputaci\u00f3n Provincial para que los ayuntamientos tomen conciencia de la necesidad de conceder las adjudicaciones de pastos - ASAJA Soria\",\"isPartOf\":{\"@id\":\"https:\/\/www.asajacyl.com\/soria\/#website\"},\"primaryImageOfPage\":{\"@id\":\"https:\/\/www.asajacyl.com\/soria\/asaja-soria-informa\/asaja-soria-pide-ayuda-a-la-diputacion-provincial-para-que-los-ayuntamientos-tomen-conciencia-de-la-necesidad-de-conceder-las-adjudicaciones-de-pastos#primaryimage\"},\"image\":{\"@id\":\"https:\/\/www.asajacyl.com\/soria\/asaja-soria-informa\/asaja-soria-pide-ayuda-a-la-diputacion-provincial-para-que-los-ayuntamientos-tomen-conciencia-de-la-necesidad-de-conceder-las-adjudicaciones-de-pastos#primaryimage\"},\"thumbnailUrl\":\"https:\/\/www.asajacyl.com\/soria\/wp-content\/uploads\/sites\/9\/2025\/03\/vacas-6686de72-0cc0-431d-80fc-bfa69aa9a350.jpg\",\"datePublished\":\"2025-03-17T13:50:59+00:00\",\"dateModified\":\"2025-03-19T12:52:10+00:00\",\"author\":{\"@id\":\"https:\/\/www.asajacyl.com\/soria\/#\/schema\/person\/fd3081c40255119ce8133b87e6aedfab\"},\"description\":\"La asociaci\u00f3n profesional recuerda que las administraciones insisten en que no habr\u00e1 pr\u00f3rrogas en el plazo de la PAC, que termina el 30 de abril La\",\"breadcrumb\":{\"@id\":\"https:\/\/www.asajacyl.com\/soria\/asaja-soria-informa\/asaja-soria-pide-ayuda-a-la-diputacion-provincial-para-que-los-ayuntamientos-tomen-conciencia-de-la-necesidad-de-conceder-las-adjudicaciones-de-pastos#breadcrumb\"},\"inLanguage\":\"es\",\"potentialAction\":[{\"@type\":\"ReadAction\",\"target\":[\"https:\/\/www.asajacyl.com\/soria\/asaja-soria-informa\/asaja-soria-pide-ayuda-a-la-diputacion-provincial-para-que-los-ayuntamientos-tomen-conciencia-de-la-necesidad-de-conceder-las-adjudicaciones-de-pastos\"]}]},{\"@type\":\"ImageObject\",\"inLanguage\":\"es\",\"@id\":\"https:\/\/www.asajacyl.com\/soria\/asaja-soria-informa\/asaja-soria-pide-ayuda-a-la-diputacion-provincial-para-que-los-ayuntamientos-tomen-conciencia-de-la-necesidad-de-conceder-las-adjudicaciones-de-pastos#primaryimage\",\"url\":\"https:\/\/www.asajacyl.com\/soria\/wp-content\/uploads\/sites\/9\/2025\/03\/vacas-6686de72-0cc0-431d-80fc-bfa69aa9a350.jpg\",\"contentUrl\":\"https:\/\/www.asajacyl.com\/soria\/wp-content\/uploads\/sites\/9\/2025\/03\/vacas-6686de72-0cc0-431d-80fc-bfa69aa9a350.jpg\",\"width\":1600,\"height\":900},{\"@type\":\"BreadcrumbList\",\"@id\":\"https:\/\/www.asajacyl.com\/soria\/asaja-soria-informa\/asaja-soria-pide-ayuda-a-la-diputacion-provincial-para-que-los-ayuntamientos-tomen-conciencia-de-la-necesidad-de-conceder-las-adjudicaciones-de-pastos#breadcrumb\",\"itemListElement\":[{\"@type\":\"ListItem\",\"position\":1,\"name\":\"Portada\",\"item\":\"https:\/\/www.asajacyl.com\/soria\/\"},{\"@type\":\"ListItem\",\"position\":2,\"name\":\"ASAJA Soria pide ayuda a la Diputaci\u00f3n Provincial para que los ayuntamientos tomen conciencia de la necesidad de conceder las adjudicaciones de pastos\"}]},{\"@type\":\"WebSite\",\"@id\":\"https:\/\/www.asajacyl.com\/soria\/#website\",\"url\":\"https:\/\/www.asajacyl.com\/soria\/\",\"name\":\"ASAJA Soria\",\"description\":\"Otro sitio m\u00e1s de Provincias ASAJA Castilla y Le\u00f3n\",\"potentialAction\":[{\"@type\":\"SearchAction\",\"target\":{\"@type\":\"EntryPoint\",\"urlTemplate\":\"https:\/\/www.asajacyl.com\/soria\/?s={search_term_string}\"},\"query-input\":{\"@type\":\"PropertyValueSpecification\",\"valueRequired\":true,\"valueName\":\"search_term_string\"}}],\"inLanguage\":\"es\"},{\"@type\":\"Person\",\"@id\":\"https:\/\/www.asajacyl.com\/soria\/#\/schema\/person\/fd3081c40255119ce8133b87e6aedfab\",\"name\":\"Juan Ignacio Prieto Nieto\",\"image\":{\"@type\":\"ImageObject\",\"inLanguage\":\"es\",\"@id\":\"https:\/\/www.asajacyl.com\/soria\/#\/schema\/person\/image\/\",\"url\":\"https:\/\/secure.gravatar.com\/avatar\/8266b36e4d9001acb4700699a2468dc8?s=96&d=mm&r=g\",\"contentUrl\":\"https:\/\/secure.gravatar.com\/avatar\/8266b36e4d9001acb4700699a2468dc8?s=96&d=mm&r=g\",\"caption\":\"Juan Ignacio Prieto Nieto\"},\"url\":\"https:\/\/www.asajacyl.com\/soria\/author\/juanfranciscoby\"}]}<\/script>\n<!-- \/ Yoast SEO plugin. -->","yoast_head_json":{"title":"ASAJA Soria pide ayuda a la Diputaci\u00f3n Provincial para que los ayuntamientos tomen conciencia de la necesidad de conceder las adjudicaciones de pastos - ASAJA Soria","description":"La asociaci\u00f3n profesional recuerda que las administraciones insisten en que no habr\u00e1 pr\u00f3rrogas en el plazo de la PAC, que termina el 30 de abril La","robots":{"index":"index","follow":"follow","max-snippet":"max-snippet:-1","max-image-preview":"max-image-preview:large","max-video-preview":"max-video-preview:-1"},"canonical":"https:\/\/www.asajacyl.com\/soria\/asaja-soria-informa\/asaja-soria-pide-ayuda-a-la-diputacion-provincial-para-que-los-ayuntamientos-tomen-conciencia-de-la-necesidad-de-conceder-las-adjudicaciones-de-pastos","og_locale":"es_ES","og_type":"article","og_title":"ASAJA Soria pide ayuda a la Diputaci\u00f3n Provincial para que los ayuntamientos tomen conciencia de la necesidad de conceder las adjudicaciones de pastos - ASAJA Soria","og_description":"La asociaci\u00f3n profesional recuerda que las administraciones insisten en que no habr\u00e1 pr\u00f3rrogas en el plazo de la PAC, que termina el 30 de abril La","og_url":"https:\/\/www.asajacyl.com\/soria\/asaja-soria-informa\/asaja-soria-pide-ayuda-a-la-diputacion-provincial-para-que-los-ayuntamientos-tomen-conciencia-de-la-necesidad-de-conceder-las-adjudicaciones-de-pastos","og_site_name":"ASAJA Soria","article_published_time":"2025-03-17T13:50:59+00:00","article_modified_time":"2025-03-19T12:52:10+00:00","og_image":[{"width":1600,"height":900,"url":"https:\/\/www.asajacyl.com\/soria\/wp-content\/uploads\/sites\/9\/2025\/03\/vacas-6686de72-0cc0-431d-80fc-bfa69aa9a350.jpg","type":"image\/jpeg"}],"author":"Juan Ignacio Prieto Nieto","twitter_card":"summary_large_image","twitter_misc":{"Escrito por":"Juan Ignacio Prieto Nieto","Tiempo de lectura":"2 minutos"},"schema":{"@context":"https:\/\/schema.org","@graph":[{"@type":"WebPage","@id":"https:\/\/www.asajacyl.com\/soria\/asaja-soria-informa\/asaja-soria-pide-ayuda-a-la-diputacion-provincial-para-que-los-ayuntamientos-tomen-conciencia-de-la-necesidad-de-conceder-las-adjudicaciones-de-pastos","url":"https:\/\/www.asajacyl.com\/soria\/asaja-soria-informa\/asaja-soria-pide-ayuda-a-la-diputacion-provincial-para-que-los-ayuntamientos-tomen-conciencia-de-la-necesidad-de-conceder-las-adjudicaciones-de-pastos","name":"ASAJA Soria pide ayuda a la Diputaci\u00f3n Provincial para que los ayuntamientos tomen conciencia de la necesidad de conceder las adjudicaciones de pastos - ASAJA Soria","isPartOf":{"@id":"https:\/\/www.asajacyl.com\/soria\/#website"},"primaryImageOfPage":{"@id":"https:\/\/www.asajacyl.com\/soria\/asaja-soria-informa\/asaja-soria-pide-ayuda-a-la-diputacion-provincial-para-que-los-ayuntamientos-tomen-conciencia-de-la-necesidad-de-conceder-las-adjudicaciones-de-pastos#primaryimage"},"image":{"@id":"https:\/\/www.asajacyl.com\/soria\/asaja-soria-informa\/asaja-soria-pide-ayuda-a-la-diputacion-provincial-para-que-los-ayuntamientos-tomen-conciencia-de-la-necesidad-de-conceder-las-adjudicaciones-de-pastos#primaryimage"},"thumbnailUrl":"https:\/\/www.asajacyl.com\/soria\/wp-content\/uploads\/sites\/9\/2025\/03\/vacas-6686de72-0cc0-431d-80fc-bfa69aa9a350.jpg","datePublished":"2025-03-17T13:50:59+00:00","dateModified":"2025-03-19T12:52:10+00:00","author":{"@id":"https:\/\/www.asajacyl.com\/soria\/#\/schema\/person\/fd3081c40255119ce8133b87e6aedfab"},"description":"La asociaci\u00f3n profesional recuerda que las administraciones insisten en que no habr\u00e1 pr\u00f3rrogas en el plazo de la PAC, que termina el 30 de abril La","breadcrumb":{"@id":"https:\/\/www.asajacyl.com\/soria\/asaja-soria-informa\/asaja-soria-pide-ayuda-a-la-diputacion-provincial-para-que-los-ayuntamientos-tomen-conciencia-de-la-necesidad-de-conceder-las-adjudicaciones-de-pastos#breadcrumb"},"inLanguage":"es","potentialAction":[{"@type":"ReadAction","target":["https:\/\/www.asajacyl.com\/soria\/asaja-soria-informa\/asaja-soria-pide-ayuda-a-la-diputacion-provincial-para-que-los-ayuntamientos-tomen-conciencia-de-la-necesidad-de-conceder-las-adjudicaciones-de-pastos"]}]},{"@type":"ImageObject","inLanguage":"es","@id":"https:\/\/www.asajacyl.com\/soria\/asaja-soria-informa\/asaja-soria-pide-ayuda-a-la-diputacion-provincial-para-que-los-ayuntamientos-tomen-conciencia-de-la-necesidad-de-conceder-las-adjudicaciones-de-pastos#primaryimage","url":"https:\/\/www.asajacyl.com\/soria\/wp-content\/uploads\/sites\/9\/2025\/03\/vacas-6686de72-0cc0-431d-80fc-bfa69aa9a350.jpg","contentUrl":"https:\/\/www.asajacyl.com\/soria\/wp-content\/uploads\/sites\/9\/2025\/03\/vacas-6686de72-0cc0-431d-80fc-bfa69aa9a350.jpg","width":1600,"height":900},{"@type":"BreadcrumbList","@id":"https:\/\/www.asajacyl.com\/soria\/asaja-soria-informa\/asaja-soria-pide-ayuda-a-la-diputacion-provincial-para-que-los-ayuntamientos-tomen-conciencia-de-la-necesidad-de-conceder-las-adjudicaciones-de-pastos#breadcrumb","itemListElement":[{"@type":"ListItem","position":1,"name":"Portada","item":"https:\/\/www.asajacyl.com\/soria\/"},{"@type":"ListItem","position":2,"name":"ASAJA Soria pide ayuda a la Diputaci\u00f3n Provincial para que los ayuntamientos tomen conciencia de la necesidad de conceder las adjudicaciones de pastos"}]},{"@type":"WebSite","@id":"https:\/\/www.asajacyl.com\/soria\/#website","url":"https:\/\/www.asajacyl.com\/soria\/","name":"ASAJA Soria","description":"Otro sitio m\u00e1s de Provincias ASAJA Castilla y Le\u00f3n","potentialAction":[{"@type":"SearchAction","target":{"@type":"EntryPoint","urlTemplate":"https:\/\/www.asajacyl.com\/soria\/?s={search_term_string}"},"query-input":{"@type":"PropertyValueSpecification","valueRequired":true,"valueName":"search_term_string"}}],"inLanguage":"es"},{"@type":"Person","@id":"https:\/\/www.asajacyl.com\/soria\/#\/schema\/person\/fd3081c40255119ce8133b87e6aedfab","name":"Juan Ignacio Prieto Nieto","image":{"@type":"ImageObject","inLanguage":"es","@id":"https:\/\/www.asajacyl.com\/soria\/#\/schema\/person\/image\/","url":"https:\/\/secure.gravatar.com\/avatar\/8266b36e4d9001acb4700699a2468dc8?s=96&d=mm&r=g","contentUrl":"https:\/\/secure.gravatar.com\/avatar\/8266b36e4d9001acb4700699a2468dc8?s=96&d=mm&r=g","caption":"Juan Ignacio Prieto Nieto"},"url":"https:\/\/www.asajacyl.com\/soria\/author\/juanfranciscoby"}]}},"_links":{"self":[{"href":"https:\/\/www.asajacyl.com\/soria\/wp-json\/wp\/v2\/posts\/8790"}],"collection":[{"href":"https:\/\/www.asajacyl.com\/soria\/wp-json\/wp\/v2\/posts"}],"about":[{"href":"https:\/\/www.asajacyl.com\/soria\/wp-json\/wp\/v2\/types\/post"}],"author":[{"embeddable":true,"href":"https:\/\/www.asajacyl.com\/soria\/wp-json\/wp\/v2\/users\/12"}],"replies":[{"embeddable":true,"href":"https:\/\/www.asajacyl.com\/soria\/wp-json\/wp\/v2\/comments?post=8790"}],"version-history":[{"count":2,"href":"https:\/\/www.asajacyl.com\/soria\/wp-json\/wp\/v2\/posts\/8790\/revisions"}],"predecessor-version":[{"id":8796,"href":"https:\/\/www.asajacyl.com\/soria\/wp-json\/wp\/v2\/posts\/8790\/revisions\/8796"}],"wp:featuredmedia":[{"embeddable":true,"href":"https:\/\/www.asajacyl.com\/soria\/wp-json\/wp\/v2\/media\/8792"}],"wp:attachment":[{"href":"https:\/\/www.asajacyl.com\/soria\/wp-json\/wp\/v2\/media?parent=8790"}],"wp:term":[{"taxonomy":"category","embeddable":true,"href":"https:\/\/www.asajacyl.com\/soria\/wp-json\/wp\/v2\/categories?post=8790"},{"taxonomy":"post_tag","embeddable":true,"href":"https:\/\/www.asajacyl.com\/soria\/wp-json\/wp\/v2\/tags?post=8790"}],"curies":[{"name":"wp","href":"https:\/\/api.w.org\/{rel}","templated":true}]}}