{"id":8836,"date":"2025-04-01T14:55:58","date_gmt":"2025-04-01T12:55:58","guid":{"rendered":"https:\/\/www.asajacyl.com\/soria\/?p=8836"},"modified":"2025-04-25T17:27:30","modified_gmt":"2025-04-25T15:27:30","slug":"asaja-soria-impulsa-en-la-provincia-la-iniciativa-ciudadana-en-contra-de-la-comida-falsa","status":"publish","type":"post","link":"https:\/\/www.asajacyl.com\/soria\/asaja-soria-informa\/asaja-soria-impulsa-en-la-provincia-la-iniciativa-ciudadana-en-contra-de-la-comida-falsa","title":{"rendered":"ASAJA Soria impulsa en la provincia la iniciativa ciudadana en contra de la comida falsa"},"content":{"rendered":"\n\n\n<p>Tras varios meses de trabajo conjunto con otras organizaciones del \u00e1mbito europeo, ASAJA ha presentado esta semana oficialmente en Espa\u00f1a la iniciativa ciudadana en contra de la comida falsa, que lo que pretende es el desarrollo de un marco legislativo que obligue a la menci\u00f3n expresa en el etiquetado de este tipo de productos.<\/p>\n<p><img loading=\"lazy\" decoding=\"async\" class=\" wp-image-8837 alignleft\" src=\"https:\/\/www.asajacyl.com\/soria\/wp-content\/uploads\/sites\/9\/2025\/04\/image-6.jpg\" alt=\"\" width=\"433\" height=\"433\" srcset=\"https:\/\/www.asajacyl.com\/soria\/wp-content\/uploads\/sites\/9\/2025\/04\/image-6.jpg 632w, https:\/\/www.asajacyl.com\/soria\/wp-content\/uploads\/sites\/9\/2025\/04\/image-6-300x300.jpg 300w, https:\/\/www.asajacyl.com\/soria\/wp-content\/uploads\/sites\/9\/2025\/04\/image-6-150x150.jpg 150w, https:\/\/www.asajacyl.com\/soria\/wp-content\/uploads\/sites\/9\/2025\/04\/image-6-420x420.jpg 420w\" sizes=\"(max-width: 433px) 100vw, 433px\" \/><\/p>\n<p>El objetivo es alcanzar el mill\u00f3n de firmas en la Uni\u00f3n Europea, para promover la iniciativa, que hasta la fecha ronda las 300.000 y que desde ASAJA Soria se ha difundido, facilitando el enlace para poder firmar en la plataforma europea, que est\u00e1 en espa\u00f1ol y es muy f\u00e1cil de realizar. La intenci\u00f3n de ASAJA es\u00a0garantizar a los consumidores europeos el derecho a recibir informaci\u00f3n clara, transparente y veraz sobre los productos que consumen.<\/p>\n<p>Adem\u00e1s, desde ASAJA se reclama que todos los alimentos, tanto los producidos dentro como fuera de la UE, cumplan los mismos est\u00e1ndares medioambientales, sanitarios y laborales que se exigen a los productores europeos. El consumidor tiene derecho a saber qu\u00e9 est\u00e1 comprando, su procedencia, c\u00f3mo se ha producido y en qu\u00e9 condiciones\u2026 Esto es clave no s\u00f3lo para tomar decisiones responsables de consumo, sino para algo vital como proteger la salud de las personas, adem\u00e1s de velar por el futuro del planeta, la sanidad y el bienestar de los animales, y el tejido productivo, especialmente el vinculado con el medio rural.<\/p>\n<p>\u00a0<\/p>\n<p><strong><a href=\"https:\/\/eci.ec.europa.eu\/049\/public\/#\/screen\/home\">ENLACE <\/a><\/strong>\u00a0para entrar en la iniciativa ciudadana de la UE:<\/p>\n<p><a href=\"https:\/\/eci.ec.europa.eu\/049\/public\/#\/screen\/home\"><strong>https:\/\/eci.ec.europa.eu\/049\/public\/#\/screen\/home<\/strong><\/a><\/p>\n","protected":false},"excerpt":{"rendered":"<p>Tras varios meses de trabajo conjunto con otras organizaciones del \u00e1mbito europeo, ASAJA ha presentado esta semana oficialmente en Espa\u00f1a la iniciativa ciudadana en contra de la comida falsa, que lo que pretende es el desarrollo de un marco legislativo que obligue a la menci\u00f3n expresa en el etiquetado de este tipo de productos. El [&hellip;]<\/p>\n","protected":false},"author":12,"featured_media":8837,"comment_status":"open","ping_status":"open","sticky":false,"template":"","format":"standard","meta":{"footnotes":""},"categories":[10,25],"tags":[],"yoast_head":"<!-- This site is optimized with the Yoast SEO plugin v24.5 - https:\/\/yoast.com\/wordpress\/plugins\/seo\/ -->\n<title>ASAJA Soria impulsa en la provincia la iniciativa ciudadana en contra de la comida falsa - ASAJA Soria<\/title>\n<meta name=\"description\" content=\"Tras varios meses de trabajo conjunto con otras organizaciones del \u00e1mbito europeo, ASAJA ha presentado esta semana oficialmente en Espa\u00f1a la iniciativa\" \/>\n<meta name=\"robots\" content=\"index, follow, max-snippet:-1, max-image-preview:large, max-video-preview:-1\" \/>\n<link rel=\"canonical\" href=\"https:\/\/www.asajacyl.com\/soria\/asaja-soria-informa\/asaja-soria-impulsa-en-la-provincia-la-iniciativa-ciudadana-en-contra-de-la-comida-falsa\" \/>\n<meta property=\"og:locale\" content=\"es_ES\" \/>\n<meta property=\"og:type\" content=\"article\" \/>\n<meta property=\"og:title\" content=\"ASAJA Soria impulsa en la provincia la iniciativa ciudadana en contra de la comida falsa - ASAJA Soria\" \/>\n<meta property=\"og:description\" content=\"Tras varios meses de trabajo conjunto con otras organizaciones del \u00e1mbito europeo, ASAJA ha presentado esta semana oficialmente en Espa\u00f1a la iniciativa\" \/>\n<meta property=\"og:url\" content=\"https:\/\/www.asajacyl.com\/soria\/asaja-soria-informa\/asaja-soria-impulsa-en-la-provincia-la-iniciativa-ciudadana-en-contra-de-la-comida-falsa\" \/>\n<meta property=\"og:site_name\" content=\"ASAJA Soria\" \/>\n<meta property=\"article:published_time\" content=\"2025-04-01T12:55:58+00:00\" \/>\n<meta property=\"article:modified_time\" content=\"2025-04-25T15:27:30+00:00\" \/>\n<meta property=\"og:image\" content=\"https:\/\/www.asajacyl.com\/soria\/wp-content\/uploads\/sites\/9\/2025\/04\/image-6.jpg\" \/>\n\t<meta property=\"og:image:width\" content=\"632\" \/>\n\t<meta property=\"og:image:height\" content=\"632\" \/>\n\t<meta property=\"og:image:type\" content=\"image\/jpeg\" \/>\n<meta name=\"author\" content=\"Juan Ignacio Prieto Nieto\" \/>\n<meta name=\"twitter:card\" content=\"summary_large_image\" \/>\n<meta name=\"twitter:label1\" content=\"Escrito por\" \/>\n\t<meta name=\"twitter:data1\" content=\"Juan Ignacio Prieto Nieto\" \/>\n\t<meta name=\"twitter:label2\" content=\"Tiempo de lectura\" \/>\n\t<meta name=\"twitter:data2\" content=\"2 minutos\" \/>\n<script type=\"application\/ld+json\" class=\"yoast-schema-graph\">{\"@context\":\"https:\/\/schema.org\",\"@graph\":[{\"@type\":\"WebPage\",\"@id\":\"https:\/\/www.asajacyl.com\/soria\/asaja-soria-informa\/asaja-soria-impulsa-en-la-provincia-la-iniciativa-ciudadana-en-contra-de-la-comida-falsa\",\"url\":\"https:\/\/www.asajacyl.com\/soria\/asaja-soria-informa\/asaja-soria-impulsa-en-la-provincia-la-iniciativa-ciudadana-en-contra-de-la-comida-falsa\",\"name\":\"ASAJA Soria impulsa en la provincia la iniciativa ciudadana en contra de la comida falsa - ASAJA Soria\",\"isPartOf\":{\"@id\":\"https:\/\/www.asajacyl.com\/soria\/#website\"},\"primaryImageOfPage\":{\"@id\":\"https:\/\/www.asajacyl.com\/soria\/asaja-soria-informa\/asaja-soria-impulsa-en-la-provincia-la-iniciativa-ciudadana-en-contra-de-la-comida-falsa#primaryimage\"},\"image\":{\"@id\":\"https:\/\/www.asajacyl.com\/soria\/asaja-soria-informa\/asaja-soria-impulsa-en-la-provincia-la-iniciativa-ciudadana-en-contra-de-la-comida-falsa#primaryimage\"},\"thumbnailUrl\":\"https:\/\/www.asajacyl.com\/soria\/wp-content\/uploads\/sites\/9\/2025\/04\/image-6.jpg\",\"datePublished\":\"2025-04-01T12:55:58+00:00\",\"dateModified\":\"2025-04-25T15:27:30+00:00\",\"author\":{\"@id\":\"https:\/\/www.asajacyl.com\/soria\/#\/schema\/person\/fd3081c40255119ce8133b87e6aedfab\"},\"description\":\"Tras varios meses de trabajo conjunto con otras organizaciones del \u00e1mbito europeo, ASAJA ha presentado esta semana oficialmente en Espa\u00f1a la iniciativa\",\"breadcrumb\":{\"@id\":\"https:\/\/www.asajacyl.com\/soria\/asaja-soria-informa\/asaja-soria-impulsa-en-la-provincia-la-iniciativa-ciudadana-en-contra-de-la-comida-falsa#breadcrumb\"},\"inLanguage\":\"es\",\"potentialAction\":[{\"@type\":\"ReadAction\",\"target\":[\"https:\/\/www.asajacyl.com\/soria\/asaja-soria-informa\/asaja-soria-impulsa-en-la-provincia-la-iniciativa-ciudadana-en-contra-de-la-comida-falsa\"]}]},{\"@type\":\"ImageObject\",\"inLanguage\":\"es\",\"@id\":\"https:\/\/www.asajacyl.com\/soria\/asaja-soria-informa\/asaja-soria-impulsa-en-la-provincia-la-iniciativa-ciudadana-en-contra-de-la-comida-falsa#primaryimage\",\"url\":\"https:\/\/www.asajacyl.com\/soria\/wp-content\/uploads\/sites\/9\/2025\/04\/image-6.jpg\",\"contentUrl\":\"https:\/\/www.asajacyl.com\/soria\/wp-content\/uploads\/sites\/9\/2025\/04\/image-6.jpg\",\"width\":632,\"height\":632},{\"@type\":\"BreadcrumbList\",\"@id\":\"https:\/\/www.asajacyl.com\/soria\/asaja-soria-informa\/asaja-soria-impulsa-en-la-provincia-la-iniciativa-ciudadana-en-contra-de-la-comida-falsa#breadcrumb\",\"itemListElement\":[{\"@type\":\"ListItem\",\"position\":1,\"name\":\"Portada\",\"item\":\"https:\/\/www.asajacyl.com\/soria\/\"},{\"@type\":\"ListItem\",\"position\":2,\"name\":\"ASAJA Soria impulsa en la provincia la iniciativa ciudadana en contra de la comida falsa\"}]},{\"@type\":\"WebSite\",\"@id\":\"https:\/\/www.asajacyl.com\/soria\/#website\",\"url\":\"https:\/\/www.asajacyl.com\/soria\/\",\"name\":\"ASAJA Soria\",\"description\":\"Otro sitio m\u00e1s de Provincias ASAJA Castilla y Le\u00f3n\",\"potentialAction\":[{\"@type\":\"SearchAction\",\"target\":{\"@type\":\"EntryPoint\",\"urlTemplate\":\"https:\/\/www.asajacyl.com\/soria\/?s={search_term_string}\"},\"query-input\":{\"@type\":\"PropertyValueSpecification\",\"valueRequired\":true,\"valueName\":\"search_term_string\"}}],\"inLanguage\":\"es\"},{\"@type\":\"Person\",\"@id\":\"https:\/\/www.asajacyl.com\/soria\/#\/schema\/person\/fd3081c40255119ce8133b87e6aedfab\",\"name\":\"Juan Ignacio Prieto Nieto\",\"image\":{\"@type\":\"ImageObject\",\"inLanguage\":\"es\",\"@id\":\"https:\/\/www.asajacyl.com\/soria\/#\/schema\/person\/image\/\",\"url\":\"https:\/\/secure.gravatar.com\/avatar\/8266b36e4d9001acb4700699a2468dc8?s=96&d=mm&r=g\",\"contentUrl\":\"https:\/\/secure.gravatar.com\/avatar\/8266b36e4d9001acb4700699a2468dc8?s=96&d=mm&r=g\",\"caption\":\"Juan Ignacio Prieto Nieto\"},\"url\":\"https:\/\/www.asajacyl.com\/soria\/author\/juanfranciscoby\"}]}<\/script>\n<!-- \/ Yoast SEO plugin. -->","yoast_head_json":{"title":"ASAJA Soria impulsa en la provincia la iniciativa ciudadana en contra de la comida falsa - ASAJA Soria","description":"Tras varios meses de trabajo conjunto con otras organizaciones del \u00e1mbito europeo, ASAJA ha presentado esta semana oficialmente en Espa\u00f1a la iniciativa","robots":{"index":"index","follow":"follow","max-snippet":"max-snippet:-1","max-image-preview":"max-image-preview:large","max-video-preview":"max-video-preview:-1"},"canonical":"https:\/\/www.asajacyl.com\/soria\/asaja-soria-informa\/asaja-soria-impulsa-en-la-provincia-la-iniciativa-ciudadana-en-contra-de-la-comida-falsa","og_locale":"es_ES","og_type":"article","og_title":"ASAJA Soria impulsa en la provincia la iniciativa ciudadana en contra de la comida falsa - ASAJA Soria","og_description":"Tras varios meses de trabajo conjunto con otras organizaciones del \u00e1mbito europeo, ASAJA ha presentado esta semana oficialmente en Espa\u00f1a la iniciativa","og_url":"https:\/\/www.asajacyl.com\/soria\/asaja-soria-informa\/asaja-soria-impulsa-en-la-provincia-la-iniciativa-ciudadana-en-contra-de-la-comida-falsa","og_site_name":"ASAJA Soria","article_published_time":"2025-04-01T12:55:58+00:00","article_modified_time":"2025-04-25T15:27:30+00:00","og_image":[{"width":632,"height":632,"url":"https:\/\/www.asajacyl.com\/soria\/wp-content\/uploads\/sites\/9\/2025\/04\/image-6.jpg","type":"image\/jpeg"}],"author":"Juan Ignacio Prieto Nieto","twitter_card":"summary_large_image","twitter_misc":{"Escrito por":"Juan Ignacio Prieto Nieto","Tiempo de lectura":"2 minutos"},"schema":{"@context":"https:\/\/schema.org","@graph":[{"@type":"WebPage","@id":"https:\/\/www.asajacyl.com\/soria\/asaja-soria-informa\/asaja-soria-impulsa-en-la-provincia-la-iniciativa-ciudadana-en-contra-de-la-comida-falsa","url":"https:\/\/www.asajacyl.com\/soria\/asaja-soria-informa\/asaja-soria-impulsa-en-la-provincia-la-iniciativa-ciudadana-en-contra-de-la-comida-falsa","name":"ASAJA Soria impulsa en la provincia la iniciativa ciudadana en contra de la comida falsa - ASAJA Soria","isPartOf":{"@id":"https:\/\/www.asajacyl.com\/soria\/#website"},"primaryImageOfPage":{"@id":"https:\/\/www.asajacyl.com\/soria\/asaja-soria-informa\/asaja-soria-impulsa-en-la-provincia-la-iniciativa-ciudadana-en-contra-de-la-comida-falsa#primaryimage"},"image":{"@id":"https:\/\/www.asajacyl.com\/soria\/asaja-soria-informa\/asaja-soria-impulsa-en-la-provincia-la-iniciativa-ciudadana-en-contra-de-la-comida-falsa#primaryimage"},"thumbnailUrl":"https:\/\/www.asajacyl.com\/soria\/wp-content\/uploads\/sites\/9\/2025\/04\/image-6.jpg","datePublished":"2025-04-01T12:55:58+00:00","dateModified":"2025-04-25T15:27:30+00:00","author":{"@id":"https:\/\/www.asajacyl.com\/soria\/#\/schema\/person\/fd3081c40255119ce8133b87e6aedfab"},"description":"Tras varios meses de trabajo conjunto con otras organizaciones del \u00e1mbito europeo, ASAJA ha presentado esta semana oficialmente en Espa\u00f1a la iniciativa","breadcrumb":{"@id":"https:\/\/www.asajacyl.com\/soria\/asaja-soria-informa\/asaja-soria-impulsa-en-la-provincia-la-iniciativa-ciudadana-en-contra-de-la-comida-falsa#breadcrumb"},"inLanguage":"es","potentialAction":[{"@type":"ReadAction","target":["https:\/\/www.asajacyl.com\/soria\/asaja-soria-informa\/asaja-soria-impulsa-en-la-provincia-la-iniciativa-ciudadana-en-contra-de-la-comida-falsa"]}]},{"@type":"ImageObject","inLanguage":"es","@id":"https:\/\/www.asajacyl.com\/soria\/asaja-soria-informa\/asaja-soria-impulsa-en-la-provincia-la-iniciativa-ciudadana-en-contra-de-la-comida-falsa#primaryimage","url":"https:\/\/www.asajacyl.com\/soria\/wp-content\/uploads\/sites\/9\/2025\/04\/image-6.jpg","contentUrl":"https:\/\/www.asajacyl.com\/soria\/wp-content\/uploads\/sites\/9\/2025\/04\/image-6.jpg","width":632,"height":632},{"@type":"BreadcrumbList","@id":"https:\/\/www.asajacyl.com\/soria\/asaja-soria-informa\/asaja-soria-impulsa-en-la-provincia-la-iniciativa-ciudadana-en-contra-de-la-comida-falsa#breadcrumb","itemListElement":[{"@type":"ListItem","position":1,"name":"Portada","item":"https:\/\/www.asajacyl.com\/soria\/"},{"@type":"ListItem","position":2,"name":"ASAJA Soria impulsa en la provincia la iniciativa ciudadana en contra de la comida falsa"}]},{"@type":"WebSite","@id":"https:\/\/www.asajacyl.com\/soria\/#website","url":"https:\/\/www.asajacyl.com\/soria\/","name":"ASAJA Soria","description":"Otro sitio m\u00e1s de Provincias ASAJA Castilla y Le\u00f3n","potentialAction":[{"@type":"SearchAction","target":{"@type":"EntryPoint","urlTemplate":"https:\/\/www.asajacyl.com\/soria\/?s={search_term_string}"},"query-input":{"@type":"PropertyValueSpecification","valueRequired":true,"valueName":"search_term_string"}}],"inLanguage":"es"},{"@type":"Person","@id":"https:\/\/www.asajacyl.com\/soria\/#\/schema\/person\/fd3081c40255119ce8133b87e6aedfab","name":"Juan Ignacio Prieto Nieto","image":{"@type":"ImageObject","inLanguage":"es","@id":"https:\/\/www.asajacyl.com\/soria\/#\/schema\/person\/image\/","url":"https:\/\/secure.gravatar.com\/avatar\/8266b36e4d9001acb4700699a2468dc8?s=96&d=mm&r=g","contentUrl":"https:\/\/secure.gravatar.com\/avatar\/8266b36e4d9001acb4700699a2468dc8?s=96&d=mm&r=g","caption":"Juan Ignacio Prieto Nieto"},"url":"https:\/\/www.asajacyl.com\/soria\/author\/juanfranciscoby"}]}},"_links":{"self":[{"href":"https:\/\/www.asajacyl.com\/soria\/wp-json\/wp\/v2\/posts\/8836"}],"collection":[{"href":"https:\/\/www.asajacyl.com\/soria\/wp-json\/wp\/v2\/posts"}],"about":[{"href":"https:\/\/www.asajacyl.com\/soria\/wp-json\/wp\/v2\/types\/post"}],"author":[{"embeddable":true,"href":"https:\/\/www.asajacyl.com\/soria\/wp-json\/wp\/v2\/users\/12"}],"replies":[{"embeddable":true,"href":"https:\/\/www.asajacyl.com\/soria\/wp-json\/wp\/v2\/comments?post=8836"}],"version-history":[{"count":1,"href":"https:\/\/www.asajacyl.com\/soria\/wp-json\/wp\/v2\/posts\/8836\/revisions"}],"predecessor-version":[{"id":8838,"href":"https:\/\/www.asajacyl.com\/soria\/wp-json\/wp\/v2\/posts\/8836\/revisions\/8838"}],"wp:featuredmedia":[{"embeddable":true,"href":"https:\/\/www.asajacyl.com\/soria\/wp-json\/wp\/v2\/media\/8837"}],"wp:attachment":[{"href":"https:\/\/www.asajacyl.com\/soria\/wp-json\/wp\/v2\/media?parent=8836"}],"wp:term":[{"taxonomy":"category","embeddable":true,"href":"https:\/\/www.asajacyl.com\/soria\/wp-json\/wp\/v2\/categories?post=8836"},{"taxonomy":"post_tag","embeddable":true,"href":"https:\/\/www.asajacyl.com\/soria\/wp-json\/wp\/v2\/tags?post=8836"}],"curies":[{"name":"wp","href":"https:\/\/api.w.org\/{rel}","templated":true}]}}