{"id":8848,"date":"2025-04-04T09:14:07","date_gmt":"2025-04-04T07:14:07","guid":{"rendered":"https:\/\/www.asajacyl.com\/soria\/?p=8848"},"modified":"2025-04-04T09:14:30","modified_gmt":"2025-04-04T07:14:30","slug":"asaja-soria-entrega-ejemplares-del-libro-la-desconexion-rural-a-las-bibliotecas-publicas-e-institutos-de-la-provincia","status":"publish","type":"post","link":"https:\/\/www.asajacyl.com\/soria\/asaja-soria-informa\/asaja-soria-entrega-ejemplares-del-libro-la-desconexion-rural-a-las-bibliotecas-publicas-e-institutos-de-la-provincia","title":{"rendered":"ASAJA Soria entrega ejemplares del libro La desconexi\u00f3n rural a las bibliotecas p\u00fablicas e institutos de la provincia"},"content":{"rendered":"\n\n\n<h2><strong><em>Con ello la asociaci\u00f3n trata de defender las actividades agropecuarias y la alimentaci\u00f3n natural<\/em><\/strong><\/h2>\n<p>Por acuerdo de la junta directiva de ASAJA Soria, la asociaci\u00f3n ha repartido casi medio centenar de ejemplares del libro <em>La desconexi\u00f3n rural<\/em>, de \u00d3scar Caso Colina, con el fin de que sean incorporados, para consulta, a las biblioteca o archivos documentales de las administraciones p\u00fablicas de la provincia y de los institutos de ense\u00f1anza secundaria.<\/p>\n<p>\u00d3scar Caso Colina, vecino de Molinos de Duero desde hace ya tres d\u00e9cadas, es licenciado en Veterinaria y ganadero, y cuenta adem\u00e1s con la experiencia profesional de muchos a\u00f1os de servicio; no s\u00f3lo en Espa\u00f1a, tambi\u00e9n en otros pa\u00edses de la UE.<\/p>\n<p><img loading=\"lazy\" decoding=\"async\" class=\" wp-image-8849 alignleft\" src=\"https:\/\/www.asajacyl.com\/soria\/wp-content\/uploads\/sites\/9\/2025\/04\/61gZUatQpgL.jpg\" alt=\"\" width=\"697\" height=\"697\" srcset=\"https:\/\/www.asajacyl.com\/soria\/wp-content\/uploads\/sites\/9\/2025\/04\/61gZUatQpgL.jpg 2000w, https:\/\/www.asajacyl.com\/soria\/wp-content\/uploads\/sites\/9\/2025\/04\/61gZUatQpgL-300x300.jpg 300w, https:\/\/www.asajacyl.com\/soria\/wp-content\/uploads\/sites\/9\/2025\/04\/61gZUatQpgL-1024x1024.jpg 1024w, https:\/\/www.asajacyl.com\/soria\/wp-content\/uploads\/sites\/9\/2025\/04\/61gZUatQpgL-150x150.jpg 150w, https:\/\/www.asajacyl.com\/soria\/wp-content\/uploads\/sites\/9\/2025\/04\/61gZUatQpgL-768x768.jpg 768w, https:\/\/www.asajacyl.com\/soria\/wp-content\/uploads\/sites\/9\/2025\/04\/61gZUatQpgL-1536x1536.jpg 1536w, https:\/\/www.asajacyl.com\/soria\/wp-content\/uploads\/sites\/9\/2025\/04\/61gZUatQpgL-420x420.jpg 420w, https:\/\/www.asajacyl.com\/soria\/wp-content\/uploads\/sites\/9\/2025\/04\/61gZUatQpgL-696x696.jpg 696w, https:\/\/www.asajacyl.com\/soria\/wp-content\/uploads\/sites\/9\/2025\/04\/61gZUatQpgL-1068x1068.jpg 1068w, https:\/\/www.asajacyl.com\/soria\/wp-content\/uploads\/sites\/9\/2025\/04\/61gZUatQpgL-1920x1920.jpg 1920w\" sizes=\"(max-width: 697px) 100vw, 697px\" \/><\/p>\n<p>Para el sector agroganadero es muy importante que la visi\u00f3n que tenemos los productores de alimentos naturales llegue a los centros formativos, con el fin de que alumnos y docentes dispongan de ella. El objetivo es que puedan comparar nuestra realidad con otras ideas que llegan \u00faltimamente en avalancha y que no siempre hacen honor a la verdad, adolecen no pocas veces de un deficiente soporte cient\u00edfico, o promueven el consumo de productos ultra procesados y artificiales.<\/p>\n<p>Este libro -que se suma al anterior del mismo escritor, <em>La desconexi\u00f3n urbana<\/em>, y que en su momento tambi\u00e9n fue repartido por ASAJA Soria, aunque no directamente como en esta ocasi\u00f3n- representa y recoge buena parte de esa visi\u00f3n del sector agropecuario.<\/p>\n<p>Respetando siempre la libertad de c\u00e1tedra que protege la docencia en nuestro pa\u00eds, es en opini\u00f3n de ASAJA de todo punto importante que la informaci\u00f3n sobre las actividades agropecuarias y la alimentaci\u00f3n natural, eminentemente basada en la realidad y con soporte cient\u00edfico, llegue tambi\u00e9n a los docentes. Siempre con el fin de que puedan contrastar la informaci\u00f3n que tienen a su alcance a trav\u00e9s de fuentes como internet, pues son un verdadero filtro sobre la informaci\u00f3n que llega a las nuevas generaciones, y que en algunas ocasiones percolan modas, cuando no ideolog\u00edas con escaso soporte cient\u00edfico y que promueven h\u00e1bitos no saludables.<\/p>\n<p>Al hilo de esta entrega del libro y de la defensa de la alimentaci\u00f3n tradicional, ASAJA Soria recuerda que, tras varios meses de trabajo conjunto con otras organizaciones del \u00e1mbito europeo, ha presentado esta semana oficialmente la iniciativa ciudadana en contra de la comida falsa, que lo que pretende es el desarrollo de un marco legislativo que obligue a la menci\u00f3n expresa en el etiquetado de este tipo de productos.<\/p>\n<p>El objetivo es alcanzar el mill\u00f3n de firmas en la Uni\u00f3n Europea, para promover la iniciativa, que hasta la fecha alcanza las 300.000 y que desde ASAJA Soria se ha difundido, facilitando el enlace para poder firmar en la plataforma europea, que est\u00e1 en espa\u00f1ol y es muy f\u00e1cil de realizar. La intenci\u00f3n de ASAJA es\u00a0garantizar a los consumidores europeos el derecho a recibir informaci\u00f3n clara, transparente y veraz sobre los productos que consumen.<\/p>\n<p>Adem\u00e1s, desde ASAJA se reclama que todos los alimentos, tanto los producidos dentro como fuera de la UE, cumplan los mismos est\u00e1ndares medioambientales, sanitarios y laborales que se exigen a los productores europeos. El consumidor tiene derecho a saber qu\u00e9 est\u00e1 comprando, su procedencia, c\u00f3mo se ha producido y en qu\u00e9 condiciones\u2026 Esto es clave no s\u00f3lo para tomar decisiones responsables de consumo, sino para algo vital como proteger la salud de las personas, adem\u00e1s de velar por el futuro del planeta, la sanidad y el bienestar animales, y el tejido productivo, especialmente el vinculado con el medio rural.<\/p>\n<p>Enlace para entrar en la iniciativa ciudadana de la UE:<\/p>\n<p><a href=\"https:\/\/eci.ec.europa.eu\/049\/public\/#\/screen\/home\">https:\/\/eci.ec.europa.eu\/049\/public\/#\/screen\/home<\/a><\/p>\n<p>\u00a0<\/p>\n","protected":false},"excerpt":{"rendered":"<p>Con ello la asociaci\u00f3n trata de defender las actividades agropecuarias y la alimentaci\u00f3n natural Por acuerdo de la junta directiva de ASAJA Soria, la asociaci\u00f3n ha repartido casi medio centenar de ejemplares del libro La desconexi\u00f3n rural, de \u00d3scar Caso Colina, con el fin de que sean incorporados, para consulta, a las biblioteca o archivos [&hellip;]<\/p>\n","protected":false},"author":12,"featured_media":8849,"comment_status":"open","ping_status":"open","sticky":false,"template":"","format":"standard","meta":{"footnotes":""},"categories":[10,25],"tags":[],"yoast_head":"<!-- This site is optimized with the Yoast SEO plugin v24.5 - https:\/\/yoast.com\/wordpress\/plugins\/seo\/ -->\n<title>ASAJA Soria entrega ejemplares del libro La desconexi\u00f3n rural a las bibliotecas p\u00fablicas e institutos de la provincia - ASAJA Soria<\/title>\n<meta name=\"description\" content=\"Con ello la asociaci\u00f3n trata de defender las actividades agropecuarias y la alimentaci\u00f3n natural Por acuerdo de la junta directiva de ASAJA Soria, la\" \/>\n<meta name=\"robots\" content=\"index, follow, max-snippet:-1, max-image-preview:large, max-video-preview:-1\" \/>\n<link rel=\"canonical\" href=\"https:\/\/www.asajacyl.com\/soria\/asaja-soria-informa\/asaja-soria-entrega-ejemplares-del-libro-la-desconexion-rural-a-las-bibliotecas-publicas-e-institutos-de-la-provincia\" \/>\n<meta property=\"og:locale\" content=\"es_ES\" \/>\n<meta property=\"og:type\" content=\"article\" \/>\n<meta property=\"og:title\" content=\"ASAJA Soria entrega ejemplares del libro La desconexi\u00f3n rural a las bibliotecas p\u00fablicas e institutos de la provincia - ASAJA Soria\" \/>\n<meta property=\"og:description\" content=\"Con ello la asociaci\u00f3n trata de defender las actividades agropecuarias y la alimentaci\u00f3n natural Por acuerdo de la junta directiva de ASAJA Soria, la\" \/>\n<meta property=\"og:url\" content=\"https:\/\/www.asajacyl.com\/soria\/asaja-soria-informa\/asaja-soria-entrega-ejemplares-del-libro-la-desconexion-rural-a-las-bibliotecas-publicas-e-institutos-de-la-provincia\" \/>\n<meta property=\"og:site_name\" content=\"ASAJA Soria\" \/>\n<meta property=\"article:published_time\" content=\"2025-04-04T07:14:07+00:00\" \/>\n<meta property=\"article:modified_time\" content=\"2025-04-04T07:14:30+00:00\" \/>\n<meta property=\"og:image\" content=\"https:\/\/www.asajacyl.com\/soria\/wp-content\/uploads\/sites\/9\/2025\/04\/61gZUatQpgL.jpg\" \/>\n\t<meta property=\"og:image:width\" content=\"2000\" \/>\n\t<meta property=\"og:image:height\" content=\"2000\" \/>\n\t<meta property=\"og:image:type\" content=\"image\/jpeg\" \/>\n<meta name=\"author\" content=\"Juan Ignacio Prieto Nieto\" \/>\n<meta name=\"twitter:card\" content=\"summary_large_image\" \/>\n<meta name=\"twitter:label1\" content=\"Escrito por\" \/>\n\t<meta name=\"twitter:data1\" content=\"Juan Ignacio Prieto Nieto\" \/>\n\t<meta name=\"twitter:label2\" content=\"Tiempo de lectura\" \/>\n\t<meta name=\"twitter:data2\" content=\"4 minutos\" \/>\n<script type=\"application\/ld+json\" class=\"yoast-schema-graph\">{\"@context\":\"https:\/\/schema.org\",\"@graph\":[{\"@type\":\"WebPage\",\"@id\":\"https:\/\/www.asajacyl.com\/soria\/asaja-soria-informa\/asaja-soria-entrega-ejemplares-del-libro-la-desconexion-rural-a-las-bibliotecas-publicas-e-institutos-de-la-provincia\",\"url\":\"https:\/\/www.asajacyl.com\/soria\/asaja-soria-informa\/asaja-soria-entrega-ejemplares-del-libro-la-desconexion-rural-a-las-bibliotecas-publicas-e-institutos-de-la-provincia\",\"name\":\"ASAJA Soria entrega ejemplares del libro La desconexi\u00f3n rural a las bibliotecas p\u00fablicas e institutos de la provincia - ASAJA Soria\",\"isPartOf\":{\"@id\":\"https:\/\/www.asajacyl.com\/soria\/#website\"},\"primaryImageOfPage\":{\"@id\":\"https:\/\/www.asajacyl.com\/soria\/asaja-soria-informa\/asaja-soria-entrega-ejemplares-del-libro-la-desconexion-rural-a-las-bibliotecas-publicas-e-institutos-de-la-provincia#primaryimage\"},\"image\":{\"@id\":\"https:\/\/www.asajacyl.com\/soria\/asaja-soria-informa\/asaja-soria-entrega-ejemplares-del-libro-la-desconexion-rural-a-las-bibliotecas-publicas-e-institutos-de-la-provincia#primaryimage\"},\"thumbnailUrl\":\"https:\/\/www.asajacyl.com\/soria\/wp-content\/uploads\/sites\/9\/2025\/04\/61gZUatQpgL.jpg\",\"datePublished\":\"2025-04-04T07:14:07+00:00\",\"dateModified\":\"2025-04-04T07:14:30+00:00\",\"author\":{\"@id\":\"https:\/\/www.asajacyl.com\/soria\/#\/schema\/person\/fd3081c40255119ce8133b87e6aedfab\"},\"description\":\"Con ello la asociaci\u00f3n trata de defender las actividades agropecuarias y la alimentaci\u00f3n natural Por acuerdo de la junta directiva de ASAJA Soria, la\",\"breadcrumb\":{\"@id\":\"https:\/\/www.asajacyl.com\/soria\/asaja-soria-informa\/asaja-soria-entrega-ejemplares-del-libro-la-desconexion-rural-a-las-bibliotecas-publicas-e-institutos-de-la-provincia#breadcrumb\"},\"inLanguage\":\"es\",\"potentialAction\":[{\"@type\":\"ReadAction\",\"target\":[\"https:\/\/www.asajacyl.com\/soria\/asaja-soria-informa\/asaja-soria-entrega-ejemplares-del-libro-la-desconexion-rural-a-las-bibliotecas-publicas-e-institutos-de-la-provincia\"]}]},{\"@type\":\"ImageObject\",\"inLanguage\":\"es\",\"@id\":\"https:\/\/www.asajacyl.com\/soria\/asaja-soria-informa\/asaja-soria-entrega-ejemplares-del-libro-la-desconexion-rural-a-las-bibliotecas-publicas-e-institutos-de-la-provincia#primaryimage\",\"url\":\"https:\/\/www.asajacyl.com\/soria\/wp-content\/uploads\/sites\/9\/2025\/04\/61gZUatQpgL.jpg\",\"contentUrl\":\"https:\/\/www.asajacyl.com\/soria\/wp-content\/uploads\/sites\/9\/2025\/04\/61gZUatQpgL.jpg\",\"width\":2000,\"height\":2000},{\"@type\":\"BreadcrumbList\",\"@id\":\"https:\/\/www.asajacyl.com\/soria\/asaja-soria-informa\/asaja-soria-entrega-ejemplares-del-libro-la-desconexion-rural-a-las-bibliotecas-publicas-e-institutos-de-la-provincia#breadcrumb\",\"itemListElement\":[{\"@type\":\"ListItem\",\"position\":1,\"name\":\"Portada\",\"item\":\"https:\/\/www.asajacyl.com\/soria\/\"},{\"@type\":\"ListItem\",\"position\":2,\"name\":\"ASAJA Soria entrega ejemplares del libro La desconexi\u00f3n rural a las bibliotecas p\u00fablicas e institutos de la provincia\"}]},{\"@type\":\"WebSite\",\"@id\":\"https:\/\/www.asajacyl.com\/soria\/#website\",\"url\":\"https:\/\/www.asajacyl.com\/soria\/\",\"name\":\"ASAJA Soria\",\"description\":\"Otro sitio m\u00e1s de Provincias ASAJA Castilla y Le\u00f3n\",\"potentialAction\":[{\"@type\":\"SearchAction\",\"target\":{\"@type\":\"EntryPoint\",\"urlTemplate\":\"https:\/\/www.asajacyl.com\/soria\/?s={search_term_string}\"},\"query-input\":{\"@type\":\"PropertyValueSpecification\",\"valueRequired\":true,\"valueName\":\"search_term_string\"}}],\"inLanguage\":\"es\"},{\"@type\":\"Person\",\"@id\":\"https:\/\/www.asajacyl.com\/soria\/#\/schema\/person\/fd3081c40255119ce8133b87e6aedfab\",\"name\":\"Juan Ignacio Prieto Nieto\",\"image\":{\"@type\":\"ImageObject\",\"inLanguage\":\"es\",\"@id\":\"https:\/\/www.asajacyl.com\/soria\/#\/schema\/person\/image\/\",\"url\":\"https:\/\/secure.gravatar.com\/avatar\/8266b36e4d9001acb4700699a2468dc8?s=96&d=mm&r=g\",\"contentUrl\":\"https:\/\/secure.gravatar.com\/avatar\/8266b36e4d9001acb4700699a2468dc8?s=96&d=mm&r=g\",\"caption\":\"Juan Ignacio Prieto Nieto\"},\"url\":\"https:\/\/www.asajacyl.com\/soria\/author\/juanfranciscoby\"}]}<\/script>\n<!-- \/ Yoast SEO plugin. -->","yoast_head_json":{"title":"ASAJA Soria entrega ejemplares del libro La desconexi\u00f3n rural a las bibliotecas p\u00fablicas e institutos de la provincia - ASAJA Soria","description":"Con ello la asociaci\u00f3n trata de defender las actividades agropecuarias y la alimentaci\u00f3n natural Por acuerdo de la junta directiva de ASAJA Soria, la","robots":{"index":"index","follow":"follow","max-snippet":"max-snippet:-1","max-image-preview":"max-image-preview:large","max-video-preview":"max-video-preview:-1"},"canonical":"https:\/\/www.asajacyl.com\/soria\/asaja-soria-informa\/asaja-soria-entrega-ejemplares-del-libro-la-desconexion-rural-a-las-bibliotecas-publicas-e-institutos-de-la-provincia","og_locale":"es_ES","og_type":"article","og_title":"ASAJA Soria entrega ejemplares del libro La desconexi\u00f3n rural a las bibliotecas p\u00fablicas e institutos de la provincia - ASAJA Soria","og_description":"Con ello la asociaci\u00f3n trata de defender las actividades agropecuarias y la alimentaci\u00f3n natural Por acuerdo de la junta directiva de ASAJA Soria, la","og_url":"https:\/\/www.asajacyl.com\/soria\/asaja-soria-informa\/asaja-soria-entrega-ejemplares-del-libro-la-desconexion-rural-a-las-bibliotecas-publicas-e-institutos-de-la-provincia","og_site_name":"ASAJA Soria","article_published_time":"2025-04-04T07:14:07+00:00","article_modified_time":"2025-04-04T07:14:30+00:00","og_image":[{"width":2000,"height":2000,"url":"https:\/\/www.asajacyl.com\/soria\/wp-content\/uploads\/sites\/9\/2025\/04\/61gZUatQpgL.jpg","type":"image\/jpeg"}],"author":"Juan Ignacio Prieto Nieto","twitter_card":"summary_large_image","twitter_misc":{"Escrito por":"Juan Ignacio Prieto Nieto","Tiempo de lectura":"4 minutos"},"schema":{"@context":"https:\/\/schema.org","@graph":[{"@type":"WebPage","@id":"https:\/\/www.asajacyl.com\/soria\/asaja-soria-informa\/asaja-soria-entrega-ejemplares-del-libro-la-desconexion-rural-a-las-bibliotecas-publicas-e-institutos-de-la-provincia","url":"https:\/\/www.asajacyl.com\/soria\/asaja-soria-informa\/asaja-soria-entrega-ejemplares-del-libro-la-desconexion-rural-a-las-bibliotecas-publicas-e-institutos-de-la-provincia","name":"ASAJA Soria entrega ejemplares del libro La desconexi\u00f3n rural a las bibliotecas p\u00fablicas e institutos de la provincia - ASAJA Soria","isPartOf":{"@id":"https:\/\/www.asajacyl.com\/soria\/#website"},"primaryImageOfPage":{"@id":"https:\/\/www.asajacyl.com\/soria\/asaja-soria-informa\/asaja-soria-entrega-ejemplares-del-libro-la-desconexion-rural-a-las-bibliotecas-publicas-e-institutos-de-la-provincia#primaryimage"},"image":{"@id":"https:\/\/www.asajacyl.com\/soria\/asaja-soria-informa\/asaja-soria-entrega-ejemplares-del-libro-la-desconexion-rural-a-las-bibliotecas-publicas-e-institutos-de-la-provincia#primaryimage"},"thumbnailUrl":"https:\/\/www.asajacyl.com\/soria\/wp-content\/uploads\/sites\/9\/2025\/04\/61gZUatQpgL.jpg","datePublished":"2025-04-04T07:14:07+00:00","dateModified":"2025-04-04T07:14:30+00:00","author":{"@id":"https:\/\/www.asajacyl.com\/soria\/#\/schema\/person\/fd3081c40255119ce8133b87e6aedfab"},"description":"Con ello la asociaci\u00f3n trata de defender las actividades agropecuarias y la alimentaci\u00f3n natural Por acuerdo de la junta directiva de ASAJA Soria, la","breadcrumb":{"@id":"https:\/\/www.asajacyl.com\/soria\/asaja-soria-informa\/asaja-soria-entrega-ejemplares-del-libro-la-desconexion-rural-a-las-bibliotecas-publicas-e-institutos-de-la-provincia#breadcrumb"},"inLanguage":"es","potentialAction":[{"@type":"ReadAction","target":["https:\/\/www.asajacyl.com\/soria\/asaja-soria-informa\/asaja-soria-entrega-ejemplares-del-libro-la-desconexion-rural-a-las-bibliotecas-publicas-e-institutos-de-la-provincia"]}]},{"@type":"ImageObject","inLanguage":"es","@id":"https:\/\/www.asajacyl.com\/soria\/asaja-soria-informa\/asaja-soria-entrega-ejemplares-del-libro-la-desconexion-rural-a-las-bibliotecas-publicas-e-institutos-de-la-provincia#primaryimage","url":"https:\/\/www.asajacyl.com\/soria\/wp-content\/uploads\/sites\/9\/2025\/04\/61gZUatQpgL.jpg","contentUrl":"https:\/\/www.asajacyl.com\/soria\/wp-content\/uploads\/sites\/9\/2025\/04\/61gZUatQpgL.jpg","width":2000,"height":2000},{"@type":"BreadcrumbList","@id":"https:\/\/www.asajacyl.com\/soria\/asaja-soria-informa\/asaja-soria-entrega-ejemplares-del-libro-la-desconexion-rural-a-las-bibliotecas-publicas-e-institutos-de-la-provincia#breadcrumb","itemListElement":[{"@type":"ListItem","position":1,"name":"Portada","item":"https:\/\/www.asajacyl.com\/soria\/"},{"@type":"ListItem","position":2,"name":"ASAJA Soria entrega ejemplares del libro La desconexi\u00f3n rural a las bibliotecas p\u00fablicas e institutos de la provincia"}]},{"@type":"WebSite","@id":"https:\/\/www.asajacyl.com\/soria\/#website","url":"https:\/\/www.asajacyl.com\/soria\/","name":"ASAJA Soria","description":"Otro sitio m\u00e1s de Provincias ASAJA Castilla y Le\u00f3n","potentialAction":[{"@type":"SearchAction","target":{"@type":"EntryPoint","urlTemplate":"https:\/\/www.asajacyl.com\/soria\/?s={search_term_string}"},"query-input":{"@type":"PropertyValueSpecification","valueRequired":true,"valueName":"search_term_string"}}],"inLanguage":"es"},{"@type":"Person","@id":"https:\/\/www.asajacyl.com\/soria\/#\/schema\/person\/fd3081c40255119ce8133b87e6aedfab","name":"Juan Ignacio Prieto Nieto","image":{"@type":"ImageObject","inLanguage":"es","@id":"https:\/\/www.asajacyl.com\/soria\/#\/schema\/person\/image\/","url":"https:\/\/secure.gravatar.com\/avatar\/8266b36e4d9001acb4700699a2468dc8?s=96&d=mm&r=g","contentUrl":"https:\/\/secure.gravatar.com\/avatar\/8266b36e4d9001acb4700699a2468dc8?s=96&d=mm&r=g","caption":"Juan Ignacio Prieto Nieto"},"url":"https:\/\/www.asajacyl.com\/soria\/author\/juanfranciscoby"}]}},"_links":{"self":[{"href":"https:\/\/www.asajacyl.com\/soria\/wp-json\/wp\/v2\/posts\/8848"}],"collection":[{"href":"https:\/\/www.asajacyl.com\/soria\/wp-json\/wp\/v2\/posts"}],"about":[{"href":"https:\/\/www.asajacyl.com\/soria\/wp-json\/wp\/v2\/types\/post"}],"author":[{"embeddable":true,"href":"https:\/\/www.asajacyl.com\/soria\/wp-json\/wp\/v2\/users\/12"}],"replies":[{"embeddable":true,"href":"https:\/\/www.asajacyl.com\/soria\/wp-json\/wp\/v2\/comments?post=8848"}],"version-history":[{"count":1,"href":"https:\/\/www.asajacyl.com\/soria\/wp-json\/wp\/v2\/posts\/8848\/revisions"}],"predecessor-version":[{"id":8850,"href":"https:\/\/www.asajacyl.com\/soria\/wp-json\/wp\/v2\/posts\/8848\/revisions\/8850"}],"wp:featuredmedia":[{"embeddable":true,"href":"https:\/\/www.asajacyl.com\/soria\/wp-json\/wp\/v2\/media\/8849"}],"wp:attachment":[{"href":"https:\/\/www.asajacyl.com\/soria\/wp-json\/wp\/v2\/media?parent=8848"}],"wp:term":[{"taxonomy":"category","embeddable":true,"href":"https:\/\/www.asajacyl.com\/soria\/wp-json\/wp\/v2\/categories?post=8848"},{"taxonomy":"post_tag","embeddable":true,"href":"https:\/\/www.asajacyl.com\/soria\/wp-json\/wp\/v2\/tags?post=8848"}],"curies":[{"name":"wp","href":"https:\/\/api.w.org\/{rel}","templated":true}]}}