{"id":8928,"date":"2025-04-16T14:40:39","date_gmt":"2025-04-16T12:40:39","guid":{"rendered":"https:\/\/www.asajacyl.com\/soria\/?p=8928"},"modified":"2025-04-16T14:42:42","modified_gmt":"2025-04-16T12:42:42","slug":"articulo-de-la-revista-163-de-asaja-soria-marzo-abril-de-2025","status":"publish","type":"post","link":"https:\/\/www.asajacyl.com\/soria\/asaja-soria-informa\/articulo-de-la-revista-163-de-asaja-soria-marzo-abril-de-2025","title":{"rendered":"ART\u00cdCULO DE LA REVISTA 163 DE ASAJA SORIA. MARZO\/ABRIL DE 2025"},"content":{"rendered":"\n\n\n<p>Hay un gran consenso en que las pr\u00f3ximas d\u00e9cadas la agricultura tendr\u00e1 un papel crucial en la b\u00fasqueda de la\u00a0seguridad alimentaria, la\u00a0preservaci\u00f3n del medio ambiente\u00a0y la\u00a0lucha contra el cambio clim\u00e1tico. Por eso es hora de que los pol\u00edticos europeos, muchos de ellos m\u00e1s atentos a los horarios de un aeropuerto y a quedar bien en las redes sociales que al terru\u00f1o y a la verdad cient\u00edfica, no nos hagan perder las mejores bazas para hacer frente a esos retos. Por lo pronto, tenemos previsiblemente a \u00darsula von der Leyen como presidenta de la Comisi\u00f3n Europea hasta 2029. Nos guste o no esta se\u00f1ora, hay que destacar su reconocimiento muy expreso de la agricultura como uno de los siete pilares del programa de trabajo de la Comisi\u00f3n, y eso es una muestra clara de que nuestras demandas han sido escuchadas y que se empieza a valorar la importancia estrat\u00e9gica de la agricultura y la ganader\u00eda para la seguridad alimentaria mundial y la sostenibilidad del continente.<\/p>\n<p>Bruselas ya est\u00e1 dando vueltas a su nueva hoja de ruta para la agricultura y la alimentaci\u00f3n, con un documento que va a trazar el futuro del sector en Europa. Un listado de intenciones que, de momento, no rasca en lo principal: el presupuesto de la PAC. Como ya ha dicho Pedro Barato, el presidente nacional de ASAJA: \u201cLa soberan\u00eda alimentaria, la sostenibilidad y el relevo generacional no se financian con buenas intenciones. La PAC es la columna vertebral del sector, y sin una base s\u00f3lida, todo lo dem\u00e1s es papel mojado: un itinerario sin destino\u201d.<\/p>\n<p>S\u00ed que al menos gusta en ASAJA que el comisario de Agricultura, Christophe Hansen, haya aprendido a llamar empresarios a quienes llevamos generaciones alimentando Europa y adem\u00e1s recientemente dijo que \u201cesta visi\u00f3n busca redefinir la relaci\u00f3n entre la Comisi\u00f3n Europea y el sector agroalimentario. Hemos escuchado a los agricultores europeos y espa\u00f1oles y ya estamos trabajando en un paquete de simplificaci\u00f3n para los agricultores, una estrategia de renovaci\u00f3n generacional del sector y una l\u00ednea de trabajo espec\u00edfica para el sector ganadero, entre otras iniciativas\u00bb.\u00a0 No niego que todo esto es un avance, pero si detr\u00e1s de ese reconocimiento no hay recursos presupuestarios ni medidas concretas, nos quedamos con un quiero y no puedo. La agricultura ya pasa ol\u00edmpicamente de m\u00e1s discursos pol\u00edticos; el futuro del campo de Soria se sustenta con apoyo econ\u00f3mico, innovaci\u00f3n y respeto a quienes trabajamos en \u00e9l. \u00a0Y en ese aspecto me gustar\u00eda que en este 2025 dejen de creer en Bruselas, en Madrid y en Valladolid que somos el sector conejillo de indias siempre que deba adaptarse sin batallar y sin anestesia a pol\u00edticas que le impongan cargas imposibles de cumplir. La sostenibilidad ambiental est\u00e1 muy bien, pero en provincias como la de Soria la casa se cae sin el pilar econ\u00f3mico de los empresarios del campo; un pilar que a la vez sujeta gran parte del edificio social de este territorio tan desfavorecido. Por eso, hay que reorientar todo el bloque para poner el foco en los agricultores, que somos el origen de la materia prima de calidad, de la producci\u00f3n de alimentos sanos a un precio razonable. Siempre voy a\u00a0reivindicar esta funci\u00f3n tan imprescindible y tan antigua\u00a0ante los que viven pensando que la comida no requiere un gran esfuerzo para producirla, se hace por arte de magia, es eterna, est\u00e1 cerca y siempre es abundante.<\/p>\n<p>ANA PASTOR SORIA, PRESIDENTA DE ASAJA SORIA<\/p>\n","protected":false},"excerpt":{"rendered":"<p>Hay un gran consenso en que las pr\u00f3ximas d\u00e9cadas la agricultura tendr\u00e1 un papel crucial en la b\u00fasqueda de la\u00a0seguridad alimentaria, la\u00a0preservaci\u00f3n del medio ambiente\u00a0y la\u00a0lucha contra el cambio clim\u00e1tico. Por eso es hora de que los pol\u00edticos europeos, muchos de ellos m\u00e1s atentos a los horarios de un aeropuerto y a quedar bien en [&hellip;]<\/p>\n","protected":false},"author":12,"featured_media":4683,"comment_status":"open","ping_status":"open","sticky":false,"template":"","format":"standard","meta":{"footnotes":""},"categories":[10,28],"tags":[],"yoast_head":"<!-- This site is optimized with the Yoast SEO plugin v24.5 - https:\/\/yoast.com\/wordpress\/plugins\/seo\/ -->\n<title>ART\u00cdCULO DE LA REVISTA 163 DE ASAJA SORIA. MARZO\/ABRIL DE 2025 - ASAJA Soria<\/title>\n<meta name=\"description\" content=\"Hay un gran consenso en que las pr\u00f3ximas d\u00e9cadas la agricultura tendr\u00e1 un papel crucial en la b\u00fasqueda de la\u00a0seguridad alimentaria, la\u00a0preservaci\u00f3n del\" \/>\n<meta name=\"robots\" content=\"index, follow, max-snippet:-1, max-image-preview:large, max-video-preview:-1\" \/>\n<link rel=\"canonical\" href=\"https:\/\/www.asajacyl.com\/soria\/asaja-soria-informa\/articulo-de-la-revista-163-de-asaja-soria-marzo-abril-de-2025\" \/>\n<meta property=\"og:locale\" content=\"es_ES\" \/>\n<meta property=\"og:type\" content=\"article\" \/>\n<meta property=\"og:title\" content=\"ART\u00cdCULO DE LA REVISTA 163 DE ASAJA SORIA. MARZO\/ABRIL DE 2025 - ASAJA Soria\" \/>\n<meta property=\"og:description\" content=\"Hay un gran consenso en que las pr\u00f3ximas d\u00e9cadas la agricultura tendr\u00e1 un papel crucial en la b\u00fasqueda de la\u00a0seguridad alimentaria, la\u00a0preservaci\u00f3n del\" \/>\n<meta property=\"og:url\" content=\"https:\/\/www.asajacyl.com\/soria\/asaja-soria-informa\/articulo-de-la-revista-163-de-asaja-soria-marzo-abril-de-2025\" \/>\n<meta property=\"og:site_name\" content=\"ASAJA Soria\" \/>\n<meta property=\"article:published_time\" content=\"2025-04-16T12:40:39+00:00\" \/>\n<meta property=\"article:modified_time\" content=\"2025-04-16T12:42:42+00:00\" \/>\n<meta property=\"og:image\" content=\"https:\/\/www.asajacyl.com\/soria\/wp-content\/uploads\/sites\/9\/2021\/07\/IMG_2109.jpg\" \/>\n\t<meta property=\"og:image:width\" content=\"2016\" \/>\n\t<meta property=\"og:image:height\" content=\"1512\" \/>\n\t<meta property=\"og:image:type\" content=\"image\/jpeg\" \/>\n<meta name=\"author\" content=\"Juan Ignacio Prieto Nieto\" \/>\n<meta name=\"twitter:card\" content=\"summary_large_image\" \/>\n<meta name=\"twitter:label1\" content=\"Escrito por\" \/>\n\t<meta name=\"twitter:data1\" content=\"Juan Ignacio Prieto Nieto\" \/>\n\t<meta name=\"twitter:label2\" content=\"Tiempo de lectura\" \/>\n\t<meta name=\"twitter:data2\" content=\"3 minutos\" \/>\n<script type=\"application\/ld+json\" class=\"yoast-schema-graph\">{\"@context\":\"https:\/\/schema.org\",\"@graph\":[{\"@type\":\"WebPage\",\"@id\":\"https:\/\/www.asajacyl.com\/soria\/asaja-soria-informa\/articulo-de-la-revista-163-de-asaja-soria-marzo-abril-de-2025\",\"url\":\"https:\/\/www.asajacyl.com\/soria\/asaja-soria-informa\/articulo-de-la-revista-163-de-asaja-soria-marzo-abril-de-2025\",\"name\":\"ART\u00cdCULO DE LA REVISTA 163 DE ASAJA SORIA. MARZO\/ABRIL DE 2025 - ASAJA Soria\",\"isPartOf\":{\"@id\":\"https:\/\/www.asajacyl.com\/soria\/#website\"},\"primaryImageOfPage\":{\"@id\":\"https:\/\/www.asajacyl.com\/soria\/asaja-soria-informa\/articulo-de-la-revista-163-de-asaja-soria-marzo-abril-de-2025#primaryimage\"},\"image\":{\"@id\":\"https:\/\/www.asajacyl.com\/soria\/asaja-soria-informa\/articulo-de-la-revista-163-de-asaja-soria-marzo-abril-de-2025#primaryimage\"},\"thumbnailUrl\":\"https:\/\/www.asajacyl.com\/soria\/wp-content\/uploads\/sites\/9\/2021\/07\/IMG_2109.jpg\",\"datePublished\":\"2025-04-16T12:40:39+00:00\",\"dateModified\":\"2025-04-16T12:42:42+00:00\",\"author\":{\"@id\":\"https:\/\/www.asajacyl.com\/soria\/#\/schema\/person\/fd3081c40255119ce8133b87e6aedfab\"},\"description\":\"Hay un gran consenso en que las pr\u00f3ximas d\u00e9cadas la agricultura tendr\u00e1 un papel crucial en la b\u00fasqueda de la\u00a0seguridad alimentaria, la\u00a0preservaci\u00f3n del\",\"breadcrumb\":{\"@id\":\"https:\/\/www.asajacyl.com\/soria\/asaja-soria-informa\/articulo-de-la-revista-163-de-asaja-soria-marzo-abril-de-2025#breadcrumb\"},\"inLanguage\":\"es\",\"potentialAction\":[{\"@type\":\"ReadAction\",\"target\":[\"https:\/\/www.asajacyl.com\/soria\/asaja-soria-informa\/articulo-de-la-revista-163-de-asaja-soria-marzo-abril-de-2025\"]}]},{\"@type\":\"ImageObject\",\"inLanguage\":\"es\",\"@id\":\"https:\/\/www.asajacyl.com\/soria\/asaja-soria-informa\/articulo-de-la-revista-163-de-asaja-soria-marzo-abril-de-2025#primaryimage\",\"url\":\"https:\/\/www.asajacyl.com\/soria\/wp-content\/uploads\/sites\/9\/2021\/07\/IMG_2109.jpg\",\"contentUrl\":\"https:\/\/www.asajacyl.com\/soria\/wp-content\/uploads\/sites\/9\/2021\/07\/IMG_2109.jpg\",\"width\":2016,\"height\":1512},{\"@type\":\"BreadcrumbList\",\"@id\":\"https:\/\/www.asajacyl.com\/soria\/asaja-soria-informa\/articulo-de-la-revista-163-de-asaja-soria-marzo-abril-de-2025#breadcrumb\",\"itemListElement\":[{\"@type\":\"ListItem\",\"position\":1,\"name\":\"Portada\",\"item\":\"https:\/\/www.asajacyl.com\/soria\/\"},{\"@type\":\"ListItem\",\"position\":2,\"name\":\"ART\u00cdCULO DE LA REVISTA 163 DE ASAJA SORIA. MARZO\/ABRIL DE 2025\"}]},{\"@type\":\"WebSite\",\"@id\":\"https:\/\/www.asajacyl.com\/soria\/#website\",\"url\":\"https:\/\/www.asajacyl.com\/soria\/\",\"name\":\"ASAJA Soria\",\"description\":\"Otro sitio m\u00e1s de Provincias ASAJA Castilla y Le\u00f3n\",\"potentialAction\":[{\"@type\":\"SearchAction\",\"target\":{\"@type\":\"EntryPoint\",\"urlTemplate\":\"https:\/\/www.asajacyl.com\/soria\/?s={search_term_string}\"},\"query-input\":{\"@type\":\"PropertyValueSpecification\",\"valueRequired\":true,\"valueName\":\"search_term_string\"}}],\"inLanguage\":\"es\"},{\"@type\":\"Person\",\"@id\":\"https:\/\/www.asajacyl.com\/soria\/#\/schema\/person\/fd3081c40255119ce8133b87e6aedfab\",\"name\":\"Juan Ignacio Prieto Nieto\",\"image\":{\"@type\":\"ImageObject\",\"inLanguage\":\"es\",\"@id\":\"https:\/\/www.asajacyl.com\/soria\/#\/schema\/person\/image\/\",\"url\":\"https:\/\/secure.gravatar.com\/avatar\/8266b36e4d9001acb4700699a2468dc8?s=96&d=mm&r=g\",\"contentUrl\":\"https:\/\/secure.gravatar.com\/avatar\/8266b36e4d9001acb4700699a2468dc8?s=96&d=mm&r=g\",\"caption\":\"Juan Ignacio Prieto Nieto\"},\"url\":\"https:\/\/www.asajacyl.com\/soria\/author\/juanfranciscoby\"}]}<\/script>\n<!-- \/ Yoast SEO plugin. -->","yoast_head_json":{"title":"ART\u00cdCULO DE LA REVISTA 163 DE ASAJA SORIA. MARZO\/ABRIL DE 2025 - ASAJA Soria","description":"Hay un gran consenso en que las pr\u00f3ximas d\u00e9cadas la agricultura tendr\u00e1 un papel crucial en la b\u00fasqueda de la\u00a0seguridad alimentaria, la\u00a0preservaci\u00f3n del","robots":{"index":"index","follow":"follow","max-snippet":"max-snippet:-1","max-image-preview":"max-image-preview:large","max-video-preview":"max-video-preview:-1"},"canonical":"https:\/\/www.asajacyl.com\/soria\/asaja-soria-informa\/articulo-de-la-revista-163-de-asaja-soria-marzo-abril-de-2025","og_locale":"es_ES","og_type":"article","og_title":"ART\u00cdCULO DE LA REVISTA 163 DE ASAJA SORIA. MARZO\/ABRIL DE 2025 - ASAJA Soria","og_description":"Hay un gran consenso en que las pr\u00f3ximas d\u00e9cadas la agricultura tendr\u00e1 un papel crucial en la b\u00fasqueda de la\u00a0seguridad alimentaria, la\u00a0preservaci\u00f3n del","og_url":"https:\/\/www.asajacyl.com\/soria\/asaja-soria-informa\/articulo-de-la-revista-163-de-asaja-soria-marzo-abril-de-2025","og_site_name":"ASAJA Soria","article_published_time":"2025-04-16T12:40:39+00:00","article_modified_time":"2025-04-16T12:42:42+00:00","og_image":[{"width":2016,"height":1512,"url":"https:\/\/www.asajacyl.com\/soria\/wp-content\/uploads\/sites\/9\/2021\/07\/IMG_2109.jpg","type":"image\/jpeg"}],"author":"Juan Ignacio Prieto Nieto","twitter_card":"summary_large_image","twitter_misc":{"Escrito por":"Juan Ignacio Prieto Nieto","Tiempo de lectura":"3 minutos"},"schema":{"@context":"https:\/\/schema.org","@graph":[{"@type":"WebPage","@id":"https:\/\/www.asajacyl.com\/soria\/asaja-soria-informa\/articulo-de-la-revista-163-de-asaja-soria-marzo-abril-de-2025","url":"https:\/\/www.asajacyl.com\/soria\/asaja-soria-informa\/articulo-de-la-revista-163-de-asaja-soria-marzo-abril-de-2025","name":"ART\u00cdCULO DE LA REVISTA 163 DE ASAJA SORIA. MARZO\/ABRIL DE 2025 - ASAJA Soria","isPartOf":{"@id":"https:\/\/www.asajacyl.com\/soria\/#website"},"primaryImageOfPage":{"@id":"https:\/\/www.asajacyl.com\/soria\/asaja-soria-informa\/articulo-de-la-revista-163-de-asaja-soria-marzo-abril-de-2025#primaryimage"},"image":{"@id":"https:\/\/www.asajacyl.com\/soria\/asaja-soria-informa\/articulo-de-la-revista-163-de-asaja-soria-marzo-abril-de-2025#primaryimage"},"thumbnailUrl":"https:\/\/www.asajacyl.com\/soria\/wp-content\/uploads\/sites\/9\/2021\/07\/IMG_2109.jpg","datePublished":"2025-04-16T12:40:39+00:00","dateModified":"2025-04-16T12:42:42+00:00","author":{"@id":"https:\/\/www.asajacyl.com\/soria\/#\/schema\/person\/fd3081c40255119ce8133b87e6aedfab"},"description":"Hay un gran consenso en que las pr\u00f3ximas d\u00e9cadas la agricultura tendr\u00e1 un papel crucial en la b\u00fasqueda de la\u00a0seguridad alimentaria, la\u00a0preservaci\u00f3n del","breadcrumb":{"@id":"https:\/\/www.asajacyl.com\/soria\/asaja-soria-informa\/articulo-de-la-revista-163-de-asaja-soria-marzo-abril-de-2025#breadcrumb"},"inLanguage":"es","potentialAction":[{"@type":"ReadAction","target":["https:\/\/www.asajacyl.com\/soria\/asaja-soria-informa\/articulo-de-la-revista-163-de-asaja-soria-marzo-abril-de-2025"]}]},{"@type":"ImageObject","inLanguage":"es","@id":"https:\/\/www.asajacyl.com\/soria\/asaja-soria-informa\/articulo-de-la-revista-163-de-asaja-soria-marzo-abril-de-2025#primaryimage","url":"https:\/\/www.asajacyl.com\/soria\/wp-content\/uploads\/sites\/9\/2021\/07\/IMG_2109.jpg","contentUrl":"https:\/\/www.asajacyl.com\/soria\/wp-content\/uploads\/sites\/9\/2021\/07\/IMG_2109.jpg","width":2016,"height":1512},{"@type":"BreadcrumbList","@id":"https:\/\/www.asajacyl.com\/soria\/asaja-soria-informa\/articulo-de-la-revista-163-de-asaja-soria-marzo-abril-de-2025#breadcrumb","itemListElement":[{"@type":"ListItem","position":1,"name":"Portada","item":"https:\/\/www.asajacyl.com\/soria\/"},{"@type":"ListItem","position":2,"name":"ART\u00cdCULO DE LA REVISTA 163 DE ASAJA SORIA. MARZO\/ABRIL DE 2025"}]},{"@type":"WebSite","@id":"https:\/\/www.asajacyl.com\/soria\/#website","url":"https:\/\/www.asajacyl.com\/soria\/","name":"ASAJA Soria","description":"Otro sitio m\u00e1s de Provincias ASAJA Castilla y Le\u00f3n","potentialAction":[{"@type":"SearchAction","target":{"@type":"EntryPoint","urlTemplate":"https:\/\/www.asajacyl.com\/soria\/?s={search_term_string}"},"query-input":{"@type":"PropertyValueSpecification","valueRequired":true,"valueName":"search_term_string"}}],"inLanguage":"es"},{"@type":"Person","@id":"https:\/\/www.asajacyl.com\/soria\/#\/schema\/person\/fd3081c40255119ce8133b87e6aedfab","name":"Juan Ignacio Prieto Nieto","image":{"@type":"ImageObject","inLanguage":"es","@id":"https:\/\/www.asajacyl.com\/soria\/#\/schema\/person\/image\/","url":"https:\/\/secure.gravatar.com\/avatar\/8266b36e4d9001acb4700699a2468dc8?s=96&d=mm&r=g","contentUrl":"https:\/\/secure.gravatar.com\/avatar\/8266b36e4d9001acb4700699a2468dc8?s=96&d=mm&r=g","caption":"Juan Ignacio Prieto Nieto"},"url":"https:\/\/www.asajacyl.com\/soria\/author\/juanfranciscoby"}]}},"_links":{"self":[{"href":"https:\/\/www.asajacyl.com\/soria\/wp-json\/wp\/v2\/posts\/8928"}],"collection":[{"href":"https:\/\/www.asajacyl.com\/soria\/wp-json\/wp\/v2\/posts"}],"about":[{"href":"https:\/\/www.asajacyl.com\/soria\/wp-json\/wp\/v2\/types\/post"}],"author":[{"embeddable":true,"href":"https:\/\/www.asajacyl.com\/soria\/wp-json\/wp\/v2\/users\/12"}],"replies":[{"embeddable":true,"href":"https:\/\/www.asajacyl.com\/soria\/wp-json\/wp\/v2\/comments?post=8928"}],"version-history":[{"count":2,"href":"https:\/\/www.asajacyl.com\/soria\/wp-json\/wp\/v2\/posts\/8928\/revisions"}],"predecessor-version":[{"id":8931,"href":"https:\/\/www.asajacyl.com\/soria\/wp-json\/wp\/v2\/posts\/8928\/revisions\/8931"}],"wp:featuredmedia":[{"embeddable":true,"href":"https:\/\/www.asajacyl.com\/soria\/wp-json\/wp\/v2\/media\/4683"}],"wp:attachment":[{"href":"https:\/\/www.asajacyl.com\/soria\/wp-json\/wp\/v2\/media?parent=8928"}],"wp:term":[{"taxonomy":"category","embeddable":true,"href":"https:\/\/www.asajacyl.com\/soria\/wp-json\/wp\/v2\/categories?post=8928"},{"taxonomy":"post_tag","embeddable":true,"href":"https:\/\/www.asajacyl.com\/soria\/wp-json\/wp\/v2\/tags?post=8928"}],"curies":[{"name":"wp","href":"https:\/\/api.w.org\/{rel}","templated":true}]}}