{"id":8964,"date":"2025-04-30T10:03:23","date_gmt":"2025-04-30T08:03:23","guid":{"rendered":"https:\/\/www.asajacyl.com\/soria\/?p=8964"},"modified":"2025-05-05T12:11:25","modified_gmt":"2025-05-05T10:11:25","slug":"asaja-soria-da-la-bienvenida-a-la-reduccion-de-modulos-fiscales-para-el-campo-provincial-pero-reclama-que-falta-el-girasol-2","status":"publish","type":"post","link":"https:\/\/www.asajacyl.com\/soria\/asaja-soria-informa\/asaja-soria-da-la-bienvenida-a-la-reduccion-de-modulos-fiscales-para-el-campo-provincial-pero-reclama-que-falta-el-girasol-2","title":{"rendered":"ASAJA Soria da la bienvenida a la reducci\u00f3n de m\u00f3dulos fiscales para el campo provincial, pero reclama que falta el girasol"},"content":{"rendered":"\n\n\n<h2><em>La OPA<\/em><em> dice que este cultivo apenas pudo cosecharse por el exceso de lluvias y solicita la revisi\u00f3n general para esta planta<\/em><\/h2>\n<p>El Bolet\u00edn Oficial del Estado recoge hoy la reducci\u00f3n de los \u00edndices de rendimiento neto, para el IRPF 2025, por las actividades agr\u00edcolas y ganaderas afectadas por circunstancias excepcionales, as\u00ed como la reducci\u00f3n del rendimiento neto calculado por el m\u00e9todo de estimaci\u00f3n objetiva para las actividades agr\u00edcolas, ganaderas y forestales.<\/p>\n<p>La normativa recoge una reducci\u00f3n de los m\u00f3dulos en las siguientes producciones para toda la provincia: \u00a0ovino y caprino de leche (0,18) y ovino y caprino de carne (0,09).<\/p>\n<p>Asimismo, el Ministerio de Hacienda se\u00f1ala que todos los t\u00e9rminos municipales de la provincia contar\u00e1n con un \u00edndice de rendimiento neto del 0,18 en leguminosas guisante grano y el 0,13 para lentejas.<\/p>\n<p>En cuanto a los cereales, los siguientes t\u00e9rminos cuentan con un \u00edndice de rendimiento neto del 0,05: Ca\u00f1amaque, Cidones, Montejo de Tiermes y Valdemaluque. Y del 0,09 para Almaz\u00e1n, Adradas, Arcos de Jal\u00f3n, Borjabad, Calata\u00f1azor, Caltojar, Carrascosa de Abajo, Cubo de la Solana, Espeja de San Marcelino, Fuentearmegil, Golmayo, Medinaceli, Recuerda, Torlengua, Torreblacos, Valdenebro, Valderrodilla, Velamaz\u00e1n y Villanueva de Gormaz.<\/p>\n<p>Para estos otros pueblos, la cifra es del 0,13: Alcubilla de las Pe\u00f1as, Aldealafuente, Almenar de Soria, Baraona, Barca, Bayubas de Abajo, Berlanga de Duero, Bliecos, Burgo de Osma-Ciudad de Osma, Fuentelmonge, Fuentepinilla, Garray, G\u00f3mara, Matamala de Almaz\u00e1n, Momblona, Mor\u00f3n de Almaz\u00e1n, Quintana Redonda, Retortillo de Soria, La Riba de Escalote, Rioseco de Soria, Los R\u00e1banos, Santa Mar\u00eda de las Hoyas, Ser\u00f3n de N\u00e1gima, Tajueco, Tardelcuende, Torrubia de Soria, Velilla de los Ajos, Viana de Duero, Villaciervos, Yelo y \u00c1greda, adem\u00e1s de San Esteban de Gormaz, Alcubilla de Avellaneda y Langa de Duero.<\/p>\n<p>Y por \u00faltimo en lo que concierne al cereal, estos otros municipios quedan al 0,18: Almaluez, Alpanseque, Aranc\u00f3n, Fuentelsaz de Soria, Maj\u00e1n, Mi\u00f1o de Medinaceli, Monteagudo de las Vicar\u00edas, Nepas, Nolay, Santa Mar\u00eda de Huerta, Soliedra, Tejado y Villasayas y Castillejo de Robledo.<\/p>\n<p>En lo que se refiere a otros cultivos, Langa de Duero y Alcubilla de Avellaneda tienen el 0,16 de uva para vino con denominaci\u00f3n de origen, lo mismo que Castillejo de Robledo, mientras que para Mi\u00f1o de San Esteban y San Esteban de Gormaz es del 0,06.<\/p>\n<p>En productos hort\u00edcolas, San Esteban de Gormaz y Almaz\u00e1n tienen el 0,05. Y finalmente en frutos no c\u00edtricos, San Esteban de Gormaz cuenta con un 0,07.<\/p>\n<p>Es preciso tener en cuenta que siempre es posible que exista alguna injusticia de tipo puntual con alg\u00fan t\u00e9rmino municipal o con alguna producci\u00f3n, por lo que los afectados se pueden dirigir a la Subdelegaci\u00f3n del Gobierno para hacer constar todas sus reclamaciones. Como ejemplo sirva el caso de \u00c1greda, donde una parte del t\u00e9rmino qued\u00f3 muy afectado por la sequ\u00eda pero que sus n\u00fameros pueden estar enmascarados por la estad\u00edstica.<\/p>\n<p>A la vez, ASAJA Soria agradece a la Subdelegaci\u00f3n del Gobierno, con Miguel Latorre Zubiri a la cabeza, las gestiones realizadas para la consecuci\u00f3n de estas rebajas de m\u00f3dulos y la trayectoria de reconocimiento de reducciones en estos a\u00f1os anteriores en nuestra provincia por diversas incidencias climatol\u00f3gicas o situaciones adversas, pero insiste en la necesaria y urgente revisi\u00f3n e incorporaci\u00f3n del girasol a las reducciones.<\/p>\n","protected":false},"excerpt":{"rendered":"<p>La OPA dice que este cultivo apenas pudo cosecharse por el exceso de lluvias y solicita la revisi\u00f3n general para esta planta El Bolet\u00edn Oficial del Estado recoge hoy la reducci\u00f3n de los \u00edndices de rendimiento neto, para el IRPF 2025, por las actividades agr\u00edcolas y ganaderas afectadas por circunstancias excepcionales, as\u00ed como la reducci\u00f3n [&hellip;]<\/p>\n","protected":false},"author":12,"featured_media":8843,"comment_status":"open","ping_status":"open","sticky":false,"template":"","format":"standard","meta":{"footnotes":""},"categories":[10,25],"tags":[],"yoast_head":"<!-- This site is optimized with the Yoast SEO plugin v24.5 - https:\/\/yoast.com\/wordpress\/plugins\/seo\/ -->\n<title>ASAJA Soria da la bienvenida a la reducci\u00f3n de m\u00f3dulos fiscales para el campo provincial, pero reclama que falta el girasol - ASAJA Soria<\/title>\n<meta name=\"description\" content=\"La OPA dice que este cultivo apenas pudo cosecharse por el exceso de lluvias y solicita la revisi\u00f3n general para esta planta El Bolet\u00edn Oficial del Estado\" \/>\n<meta name=\"robots\" content=\"index, follow, max-snippet:-1, max-image-preview:large, max-video-preview:-1\" \/>\n<link rel=\"canonical\" href=\"https:\/\/www.asajacyl.com\/soria\/asaja-soria-informa\/asaja-soria-da-la-bienvenida-a-la-reduccion-de-modulos-fiscales-para-el-campo-provincial-pero-reclama-que-falta-el-girasol-2\" \/>\n<meta property=\"og:locale\" content=\"es_ES\" \/>\n<meta property=\"og:type\" content=\"article\" \/>\n<meta property=\"og:title\" content=\"ASAJA Soria da la bienvenida a la reducci\u00f3n de m\u00f3dulos fiscales para el campo provincial, pero reclama que falta el girasol - ASAJA Soria\" \/>\n<meta property=\"og:description\" content=\"La OPA dice que este cultivo apenas pudo cosecharse por el exceso de lluvias y solicita la revisi\u00f3n general para esta planta El Bolet\u00edn Oficial del Estado\" \/>\n<meta property=\"og:url\" content=\"https:\/\/www.asajacyl.com\/soria\/asaja-soria-informa\/asaja-soria-da-la-bienvenida-a-la-reduccion-de-modulos-fiscales-para-el-campo-provincial-pero-reclama-que-falta-el-girasol-2\" \/>\n<meta property=\"og:site_name\" content=\"ASAJA Soria\" \/>\n<meta property=\"article:published_time\" content=\"2025-04-30T08:03:23+00:00\" \/>\n<meta property=\"article:modified_time\" content=\"2025-05-05T10:11:25+00:00\" \/>\n<meta property=\"og:image\" content=\"https:\/\/www.asajacyl.com\/soria\/wp-content\/uploads\/sites\/9\/2025\/04\/170325_EG_0198.JPG.jpg\" \/>\n\t<meta property=\"og:image:width\" content=\"2500\" \/>\n\t<meta property=\"og:image:height\" content=\"1650\" \/>\n\t<meta property=\"og:image:type\" content=\"image\/jpeg\" \/>\n<meta name=\"author\" content=\"Juan Ignacio Prieto Nieto\" \/>\n<meta name=\"twitter:card\" content=\"summary_large_image\" \/>\n<meta name=\"twitter:label1\" content=\"Escrito por\" \/>\n\t<meta name=\"twitter:data1\" content=\"Juan Ignacio Prieto Nieto\" \/>\n\t<meta name=\"twitter:label2\" content=\"Tiempo de lectura\" \/>\n\t<meta name=\"twitter:data2\" content=\"3 minutos\" \/>\n<script type=\"application\/ld+json\" class=\"yoast-schema-graph\">{\"@context\":\"https:\/\/schema.org\",\"@graph\":[{\"@type\":\"WebPage\",\"@id\":\"https:\/\/www.asajacyl.com\/soria\/asaja-soria-informa\/asaja-soria-da-la-bienvenida-a-la-reduccion-de-modulos-fiscales-para-el-campo-provincial-pero-reclama-que-falta-el-girasol-2\",\"url\":\"https:\/\/www.asajacyl.com\/soria\/asaja-soria-informa\/asaja-soria-da-la-bienvenida-a-la-reduccion-de-modulos-fiscales-para-el-campo-provincial-pero-reclama-que-falta-el-girasol-2\",\"name\":\"ASAJA Soria da la bienvenida a la reducci\u00f3n de m\u00f3dulos fiscales para el campo provincial, pero reclama que falta el girasol - ASAJA Soria\",\"isPartOf\":{\"@id\":\"https:\/\/www.asajacyl.com\/soria\/#website\"},\"primaryImageOfPage\":{\"@id\":\"https:\/\/www.asajacyl.com\/soria\/asaja-soria-informa\/asaja-soria-da-la-bienvenida-a-la-reduccion-de-modulos-fiscales-para-el-campo-provincial-pero-reclama-que-falta-el-girasol-2#primaryimage\"},\"image\":{\"@id\":\"https:\/\/www.asajacyl.com\/soria\/asaja-soria-informa\/asaja-soria-da-la-bienvenida-a-la-reduccion-de-modulos-fiscales-para-el-campo-provincial-pero-reclama-que-falta-el-girasol-2#primaryimage\"},\"thumbnailUrl\":\"https:\/\/www.asajacyl.com\/soria\/wp-content\/uploads\/sites\/9\/2025\/04\/170325_EG_0198.JPG.jpg\",\"datePublished\":\"2025-04-30T08:03:23+00:00\",\"dateModified\":\"2025-05-05T10:11:25+00:00\",\"author\":{\"@id\":\"https:\/\/www.asajacyl.com\/soria\/#\/schema\/person\/fd3081c40255119ce8133b87e6aedfab\"},\"description\":\"La OPA dice que este cultivo apenas pudo cosecharse por el exceso de lluvias y solicita la revisi\u00f3n general para esta planta El Bolet\u00edn Oficial del Estado\",\"breadcrumb\":{\"@id\":\"https:\/\/www.asajacyl.com\/soria\/asaja-soria-informa\/asaja-soria-da-la-bienvenida-a-la-reduccion-de-modulos-fiscales-para-el-campo-provincial-pero-reclama-que-falta-el-girasol-2#breadcrumb\"},\"inLanguage\":\"es\",\"potentialAction\":[{\"@type\":\"ReadAction\",\"target\":[\"https:\/\/www.asajacyl.com\/soria\/asaja-soria-informa\/asaja-soria-da-la-bienvenida-a-la-reduccion-de-modulos-fiscales-para-el-campo-provincial-pero-reclama-que-falta-el-girasol-2\"]}]},{\"@type\":\"ImageObject\",\"inLanguage\":\"es\",\"@id\":\"https:\/\/www.asajacyl.com\/soria\/asaja-soria-informa\/asaja-soria-da-la-bienvenida-a-la-reduccion-de-modulos-fiscales-para-el-campo-provincial-pero-reclama-que-falta-el-girasol-2#primaryimage\",\"url\":\"https:\/\/www.asajacyl.com\/soria\/wp-content\/uploads\/sites\/9\/2025\/04\/170325_EG_0198.JPG.jpg\",\"contentUrl\":\"https:\/\/www.asajacyl.com\/soria\/wp-content\/uploads\/sites\/9\/2025\/04\/170325_EG_0198.JPG.jpg\",\"width\":2500,\"height\":1650,\"caption\":\"Santa Mar\u00eda del Prado; presidenta de Asaja Soria; Ana Pastor; tierras encharcadas; anegadas por las borrascas; situaci\u00f3n del campo; MEDIO AMBIENTE; meteorolog\u00eda; campo; PROVINCIA; agricultura,campos cosechas de cereal,trigo,cebada,\"},{\"@type\":\"BreadcrumbList\",\"@id\":\"https:\/\/www.asajacyl.com\/soria\/asaja-soria-informa\/asaja-soria-da-la-bienvenida-a-la-reduccion-de-modulos-fiscales-para-el-campo-provincial-pero-reclama-que-falta-el-girasol-2#breadcrumb\",\"itemListElement\":[{\"@type\":\"ListItem\",\"position\":1,\"name\":\"Portada\",\"item\":\"https:\/\/www.asajacyl.com\/soria\/\"},{\"@type\":\"ListItem\",\"position\":2,\"name\":\"ASAJA Soria da la bienvenida a la reducci\u00f3n de m\u00f3dulos fiscales para el campo provincial, pero reclama que falta el girasol\"}]},{\"@type\":\"WebSite\",\"@id\":\"https:\/\/www.asajacyl.com\/soria\/#website\",\"url\":\"https:\/\/www.asajacyl.com\/soria\/\",\"name\":\"ASAJA Soria\",\"description\":\"Otro sitio m\u00e1s de Provincias ASAJA Castilla y Le\u00f3n\",\"potentialAction\":[{\"@type\":\"SearchAction\",\"target\":{\"@type\":\"EntryPoint\",\"urlTemplate\":\"https:\/\/www.asajacyl.com\/soria\/?s={search_term_string}\"},\"query-input\":{\"@type\":\"PropertyValueSpecification\",\"valueRequired\":true,\"valueName\":\"search_term_string\"}}],\"inLanguage\":\"es\"},{\"@type\":\"Person\",\"@id\":\"https:\/\/www.asajacyl.com\/soria\/#\/schema\/person\/fd3081c40255119ce8133b87e6aedfab\",\"name\":\"Juan Ignacio Prieto Nieto\",\"image\":{\"@type\":\"ImageObject\",\"inLanguage\":\"es\",\"@id\":\"https:\/\/www.asajacyl.com\/soria\/#\/schema\/person\/image\/\",\"url\":\"https:\/\/secure.gravatar.com\/avatar\/8266b36e4d9001acb4700699a2468dc8?s=96&d=mm&r=g\",\"contentUrl\":\"https:\/\/secure.gravatar.com\/avatar\/8266b36e4d9001acb4700699a2468dc8?s=96&d=mm&r=g\",\"caption\":\"Juan Ignacio Prieto Nieto\"},\"url\":\"https:\/\/www.asajacyl.com\/soria\/author\/juanfranciscoby\"}]}<\/script>\n<!-- \/ Yoast SEO plugin. -->","yoast_head_json":{"title":"ASAJA Soria da la bienvenida a la reducci\u00f3n de m\u00f3dulos fiscales para el campo provincial, pero reclama que falta el girasol - ASAJA Soria","description":"La OPA dice que este cultivo apenas pudo cosecharse por el exceso de lluvias y solicita la revisi\u00f3n general para esta planta El Bolet\u00edn Oficial del Estado","robots":{"index":"index","follow":"follow","max-snippet":"max-snippet:-1","max-image-preview":"max-image-preview:large","max-video-preview":"max-video-preview:-1"},"canonical":"https:\/\/www.asajacyl.com\/soria\/asaja-soria-informa\/asaja-soria-da-la-bienvenida-a-la-reduccion-de-modulos-fiscales-para-el-campo-provincial-pero-reclama-que-falta-el-girasol-2","og_locale":"es_ES","og_type":"article","og_title":"ASAJA Soria da la bienvenida a la reducci\u00f3n de m\u00f3dulos fiscales para el campo provincial, pero reclama que falta el girasol - ASAJA Soria","og_description":"La OPA dice que este cultivo apenas pudo cosecharse por el exceso de lluvias y solicita la revisi\u00f3n general para esta planta El Bolet\u00edn Oficial del Estado","og_url":"https:\/\/www.asajacyl.com\/soria\/asaja-soria-informa\/asaja-soria-da-la-bienvenida-a-la-reduccion-de-modulos-fiscales-para-el-campo-provincial-pero-reclama-que-falta-el-girasol-2","og_site_name":"ASAJA Soria","article_published_time":"2025-04-30T08:03:23+00:00","article_modified_time":"2025-05-05T10:11:25+00:00","og_image":[{"width":2500,"height":1650,"url":"https:\/\/www.asajacyl.com\/soria\/wp-content\/uploads\/sites\/9\/2025\/04\/170325_EG_0198.JPG.jpg","type":"image\/jpeg"}],"author":"Juan Ignacio Prieto Nieto","twitter_card":"summary_large_image","twitter_misc":{"Escrito por":"Juan Ignacio Prieto Nieto","Tiempo de lectura":"3 minutos"},"schema":{"@context":"https:\/\/schema.org","@graph":[{"@type":"WebPage","@id":"https:\/\/www.asajacyl.com\/soria\/asaja-soria-informa\/asaja-soria-da-la-bienvenida-a-la-reduccion-de-modulos-fiscales-para-el-campo-provincial-pero-reclama-que-falta-el-girasol-2","url":"https:\/\/www.asajacyl.com\/soria\/asaja-soria-informa\/asaja-soria-da-la-bienvenida-a-la-reduccion-de-modulos-fiscales-para-el-campo-provincial-pero-reclama-que-falta-el-girasol-2","name":"ASAJA Soria da la bienvenida a la reducci\u00f3n de m\u00f3dulos fiscales para el campo provincial, pero reclama que falta el girasol - ASAJA Soria","isPartOf":{"@id":"https:\/\/www.asajacyl.com\/soria\/#website"},"primaryImageOfPage":{"@id":"https:\/\/www.asajacyl.com\/soria\/asaja-soria-informa\/asaja-soria-da-la-bienvenida-a-la-reduccion-de-modulos-fiscales-para-el-campo-provincial-pero-reclama-que-falta-el-girasol-2#primaryimage"},"image":{"@id":"https:\/\/www.asajacyl.com\/soria\/asaja-soria-informa\/asaja-soria-da-la-bienvenida-a-la-reduccion-de-modulos-fiscales-para-el-campo-provincial-pero-reclama-que-falta-el-girasol-2#primaryimage"},"thumbnailUrl":"https:\/\/www.asajacyl.com\/soria\/wp-content\/uploads\/sites\/9\/2025\/04\/170325_EG_0198.JPG.jpg","datePublished":"2025-04-30T08:03:23+00:00","dateModified":"2025-05-05T10:11:25+00:00","author":{"@id":"https:\/\/www.asajacyl.com\/soria\/#\/schema\/person\/fd3081c40255119ce8133b87e6aedfab"},"description":"La OPA dice que este cultivo apenas pudo cosecharse por el exceso de lluvias y solicita la revisi\u00f3n general para esta planta El Bolet\u00edn Oficial del Estado","breadcrumb":{"@id":"https:\/\/www.asajacyl.com\/soria\/asaja-soria-informa\/asaja-soria-da-la-bienvenida-a-la-reduccion-de-modulos-fiscales-para-el-campo-provincial-pero-reclama-que-falta-el-girasol-2#breadcrumb"},"inLanguage":"es","potentialAction":[{"@type":"ReadAction","target":["https:\/\/www.asajacyl.com\/soria\/asaja-soria-informa\/asaja-soria-da-la-bienvenida-a-la-reduccion-de-modulos-fiscales-para-el-campo-provincial-pero-reclama-que-falta-el-girasol-2"]}]},{"@type":"ImageObject","inLanguage":"es","@id":"https:\/\/www.asajacyl.com\/soria\/asaja-soria-informa\/asaja-soria-da-la-bienvenida-a-la-reduccion-de-modulos-fiscales-para-el-campo-provincial-pero-reclama-que-falta-el-girasol-2#primaryimage","url":"https:\/\/www.asajacyl.com\/soria\/wp-content\/uploads\/sites\/9\/2025\/04\/170325_EG_0198.JPG.jpg","contentUrl":"https:\/\/www.asajacyl.com\/soria\/wp-content\/uploads\/sites\/9\/2025\/04\/170325_EG_0198.JPG.jpg","width":2500,"height":1650,"caption":"Santa Mar\u00eda del Prado; presidenta de Asaja Soria; Ana Pastor; tierras encharcadas; anegadas por las borrascas; situaci\u00f3n del campo; MEDIO AMBIENTE; meteorolog\u00eda; campo; PROVINCIA; agricultura,campos cosechas de cereal,trigo,cebada,"},{"@type":"BreadcrumbList","@id":"https:\/\/www.asajacyl.com\/soria\/asaja-soria-informa\/asaja-soria-da-la-bienvenida-a-la-reduccion-de-modulos-fiscales-para-el-campo-provincial-pero-reclama-que-falta-el-girasol-2#breadcrumb","itemListElement":[{"@type":"ListItem","position":1,"name":"Portada","item":"https:\/\/www.asajacyl.com\/soria\/"},{"@type":"ListItem","position":2,"name":"ASAJA Soria da la bienvenida a la reducci\u00f3n de m\u00f3dulos fiscales para el campo provincial, pero reclama que falta el girasol"}]},{"@type":"WebSite","@id":"https:\/\/www.asajacyl.com\/soria\/#website","url":"https:\/\/www.asajacyl.com\/soria\/","name":"ASAJA Soria","description":"Otro sitio m\u00e1s de Provincias ASAJA Castilla y Le\u00f3n","potentialAction":[{"@type":"SearchAction","target":{"@type":"EntryPoint","urlTemplate":"https:\/\/www.asajacyl.com\/soria\/?s={search_term_string}"},"query-input":{"@type":"PropertyValueSpecification","valueRequired":true,"valueName":"search_term_string"}}],"inLanguage":"es"},{"@type":"Person","@id":"https:\/\/www.asajacyl.com\/soria\/#\/schema\/person\/fd3081c40255119ce8133b87e6aedfab","name":"Juan Ignacio Prieto Nieto","image":{"@type":"ImageObject","inLanguage":"es","@id":"https:\/\/www.asajacyl.com\/soria\/#\/schema\/person\/image\/","url":"https:\/\/secure.gravatar.com\/avatar\/8266b36e4d9001acb4700699a2468dc8?s=96&d=mm&r=g","contentUrl":"https:\/\/secure.gravatar.com\/avatar\/8266b36e4d9001acb4700699a2468dc8?s=96&d=mm&r=g","caption":"Juan Ignacio Prieto Nieto"},"url":"https:\/\/www.asajacyl.com\/soria\/author\/juanfranciscoby"}]}},"_links":{"self":[{"href":"https:\/\/www.asajacyl.com\/soria\/wp-json\/wp\/v2\/posts\/8964"}],"collection":[{"href":"https:\/\/www.asajacyl.com\/soria\/wp-json\/wp\/v2\/posts"}],"about":[{"href":"https:\/\/www.asajacyl.com\/soria\/wp-json\/wp\/v2\/types\/post"}],"author":[{"embeddable":true,"href":"https:\/\/www.asajacyl.com\/soria\/wp-json\/wp\/v2\/users\/12"}],"replies":[{"embeddable":true,"href":"https:\/\/www.asajacyl.com\/soria\/wp-json\/wp\/v2\/comments?post=8964"}],"version-history":[{"count":1,"href":"https:\/\/www.asajacyl.com\/soria\/wp-json\/wp\/v2\/posts\/8964\/revisions"}],"predecessor-version":[{"id":8965,"href":"https:\/\/www.asajacyl.com\/soria\/wp-json\/wp\/v2\/posts\/8964\/revisions\/8965"}],"wp:featuredmedia":[{"embeddable":true,"href":"https:\/\/www.asajacyl.com\/soria\/wp-json\/wp\/v2\/media\/8843"}],"wp:attachment":[{"href":"https:\/\/www.asajacyl.com\/soria\/wp-json\/wp\/v2\/media?parent=8964"}],"wp:term":[{"taxonomy":"category","embeddable":true,"href":"https:\/\/www.asajacyl.com\/soria\/wp-json\/wp\/v2\/categories?post=8964"},{"taxonomy":"post_tag","embeddable":true,"href":"https:\/\/www.asajacyl.com\/soria\/wp-json\/wp\/v2\/tags?post=8964"}],"curies":[{"name":"wp","href":"https:\/\/api.w.org\/{rel}","templated":true}]}}