{"id":8967,"date":"2025-05-02T16:03:04","date_gmt":"2025-05-02T14:03:04","guid":{"rendered":"https:\/\/www.asajacyl.com\/soria\/?p=8967"},"modified":"2025-05-05T12:11:04","modified_gmt":"2025-05-05T10:11:04","slug":"asaja-soria-celebro-su-asamblea-general-con-la-vista-puesta-en-la-situacion-de-los-mercados-los-precios-y-la-nueva-pac","status":"publish","type":"post","link":"https:\/\/www.asajacyl.com\/soria\/asaja-soria-informa\/asaja-soria-celebro-su-asamblea-general-con-la-vista-puesta-en-la-situacion-de-los-mercados-los-precios-y-la-nueva-pac","title":{"rendered":"ASAJA Soria celebr\u00f3 su asamblea general con la vista puesta en la situaci\u00f3n de los mercados, \u00a0los precios y la nueva PAC"},"content":{"rendered":"\n\n\n<h2><em>El Aula Magna Tirso de Molina fue el escenario de un congreso en el que se repas\u00f3 la intensa actividad reivindicativa, incluido el reciente viaje a Bruselas, y se analizaron las <\/em><em>perspectivas para el futuro en el campo<\/em><em> \u00a0<\/em><\/h2>\n<p>ASAJA Soria celebr\u00f3 el viernes 2 de mayo su asamblea general anual en el Aula Magna Tirso de Molina de Soria capital, que arranc\u00f3 con la lectura y aprobaci\u00f3n del acta anterior y el resumen de actividades desde mayo de 2024, para continuar despu\u00e9s con el detalle de cuentas de la organizaci\u00f3n y la renovaci\u00f3n de algunos cargos de la vocal\u00eda de la junta directiva.<\/p>\n<p><img loading=\"lazy\" decoding=\"async\" class=\"aligncenter size-full wp-image-8972\" src=\"https:\/\/www.asajacyl.com\/soria\/wp-content\/uploads\/sites\/9\/2025\/05\/PHOTO-2025-05-02-11-05-54.jpg\" alt=\"\" width=\"1600\" height=\"1200\" srcset=\"https:\/\/www.asajacyl.com\/soria\/wp-content\/uploads\/sites\/9\/2025\/05\/PHOTO-2025-05-02-11-05-54.jpg 1600w, https:\/\/www.asajacyl.com\/soria\/wp-content\/uploads\/sites\/9\/2025\/05\/PHOTO-2025-05-02-11-05-54-300x225.jpg 300w, https:\/\/www.asajacyl.com\/soria\/wp-content\/uploads\/sites\/9\/2025\/05\/PHOTO-2025-05-02-11-05-54-1024x768.jpg 1024w, https:\/\/www.asajacyl.com\/soria\/wp-content\/uploads\/sites\/9\/2025\/05\/PHOTO-2025-05-02-11-05-54-768x576.jpg 768w, https:\/\/www.asajacyl.com\/soria\/wp-content\/uploads\/sites\/9\/2025\/05\/PHOTO-2025-05-02-11-05-54-1536x1152.jpg 1536w, https:\/\/www.asajacyl.com\/soria\/wp-content\/uploads\/sites\/9\/2025\/05\/PHOTO-2025-05-02-11-05-54-560x420.jpg 560w, https:\/\/www.asajacyl.com\/soria\/wp-content\/uploads\/sites\/9\/2025\/05\/PHOTO-2025-05-02-11-05-54-80x60.jpg 80w, https:\/\/www.asajacyl.com\/soria\/wp-content\/uploads\/sites\/9\/2025\/05\/PHOTO-2025-05-02-11-05-54-696x522.jpg 696w, https:\/\/www.asajacyl.com\/soria\/wp-content\/uploads\/sites\/9\/2025\/05\/PHOTO-2025-05-02-11-05-54-1068x801.jpg 1068w\" sizes=\"(max-width: 1600px) 100vw, 1600px\" \/>Durante la asamblea, con mucha expectaci\u00f3n y un aforo lleno, ASAJA Soria quiso poner el foco en la compleja situaci\u00f3n que vive el sector agroganadero y a la vez tratar de ofrecer una perspectiva de la situaci\u00f3n para el futuro pr\u00f3ximo y una base de discusi\u00f3n y reflexi\u00f3n interna de esta organizaci\u00f3n profesional agraria para encaminar su actividad profesional empresarial diaria.<\/p>\n<p>\u00a0<\/p>\n<p>\u00a0<\/p>\n<p><img loading=\"lazy\" decoding=\"async\" class=\"aligncenter size-full wp-image-8969\" src=\"https:\/\/www.asajacyl.com\/soria\/wp-content\/uploads\/sites\/9\/2025\/05\/PHOTO-2025-05-02-13uu-15-34.jpg\" alt=\"\" width=\"1600\" height=\"1200\" srcset=\"https:\/\/www.asajacyl.com\/soria\/wp-content\/uploads\/sites\/9\/2025\/05\/PHOTO-2025-05-02-13uu-15-34.jpg 1600w, https:\/\/www.asajacyl.com\/soria\/wp-content\/uploads\/sites\/9\/2025\/05\/PHOTO-2025-05-02-13uu-15-34-300x225.jpg 300w, https:\/\/www.asajacyl.com\/soria\/wp-content\/uploads\/sites\/9\/2025\/05\/PHOTO-2025-05-02-13uu-15-34-1024x768.jpg 1024w, https:\/\/www.asajacyl.com\/soria\/wp-content\/uploads\/sites\/9\/2025\/05\/PHOTO-2025-05-02-13uu-15-34-768x576.jpg 768w, https:\/\/www.asajacyl.com\/soria\/wp-content\/uploads\/sites\/9\/2025\/05\/PHOTO-2025-05-02-13uu-15-34-1536x1152.jpg 1536w, https:\/\/www.asajacyl.com\/soria\/wp-content\/uploads\/sites\/9\/2025\/05\/PHOTO-2025-05-02-13uu-15-34-560x420.jpg 560w, https:\/\/www.asajacyl.com\/soria\/wp-content\/uploads\/sites\/9\/2025\/05\/PHOTO-2025-05-02-13uu-15-34-80x60.jpg 80w, https:\/\/www.asajacyl.com\/soria\/wp-content\/uploads\/sites\/9\/2025\/05\/PHOTO-2025-05-02-13uu-15-34-696x522.jpg 696w, https:\/\/www.asajacyl.com\/soria\/wp-content\/uploads\/sites\/9\/2025\/05\/PHOTO-2025-05-02-13uu-15-34-1068x801.jpg 1068w\" sizes=\"(max-width: 1600px) 100vw, 1600px\" \/><\/p>\n<p><img loading=\"lazy\" decoding=\"async\" class=\"aligncenter size-full wp-image-8971\" src=\"https:\/\/www.asajacyl.com\/soria\/wp-content\/uploads\/sites\/9\/2025\/05\/IMG_7414.jpg\" alt=\"\" width=\"2500\" height=\"1875\" srcset=\"https:\/\/www.asajacyl.com\/soria\/wp-content\/uploads\/sites\/9\/2025\/05\/IMG_7414.jpg 2500w, https:\/\/www.asajacyl.com\/soria\/wp-content\/uploads\/sites\/9\/2025\/05\/IMG_7414-300x225.jpg 300w, https:\/\/www.asajacyl.com\/soria\/wp-content\/uploads\/sites\/9\/2025\/05\/IMG_7414-1024x768.jpg 1024w, https:\/\/www.asajacyl.com\/soria\/wp-content\/uploads\/sites\/9\/2025\/05\/IMG_7414-768x576.jpg 768w, https:\/\/www.asajacyl.com\/soria\/wp-content\/uploads\/sites\/9\/2025\/05\/IMG_7414-1536x1152.jpg 1536w, https:\/\/www.asajacyl.com\/soria\/wp-content\/uploads\/sites\/9\/2025\/05\/IMG_7414-2048x1536.jpg 2048w, https:\/\/www.asajacyl.com\/soria\/wp-content\/uploads\/sites\/9\/2025\/05\/IMG_7414-560x420.jpg 560w, https:\/\/www.asajacyl.com\/soria\/wp-content\/uploads\/sites\/9\/2025\/05\/IMG_7414-80x60.jpg 80w, https:\/\/www.asajacyl.com\/soria\/wp-content\/uploads\/sites\/9\/2025\/05\/IMG_7414-696x522.jpg 696w, https:\/\/www.asajacyl.com\/soria\/wp-content\/uploads\/sites\/9\/2025\/05\/IMG_7414-1068x801.jpg 1068w, https:\/\/www.asajacyl.com\/soria\/wp-content\/uploads\/sites\/9\/2025\/05\/IMG_7414-1920x1440.jpg 1920w\" sizes=\"(max-width: 2500px) 100vw, 2500px\" \/><\/p>\n<p>En estos momentos de tribulaciones en muchos \u00e1mbitos de la vida econ\u00f3mica, social y pol\u00edtica, ASAJA Soria se ha convertido una vez m\u00e1s en una organizaci\u00f3n que trabaja para que sus asociados tengan la mejor informaci\u00f3n y defensa posible para continuar su labor en el campo. Y eso qued\u00f3 demostrado una vez m\u00e1s en la asamblea de 2025, con una nueva exhibici\u00f3n de unidad entre los centenares de socios asistentes.<\/p>\n<p><img loading=\"lazy\" decoding=\"async\" class=\"aligncenter size-full wp-image-8974\" src=\"https:\/\/www.asajacyl.com\/soria\/wp-content\/uploads\/sites\/9\/2025\/05\/IMG_7363.jpg\" alt=\"\" width=\"2016\" height=\"1512\" srcset=\"https:\/\/www.asajacyl.com\/soria\/wp-content\/uploads\/sites\/9\/2025\/05\/IMG_7363.jpg 2016w, https:\/\/www.asajacyl.com\/soria\/wp-content\/uploads\/sites\/9\/2025\/05\/IMG_7363-300x225.jpg 300w, https:\/\/www.asajacyl.com\/soria\/wp-content\/uploads\/sites\/9\/2025\/05\/IMG_7363-1024x768.jpg 1024w, https:\/\/www.asajacyl.com\/soria\/wp-content\/uploads\/sites\/9\/2025\/05\/IMG_7363-768x576.jpg 768w, https:\/\/www.asajacyl.com\/soria\/wp-content\/uploads\/sites\/9\/2025\/05\/IMG_7363-1536x1152.jpg 1536w, https:\/\/www.asajacyl.com\/soria\/wp-content\/uploads\/sites\/9\/2025\/05\/IMG_7363-560x420.jpg 560w, https:\/\/www.asajacyl.com\/soria\/wp-content\/uploads\/sites\/9\/2025\/05\/IMG_7363-80x60.jpg 80w, https:\/\/www.asajacyl.com\/soria\/wp-content\/uploads\/sites\/9\/2025\/05\/IMG_7363-696x522.jpg 696w, https:\/\/www.asajacyl.com\/soria\/wp-content\/uploads\/sites\/9\/2025\/05\/IMG_7363-1068x801.jpg 1068w, https:\/\/www.asajacyl.com\/soria\/wp-content\/uploads\/sites\/9\/2025\/05\/IMG_7363-1920x1440.jpg 1920w\" sizes=\"(max-width: 2016px) 100vw, 2016px\" \/><\/p>\n<p>\u00a0<\/p>\n<p>En su intervenci\u00f3n inicial ante los medios de comunicaci\u00f3n, Ana Pastor, presidenta de ASAJA Soria, agradeci\u00f3 el esfuerzo y confianza de todos los socios que se decantan por los t\u00e9cnicos de esta organizaci\u00f3n profesional agraria a la hora de abordar todas sus gestiones relacionadas con el mundo agroganadero. Y tambi\u00e9n reconoci\u00f3 que \u201cestamos volcados en conseguir que se agilicen los tr\u00e1mites, se mejoren las infraestructuras, y en la defensa de nuestros intereses ante la nueva PAC, y por eso recientemente hemos viajado hasta Bruselas. Hasta all\u00ed hemos llevado el caso particular de Soria, con la entrega de un informe detallado a todas las instituciones\u201d. A la vez, destac\u00f3 la continua actividad de ASAJA Soria con una presencia muy importante; tanto en la calle como en los medios de comunicaci\u00f3n, en foros monogr\u00e1ficos y reuniones espec\u00edficas. Un trabajo que, asegura, \u201cse continuar\u00e1 realizando desde la organizaci\u00f3n agraria para defender, apoyar y mejorar el d\u00eda a d\u00eda de todo el sector primario provincial\u201d.<\/p>\n<p><strong>Dujo: \u201cQueremos una PAC m\u00e1s productiva, menos burocr\u00e1tica y m\u00e1s profesional\u201d<\/strong><\/p>\n<p>Por su parte, el presidente de ASAJA de Castilla y Le\u00f3n, Donaciano Dujo, abord\u00f3 muchos asuntos de gran inter\u00e9s y actualidad del campo. En primer lugar, se refiri\u00f3 a los costes de producci\u00f3n del sector agr\u00edcola y ganadero, que \u201cson muy altos. Sin buena cosecha y precios dignos la rentabilidad de las explotaciones es nula y el sector sabe trabajar, pero le tienen que acompa\u00f1ar el tiempo, sobre todo a partir de mayo, y los precios del cereal, que ahora mismo son como los de hace 40 a\u00f1os\u201d.\u00a0<\/p>\n<p>\u00a0<\/p>\n<p>Por otro lado, hizo un llamamiento a los agricultores sorianos que todav\u00eda no han tramitado la PAC de este a\u00f1o para que lo hagan cuanto antes, y mencion\u00f3 la pr\u00f3xima apertura de \u201cconvocatorias de incorporaci\u00f3n y mejora de explotaciones, para las que nuestros t\u00e9cnicos est\u00e1n preparados para ayudarles, como siempre\u201d.<\/p>\n<p><img loading=\"lazy\" decoding=\"async\" class=\"aligncenter size-full wp-image-8973\" src=\"https:\/\/www.asajacyl.com\/soria\/wp-content\/uploads\/sites\/9\/2025\/05\/IMG_7424.jpg\" alt=\"\" width=\"2500\" height=\"1875\" srcset=\"https:\/\/www.asajacyl.com\/soria\/wp-content\/uploads\/sites\/9\/2025\/05\/IMG_7424.jpg 2500w, https:\/\/www.asajacyl.com\/soria\/wp-content\/uploads\/sites\/9\/2025\/05\/IMG_7424-300x225.jpg 300w, https:\/\/www.asajacyl.com\/soria\/wp-content\/uploads\/sites\/9\/2025\/05\/IMG_7424-1024x768.jpg 1024w, https:\/\/www.asajacyl.com\/soria\/wp-content\/uploads\/sites\/9\/2025\/05\/IMG_7424-768x576.jpg 768w, https:\/\/www.asajacyl.com\/soria\/wp-content\/uploads\/sites\/9\/2025\/05\/IMG_7424-1536x1152.jpg 1536w, https:\/\/www.asajacyl.com\/soria\/wp-content\/uploads\/sites\/9\/2025\/05\/IMG_7424-2048x1536.jpg 2048w, https:\/\/www.asajacyl.com\/soria\/wp-content\/uploads\/sites\/9\/2025\/05\/IMG_7424-560x420.jpg 560w, https:\/\/www.asajacyl.com\/soria\/wp-content\/uploads\/sites\/9\/2025\/05\/IMG_7424-80x60.jpg 80w, https:\/\/www.asajacyl.com\/soria\/wp-content\/uploads\/sites\/9\/2025\/05\/IMG_7424-696x522.jpg 696w, https:\/\/www.asajacyl.com\/soria\/wp-content\/uploads\/sites\/9\/2025\/05\/IMG_7424-1068x801.jpg 1068w, https:\/\/www.asajacyl.com\/soria\/wp-content\/uploads\/sites\/9\/2025\/05\/IMG_7424-1920x1440.jpg 1920w\" sizes=\"(max-width: 2500px) 100vw, 2500px\" \/><\/p>\n<p>Adem\u00e1s, pidi\u00f3 firmeza al Gobierno ante la Uni\u00f3n Europea para evitar que la entrada masiva de cereal ucraniano siga presionando los precios a la baja. Y ha alertado sobre las negociaciones con Mercosur, los aranceles con Rusia en relaci\u00f3n con los fertilizantes y el posible impacto de las prioridades presupuestarias europeas.<\/p>\n<p>En relaci\u00f3n con la Pol\u00edtica Agraria Com\u00fan 2028-2034, Dujo no ocult\u00f3 que espera y desea una PAC \u201cm\u00e1s productiva, menos burocr\u00e1tica y m\u00e1s profesional, que permita a los profesionales del campo ejercer su labor con libertad y estabilidad econ\u00f3mica\u201d.<\/p>\n<p>Por \u00faltimo, el presidente regional de ASAJA se mostr\u00f3 muy firme al aseverar que \u201ces fundamental\u00a0dotar a la nueva PAC del presupuesto necesario, y esos recursos tienen que ir destinados para el campo; no pueden ir para Defensa. Que todos tengan claro que, en realidad, no hay mejor defensa para la Uni\u00f3n Europea que garantizar la alimentaci\u00f3n de la poblaci\u00f3n\u201d.<\/p>\n","protected":false},"excerpt":{"rendered":"<p>El Aula Magna Tirso de Molina fue el escenario de un congreso en el que se repas\u00f3 la intensa actividad reivindicativa, incluido el reciente viaje a Bruselas, y se analizaron las perspectivas para el futuro en el campo \u00a0 ASAJA Soria celebr\u00f3 el viernes 2 de mayo su asamblea general anual en el Aula Magna [&hellip;]<\/p>\n","protected":false},"author":12,"featured_media":8977,"comment_status":"open","ping_status":"open","sticky":false,"template":"","format":"standard","meta":{"footnotes":""},"categories":[10,25],"tags":[],"yoast_head":"<!-- This site is optimized with the Yoast SEO plugin v24.5 - https:\/\/yoast.com\/wordpress\/plugins\/seo\/ -->\n<title>ASAJA Soria celebr\u00f3 su asamblea general con la vista puesta en la situaci\u00f3n de los mercados, \u00a0los precios y la nueva PAC - ASAJA Soria<\/title>\n<meta name=\"description\" content=\"El Aula Magna Tirso de Molina fue el escenario de un congreso en el que se repas\u00f3 la intensa actividad reivindicativa, incluido el reciente viaje a\" \/>\n<meta name=\"robots\" content=\"index, follow, max-snippet:-1, max-image-preview:large, max-video-preview:-1\" \/>\n<link rel=\"canonical\" href=\"https:\/\/www.asajacyl.com\/soria\/asaja-soria-informa\/asaja-soria-celebro-su-asamblea-general-con-la-vista-puesta-en-la-situacion-de-los-mercados-los-precios-y-la-nueva-pac\" \/>\n<meta property=\"og:locale\" content=\"es_ES\" \/>\n<meta property=\"og:type\" content=\"article\" \/>\n<meta property=\"og:title\" content=\"ASAJA Soria celebr\u00f3 su asamblea general con la vista puesta en la situaci\u00f3n de los mercados, \u00a0los precios y la nueva PAC - ASAJA Soria\" \/>\n<meta property=\"og:description\" content=\"El Aula Magna Tirso de Molina fue el escenario de un congreso en el que se repas\u00f3 la intensa actividad reivindicativa, incluido el reciente viaje a\" \/>\n<meta property=\"og:url\" content=\"https:\/\/www.asajacyl.com\/soria\/asaja-soria-informa\/asaja-soria-celebro-su-asamblea-general-con-la-vista-puesta-en-la-situacion-de-los-mercados-los-precios-y-la-nueva-pac\" \/>\n<meta property=\"og:site_name\" content=\"ASAJA Soria\" \/>\n<meta property=\"article:published_time\" content=\"2025-05-02T14:03:04+00:00\" \/>\n<meta property=\"article:modified_time\" content=\"2025-05-05T10:11:04+00:00\" \/>\n<meta property=\"og:image\" content=\"https:\/\/www.asajacyl.com\/soria\/wp-content\/uploads\/sites\/9\/2025\/05\/IMG_7397.jpg\" \/>\n\t<meta property=\"og:image:width\" content=\"1504\" \/>\n\t<meta property=\"og:image:height\" content=\"2016\" \/>\n\t<meta property=\"og:image:type\" content=\"image\/jpeg\" \/>\n<meta name=\"author\" content=\"Juan Ignacio Prieto Nieto\" \/>\n<meta name=\"twitter:card\" content=\"summary_large_image\" \/>\n<meta name=\"twitter:label1\" content=\"Escrito por\" \/>\n\t<meta name=\"twitter:data1\" content=\"Juan Ignacio Prieto Nieto\" \/>\n\t<meta name=\"twitter:label2\" content=\"Tiempo de lectura\" \/>\n\t<meta name=\"twitter:data2\" content=\"5 minutos\" \/>\n<script type=\"application\/ld+json\" class=\"yoast-schema-graph\">{\"@context\":\"https:\/\/schema.org\",\"@graph\":[{\"@type\":\"WebPage\",\"@id\":\"https:\/\/www.asajacyl.com\/soria\/asaja-soria-informa\/asaja-soria-celebro-su-asamblea-general-con-la-vista-puesta-en-la-situacion-de-los-mercados-los-precios-y-la-nueva-pac\",\"url\":\"https:\/\/www.asajacyl.com\/soria\/asaja-soria-informa\/asaja-soria-celebro-su-asamblea-general-con-la-vista-puesta-en-la-situacion-de-los-mercados-los-precios-y-la-nueva-pac\",\"name\":\"ASAJA Soria celebr\u00f3 su asamblea general con la vista puesta en la situaci\u00f3n de los mercados, \u00a0los precios y la nueva PAC - ASAJA Soria\",\"isPartOf\":{\"@id\":\"https:\/\/www.asajacyl.com\/soria\/#website\"},\"primaryImageOfPage\":{\"@id\":\"https:\/\/www.asajacyl.com\/soria\/asaja-soria-informa\/asaja-soria-celebro-su-asamblea-general-con-la-vista-puesta-en-la-situacion-de-los-mercados-los-precios-y-la-nueva-pac#primaryimage\"},\"image\":{\"@id\":\"https:\/\/www.asajacyl.com\/soria\/asaja-soria-informa\/asaja-soria-celebro-su-asamblea-general-con-la-vista-puesta-en-la-situacion-de-los-mercados-los-precios-y-la-nueva-pac#primaryimage\"},\"thumbnailUrl\":\"https:\/\/www.asajacyl.com\/soria\/wp-content\/uploads\/sites\/9\/2025\/05\/IMG_7397.jpg\",\"datePublished\":\"2025-05-02T14:03:04+00:00\",\"dateModified\":\"2025-05-05T10:11:04+00:00\",\"author\":{\"@id\":\"https:\/\/www.asajacyl.com\/soria\/#\/schema\/person\/fd3081c40255119ce8133b87e6aedfab\"},\"description\":\"El Aula Magna Tirso de Molina fue el escenario de un congreso en el que se repas\u00f3 la intensa actividad reivindicativa, incluido el reciente viaje a\",\"breadcrumb\":{\"@id\":\"https:\/\/www.asajacyl.com\/soria\/asaja-soria-informa\/asaja-soria-celebro-su-asamblea-general-con-la-vista-puesta-en-la-situacion-de-los-mercados-los-precios-y-la-nueva-pac#breadcrumb\"},\"inLanguage\":\"es\",\"potentialAction\":[{\"@type\":\"ReadAction\",\"target\":[\"https:\/\/www.asajacyl.com\/soria\/asaja-soria-informa\/asaja-soria-celebro-su-asamblea-general-con-la-vista-puesta-en-la-situacion-de-los-mercados-los-precios-y-la-nueva-pac\"]}]},{\"@type\":\"ImageObject\",\"inLanguage\":\"es\",\"@id\":\"https:\/\/www.asajacyl.com\/soria\/asaja-soria-informa\/asaja-soria-celebro-su-asamblea-general-con-la-vista-puesta-en-la-situacion-de-los-mercados-los-precios-y-la-nueva-pac#primaryimage\",\"url\":\"https:\/\/www.asajacyl.com\/soria\/wp-content\/uploads\/sites\/9\/2025\/05\/IMG_7397.jpg\",\"contentUrl\":\"https:\/\/www.asajacyl.com\/soria\/wp-content\/uploads\/sites\/9\/2025\/05\/IMG_7397.jpg\",\"width\":1504,\"height\":2016},{\"@type\":\"BreadcrumbList\",\"@id\":\"https:\/\/www.asajacyl.com\/soria\/asaja-soria-informa\/asaja-soria-celebro-su-asamblea-general-con-la-vista-puesta-en-la-situacion-de-los-mercados-los-precios-y-la-nueva-pac#breadcrumb\",\"itemListElement\":[{\"@type\":\"ListItem\",\"position\":1,\"name\":\"Portada\",\"item\":\"https:\/\/www.asajacyl.com\/soria\/\"},{\"@type\":\"ListItem\",\"position\":2,\"name\":\"ASAJA Soria celebr\u00f3 su asamblea general con la vista puesta en la situaci\u00f3n de los mercados, \u00a0los precios y la nueva PAC\"}]},{\"@type\":\"WebSite\",\"@id\":\"https:\/\/www.asajacyl.com\/soria\/#website\",\"url\":\"https:\/\/www.asajacyl.com\/soria\/\",\"name\":\"ASAJA Soria\",\"description\":\"Otro sitio m\u00e1s de Provincias ASAJA Castilla y Le\u00f3n\",\"potentialAction\":[{\"@type\":\"SearchAction\",\"target\":{\"@type\":\"EntryPoint\",\"urlTemplate\":\"https:\/\/www.asajacyl.com\/soria\/?s={search_term_string}\"},\"query-input\":{\"@type\":\"PropertyValueSpecification\",\"valueRequired\":true,\"valueName\":\"search_term_string\"}}],\"inLanguage\":\"es\"},{\"@type\":\"Person\",\"@id\":\"https:\/\/www.asajacyl.com\/soria\/#\/schema\/person\/fd3081c40255119ce8133b87e6aedfab\",\"name\":\"Juan Ignacio Prieto Nieto\",\"image\":{\"@type\":\"ImageObject\",\"inLanguage\":\"es\",\"@id\":\"https:\/\/www.asajacyl.com\/soria\/#\/schema\/person\/image\/\",\"url\":\"https:\/\/secure.gravatar.com\/avatar\/8266b36e4d9001acb4700699a2468dc8?s=96&d=mm&r=g\",\"contentUrl\":\"https:\/\/secure.gravatar.com\/avatar\/8266b36e4d9001acb4700699a2468dc8?s=96&d=mm&r=g\",\"caption\":\"Juan Ignacio Prieto Nieto\"},\"url\":\"https:\/\/www.asajacyl.com\/soria\/author\/juanfranciscoby\"}]}<\/script>\n<!-- \/ Yoast SEO plugin. -->","yoast_head_json":{"title":"ASAJA Soria celebr\u00f3 su asamblea general con la vista puesta en la situaci\u00f3n de los mercados, \u00a0los precios y la nueva PAC - ASAJA Soria","description":"El Aula Magna Tirso de Molina fue el escenario de un congreso en el que se repas\u00f3 la intensa actividad reivindicativa, incluido el reciente viaje a","robots":{"index":"index","follow":"follow","max-snippet":"max-snippet:-1","max-image-preview":"max-image-preview:large","max-video-preview":"max-video-preview:-1"},"canonical":"https:\/\/www.asajacyl.com\/soria\/asaja-soria-informa\/asaja-soria-celebro-su-asamblea-general-con-la-vista-puesta-en-la-situacion-de-los-mercados-los-precios-y-la-nueva-pac","og_locale":"es_ES","og_type":"article","og_title":"ASAJA Soria celebr\u00f3 su asamblea general con la vista puesta en la situaci\u00f3n de los mercados, \u00a0los precios y la nueva PAC - ASAJA Soria","og_description":"El Aula Magna Tirso de Molina fue el escenario de un congreso en el que se repas\u00f3 la intensa actividad reivindicativa, incluido el reciente viaje a","og_url":"https:\/\/www.asajacyl.com\/soria\/asaja-soria-informa\/asaja-soria-celebro-su-asamblea-general-con-la-vista-puesta-en-la-situacion-de-los-mercados-los-precios-y-la-nueva-pac","og_site_name":"ASAJA Soria","article_published_time":"2025-05-02T14:03:04+00:00","article_modified_time":"2025-05-05T10:11:04+00:00","og_image":[{"width":1504,"height":2016,"url":"https:\/\/www.asajacyl.com\/soria\/wp-content\/uploads\/sites\/9\/2025\/05\/IMG_7397.jpg","type":"image\/jpeg"}],"author":"Juan Ignacio Prieto Nieto","twitter_card":"summary_large_image","twitter_misc":{"Escrito por":"Juan Ignacio Prieto Nieto","Tiempo de lectura":"5 minutos"},"schema":{"@context":"https:\/\/schema.org","@graph":[{"@type":"WebPage","@id":"https:\/\/www.asajacyl.com\/soria\/asaja-soria-informa\/asaja-soria-celebro-su-asamblea-general-con-la-vista-puesta-en-la-situacion-de-los-mercados-los-precios-y-la-nueva-pac","url":"https:\/\/www.asajacyl.com\/soria\/asaja-soria-informa\/asaja-soria-celebro-su-asamblea-general-con-la-vista-puesta-en-la-situacion-de-los-mercados-los-precios-y-la-nueva-pac","name":"ASAJA Soria celebr\u00f3 su asamblea general con la vista puesta en la situaci\u00f3n de los mercados, \u00a0los precios y la nueva PAC - ASAJA Soria","isPartOf":{"@id":"https:\/\/www.asajacyl.com\/soria\/#website"},"primaryImageOfPage":{"@id":"https:\/\/www.asajacyl.com\/soria\/asaja-soria-informa\/asaja-soria-celebro-su-asamblea-general-con-la-vista-puesta-en-la-situacion-de-los-mercados-los-precios-y-la-nueva-pac#primaryimage"},"image":{"@id":"https:\/\/www.asajacyl.com\/soria\/asaja-soria-informa\/asaja-soria-celebro-su-asamblea-general-con-la-vista-puesta-en-la-situacion-de-los-mercados-los-precios-y-la-nueva-pac#primaryimage"},"thumbnailUrl":"https:\/\/www.asajacyl.com\/soria\/wp-content\/uploads\/sites\/9\/2025\/05\/IMG_7397.jpg","datePublished":"2025-05-02T14:03:04+00:00","dateModified":"2025-05-05T10:11:04+00:00","author":{"@id":"https:\/\/www.asajacyl.com\/soria\/#\/schema\/person\/fd3081c40255119ce8133b87e6aedfab"},"description":"El Aula Magna Tirso de Molina fue el escenario de un congreso en el que se repas\u00f3 la intensa actividad reivindicativa, incluido el reciente viaje a","breadcrumb":{"@id":"https:\/\/www.asajacyl.com\/soria\/asaja-soria-informa\/asaja-soria-celebro-su-asamblea-general-con-la-vista-puesta-en-la-situacion-de-los-mercados-los-precios-y-la-nueva-pac#breadcrumb"},"inLanguage":"es","potentialAction":[{"@type":"ReadAction","target":["https:\/\/www.asajacyl.com\/soria\/asaja-soria-informa\/asaja-soria-celebro-su-asamblea-general-con-la-vista-puesta-en-la-situacion-de-los-mercados-los-precios-y-la-nueva-pac"]}]},{"@type":"ImageObject","inLanguage":"es","@id":"https:\/\/www.asajacyl.com\/soria\/asaja-soria-informa\/asaja-soria-celebro-su-asamblea-general-con-la-vista-puesta-en-la-situacion-de-los-mercados-los-precios-y-la-nueva-pac#primaryimage","url":"https:\/\/www.asajacyl.com\/soria\/wp-content\/uploads\/sites\/9\/2025\/05\/IMG_7397.jpg","contentUrl":"https:\/\/www.asajacyl.com\/soria\/wp-content\/uploads\/sites\/9\/2025\/05\/IMG_7397.jpg","width":1504,"height":2016},{"@type":"BreadcrumbList","@id":"https:\/\/www.asajacyl.com\/soria\/asaja-soria-informa\/asaja-soria-celebro-su-asamblea-general-con-la-vista-puesta-en-la-situacion-de-los-mercados-los-precios-y-la-nueva-pac#breadcrumb","itemListElement":[{"@type":"ListItem","position":1,"name":"Portada","item":"https:\/\/www.asajacyl.com\/soria\/"},{"@type":"ListItem","position":2,"name":"ASAJA Soria celebr\u00f3 su asamblea general con la vista puesta en la situaci\u00f3n de los mercados, \u00a0los precios y la nueva PAC"}]},{"@type":"WebSite","@id":"https:\/\/www.asajacyl.com\/soria\/#website","url":"https:\/\/www.asajacyl.com\/soria\/","name":"ASAJA Soria","description":"Otro sitio m\u00e1s de Provincias ASAJA Castilla y Le\u00f3n","potentialAction":[{"@type":"SearchAction","target":{"@type":"EntryPoint","urlTemplate":"https:\/\/www.asajacyl.com\/soria\/?s={search_term_string}"},"query-input":{"@type":"PropertyValueSpecification","valueRequired":true,"valueName":"search_term_string"}}],"inLanguage":"es"},{"@type":"Person","@id":"https:\/\/www.asajacyl.com\/soria\/#\/schema\/person\/fd3081c40255119ce8133b87e6aedfab","name":"Juan Ignacio Prieto Nieto","image":{"@type":"ImageObject","inLanguage":"es","@id":"https:\/\/www.asajacyl.com\/soria\/#\/schema\/person\/image\/","url":"https:\/\/secure.gravatar.com\/avatar\/8266b36e4d9001acb4700699a2468dc8?s=96&d=mm&r=g","contentUrl":"https:\/\/secure.gravatar.com\/avatar\/8266b36e4d9001acb4700699a2468dc8?s=96&d=mm&r=g","caption":"Juan Ignacio Prieto Nieto"},"url":"https:\/\/www.asajacyl.com\/soria\/author\/juanfranciscoby"}]}},"_links":{"self":[{"href":"https:\/\/www.asajacyl.com\/soria\/wp-json\/wp\/v2\/posts\/8967"}],"collection":[{"href":"https:\/\/www.asajacyl.com\/soria\/wp-json\/wp\/v2\/posts"}],"about":[{"href":"https:\/\/www.asajacyl.com\/soria\/wp-json\/wp\/v2\/types\/post"}],"author":[{"embeddable":true,"href":"https:\/\/www.asajacyl.com\/soria\/wp-json\/wp\/v2\/users\/12"}],"replies":[{"embeddable":true,"href":"https:\/\/www.asajacyl.com\/soria\/wp-json\/wp\/v2\/comments?post=8967"}],"version-history":[{"count":2,"href":"https:\/\/www.asajacyl.com\/soria\/wp-json\/wp\/v2\/posts\/8967\/revisions"}],"predecessor-version":[{"id":8978,"href":"https:\/\/www.asajacyl.com\/soria\/wp-json\/wp\/v2\/posts\/8967\/revisions\/8978"}],"wp:featuredmedia":[{"embeddable":true,"href":"https:\/\/www.asajacyl.com\/soria\/wp-json\/wp\/v2\/media\/8977"}],"wp:attachment":[{"href":"https:\/\/www.asajacyl.com\/soria\/wp-json\/wp\/v2\/media?parent=8967"}],"wp:term":[{"taxonomy":"category","embeddable":true,"href":"https:\/\/www.asajacyl.com\/soria\/wp-json\/wp\/v2\/categories?post=8967"},{"taxonomy":"post_tag","embeddable":true,"href":"https:\/\/www.asajacyl.com\/soria\/wp-json\/wp\/v2\/tags?post=8967"}],"curies":[{"name":"wp","href":"https:\/\/api.w.org\/{rel}","templated":true}]}}