{"id":8981,"date":"2025-05-05T09:12:13","date_gmt":"2025-05-05T07:12:13","guid":{"rendered":"https:\/\/www.asajacyl.com\/soria\/?p=8981"},"modified":"2025-05-05T09:13:32","modified_gmt":"2025-05-05T07:13:32","slug":"agraciados-con-el-viaje-de-la-asamblea","status":"publish","type":"post","link":"https:\/\/www.asajacyl.com\/soria\/asaja-soria-informa\/agraciados-con-el-viaje-de-la-asamblea","title":{"rendered":"AGRACIADOS CON EL VIAJE DE LA ASAMBLEA"},"content":{"rendered":"\n<p>1- JAVIER G\u00d3MEZ PASTOR<\/p>\n<p>2- VITALIANO L\u00d3PEZ CORELLA<\/p>\n<p>3- MIGUEL \u00c1NGEL L\u00d3PEZ BLASCO<\/p>\n<p>4- JUAN JOS\u00c9 SANZ PUENTEDURA<\/p>\n<p>5- ALBERTO BONILLA G\u00d3MEZ<\/p>\n<p>6- PRIMITIVO G\u00d3MEZ G\u00d3MEZ<\/p>\n<p>7- AGROMA S.C.\u00a0<\/p>\n<p>8- RA\u00daL GARC\u00cdA G\u00d3MEZ<\/p>\n<p>9- FRANCISCO JAVIER ANT\u00d3N ANT\u00d3N<\/p>\n<p>10- FRANCISCO VALLEJO JIM\u00c9NEZ<\/p>\n<p>11-JAVIER ESCALADA MOLINA<\/p>\n<p>12- SANTOS SOTILLOS DEL CURA<\/p>\n<p>13- JOS\u00c9 LUIS MART\u00cdNEZ BLASCO<\/p>\n<p>14- JACINTO CACHO HUERTA<\/p>\n<p>15- LOURDES BARRANCO MART\u00cdNEZ<\/p>\n<p>16- LUIS MAT\u00cdAS \u00c1GREDA TORO<\/p>\n<p>17- JOS\u00c9 PE\u00d1A P\u00c9REZ<\/p>\n<p>18- MARCOS PE\u00d1A MORENO<\/p>\n<p>19- V\u00cdCTOR MANUEL LATORRE FUENTELSAZ<\/p>\n<p>20-EMETERIO G\u00d3MEZ LASECA<\/p>\n<p>21- JULI\u00c1N SANZ GONZ\u00c1LEZ<\/p>\n<p>22- ALFREDO MAQUEDA AYLL\u00d3N<\/p>\n<p>23- RUB\u00c9N L\u00d3PEZ L\u00d3PEZ<\/p>\n<p>24- SAT SAN PEDRO<\/p>\n<p>25- SANTIAGO CERVERO MART\u00cdNEZ<\/p>\n<p>26- MODESTO GARC\u00cdA G\u00d3MEZ<\/p>\n<p>27- CLAUDIA MARIELA QUEVEDO RODR\u00cdGUEZ<\/p>\n<p>28- FERNANDO CIRIA RAMOS<\/p>\n<p>29- TARSICIO P\u00c9REZ CABALLERO<\/p>\n<p>30- PABLO LLORENTE JODRA.<\/p>\n<p>SUPLENTES:<\/p>\n<p>1- DOMINGO CHAMARRO DEL CASTILLO<\/p>\n<p>2- JES\u00daS ORTEGA MIRANDA<\/p>\n<p>3- DAVID HERN\u00c1NDEZ DE DIEGO<\/p>\n<p>4- FAUSTO SANZ TARANC\u00d3N<\/p>\n<p>5- MAR\u00cdA HERMINIA JIM\u00c9NEZ CACHO<\/p>\n<p>6- SANTIAGO MONTEAGUDO SANZ<\/p>\n<p>7- ISMAEL ALCALDE LLORENTE<\/p>\n<p>8- JOS\u00c9 ANTONIO MACH\u00cdN MACH\u00cdN<\/p>\n<p>9- C.B. HERMANOS MART\u00cdNEZ DE MIGUEL<\/p>\n<p>10- RA\u00daL MAYOR MEDIAVILLA<\/p>\n","protected":false},"excerpt":{"rendered":"<p>1- JAVIER G\u00d3MEZ PASTOR 2- VITALIANO L\u00d3PEZ CORELLA 3- MIGUEL \u00c1NGEL L\u00d3PEZ BLASCO 4- JUAN JOS\u00c9 SANZ PUENTEDURA 5- ALBERTO BONILLA G\u00d3MEZ 6- PRIMITIVO G\u00d3MEZ G\u00d3MEZ 7- AGROMA S.C.\u00a0 8- RA\u00daL GARC\u00cdA G\u00d3MEZ 9- FRANCISCO JAVIER ANT\u00d3N ANT\u00d3N 10- FRANCISCO VALLEJO JIM\u00c9NEZ 11-JAVIER ESCALADA MOLINA 12- SANTOS SOTILLOS DEL CURA 13- JOS\u00c9 LUIS MART\u00cdNEZ BLASCO [&hellip;]<\/p>\n","protected":false},"author":12,"featured_media":293,"comment_status":"open","ping_status":"open","sticky":false,"template":"","format":"standard","meta":{"footnotes":""},"categories":[10,36],"tags":[],"yoast_head":"<!-- This site is optimized with the Yoast SEO plugin v24.5 - https:\/\/yoast.com\/wordpress\/plugins\/seo\/ -->\n<title>AGRACIADOS CON EL VIAJE DE LA ASAMBLEA - ASAJA Soria<\/title>\n<meta name=\"description\" content=\"1- JAVIER G\u00d3MEZ PASTOR 2- VITALIANO L\u00d3PEZ CORELLA 3- MIGUEL \u00c1NGEL L\u00d3PEZ BLASCO 4- JUAN JOS\u00c9 SANZ PUENTEDURA 5- ALBERTO BONILLA G\u00d3MEZ 6- PRIMITIVO G\u00d3MEZ\" \/>\n<meta name=\"robots\" content=\"index, follow, max-snippet:-1, max-image-preview:large, max-video-preview:-1\" \/>\n<link rel=\"canonical\" href=\"https:\/\/www.asajacyl.com\/soria\/asaja-soria-informa\/agraciados-con-el-viaje-de-la-asamblea\" \/>\n<meta property=\"og:locale\" content=\"es_ES\" \/>\n<meta property=\"og:type\" content=\"article\" \/>\n<meta property=\"og:title\" content=\"AGRACIADOS CON EL VIAJE DE LA ASAMBLEA - ASAJA Soria\" \/>\n<meta property=\"og:description\" content=\"1- JAVIER G\u00d3MEZ PASTOR 2- VITALIANO L\u00d3PEZ CORELLA 3- MIGUEL \u00c1NGEL L\u00d3PEZ BLASCO 4- JUAN JOS\u00c9 SANZ PUENTEDURA 5- ALBERTO BONILLA G\u00d3MEZ 6- PRIMITIVO G\u00d3MEZ\" \/>\n<meta property=\"og:url\" content=\"https:\/\/www.asajacyl.com\/soria\/asaja-soria-informa\/agraciados-con-el-viaje-de-la-asamblea\" \/>\n<meta property=\"og:site_name\" content=\"ASAJA Soria\" \/>\n<meta property=\"article:published_time\" content=\"2025-05-05T07:12:13+00:00\" \/>\n<meta property=\"article:modified_time\" content=\"2025-05-05T07:13:32+00:00\" \/>\n<meta name=\"author\" content=\"Juan Ignacio Prieto Nieto\" \/>\n<meta name=\"twitter:card\" content=\"summary_large_image\" \/>\n<meta name=\"twitter:label1\" content=\"Escrito por\" \/>\n\t<meta name=\"twitter:data1\" content=\"Juan Ignacio Prieto Nieto\" \/>\n\t<meta name=\"twitter:label2\" content=\"Tiempo de lectura\" \/>\n\t<meta name=\"twitter:data2\" content=\"1 minuto\" \/>\n<script type=\"application\/ld+json\" class=\"yoast-schema-graph\">{\"@context\":\"https:\/\/schema.org\",\"@graph\":[{\"@type\":\"WebPage\",\"@id\":\"https:\/\/www.asajacyl.com\/soria\/asaja-soria-informa\/agraciados-con-el-viaje-de-la-asamblea\",\"url\":\"https:\/\/www.asajacyl.com\/soria\/asaja-soria-informa\/agraciados-con-el-viaje-de-la-asamblea\",\"name\":\"AGRACIADOS CON EL VIAJE DE LA ASAMBLEA - ASAJA Soria\",\"isPartOf\":{\"@id\":\"https:\/\/www.asajacyl.com\/soria\/#website\"},\"primaryImageOfPage\":{\"@id\":\"https:\/\/www.asajacyl.com\/soria\/asaja-soria-informa\/agraciados-con-el-viaje-de-la-asamblea#primaryimage\"},\"image\":{\"@id\":\"https:\/\/www.asajacyl.com\/soria\/asaja-soria-informa\/agraciados-con-el-viaje-de-la-asamblea#primaryimage\"},\"thumbnailUrl\":\"https:\/\/www.asajacyl.com\/soria\/wp-content\/uploads\/sites\/9\/2017\/11\/im_predefinida_1920x1080.jpg\",\"datePublished\":\"2025-05-05T07:12:13+00:00\",\"dateModified\":\"2025-05-05T07:13:32+00:00\",\"author\":{\"@id\":\"https:\/\/www.asajacyl.com\/soria\/#\/schema\/person\/fd3081c40255119ce8133b87e6aedfab\"},\"description\":\"1- JAVIER G\u00d3MEZ PASTOR 2- VITALIANO L\u00d3PEZ CORELLA 3- MIGUEL \u00c1NGEL L\u00d3PEZ BLASCO 4- JUAN JOS\u00c9 SANZ PUENTEDURA 5- ALBERTO BONILLA G\u00d3MEZ 6- PRIMITIVO G\u00d3MEZ\",\"breadcrumb\":{\"@id\":\"https:\/\/www.asajacyl.com\/soria\/asaja-soria-informa\/agraciados-con-el-viaje-de-la-asamblea#breadcrumb\"},\"inLanguage\":\"es\",\"potentialAction\":[{\"@type\":\"ReadAction\",\"target\":[\"https:\/\/www.asajacyl.com\/soria\/asaja-soria-informa\/agraciados-con-el-viaje-de-la-asamblea\"]}]},{\"@type\":\"ImageObject\",\"inLanguage\":\"es\",\"@id\":\"https:\/\/www.asajacyl.com\/soria\/asaja-soria-informa\/agraciados-con-el-viaje-de-la-asamblea#primaryimage\",\"url\":\"https:\/\/www.asajacyl.com\/soria\/wp-content\/uploads\/sites\/9\/2017\/11\/im_predefinida_1920x1080.jpg\",\"contentUrl\":\"https:\/\/www.asajacyl.com\/soria\/wp-content\/uploads\/sites\/9\/2017\/11\/im_predefinida_1920x1080.jpg\",\"width\":1920,\"height\":1080,\"caption\":\"Logotipo ASAJA Soria\"},{\"@type\":\"BreadcrumbList\",\"@id\":\"https:\/\/www.asajacyl.com\/soria\/asaja-soria-informa\/agraciados-con-el-viaje-de-la-asamblea#breadcrumb\",\"itemListElement\":[{\"@type\":\"ListItem\",\"position\":1,\"name\":\"Portada\",\"item\":\"https:\/\/www.asajacyl.com\/soria\/\"},{\"@type\":\"ListItem\",\"position\":2,\"name\":\"AGRACIADOS CON EL VIAJE DE LA ASAMBLEA\"}]},{\"@type\":\"WebSite\",\"@id\":\"https:\/\/www.asajacyl.com\/soria\/#website\",\"url\":\"https:\/\/www.asajacyl.com\/soria\/\",\"name\":\"ASAJA Soria\",\"description\":\"Otro sitio m\u00e1s de Provincias ASAJA Castilla y Le\u00f3n\",\"potentialAction\":[{\"@type\":\"SearchAction\",\"target\":{\"@type\":\"EntryPoint\",\"urlTemplate\":\"https:\/\/www.asajacyl.com\/soria\/?s={search_term_string}\"},\"query-input\":{\"@type\":\"PropertyValueSpecification\",\"valueRequired\":true,\"valueName\":\"search_term_string\"}}],\"inLanguage\":\"es\"},{\"@type\":\"Person\",\"@id\":\"https:\/\/www.asajacyl.com\/soria\/#\/schema\/person\/fd3081c40255119ce8133b87e6aedfab\",\"name\":\"Juan Ignacio Prieto Nieto\",\"image\":{\"@type\":\"ImageObject\",\"inLanguage\":\"es\",\"@id\":\"https:\/\/www.asajacyl.com\/soria\/#\/schema\/person\/image\/\",\"url\":\"https:\/\/secure.gravatar.com\/avatar\/8266b36e4d9001acb4700699a2468dc8?s=96&d=mm&r=g\",\"contentUrl\":\"https:\/\/secure.gravatar.com\/avatar\/8266b36e4d9001acb4700699a2468dc8?s=96&d=mm&r=g\",\"caption\":\"Juan Ignacio Prieto Nieto\"},\"url\":\"https:\/\/www.asajacyl.com\/soria\/author\/juanfranciscoby\"}]}<\/script>\n<!-- \/ Yoast SEO plugin. -->","yoast_head_json":{"title":"AGRACIADOS CON EL VIAJE DE LA ASAMBLEA - ASAJA Soria","description":"1- JAVIER G\u00d3MEZ PASTOR 2- VITALIANO L\u00d3PEZ CORELLA 3- MIGUEL \u00c1NGEL L\u00d3PEZ BLASCO 4- JUAN JOS\u00c9 SANZ PUENTEDURA 5- ALBERTO BONILLA G\u00d3MEZ 6- PRIMITIVO G\u00d3MEZ","robots":{"index":"index","follow":"follow","max-snippet":"max-snippet:-1","max-image-preview":"max-image-preview:large","max-video-preview":"max-video-preview:-1"},"canonical":"https:\/\/www.asajacyl.com\/soria\/asaja-soria-informa\/agraciados-con-el-viaje-de-la-asamblea","og_locale":"es_ES","og_type":"article","og_title":"AGRACIADOS CON EL VIAJE DE LA ASAMBLEA - ASAJA Soria","og_description":"1- JAVIER G\u00d3MEZ PASTOR 2- VITALIANO L\u00d3PEZ CORELLA 3- MIGUEL \u00c1NGEL L\u00d3PEZ BLASCO 4- JUAN JOS\u00c9 SANZ PUENTEDURA 5- ALBERTO BONILLA G\u00d3MEZ 6- PRIMITIVO G\u00d3MEZ","og_url":"https:\/\/www.asajacyl.com\/soria\/asaja-soria-informa\/agraciados-con-el-viaje-de-la-asamblea","og_site_name":"ASAJA Soria","article_published_time":"2025-05-05T07:12:13+00:00","article_modified_time":"2025-05-05T07:13:32+00:00","author":"Juan Ignacio Prieto Nieto","twitter_card":"summary_large_image","twitter_misc":{"Escrito por":"Juan Ignacio Prieto Nieto","Tiempo de lectura":"1 minuto"},"schema":{"@context":"https:\/\/schema.org","@graph":[{"@type":"WebPage","@id":"https:\/\/www.asajacyl.com\/soria\/asaja-soria-informa\/agraciados-con-el-viaje-de-la-asamblea","url":"https:\/\/www.asajacyl.com\/soria\/asaja-soria-informa\/agraciados-con-el-viaje-de-la-asamblea","name":"AGRACIADOS CON EL VIAJE DE LA ASAMBLEA - ASAJA Soria","isPartOf":{"@id":"https:\/\/www.asajacyl.com\/soria\/#website"},"primaryImageOfPage":{"@id":"https:\/\/www.asajacyl.com\/soria\/asaja-soria-informa\/agraciados-con-el-viaje-de-la-asamblea#primaryimage"},"image":{"@id":"https:\/\/www.asajacyl.com\/soria\/asaja-soria-informa\/agraciados-con-el-viaje-de-la-asamblea#primaryimage"},"thumbnailUrl":"https:\/\/www.asajacyl.com\/soria\/wp-content\/uploads\/sites\/9\/2017\/11\/im_predefinida_1920x1080.jpg","datePublished":"2025-05-05T07:12:13+00:00","dateModified":"2025-05-05T07:13:32+00:00","author":{"@id":"https:\/\/www.asajacyl.com\/soria\/#\/schema\/person\/fd3081c40255119ce8133b87e6aedfab"},"description":"1- JAVIER G\u00d3MEZ PASTOR 2- VITALIANO L\u00d3PEZ CORELLA 3- MIGUEL \u00c1NGEL L\u00d3PEZ BLASCO 4- JUAN JOS\u00c9 SANZ PUENTEDURA 5- ALBERTO BONILLA G\u00d3MEZ 6- PRIMITIVO G\u00d3MEZ","breadcrumb":{"@id":"https:\/\/www.asajacyl.com\/soria\/asaja-soria-informa\/agraciados-con-el-viaje-de-la-asamblea#breadcrumb"},"inLanguage":"es","potentialAction":[{"@type":"ReadAction","target":["https:\/\/www.asajacyl.com\/soria\/asaja-soria-informa\/agraciados-con-el-viaje-de-la-asamblea"]}]},{"@type":"ImageObject","inLanguage":"es","@id":"https:\/\/www.asajacyl.com\/soria\/asaja-soria-informa\/agraciados-con-el-viaje-de-la-asamblea#primaryimage","url":"https:\/\/www.asajacyl.com\/soria\/wp-content\/uploads\/sites\/9\/2017\/11\/im_predefinida_1920x1080.jpg","contentUrl":"https:\/\/www.asajacyl.com\/soria\/wp-content\/uploads\/sites\/9\/2017\/11\/im_predefinida_1920x1080.jpg","width":1920,"height":1080,"caption":"Logotipo ASAJA Soria"},{"@type":"BreadcrumbList","@id":"https:\/\/www.asajacyl.com\/soria\/asaja-soria-informa\/agraciados-con-el-viaje-de-la-asamblea#breadcrumb","itemListElement":[{"@type":"ListItem","position":1,"name":"Portada","item":"https:\/\/www.asajacyl.com\/soria\/"},{"@type":"ListItem","position":2,"name":"AGRACIADOS CON EL VIAJE DE LA ASAMBLEA"}]},{"@type":"WebSite","@id":"https:\/\/www.asajacyl.com\/soria\/#website","url":"https:\/\/www.asajacyl.com\/soria\/","name":"ASAJA Soria","description":"Otro sitio m\u00e1s de Provincias ASAJA Castilla y Le\u00f3n","potentialAction":[{"@type":"SearchAction","target":{"@type":"EntryPoint","urlTemplate":"https:\/\/www.asajacyl.com\/soria\/?s={search_term_string}"},"query-input":{"@type":"PropertyValueSpecification","valueRequired":true,"valueName":"search_term_string"}}],"inLanguage":"es"},{"@type":"Person","@id":"https:\/\/www.asajacyl.com\/soria\/#\/schema\/person\/fd3081c40255119ce8133b87e6aedfab","name":"Juan Ignacio Prieto Nieto","image":{"@type":"ImageObject","inLanguage":"es","@id":"https:\/\/www.asajacyl.com\/soria\/#\/schema\/person\/image\/","url":"https:\/\/secure.gravatar.com\/avatar\/8266b36e4d9001acb4700699a2468dc8?s=96&d=mm&r=g","contentUrl":"https:\/\/secure.gravatar.com\/avatar\/8266b36e4d9001acb4700699a2468dc8?s=96&d=mm&r=g","caption":"Juan Ignacio Prieto Nieto"},"url":"https:\/\/www.asajacyl.com\/soria\/author\/juanfranciscoby"}]}},"_links":{"self":[{"href":"https:\/\/www.asajacyl.com\/soria\/wp-json\/wp\/v2\/posts\/8981"}],"collection":[{"href":"https:\/\/www.asajacyl.com\/soria\/wp-json\/wp\/v2\/posts"}],"about":[{"href":"https:\/\/www.asajacyl.com\/soria\/wp-json\/wp\/v2\/types\/post"}],"author":[{"embeddable":true,"href":"https:\/\/www.asajacyl.com\/soria\/wp-json\/wp\/v2\/users\/12"}],"replies":[{"embeddable":true,"href":"https:\/\/www.asajacyl.com\/soria\/wp-json\/wp\/v2\/comments?post=8981"}],"version-history":[{"count":2,"href":"https:\/\/www.asajacyl.com\/soria\/wp-json\/wp\/v2\/posts\/8981\/revisions"}],"predecessor-version":[{"id":8984,"href":"https:\/\/www.asajacyl.com\/soria\/wp-json\/wp\/v2\/posts\/8981\/revisions\/8984"}],"wp:featuredmedia":[{"embeddable":true,"href":"https:\/\/www.asajacyl.com\/soria\/wp-json\/wp\/v2\/media\/293"}],"wp:attachment":[{"href":"https:\/\/www.asajacyl.com\/soria\/wp-json\/wp\/v2\/media?parent=8981"}],"wp:term":[{"taxonomy":"category","embeddable":true,"href":"https:\/\/www.asajacyl.com\/soria\/wp-json\/wp\/v2\/categories?post=8981"},{"taxonomy":"post_tag","embeddable":true,"href":"https:\/\/www.asajacyl.com\/soria\/wp-json\/wp\/v2\/tags?post=8981"}],"curies":[{"name":"wp","href":"https:\/\/api.w.org\/{rel}","templated":true}]}}