{"id":9032,"date":"2025-05-15T13:22:07","date_gmt":"2025-05-15T11:22:07","guid":{"rendered":"https:\/\/www.asajacyl.com\/soria\/?p=9032"},"modified":"2025-05-15T13:23:18","modified_gmt":"2025-05-15T11:23:18","slug":"articulo-de-opinion-revista-164-de-asaja-soria","status":"publish","type":"post","link":"https:\/\/www.asajacyl.com\/soria\/asaja-soria-informa\/articulo-de-opinion-revista-164-de-asaja-soria","title":{"rendered":"ART\u00cdCULO DE OPINI\u00d3N. REVISTA 164 DE ASAJA SORIA"},"content":{"rendered":"\n\n\n<p>La nueva PAC ya est\u00e1 en el horno y en el men\u00fa se siguen mencionando los pagos redistributivos y sabemos que eso va por tama\u00f1o de explotaci\u00f3n y que tenemos la media de tama\u00f1o de explotaci\u00f3n m\u00e1s grande de Espa\u00f1a. A la vez, se habla de apoyar al que m\u00e1s lo necesita y desde luego el cereal y el secano en particular lo necesitan claramente. En Soria en los \u00faltimos a\u00f1os se han dejado de sembrar unas 45.000 hect\u00e1reas.<\/p>\n<p>Con este panorama, desde la Junta Directiva acordamos que valientemente deb\u00edamos coger el \u201chatillo\u201d, y aunque fuera fiesta en Castilla y Le\u00f3n, irnos a trabajar el 23 y 24 de abril frente a todas las instituciones en Bruselas, para aportar nuestra perspectiva desde Soria a la \u201cVisi\u00f3n\u201d presentada por la Comisi\u00f3n Europea. La opini\u00f3n un\u00e1nime fue que a\u00fan sin saber el caso que nos har\u00e1n, pues somos pocos votos, no nos queremos quedar con el sinsabor de no haber hecho y contado nuestra realidad all\u00ed, la ciudad donde se toman las decisiones clave de todo Europa.<\/p>\n<p>Se trat\u00f3 al fin y al cabo de una ronda de encuentros por todas las principales instituciones de la Uni\u00f3n Europea: en la Comisi\u00f3n Europea a trav\u00e9s de la Direcci\u00f3n General de Agricultura, la famosa DG Agri y en el Parlamento Europeo a trav\u00e9s de los europarlamentarios de los principales grupos pol\u00edticos. Tambi\u00e9n logramos entrevistas en la Representaci\u00f3n Permanente del Gobierno de Espa\u00f1a en la UE, el REPER, y con los compa\u00f1eros del COPA-COGECA.<\/p>\n<p>En total, una decena de reuniones en d\u00eda y medio en las que pudimos explicar nuestros temores y poner sobre la mesa la situaci\u00f3n de nuestra agricultura provincial. En todos los encuentros dejamos un informe que explica nuestra situaci\u00f3n.<\/p>\n<p>Al parecer, la nueva PAC adelgazar\u00e1 la condicionalidad de las ayudas, de tal modo que en vez de obligaciones se pasen a incentivos. Es decir, como los ecoesquemas tienen que estar por encima de los que exige la condicionalidad de la PAC, se trata de rebajar la condicionalidad para que los ecoesquemas sean m\u00e1s accesibles.<\/p>\n<p>Esto tiene una deriva y es que la vieja PAC, la de los derechos, como ven\u00edamos pronosticando pierde fuerza por lo que significar\u00e1 menos parte del presupuesto o intensidad de las ayudas, y ganar\u00e1 fuerza la de los ecoesquemas a los que se quieren juntar con los planes agroambientales, a los que se les requiere estar por encima de la condicionalidad y los ecoesquemas, de ah\u00ed las tontadas de los bebederos para los p\u00e1jaros y pantomimas similares.<\/p>\n<p>Con ello toma fuerza la idea de una ayuda por hect\u00e1rea o por cabeza de ganado. En junio el Ministerio debe decidir si continuar\u00e1 con el sistema de derechos o lo abandona definitivamente.<\/p>\n<p>Sinceramente, hemos vuelto con la impresi\u00f3n de que el mensaje ha sido entendido y creemos que ha calado, pero lo cierto es que al final se tratar\u00e1 de decisiones pol\u00edticas, por lo que a la vista de los pocos votos que realmente presenta nuestra provincia, el grado de la duda sobre lo que pasar\u00e1 es muy grande. Pero como decimos no ser\u00e1 porque no hemos ido y lo hemos contado de primera mano y nos hemos asegurado de que lo saben. Por nuestra parte no vamos a quedarnos quietos y puesto que sabemos que tras lo que se decida finalmente en Europa al final ser\u00e1 en Espa\u00f1a primero y Castilla y Le\u00f3n despu\u00e9s donde se terminar\u00e1 de dise\u00f1ar la pr\u00f3xima PAC, os invitamos a estar muy pendientes de lo que los partidos pol\u00edticos planteen en las nuevas elecciones que vendr\u00e1n. Por eso mismo os anuncio que vamos a pedir encuentros con los partidos pol\u00edticos para explicarles y entregarles tambi\u00e9n el informe.<\/p>\n<p>Cambio ahora de asunto y me refiero a la Feria de Muestras de Almaz\u00e1n, a la que os invito a acudir, del 16 al 18 de mayo. Un evento que cumple 63 ediciones es por algo\u2026Hay muchos aspectos que se han hecho bien y que por eso han tenido prestigio, seguimiento, respaldo, eco, relevancia, inter\u00e9s, expectaci\u00f3n\u2026 Muchos dicen que las ferias de este tipo est\u00e1n en decadencia por la\u00a0digitalizaci\u00f3n\u00a0de todos los procesos comerciales y hasta visuales. En ese sentido, es palpable que para los organizadores cada vez es m\u00e1s complicado cubrir las casetas o pabellones habilitados a tal efecto con maquinaria agr\u00edcola. Pero tambi\u00e9n es cierto que el\u00a0trato humano\u00a0es muy importante para cualquier acci\u00f3n comercial.<\/p>\n<p>Y ah\u00ed entra en juego la Feria de Almaz\u00e1n, que sigue siendo un referente y un punto de encuentro fundamental para el mundo agroganadero dentro de la provincia, porque es algo que trasciende lo econ\u00f3mico para se\u00f1alarse como un acto de encuentro y de reivindicaci\u00f3n del sector. En lo que se refiere estrictamente a la caseta de ASAJA, tengo que decir que es una \u2018instituci\u00f3n\u2019 dentro de la Feria y no solamente por estar presente desde el principio. Es incontable el n\u00famero de personalidades de toda \u00edndole que han demostrado su pericia, en muchos casos, o inexperiencia, en otros pocos, a la hora de echar un trago del porr\u00f3n, que es una de las fotos m\u00e1s divertidas y entra\u00f1ables de cada a\u00f1o. Pero no solamente se ha destacado por lo amable y l\u00fadico. El stand de ASAJA siempre, siempre, siempre ha servido como eje de la reivindicaci\u00f3n para el campo; en general, todas las reivindicaciones que nos afectan. Por no extenderme, cito solamente algunas de las campa\u00f1as: da\u00f1os de fauna a cultivos, precios justos para nuestras explotaciones, fuera la burocracia, carest\u00eda de los insumos, apoyo al vacuno de carne, no al fracking, reformas PAC \u2026<\/p>\n<p>Antes de despedirme quiero agradecer a Alejandro, secretario general en estas \u00faltimas legislaturas, y a Julio, como vocal, por su labor dentro de la junta directiva y a la vez doy la bienvenida a los nuevos, Abel y Francisco.<\/p>\n<p>ANA PASTOR SORIA<\/p>\n<p>PRESIDENTA DE ASAJA SORIA<\/p>\n","protected":false},"excerpt":{"rendered":"<p>La nueva PAC ya est\u00e1 en el horno y en el men\u00fa se siguen mencionando los pagos redistributivos y sabemos que eso va por tama\u00f1o de explotaci\u00f3n y que tenemos la media de tama\u00f1o de explotaci\u00f3n m\u00e1s grande de Espa\u00f1a. A la vez, se habla de apoyar al que m\u00e1s lo necesita y desde luego [&hellip;]<\/p>\n","protected":false},"author":12,"featured_media":8949,"comment_status":"open","ping_status":"open","sticky":false,"template":"","format":"standard","meta":{"footnotes":""},"categories":[10,28],"tags":[],"yoast_head":"<!-- This site is optimized with the Yoast SEO plugin v24.5 - https:\/\/yoast.com\/wordpress\/plugins\/seo\/ -->\n<title>ART\u00cdCULO DE OPINI\u00d3N. REVISTA 164 DE ASAJA SORIA - ASAJA Soria<\/title>\n<meta name=\"description\" content=\"La nueva PAC ya est\u00e1 en el horno y en el men\u00fa se siguen mencionando los pagos redistributivos y sabemos que eso va por tama\u00f1o de explotaci\u00f3n y que tenemos\" \/>\n<meta name=\"robots\" content=\"index, follow, max-snippet:-1, max-image-preview:large, max-video-preview:-1\" \/>\n<link rel=\"canonical\" href=\"https:\/\/www.asajacyl.com\/soria\/asaja-soria-informa\/articulo-de-opinion-revista-164-de-asaja-soria\" \/>\n<meta property=\"og:locale\" content=\"es_ES\" \/>\n<meta property=\"og:type\" content=\"article\" \/>\n<meta property=\"og:title\" content=\"ART\u00cdCULO DE OPINI\u00d3N. REVISTA 164 DE ASAJA SORIA - ASAJA Soria\" \/>\n<meta property=\"og:description\" content=\"La nueva PAC ya est\u00e1 en el horno y en el men\u00fa se siguen mencionando los pagos redistributivos y sabemos que eso va por tama\u00f1o de explotaci\u00f3n y que tenemos\" \/>\n<meta property=\"og:url\" content=\"https:\/\/www.asajacyl.com\/soria\/asaja-soria-informa\/articulo-de-opinion-revista-164-de-asaja-soria\" \/>\n<meta property=\"og:site_name\" content=\"ASAJA Soria\" \/>\n<meta property=\"article:published_time\" content=\"2025-05-15T11:22:07+00:00\" \/>\n<meta property=\"article:modified_time\" content=\"2025-05-15T11:23:18+00:00\" \/>\n<meta property=\"og:image\" content=\"https:\/\/www.asajacyl.com\/soria\/wp-content\/uploads\/sites\/9\/2025\/04\/IMG_7209.jpg\" \/>\n\t<meta property=\"og:image:width\" content=\"1863\" \/>\n\t<meta property=\"og:image:height\" content=\"2500\" \/>\n\t<meta property=\"og:image:type\" content=\"image\/jpeg\" \/>\n<meta name=\"author\" content=\"Juan Ignacio Prieto Nieto\" \/>\n<meta name=\"twitter:card\" content=\"summary_large_image\" \/>\n<meta name=\"twitter:label1\" content=\"Escrito por\" \/>\n\t<meta name=\"twitter:data1\" content=\"Juan Ignacio Prieto Nieto\" \/>\n\t<meta name=\"twitter:label2\" content=\"Tiempo de lectura\" \/>\n\t<meta name=\"twitter:data2\" content=\"5 minutos\" \/>\n<script type=\"application\/ld+json\" class=\"yoast-schema-graph\">{\"@context\":\"https:\/\/schema.org\",\"@graph\":[{\"@type\":\"WebPage\",\"@id\":\"https:\/\/www.asajacyl.com\/soria\/asaja-soria-informa\/articulo-de-opinion-revista-164-de-asaja-soria\",\"url\":\"https:\/\/www.asajacyl.com\/soria\/asaja-soria-informa\/articulo-de-opinion-revista-164-de-asaja-soria\",\"name\":\"ART\u00cdCULO DE OPINI\u00d3N. REVISTA 164 DE ASAJA SORIA - ASAJA Soria\",\"isPartOf\":{\"@id\":\"https:\/\/www.asajacyl.com\/soria\/#website\"},\"primaryImageOfPage\":{\"@id\":\"https:\/\/www.asajacyl.com\/soria\/asaja-soria-informa\/articulo-de-opinion-revista-164-de-asaja-soria#primaryimage\"},\"image\":{\"@id\":\"https:\/\/www.asajacyl.com\/soria\/asaja-soria-informa\/articulo-de-opinion-revista-164-de-asaja-soria#primaryimage\"},\"thumbnailUrl\":\"https:\/\/www.asajacyl.com\/soria\/wp-content\/uploads\/sites\/9\/2025\/04\/IMG_7209.jpg\",\"datePublished\":\"2025-05-15T11:22:07+00:00\",\"dateModified\":\"2025-05-15T11:23:18+00:00\",\"author\":{\"@id\":\"https:\/\/www.asajacyl.com\/soria\/#\/schema\/person\/fd3081c40255119ce8133b87e6aedfab\"},\"description\":\"La nueva PAC ya est\u00e1 en el horno y en el men\u00fa se siguen mencionando los pagos redistributivos y sabemos que eso va por tama\u00f1o de explotaci\u00f3n y que tenemos\",\"breadcrumb\":{\"@id\":\"https:\/\/www.asajacyl.com\/soria\/asaja-soria-informa\/articulo-de-opinion-revista-164-de-asaja-soria#breadcrumb\"},\"inLanguage\":\"es\",\"potentialAction\":[{\"@type\":\"ReadAction\",\"target\":[\"https:\/\/www.asajacyl.com\/soria\/asaja-soria-informa\/articulo-de-opinion-revista-164-de-asaja-soria\"]}]},{\"@type\":\"ImageObject\",\"inLanguage\":\"es\",\"@id\":\"https:\/\/www.asajacyl.com\/soria\/asaja-soria-informa\/articulo-de-opinion-revista-164-de-asaja-soria#primaryimage\",\"url\":\"https:\/\/www.asajacyl.com\/soria\/wp-content\/uploads\/sites\/9\/2025\/04\/IMG_7209.jpg\",\"contentUrl\":\"https:\/\/www.asajacyl.com\/soria\/wp-content\/uploads\/sites\/9\/2025\/04\/IMG_7209.jpg\",\"width\":1863,\"height\":2500},{\"@type\":\"BreadcrumbList\",\"@id\":\"https:\/\/www.asajacyl.com\/soria\/asaja-soria-informa\/articulo-de-opinion-revista-164-de-asaja-soria#breadcrumb\",\"itemListElement\":[{\"@type\":\"ListItem\",\"position\":1,\"name\":\"Portada\",\"item\":\"https:\/\/www.asajacyl.com\/soria\/\"},{\"@type\":\"ListItem\",\"position\":2,\"name\":\"ART\u00cdCULO DE OPINI\u00d3N. REVISTA 164 DE ASAJA SORIA\"}]},{\"@type\":\"WebSite\",\"@id\":\"https:\/\/www.asajacyl.com\/soria\/#website\",\"url\":\"https:\/\/www.asajacyl.com\/soria\/\",\"name\":\"ASAJA Soria\",\"description\":\"Otro sitio m\u00e1s de Provincias ASAJA Castilla y Le\u00f3n\",\"potentialAction\":[{\"@type\":\"SearchAction\",\"target\":{\"@type\":\"EntryPoint\",\"urlTemplate\":\"https:\/\/www.asajacyl.com\/soria\/?s={search_term_string}\"},\"query-input\":{\"@type\":\"PropertyValueSpecification\",\"valueRequired\":true,\"valueName\":\"search_term_string\"}}],\"inLanguage\":\"es\"},{\"@type\":\"Person\",\"@id\":\"https:\/\/www.asajacyl.com\/soria\/#\/schema\/person\/fd3081c40255119ce8133b87e6aedfab\",\"name\":\"Juan Ignacio Prieto Nieto\",\"image\":{\"@type\":\"ImageObject\",\"inLanguage\":\"es\",\"@id\":\"https:\/\/www.asajacyl.com\/soria\/#\/schema\/person\/image\/\",\"url\":\"https:\/\/secure.gravatar.com\/avatar\/8266b36e4d9001acb4700699a2468dc8?s=96&d=mm&r=g\",\"contentUrl\":\"https:\/\/secure.gravatar.com\/avatar\/8266b36e4d9001acb4700699a2468dc8?s=96&d=mm&r=g\",\"caption\":\"Juan Ignacio Prieto Nieto\"},\"url\":\"https:\/\/www.asajacyl.com\/soria\/author\/juanfranciscoby\"}]}<\/script>\n<!-- \/ Yoast SEO plugin. -->","yoast_head_json":{"title":"ART\u00cdCULO DE OPINI\u00d3N. REVISTA 164 DE ASAJA SORIA - ASAJA Soria","description":"La nueva PAC ya est\u00e1 en el horno y en el men\u00fa se siguen mencionando los pagos redistributivos y sabemos que eso va por tama\u00f1o de explotaci\u00f3n y que tenemos","robots":{"index":"index","follow":"follow","max-snippet":"max-snippet:-1","max-image-preview":"max-image-preview:large","max-video-preview":"max-video-preview:-1"},"canonical":"https:\/\/www.asajacyl.com\/soria\/asaja-soria-informa\/articulo-de-opinion-revista-164-de-asaja-soria","og_locale":"es_ES","og_type":"article","og_title":"ART\u00cdCULO DE OPINI\u00d3N. REVISTA 164 DE ASAJA SORIA - ASAJA Soria","og_description":"La nueva PAC ya est\u00e1 en el horno y en el men\u00fa se siguen mencionando los pagos redistributivos y sabemos que eso va por tama\u00f1o de explotaci\u00f3n y que tenemos","og_url":"https:\/\/www.asajacyl.com\/soria\/asaja-soria-informa\/articulo-de-opinion-revista-164-de-asaja-soria","og_site_name":"ASAJA Soria","article_published_time":"2025-05-15T11:22:07+00:00","article_modified_time":"2025-05-15T11:23:18+00:00","og_image":[{"width":1863,"height":2500,"url":"https:\/\/www.asajacyl.com\/soria\/wp-content\/uploads\/sites\/9\/2025\/04\/IMG_7209.jpg","type":"image\/jpeg"}],"author":"Juan Ignacio Prieto Nieto","twitter_card":"summary_large_image","twitter_misc":{"Escrito por":"Juan Ignacio Prieto Nieto","Tiempo de lectura":"5 minutos"},"schema":{"@context":"https:\/\/schema.org","@graph":[{"@type":"WebPage","@id":"https:\/\/www.asajacyl.com\/soria\/asaja-soria-informa\/articulo-de-opinion-revista-164-de-asaja-soria","url":"https:\/\/www.asajacyl.com\/soria\/asaja-soria-informa\/articulo-de-opinion-revista-164-de-asaja-soria","name":"ART\u00cdCULO DE OPINI\u00d3N. REVISTA 164 DE ASAJA SORIA - ASAJA Soria","isPartOf":{"@id":"https:\/\/www.asajacyl.com\/soria\/#website"},"primaryImageOfPage":{"@id":"https:\/\/www.asajacyl.com\/soria\/asaja-soria-informa\/articulo-de-opinion-revista-164-de-asaja-soria#primaryimage"},"image":{"@id":"https:\/\/www.asajacyl.com\/soria\/asaja-soria-informa\/articulo-de-opinion-revista-164-de-asaja-soria#primaryimage"},"thumbnailUrl":"https:\/\/www.asajacyl.com\/soria\/wp-content\/uploads\/sites\/9\/2025\/04\/IMG_7209.jpg","datePublished":"2025-05-15T11:22:07+00:00","dateModified":"2025-05-15T11:23:18+00:00","author":{"@id":"https:\/\/www.asajacyl.com\/soria\/#\/schema\/person\/fd3081c40255119ce8133b87e6aedfab"},"description":"La nueva PAC ya est\u00e1 en el horno y en el men\u00fa se siguen mencionando los pagos redistributivos y sabemos que eso va por tama\u00f1o de explotaci\u00f3n y que tenemos","breadcrumb":{"@id":"https:\/\/www.asajacyl.com\/soria\/asaja-soria-informa\/articulo-de-opinion-revista-164-de-asaja-soria#breadcrumb"},"inLanguage":"es","potentialAction":[{"@type":"ReadAction","target":["https:\/\/www.asajacyl.com\/soria\/asaja-soria-informa\/articulo-de-opinion-revista-164-de-asaja-soria"]}]},{"@type":"ImageObject","inLanguage":"es","@id":"https:\/\/www.asajacyl.com\/soria\/asaja-soria-informa\/articulo-de-opinion-revista-164-de-asaja-soria#primaryimage","url":"https:\/\/www.asajacyl.com\/soria\/wp-content\/uploads\/sites\/9\/2025\/04\/IMG_7209.jpg","contentUrl":"https:\/\/www.asajacyl.com\/soria\/wp-content\/uploads\/sites\/9\/2025\/04\/IMG_7209.jpg","width":1863,"height":2500},{"@type":"BreadcrumbList","@id":"https:\/\/www.asajacyl.com\/soria\/asaja-soria-informa\/articulo-de-opinion-revista-164-de-asaja-soria#breadcrumb","itemListElement":[{"@type":"ListItem","position":1,"name":"Portada","item":"https:\/\/www.asajacyl.com\/soria\/"},{"@type":"ListItem","position":2,"name":"ART\u00cdCULO DE OPINI\u00d3N. REVISTA 164 DE ASAJA SORIA"}]},{"@type":"WebSite","@id":"https:\/\/www.asajacyl.com\/soria\/#website","url":"https:\/\/www.asajacyl.com\/soria\/","name":"ASAJA Soria","description":"Otro sitio m\u00e1s de Provincias ASAJA Castilla y Le\u00f3n","potentialAction":[{"@type":"SearchAction","target":{"@type":"EntryPoint","urlTemplate":"https:\/\/www.asajacyl.com\/soria\/?s={search_term_string}"},"query-input":{"@type":"PropertyValueSpecification","valueRequired":true,"valueName":"search_term_string"}}],"inLanguage":"es"},{"@type":"Person","@id":"https:\/\/www.asajacyl.com\/soria\/#\/schema\/person\/fd3081c40255119ce8133b87e6aedfab","name":"Juan Ignacio Prieto Nieto","image":{"@type":"ImageObject","inLanguage":"es","@id":"https:\/\/www.asajacyl.com\/soria\/#\/schema\/person\/image\/","url":"https:\/\/secure.gravatar.com\/avatar\/8266b36e4d9001acb4700699a2468dc8?s=96&d=mm&r=g","contentUrl":"https:\/\/secure.gravatar.com\/avatar\/8266b36e4d9001acb4700699a2468dc8?s=96&d=mm&r=g","caption":"Juan Ignacio Prieto Nieto"},"url":"https:\/\/www.asajacyl.com\/soria\/author\/juanfranciscoby"}]}},"_links":{"self":[{"href":"https:\/\/www.asajacyl.com\/soria\/wp-json\/wp\/v2\/posts\/9032"}],"collection":[{"href":"https:\/\/www.asajacyl.com\/soria\/wp-json\/wp\/v2\/posts"}],"about":[{"href":"https:\/\/www.asajacyl.com\/soria\/wp-json\/wp\/v2\/types\/post"}],"author":[{"embeddable":true,"href":"https:\/\/www.asajacyl.com\/soria\/wp-json\/wp\/v2\/users\/12"}],"replies":[{"embeddable":true,"href":"https:\/\/www.asajacyl.com\/soria\/wp-json\/wp\/v2\/comments?post=9032"}],"version-history":[{"count":2,"href":"https:\/\/www.asajacyl.com\/soria\/wp-json\/wp\/v2\/posts\/9032\/revisions"}],"predecessor-version":[{"id":9034,"href":"https:\/\/www.asajacyl.com\/soria\/wp-json\/wp\/v2\/posts\/9032\/revisions\/9034"}],"wp:featuredmedia":[{"embeddable":true,"href":"https:\/\/www.asajacyl.com\/soria\/wp-json\/wp\/v2\/media\/8949"}],"wp:attachment":[{"href":"https:\/\/www.asajacyl.com\/soria\/wp-json\/wp\/v2\/media?parent=9032"}],"wp:term":[{"taxonomy":"category","embeddable":true,"href":"https:\/\/www.asajacyl.com\/soria\/wp-json\/wp\/v2\/categories?post=9032"},{"taxonomy":"post_tag","embeddable":true,"href":"https:\/\/www.asajacyl.com\/soria\/wp-json\/wp\/v2\/tags?post=9032"}],"curies":[{"name":"wp","href":"https:\/\/api.w.org\/{rel}","templated":true}]}}