{"id":9082,"date":"2025-06-17T16:56:36","date_gmt":"2025-06-17T14:56:36","guid":{"rendered":"https:\/\/www.asajacyl.com\/soria\/?p=9082"},"modified":"2025-06-23T09:40:43","modified_gmt":"2025-06-23T07:40:43","slug":"xxiii-visita-a-los-campos-de-ensayo-de-asaja-soria-en-almazan","status":"publish","type":"post","link":"https:\/\/www.asajacyl.com\/soria\/asaja-soria-informa\/xxiii-visita-a-los-campos-de-ensayo-de-asaja-soria-en-almazan","title":{"rendered":"XXIII Visita a los Campos de Ensayo de ASAJA Soria en Almaz\u00e1n"},"content":{"rendered":"\n<p><strong><em>La organizaci\u00f3n profesional agraria consolida e intensifica su oferta de experimentaci\u00f3n<\/em><\/strong><\/p>\n<p>Alrededor de 300 agricultores de toda la provincia participaron esta ma\u00f1ana en la vig\u00e9simo tercera edici\u00f3n de la conocida como visita a los campos de ensayo de Almaz\u00e1n, gestionados por los servicios t\u00e9cnicos de ASAJA. Ellos fueron los encargados de guiar la visita y estuvieron a disposici\u00f3n de los asistentes para, como siempre, responder a cuanto se les requiri\u00f3 sobre laboreo, dosis, cultivos anteriores, fechas, tratamientos, etc\u00e9tera.<\/p>\n<p><img loading=\"lazy\" decoding=\"async\" class=\"aligncenter size-full wp-image-9086\" src=\"https:\/\/www.asajacyl.com\/soria\/wp-content\/uploads\/sites\/9\/2025\/06\/IMG_7904.jpg\" alt=\"\" width=\"2500\" height=\"1875\" srcset=\"https:\/\/www.asajacyl.com\/soria\/wp-content\/uploads\/sites\/9\/2025\/06\/IMG_7904.jpg 2500w, https:\/\/www.asajacyl.com\/soria\/wp-content\/uploads\/sites\/9\/2025\/06\/IMG_7904-300x225.jpg 300w, https:\/\/www.asajacyl.com\/soria\/wp-content\/uploads\/sites\/9\/2025\/06\/IMG_7904-1024x768.jpg 1024w, https:\/\/www.asajacyl.com\/soria\/wp-content\/uploads\/sites\/9\/2025\/06\/IMG_7904-768x576.jpg 768w, https:\/\/www.asajacyl.com\/soria\/wp-content\/uploads\/sites\/9\/2025\/06\/IMG_7904-1536x1152.jpg 1536w, https:\/\/www.asajacyl.com\/soria\/wp-content\/uploads\/sites\/9\/2025\/06\/IMG_7904-2048x1536.jpg 2048w, https:\/\/www.asajacyl.com\/soria\/wp-content\/uploads\/sites\/9\/2025\/06\/IMG_7904-560x420.jpg 560w, https:\/\/www.asajacyl.com\/soria\/wp-content\/uploads\/sites\/9\/2025\/06\/IMG_7904-80x60.jpg 80w, https:\/\/www.asajacyl.com\/soria\/wp-content\/uploads\/sites\/9\/2025\/06\/IMG_7904-696x522.jpg 696w, https:\/\/www.asajacyl.com\/soria\/wp-content\/uploads\/sites\/9\/2025\/06\/IMG_7904-1068x801.jpg 1068w, https:\/\/www.asajacyl.com\/soria\/wp-content\/uploads\/sites\/9\/2025\/06\/IMG_7904-1920x1440.jpg 1920w\" sizes=\"(max-width: 2500px) 100vw, 2500px\" \/><\/p>\n<p>Los campos de ensayo de ASAJA est\u00e1n situados frente a la Escuela de Capacitaci\u00f3n Agraria de Almaz\u00e1n, en la carretera de El Burgo. La jornada dio comienzo a eso de las 10:15 horas. En las hect\u00e1reas objeto de los experimentos han podido verse 21 variedades de trigo, 26 de cebadas de invierno y de primavera, ensayos de 10 h\u00edbridos de centeno y 11 variedades de triticale.<\/p>\n<p><img loading=\"lazy\" decoding=\"async\" class=\"aligncenter size-full wp-image-9090\" src=\"https:\/\/www.asajacyl.com\/soria\/wp-content\/uploads\/sites\/9\/2025\/06\/IMG_7887.jpg\" alt=\"\" width=\"2016\" height=\"1512\" srcset=\"https:\/\/www.asajacyl.com\/soria\/wp-content\/uploads\/sites\/9\/2025\/06\/IMG_7887.jpg 2016w, https:\/\/www.asajacyl.com\/soria\/wp-content\/uploads\/sites\/9\/2025\/06\/IMG_7887-300x225.jpg 300w, https:\/\/www.asajacyl.com\/soria\/wp-content\/uploads\/sites\/9\/2025\/06\/IMG_7887-1024x768.jpg 1024w, https:\/\/www.asajacyl.com\/soria\/wp-content\/uploads\/sites\/9\/2025\/06\/IMG_7887-768x576.jpg 768w, https:\/\/www.asajacyl.com\/soria\/wp-content\/uploads\/sites\/9\/2025\/06\/IMG_7887-1536x1152.jpg 1536w, https:\/\/www.asajacyl.com\/soria\/wp-content\/uploads\/sites\/9\/2025\/06\/IMG_7887-560x420.jpg 560w, https:\/\/www.asajacyl.com\/soria\/wp-content\/uploads\/sites\/9\/2025\/06\/IMG_7887-80x60.jpg 80w, https:\/\/www.asajacyl.com\/soria\/wp-content\/uploads\/sites\/9\/2025\/06\/IMG_7887-696x522.jpg 696w, https:\/\/www.asajacyl.com\/soria\/wp-content\/uploads\/sites\/9\/2025\/06\/IMG_7887-1068x801.jpg 1068w, https:\/\/www.asajacyl.com\/soria\/wp-content\/uploads\/sites\/9\/2025\/06\/IMG_7887-1920x1440.jpg 1920w\" sizes=\"(max-width: 2016px) 100vw, 2016px\" \/><\/p>\n<p><img loading=\"lazy\" decoding=\"async\" class=\"aligncenter size-full wp-image-9084\" src=\"https:\/\/www.asajacyl.com\/soria\/wp-content\/uploads\/sites\/9\/2025\/06\/IMG_7911.jpg\" alt=\"\" width=\"2500\" height=\"1875\" srcset=\"https:\/\/www.asajacyl.com\/soria\/wp-content\/uploads\/sites\/9\/2025\/06\/IMG_7911.jpg 2500w, https:\/\/www.asajacyl.com\/soria\/wp-content\/uploads\/sites\/9\/2025\/06\/IMG_7911-300x225.jpg 300w, https:\/\/www.asajacyl.com\/soria\/wp-content\/uploads\/sites\/9\/2025\/06\/IMG_7911-1024x768.jpg 1024w, https:\/\/www.asajacyl.com\/soria\/wp-content\/uploads\/sites\/9\/2025\/06\/IMG_7911-768x576.jpg 768w, https:\/\/www.asajacyl.com\/soria\/wp-content\/uploads\/sites\/9\/2025\/06\/IMG_7911-1536x1152.jpg 1536w, https:\/\/www.asajacyl.com\/soria\/wp-content\/uploads\/sites\/9\/2025\/06\/IMG_7911-2048x1536.jpg 2048w, https:\/\/www.asajacyl.com\/soria\/wp-content\/uploads\/sites\/9\/2025\/06\/IMG_7911-560x420.jpg 560w, https:\/\/www.asajacyl.com\/soria\/wp-content\/uploads\/sites\/9\/2025\/06\/IMG_7911-80x60.jpg 80w, https:\/\/www.asajacyl.com\/soria\/wp-content\/uploads\/sites\/9\/2025\/06\/IMG_7911-696x522.jpg 696w, https:\/\/www.asajacyl.com\/soria\/wp-content\/uploads\/sites\/9\/2025\/06\/IMG_7911-1068x801.jpg 1068w, https:\/\/www.asajacyl.com\/soria\/wp-content\/uploads\/sites\/9\/2025\/06\/IMG_7911-1920x1440.jpg 1920w\" sizes=\"(max-width: 2500px) 100vw, 2500px\" \/><\/p>\n<p>Tambi\u00e9n los agricultores han observado in situ las evoluciones de ensayos de variedades de leguminosas-proteaginosas, yeros, veza y guisante proteaginoso. En cuanto al girasol, tambi\u00e9n hay disponibles ensayos con variedades convencionales, alto oleico y resistentes a herbicida (Tribenur\u00f3n-metil). La jornada vers\u00f3 adem\u00e1s de soluciones digitales, a cargo del cuerpo t\u00e9cnico de Syngenta. En esta ocasi\u00f3n explicaron los pormenores de Interra\u00aeScan, que ofrece un servicio de mapeo de alt\u00edsima resoluci\u00f3n que permite un uso m\u00e1s preciso de los insumos, una productividad optimizada y la salud del suelo a largo plazo. Y, para terminar, los agricultores y empresas asistentes pudieron ver una demostraci\u00f3n de tratamiento con drones, a cargo de Alondra Drone.<\/p>\n<p><strong>AVANCE NORMATIVO EN DRONES<\/strong><\/p>\n<p>ASAJA pide un avance normativo para darle cobertura legal, total, a este tipo de aplicaciones, a esta tecnolog\u00eda para las aplicaciones, que son las del futuro. Y los avances tienen que ir por una legalizaci\u00f3n de este tipo de aparatos para que se puedan usar f\u00e1cilmente. Y a la vez ASAJA hace una petici\u00f3n tambi\u00e9n a los fabricantes de productos fitosanitarios para que registren formulaciones para poder acometer tratamientos con bajo volumen.<\/p>\n<p><img loading=\"lazy\" decoding=\"async\" class=\"aligncenter size-full wp-image-9083\" src=\"https:\/\/www.asajacyl.com\/soria\/wp-content\/uploads\/sites\/9\/2025\/06\/IMG_7923.jpg\" alt=\"\" width=\"2500\" height=\"1875\" srcset=\"https:\/\/www.asajacyl.com\/soria\/wp-content\/uploads\/sites\/9\/2025\/06\/IMG_7923.jpg 2500w, https:\/\/www.asajacyl.com\/soria\/wp-content\/uploads\/sites\/9\/2025\/06\/IMG_7923-300x225.jpg 300w, https:\/\/www.asajacyl.com\/soria\/wp-content\/uploads\/sites\/9\/2025\/06\/IMG_7923-1024x768.jpg 1024w, https:\/\/www.asajacyl.com\/soria\/wp-content\/uploads\/sites\/9\/2025\/06\/IMG_7923-768x576.jpg 768w, https:\/\/www.asajacyl.com\/soria\/wp-content\/uploads\/sites\/9\/2025\/06\/IMG_7923-1536x1152.jpg 1536w, https:\/\/www.asajacyl.com\/soria\/wp-content\/uploads\/sites\/9\/2025\/06\/IMG_7923-2048x1536.jpg 2048w, https:\/\/www.asajacyl.com\/soria\/wp-content\/uploads\/sites\/9\/2025\/06\/IMG_7923-560x420.jpg 560w, https:\/\/www.asajacyl.com\/soria\/wp-content\/uploads\/sites\/9\/2025\/06\/IMG_7923-80x60.jpg 80w, https:\/\/www.asajacyl.com\/soria\/wp-content\/uploads\/sites\/9\/2025\/06\/IMG_7923-696x522.jpg 696w, https:\/\/www.asajacyl.com\/soria\/wp-content\/uploads\/sites\/9\/2025\/06\/IMG_7923-1068x801.jpg 1068w, https:\/\/www.asajacyl.com\/soria\/wp-content\/uploads\/sites\/9\/2025\/06\/IMG_7923-1920x1440.jpg 1920w\" sizes=\"(max-width: 2500px) 100vw, 2500px\" \/><\/p>\n<p>La presidenta de ASAJA Soria, Ana Pastor, dio la bienvenida a todos los asistentes y reconoci\u00f3 que \u201ctodos los que se acercan a los campos de ensayo de ASAJA no solamente ven parcelas sembradas con distintas variedades; son testigos de un ejemplo claro del esfuerzo de esta organizaci\u00f3n profesional agraria para seguir potenciando la investigaci\u00f3n que es hoy por hoy casi imprescindible porque sobre todo va en beneficio general de los que nos dedicamos a esto, al ser una constante para mejorar la calidad y los niveles de producci\u00f3n de nuestras explotaciones, que es de lo que vivimos y de los que hay otros muchos que tambi\u00e9n dependen. Aqu\u00ed est\u00e1 el resumen tambi\u00e9n de c\u00f3mo las pruebas a pie de campo se convierten en herramientas para mejorar, resistir, adaptarse y seguir adelante con nuestros cultivos\u201d.<\/p>\n<p><img loading=\"lazy\" decoding=\"async\" class=\"aligncenter size-full wp-image-9087\" src=\"https:\/\/www.asajacyl.com\/soria\/wp-content\/uploads\/sites\/9\/2025\/06\/IMG_7895.jpg\" alt=\"\" width=\"2500\" height=\"1875\" srcset=\"https:\/\/www.asajacyl.com\/soria\/wp-content\/uploads\/sites\/9\/2025\/06\/IMG_7895.jpg 2500w, https:\/\/www.asajacyl.com\/soria\/wp-content\/uploads\/sites\/9\/2025\/06\/IMG_7895-300x225.jpg 300w, https:\/\/www.asajacyl.com\/soria\/wp-content\/uploads\/sites\/9\/2025\/06\/IMG_7895-1024x768.jpg 1024w, https:\/\/www.asajacyl.com\/soria\/wp-content\/uploads\/sites\/9\/2025\/06\/IMG_7895-768x576.jpg 768w, https:\/\/www.asajacyl.com\/soria\/wp-content\/uploads\/sites\/9\/2025\/06\/IMG_7895-1536x1152.jpg 1536w, https:\/\/www.asajacyl.com\/soria\/wp-content\/uploads\/sites\/9\/2025\/06\/IMG_7895-2048x1536.jpg 2048w, https:\/\/www.asajacyl.com\/soria\/wp-content\/uploads\/sites\/9\/2025\/06\/IMG_7895-560x420.jpg 560w, https:\/\/www.asajacyl.com\/soria\/wp-content\/uploads\/sites\/9\/2025\/06\/IMG_7895-80x60.jpg 80w, https:\/\/www.asajacyl.com\/soria\/wp-content\/uploads\/sites\/9\/2025\/06\/IMG_7895-696x522.jpg 696w, https:\/\/www.asajacyl.com\/soria\/wp-content\/uploads\/sites\/9\/2025\/06\/IMG_7895-1068x801.jpg 1068w, https:\/\/www.asajacyl.com\/soria\/wp-content\/uploads\/sites\/9\/2025\/06\/IMG_7895-1920x1440.jpg 1920w\" sizes=\"(max-width: 2500px) 100vw, 2500px\" \/><\/p>\n<p>El proyecto de los campos de ensayo de 2025 ha contado con la ayuda de los agricultores de la zona, del Ayuntamiento de Almaz\u00e1n, de la Diputaci\u00f3n Provincial de Soria, de Caja Rural de Soria y Syngenta, as\u00ed como del esp\u00edritu de colaboraci\u00f3n de varias empresas del ramo que, junto con los servicios t\u00e9cnicos de la organizaci\u00f3n, han contribuido enormemente a que estos laboratorios de experimentaci\u00f3n de campo tan rigurosos puedan llevarse a cabo.<\/p>\n<p><img loading=\"lazy\" decoding=\"async\" class=\"aligncenter size-full wp-image-9091\" src=\"https:\/\/www.asajacyl.com\/soria\/wp-content\/uploads\/sites\/9\/2025\/06\/IMG_7867.jpg\" alt=\"\" width=\"2016\" height=\"1512\" srcset=\"https:\/\/www.asajacyl.com\/soria\/wp-content\/uploads\/sites\/9\/2025\/06\/IMG_7867.jpg 2016w, https:\/\/www.asajacyl.com\/soria\/wp-content\/uploads\/sites\/9\/2025\/06\/IMG_7867-300x225.jpg 300w, https:\/\/www.asajacyl.com\/soria\/wp-content\/uploads\/sites\/9\/2025\/06\/IMG_7867-1024x768.jpg 1024w, https:\/\/www.asajacyl.com\/soria\/wp-content\/uploads\/sites\/9\/2025\/06\/IMG_7867-768x576.jpg 768w, https:\/\/www.asajacyl.com\/soria\/wp-content\/uploads\/sites\/9\/2025\/06\/IMG_7867-1536x1152.jpg 1536w, https:\/\/www.asajacyl.com\/soria\/wp-content\/uploads\/sites\/9\/2025\/06\/IMG_7867-560x420.jpg 560w, https:\/\/www.asajacyl.com\/soria\/wp-content\/uploads\/sites\/9\/2025\/06\/IMG_7867-80x60.jpg 80w, https:\/\/www.asajacyl.com\/soria\/wp-content\/uploads\/sites\/9\/2025\/06\/IMG_7867-696x522.jpg 696w, https:\/\/www.asajacyl.com\/soria\/wp-content\/uploads\/sites\/9\/2025\/06\/IMG_7867-1068x801.jpg 1068w, https:\/\/www.asajacyl.com\/soria\/wp-content\/uploads\/sites\/9\/2025\/06\/IMG_7867-1920x1440.jpg 1920w\" sizes=\"(max-width: 2016px) 100vw, 2016px\" \/><\/p>\n<p><img loading=\"lazy\" decoding=\"async\" class=\"aligncenter size-full wp-image-9088\" src=\"https:\/\/www.asajacyl.com\/soria\/wp-content\/uploads\/sites\/9\/2025\/06\/IMG_7864.jpg\" alt=\"\" width=\"1863\" height=\"2500\" srcset=\"https:\/\/www.asajacyl.com\/soria\/wp-content\/uploads\/sites\/9\/2025\/06\/IMG_7864.jpg 1863w, https:\/\/www.asajacyl.com\/soria\/wp-content\/uploads\/sites\/9\/2025\/06\/IMG_7864-224x300.jpg 224w, https:\/\/www.asajacyl.com\/soria\/wp-content\/uploads\/sites\/9\/2025\/06\/IMG_7864-763x1024.jpg 763w, https:\/\/www.asajacyl.com\/soria\/wp-content\/uploads\/sites\/9\/2025\/06\/IMG_7864-768x1031.jpg 768w, https:\/\/www.asajacyl.com\/soria\/wp-content\/uploads\/sites\/9\/2025\/06\/IMG_7864-1145x1536.jpg 1145w, https:\/\/www.asajacyl.com\/soria\/wp-content\/uploads\/sites\/9\/2025\/06\/IMG_7864-1526x2048.jpg 1526w, https:\/\/www.asajacyl.com\/soria\/wp-content\/uploads\/sites\/9\/2025\/06\/IMG_7864-313x420.jpg 313w, https:\/\/www.asajacyl.com\/soria\/wp-content\/uploads\/sites\/9\/2025\/06\/IMG_7864-696x934.jpg 696w, https:\/\/www.asajacyl.com\/soria\/wp-content\/uploads\/sites\/9\/2025\/06\/IMG_7864-1068x1433.jpg 1068w\" sizes=\"(max-width: 1863px) 100vw, 1863px\" \/><\/p>\n<p>Se trata de una iniciativa que ha despertado siempre elogios entre las empresas y los profesionales del campo y ya es todo un referente. Por eso, ASAJA Soria, consciente de la importancia de aportar soluciones a los nuevos retos de la agricultura de la provincia, impulsar\u00e1 nuevos trabajos y estrategias para sucesivas ediciones.<\/p>\n<p><img loading=\"lazy\" decoding=\"async\" class=\"aligncenter size-full wp-image-9089\" src=\"https:\/\/www.asajacyl.com\/soria\/wp-content\/uploads\/sites\/9\/2025\/06\/IMG_7869.jpg\" alt=\"\" width=\"2500\" height=\"1875\" srcset=\"https:\/\/www.asajacyl.com\/soria\/wp-content\/uploads\/sites\/9\/2025\/06\/IMG_7869.jpg 2500w, https:\/\/www.asajacyl.com\/soria\/wp-content\/uploads\/sites\/9\/2025\/06\/IMG_7869-300x225.jpg 300w, https:\/\/www.asajacyl.com\/soria\/wp-content\/uploads\/sites\/9\/2025\/06\/IMG_7869-1024x768.jpg 1024w, https:\/\/www.asajacyl.com\/soria\/wp-content\/uploads\/sites\/9\/2025\/06\/IMG_7869-768x576.jpg 768w, https:\/\/www.asajacyl.com\/soria\/wp-content\/uploads\/sites\/9\/2025\/06\/IMG_7869-1536x1152.jpg 1536w, https:\/\/www.asajacyl.com\/soria\/wp-content\/uploads\/sites\/9\/2025\/06\/IMG_7869-2048x1536.jpg 2048w, https:\/\/www.asajacyl.com\/soria\/wp-content\/uploads\/sites\/9\/2025\/06\/IMG_7869-560x420.jpg 560w, https:\/\/www.asajacyl.com\/soria\/wp-content\/uploads\/sites\/9\/2025\/06\/IMG_7869-80x60.jpg 80w, https:\/\/www.asajacyl.com\/soria\/wp-content\/uploads\/sites\/9\/2025\/06\/IMG_7869-696x522.jpg 696w, https:\/\/www.asajacyl.com\/soria\/wp-content\/uploads\/sites\/9\/2025\/06\/IMG_7869-1068x801.jpg 1068w, https:\/\/www.asajacyl.com\/soria\/wp-content\/uploads\/sites\/9\/2025\/06\/IMG_7869-1920x1440.jpg 1920w\" sizes=\"(max-width: 2500px) 100vw, 2500px\" \/><\/p>\n<p>\u00a0<\/p>\n<p>\u00a0<\/p>\n","protected":false},"excerpt":{"rendered":"<p>La organizaci\u00f3n profesional agraria consolida e intensifica su oferta de experimentaci\u00f3n Alrededor de 300 agricultores de toda la provincia participaron esta ma\u00f1ana en la vig\u00e9simo tercera edici\u00f3n de la conocida como visita a los campos de ensayo de Almaz\u00e1n, gestionados por los servicios t\u00e9cnicos de ASAJA. Ellos fueron los encargados de guiar la visita y [&hellip;]<\/p>\n","protected":false},"author":12,"featured_media":9094,"comment_status":"open","ping_status":"open","sticky":false,"template":"","format":"standard","meta":{"footnotes":""},"categories":[10,25],"tags":[],"yoast_head":"<!-- This site is optimized with the Yoast SEO plugin v24.5 - https:\/\/yoast.com\/wordpress\/plugins\/seo\/ -->\n<title>XXIII Visita a los Campos de Ensayo de ASAJA Soria en Almaz\u00e1n - ASAJA Soria<\/title>\n<meta name=\"description\" content=\"La organizaci\u00f3n profesional agraria consolida e intensifica su oferta de experimentaci\u00f3n Alrededor de 300 agricultores de toda la provincia participaron\" \/>\n<meta name=\"robots\" content=\"index, follow, max-snippet:-1, max-image-preview:large, max-video-preview:-1\" \/>\n<link rel=\"canonical\" href=\"https:\/\/www.asajacyl.com\/soria\/asaja-soria-informa\/xxiii-visita-a-los-campos-de-ensayo-de-asaja-soria-en-almazan\" \/>\n<meta property=\"og:locale\" content=\"es_ES\" \/>\n<meta property=\"og:type\" content=\"article\" \/>\n<meta property=\"og:title\" content=\"XXIII Visita a los Campos de Ensayo de ASAJA Soria en Almaz\u00e1n - ASAJA Soria\" \/>\n<meta property=\"og:description\" content=\"La organizaci\u00f3n profesional agraria consolida e intensifica su oferta de experimentaci\u00f3n Alrededor de 300 agricultores de toda la provincia participaron\" \/>\n<meta property=\"og:url\" content=\"https:\/\/www.asajacyl.com\/soria\/asaja-soria-informa\/xxiii-visita-a-los-campos-de-ensayo-de-asaja-soria-en-almazan\" \/>\n<meta property=\"og:site_name\" content=\"ASAJA Soria\" \/>\n<meta property=\"article:published_time\" content=\"2025-06-17T14:56:36+00:00\" \/>\n<meta property=\"article:modified_time\" content=\"2025-06-23T07:40:43+00:00\" \/>\n<meta property=\"og:image\" content=\"https:\/\/www.asajacyl.com\/soria\/wp-content\/uploads\/sites\/9\/2025\/06\/IMG_7913.jpg\" \/>\n\t<meta property=\"og:image:width\" content=\"2500\" \/>\n\t<meta property=\"og:image:height\" content=\"1875\" \/>\n\t<meta property=\"og:image:type\" content=\"image\/jpeg\" \/>\n<meta name=\"author\" content=\"Juan Ignacio Prieto Nieto\" \/>\n<meta name=\"twitter:card\" content=\"summary_large_image\" \/>\n<meta name=\"twitter:label1\" content=\"Escrito por\" \/>\n\t<meta name=\"twitter:data1\" content=\"Juan Ignacio Prieto Nieto\" \/>\n\t<meta name=\"twitter:label2\" content=\"Tiempo de lectura\" \/>\n\t<meta name=\"twitter:data2\" content=\"5 minutos\" \/>\n<script type=\"application\/ld+json\" class=\"yoast-schema-graph\">{\"@context\":\"https:\/\/schema.org\",\"@graph\":[{\"@type\":\"WebPage\",\"@id\":\"https:\/\/www.asajacyl.com\/soria\/asaja-soria-informa\/xxiii-visita-a-los-campos-de-ensayo-de-asaja-soria-en-almazan\",\"url\":\"https:\/\/www.asajacyl.com\/soria\/asaja-soria-informa\/xxiii-visita-a-los-campos-de-ensayo-de-asaja-soria-en-almazan\",\"name\":\"XXIII Visita a los Campos de Ensayo de ASAJA Soria en Almaz\u00e1n - ASAJA Soria\",\"isPartOf\":{\"@id\":\"https:\/\/www.asajacyl.com\/soria\/#website\"},\"primaryImageOfPage\":{\"@id\":\"https:\/\/www.asajacyl.com\/soria\/asaja-soria-informa\/xxiii-visita-a-los-campos-de-ensayo-de-asaja-soria-en-almazan#primaryimage\"},\"image\":{\"@id\":\"https:\/\/www.asajacyl.com\/soria\/asaja-soria-informa\/xxiii-visita-a-los-campos-de-ensayo-de-asaja-soria-en-almazan#primaryimage\"},\"thumbnailUrl\":\"https:\/\/www.asajacyl.com\/soria\/wp-content\/uploads\/sites\/9\/2025\/06\/IMG_7913.jpg\",\"datePublished\":\"2025-06-17T14:56:36+00:00\",\"dateModified\":\"2025-06-23T07:40:43+00:00\",\"author\":{\"@id\":\"https:\/\/www.asajacyl.com\/soria\/#\/schema\/person\/fd3081c40255119ce8133b87e6aedfab\"},\"description\":\"La organizaci\u00f3n profesional agraria consolida e intensifica su oferta de experimentaci\u00f3n Alrededor de 300 agricultores de toda la provincia participaron\",\"breadcrumb\":{\"@id\":\"https:\/\/www.asajacyl.com\/soria\/asaja-soria-informa\/xxiii-visita-a-los-campos-de-ensayo-de-asaja-soria-en-almazan#breadcrumb\"},\"inLanguage\":\"es\",\"potentialAction\":[{\"@type\":\"ReadAction\",\"target\":[\"https:\/\/www.asajacyl.com\/soria\/asaja-soria-informa\/xxiii-visita-a-los-campos-de-ensayo-de-asaja-soria-en-almazan\"]}]},{\"@type\":\"ImageObject\",\"inLanguage\":\"es\",\"@id\":\"https:\/\/www.asajacyl.com\/soria\/asaja-soria-informa\/xxiii-visita-a-los-campos-de-ensayo-de-asaja-soria-en-almazan#primaryimage\",\"url\":\"https:\/\/www.asajacyl.com\/soria\/wp-content\/uploads\/sites\/9\/2025\/06\/IMG_7913.jpg\",\"contentUrl\":\"https:\/\/www.asajacyl.com\/soria\/wp-content\/uploads\/sites\/9\/2025\/06\/IMG_7913.jpg\",\"width\":2500,\"height\":1875},{\"@type\":\"BreadcrumbList\",\"@id\":\"https:\/\/www.asajacyl.com\/soria\/asaja-soria-informa\/xxiii-visita-a-los-campos-de-ensayo-de-asaja-soria-en-almazan#breadcrumb\",\"itemListElement\":[{\"@type\":\"ListItem\",\"position\":1,\"name\":\"Portada\",\"item\":\"https:\/\/www.asajacyl.com\/soria\/\"},{\"@type\":\"ListItem\",\"position\":2,\"name\":\"XXIII Visita a los Campos de Ensayo de ASAJA Soria en Almaz\u00e1n\"}]},{\"@type\":\"WebSite\",\"@id\":\"https:\/\/www.asajacyl.com\/soria\/#website\",\"url\":\"https:\/\/www.asajacyl.com\/soria\/\",\"name\":\"ASAJA Soria\",\"description\":\"Otro sitio m\u00e1s de Provincias ASAJA Castilla y Le\u00f3n\",\"potentialAction\":[{\"@type\":\"SearchAction\",\"target\":{\"@type\":\"EntryPoint\",\"urlTemplate\":\"https:\/\/www.asajacyl.com\/soria\/?s={search_term_string}\"},\"query-input\":{\"@type\":\"PropertyValueSpecification\",\"valueRequired\":true,\"valueName\":\"search_term_string\"}}],\"inLanguage\":\"es\"},{\"@type\":\"Person\",\"@id\":\"https:\/\/www.asajacyl.com\/soria\/#\/schema\/person\/fd3081c40255119ce8133b87e6aedfab\",\"name\":\"Juan Ignacio Prieto Nieto\",\"image\":{\"@type\":\"ImageObject\",\"inLanguage\":\"es\",\"@id\":\"https:\/\/www.asajacyl.com\/soria\/#\/schema\/person\/image\/\",\"url\":\"https:\/\/secure.gravatar.com\/avatar\/8266b36e4d9001acb4700699a2468dc8?s=96&d=mm&r=g\",\"contentUrl\":\"https:\/\/secure.gravatar.com\/avatar\/8266b36e4d9001acb4700699a2468dc8?s=96&d=mm&r=g\",\"caption\":\"Juan Ignacio Prieto Nieto\"},\"url\":\"https:\/\/www.asajacyl.com\/soria\/author\/juanfranciscoby\"}]}<\/script>\n<!-- \/ Yoast SEO plugin. -->","yoast_head_json":{"title":"XXIII Visita a los Campos de Ensayo de ASAJA Soria en Almaz\u00e1n - ASAJA Soria","description":"La organizaci\u00f3n profesional agraria consolida e intensifica su oferta de experimentaci\u00f3n Alrededor de 300 agricultores de toda la provincia participaron","robots":{"index":"index","follow":"follow","max-snippet":"max-snippet:-1","max-image-preview":"max-image-preview:large","max-video-preview":"max-video-preview:-1"},"canonical":"https:\/\/www.asajacyl.com\/soria\/asaja-soria-informa\/xxiii-visita-a-los-campos-de-ensayo-de-asaja-soria-en-almazan","og_locale":"es_ES","og_type":"article","og_title":"XXIII Visita a los Campos de Ensayo de ASAJA Soria en Almaz\u00e1n - ASAJA Soria","og_description":"La organizaci\u00f3n profesional agraria consolida e intensifica su oferta de experimentaci\u00f3n Alrededor de 300 agricultores de toda la provincia participaron","og_url":"https:\/\/www.asajacyl.com\/soria\/asaja-soria-informa\/xxiii-visita-a-los-campos-de-ensayo-de-asaja-soria-en-almazan","og_site_name":"ASAJA Soria","article_published_time":"2025-06-17T14:56:36+00:00","article_modified_time":"2025-06-23T07:40:43+00:00","og_image":[{"width":2500,"height":1875,"url":"https:\/\/www.asajacyl.com\/soria\/wp-content\/uploads\/sites\/9\/2025\/06\/IMG_7913.jpg","type":"image\/jpeg"}],"author":"Juan Ignacio Prieto Nieto","twitter_card":"summary_large_image","twitter_misc":{"Escrito por":"Juan Ignacio Prieto Nieto","Tiempo de lectura":"5 minutos"},"schema":{"@context":"https:\/\/schema.org","@graph":[{"@type":"WebPage","@id":"https:\/\/www.asajacyl.com\/soria\/asaja-soria-informa\/xxiii-visita-a-los-campos-de-ensayo-de-asaja-soria-en-almazan","url":"https:\/\/www.asajacyl.com\/soria\/asaja-soria-informa\/xxiii-visita-a-los-campos-de-ensayo-de-asaja-soria-en-almazan","name":"XXIII Visita a los Campos de Ensayo de ASAJA Soria en Almaz\u00e1n - ASAJA Soria","isPartOf":{"@id":"https:\/\/www.asajacyl.com\/soria\/#website"},"primaryImageOfPage":{"@id":"https:\/\/www.asajacyl.com\/soria\/asaja-soria-informa\/xxiii-visita-a-los-campos-de-ensayo-de-asaja-soria-en-almazan#primaryimage"},"image":{"@id":"https:\/\/www.asajacyl.com\/soria\/asaja-soria-informa\/xxiii-visita-a-los-campos-de-ensayo-de-asaja-soria-en-almazan#primaryimage"},"thumbnailUrl":"https:\/\/www.asajacyl.com\/soria\/wp-content\/uploads\/sites\/9\/2025\/06\/IMG_7913.jpg","datePublished":"2025-06-17T14:56:36+00:00","dateModified":"2025-06-23T07:40:43+00:00","author":{"@id":"https:\/\/www.asajacyl.com\/soria\/#\/schema\/person\/fd3081c40255119ce8133b87e6aedfab"},"description":"La organizaci\u00f3n profesional agraria consolida e intensifica su oferta de experimentaci\u00f3n Alrededor de 300 agricultores de toda la provincia participaron","breadcrumb":{"@id":"https:\/\/www.asajacyl.com\/soria\/asaja-soria-informa\/xxiii-visita-a-los-campos-de-ensayo-de-asaja-soria-en-almazan#breadcrumb"},"inLanguage":"es","potentialAction":[{"@type":"ReadAction","target":["https:\/\/www.asajacyl.com\/soria\/asaja-soria-informa\/xxiii-visita-a-los-campos-de-ensayo-de-asaja-soria-en-almazan"]}]},{"@type":"ImageObject","inLanguage":"es","@id":"https:\/\/www.asajacyl.com\/soria\/asaja-soria-informa\/xxiii-visita-a-los-campos-de-ensayo-de-asaja-soria-en-almazan#primaryimage","url":"https:\/\/www.asajacyl.com\/soria\/wp-content\/uploads\/sites\/9\/2025\/06\/IMG_7913.jpg","contentUrl":"https:\/\/www.asajacyl.com\/soria\/wp-content\/uploads\/sites\/9\/2025\/06\/IMG_7913.jpg","width":2500,"height":1875},{"@type":"BreadcrumbList","@id":"https:\/\/www.asajacyl.com\/soria\/asaja-soria-informa\/xxiii-visita-a-los-campos-de-ensayo-de-asaja-soria-en-almazan#breadcrumb","itemListElement":[{"@type":"ListItem","position":1,"name":"Portada","item":"https:\/\/www.asajacyl.com\/soria\/"},{"@type":"ListItem","position":2,"name":"XXIII Visita a los Campos de Ensayo de ASAJA Soria en Almaz\u00e1n"}]},{"@type":"WebSite","@id":"https:\/\/www.asajacyl.com\/soria\/#website","url":"https:\/\/www.asajacyl.com\/soria\/","name":"ASAJA Soria","description":"Otro sitio m\u00e1s de Provincias ASAJA Castilla y Le\u00f3n","potentialAction":[{"@type":"SearchAction","target":{"@type":"EntryPoint","urlTemplate":"https:\/\/www.asajacyl.com\/soria\/?s={search_term_string}"},"query-input":{"@type":"PropertyValueSpecification","valueRequired":true,"valueName":"search_term_string"}}],"inLanguage":"es"},{"@type":"Person","@id":"https:\/\/www.asajacyl.com\/soria\/#\/schema\/person\/fd3081c40255119ce8133b87e6aedfab","name":"Juan Ignacio Prieto Nieto","image":{"@type":"ImageObject","inLanguage":"es","@id":"https:\/\/www.asajacyl.com\/soria\/#\/schema\/person\/image\/","url":"https:\/\/secure.gravatar.com\/avatar\/8266b36e4d9001acb4700699a2468dc8?s=96&d=mm&r=g","contentUrl":"https:\/\/secure.gravatar.com\/avatar\/8266b36e4d9001acb4700699a2468dc8?s=96&d=mm&r=g","caption":"Juan Ignacio Prieto Nieto"},"url":"https:\/\/www.asajacyl.com\/soria\/author\/juanfranciscoby"}]}},"_links":{"self":[{"href":"https:\/\/www.asajacyl.com\/soria\/wp-json\/wp\/v2\/posts\/9082"}],"collection":[{"href":"https:\/\/www.asajacyl.com\/soria\/wp-json\/wp\/v2\/posts"}],"about":[{"href":"https:\/\/www.asajacyl.com\/soria\/wp-json\/wp\/v2\/types\/post"}],"author":[{"embeddable":true,"href":"https:\/\/www.asajacyl.com\/soria\/wp-json\/wp\/v2\/users\/12"}],"replies":[{"embeddable":true,"href":"https:\/\/www.asajacyl.com\/soria\/wp-json\/wp\/v2\/comments?post=9082"}],"version-history":[{"count":4,"href":"https:\/\/www.asajacyl.com\/soria\/wp-json\/wp\/v2\/posts\/9082\/revisions"}],"predecessor-version":[{"id":9100,"href":"https:\/\/www.asajacyl.com\/soria\/wp-json\/wp\/v2\/posts\/9082\/revisions\/9100"}],"wp:featuredmedia":[{"embeddable":true,"href":"https:\/\/www.asajacyl.com\/soria\/wp-json\/wp\/v2\/media\/9094"}],"wp:attachment":[{"href":"https:\/\/www.asajacyl.com\/soria\/wp-json\/wp\/v2\/media?parent=9082"}],"wp:term":[{"taxonomy":"category","embeddable":true,"href":"https:\/\/www.asajacyl.com\/soria\/wp-json\/wp\/v2\/categories?post=9082"},{"taxonomy":"post_tag","embeddable":true,"href":"https:\/\/www.asajacyl.com\/soria\/wp-json\/wp\/v2\/tags?post=9082"}],"curies":[{"name":"wp","href":"https:\/\/api.w.org\/{rel}","templated":true}]}}