{"id":9101,"date":"2025-06-23T09:50:21","date_gmt":"2025-06-23T07:50:21","guid":{"rendered":"https:\/\/www.asajacyl.com\/soria\/?p=9101"},"modified":"2025-07-01T11:32:25","modified_gmt":"2025-07-01T09:32:25","slug":"asaja-soria-ve-un-riesgo-cierto-de-que-el-campo-no-pueda-acometer-la-siguiente-sementera","status":"publish","type":"post","link":"https:\/\/www.asajacyl.com\/soria\/asaja-soria-informa\/asaja-soria-ve-un-riesgo-cierto-de-que-el-campo-no-pueda-acometer-la-siguiente-sementera","title":{"rendered":"ASAJA Soria ve un riesgo cierto de que el campo no pueda acometer la siguiente sementera"},"content":{"rendered":"\n\n\n<h2><strong>La organizaci\u00f3n pone el foco en un panorama de precios lamentable y muchas incertidumbres en los mercados <\/strong><\/h2>\n<p>La Asociaci\u00f3n Agraria de J\u00f3venes Agricultores de Soria (ASAJA) quiere hacer hincapi\u00e9 en las dificultades que se atisban en un futuro cercano a la hora de la pr\u00f3xima sementera y alerta de la insostenible campa\u00f1a que pueden afrontar los cerealistas de la provincia. La baja rentabilidad del sector ya se est\u00e1 traduciendo en la clara la tendencia a la baja y hay notables diferencias entre la superficie cultivada en 2021 (m\u00e1s de 220.000 hect\u00e1reas) y en 2024 (180.000).<\/p>\n<p>La rentabilidad de las explotaciones est\u00e1 adem\u00e1s muy condicionada por los bajos precios del cereal y el encarecimiento de los costes de producci\u00f3n. Sin ir m\u00e1s lejos, hay que recordar que el trigo en junio de 2022 estaba en la lonja del Ebro a 391 euros tonelada y hoy est\u00e1 a 217 en destino (hay que descontar a eso los portes), una cifra muy preocupante y m\u00e1s si se tiene en cuenta que los costes de producci\u00f3n para el agricultor son de unos 800 euros por hect\u00e1rea.<\/p>\n<p>Como ya se pudo ver este a\u00f1o en la Feria de Almaz\u00e1n, ASAJA mostr\u00f3 un gr\u00e1fico con el c\u00e1lculo orientativo medio de gastos e ingresos variables por hect\u00e1rea en la provincia de Soria de este a\u00f1o y tanto en laboreo tradicional como en siembra directa el balance era de entre 145 y 192 euros de p\u00e9rdidas.<\/p>\n<p>A esta situaci\u00f3n hay que sumar la incertidumbre generada por Donald Trump desde que anunci\u00f3 su famoso cartel\u00f3n con una bater\u00eda de aranceles, una patada sobre la mesa de las relaciones comerciales de todo el mundo, y muchas de sus consecuencias todav\u00eda son impredecibles. Y el actual conflicto de Israel e Ir\u00e1n, con el riesgo del cierre del estrecho de Ormuz y las repercusiones que eso traer\u00eda en muchos aspectos, especialmente en los precios de los carburantes y el gas.<\/p>\n<p>\u00a0<\/p>\n","protected":false},"excerpt":{"rendered":"<p>La organizaci\u00f3n pone el foco en un panorama de precios lamentable y muchas incertidumbres en los mercados La Asociaci\u00f3n Agraria de J\u00f3venes Agricultores de Soria (ASAJA) quiere hacer hincapi\u00e9 en las dificultades que se atisban en un futuro cercano a la hora de la pr\u00f3xima sementera y alerta de la insostenible campa\u00f1a que pueden afrontar [&hellip;]<\/p>\n","protected":false},"author":12,"featured_media":9105,"comment_status":"open","ping_status":"open","sticky":false,"template":"","format":"standard","meta":{"footnotes":""},"categories":[10,25],"tags":[],"yoast_head":"<!-- This site is optimized with the Yoast SEO plugin v24.5 - https:\/\/yoast.com\/wordpress\/plugins\/seo\/ -->\n<title>ASAJA Soria ve un riesgo cierto de que el campo no pueda acometer la siguiente sementera - ASAJA Soria<\/title>\n<meta name=\"description\" content=\"La organizaci\u00f3n pone el foco en un panorama de precios lamentable y muchas incertidumbres en los mercados La Asociaci\u00f3n Agraria de J\u00f3venes Agricultores de\" \/>\n<meta name=\"robots\" content=\"index, follow, max-snippet:-1, max-image-preview:large, max-video-preview:-1\" \/>\n<link rel=\"canonical\" href=\"https:\/\/www.asajacyl.com\/soria\/asaja-soria-informa\/asaja-soria-ve-un-riesgo-cierto-de-que-el-campo-no-pueda-acometer-la-siguiente-sementera\" \/>\n<meta property=\"og:locale\" content=\"es_ES\" \/>\n<meta property=\"og:type\" content=\"article\" \/>\n<meta property=\"og:title\" content=\"ASAJA Soria ve un riesgo cierto de que el campo no pueda acometer la siguiente sementera - ASAJA Soria\" \/>\n<meta property=\"og:description\" content=\"La organizaci\u00f3n pone el foco en un panorama de precios lamentable y muchas incertidumbres en los mercados La Asociaci\u00f3n Agraria de J\u00f3venes Agricultores de\" \/>\n<meta property=\"og:url\" content=\"https:\/\/www.asajacyl.com\/soria\/asaja-soria-informa\/asaja-soria-ve-un-riesgo-cierto-de-que-el-campo-no-pueda-acometer-la-siguiente-sementera\" \/>\n<meta property=\"og:site_name\" content=\"ASAJA Soria\" \/>\n<meta property=\"article:published_time\" content=\"2025-06-23T07:50:21+00:00\" \/>\n<meta property=\"article:modified_time\" content=\"2025-07-01T09:32:25+00:00\" \/>\n<meta property=\"og:image\" content=\"https:\/\/www.asajacyl.com\/soria\/wp-content\/uploads\/sites\/9\/2025\/06\/920903.jpeg\" \/>\n\t<meta property=\"og:image:width\" content=\"470\" \/>\n\t<meta property=\"og:image:height\" content=\"353\" \/>\n\t<meta property=\"og:image:type\" content=\"image\/jpeg\" \/>\n<meta name=\"author\" content=\"Juan Ignacio Prieto Nieto\" \/>\n<meta name=\"twitter:card\" content=\"summary_large_image\" \/>\n<meta name=\"twitter:label1\" content=\"Escrito por\" \/>\n\t<meta name=\"twitter:data1\" content=\"Juan Ignacio Prieto Nieto\" \/>\n\t<meta name=\"twitter:label2\" content=\"Tiempo de lectura\" \/>\n\t<meta name=\"twitter:data2\" content=\"2 minutos\" \/>\n<script type=\"application\/ld+json\" class=\"yoast-schema-graph\">{\"@context\":\"https:\/\/schema.org\",\"@graph\":[{\"@type\":\"WebPage\",\"@id\":\"https:\/\/www.asajacyl.com\/soria\/asaja-soria-informa\/asaja-soria-ve-un-riesgo-cierto-de-que-el-campo-no-pueda-acometer-la-siguiente-sementera\",\"url\":\"https:\/\/www.asajacyl.com\/soria\/asaja-soria-informa\/asaja-soria-ve-un-riesgo-cierto-de-que-el-campo-no-pueda-acometer-la-siguiente-sementera\",\"name\":\"ASAJA Soria ve un riesgo cierto de que el campo no pueda acometer la siguiente sementera - ASAJA Soria\",\"isPartOf\":{\"@id\":\"https:\/\/www.asajacyl.com\/soria\/#website\"},\"primaryImageOfPage\":{\"@id\":\"https:\/\/www.asajacyl.com\/soria\/asaja-soria-informa\/asaja-soria-ve-un-riesgo-cierto-de-que-el-campo-no-pueda-acometer-la-siguiente-sementera#primaryimage\"},\"image\":{\"@id\":\"https:\/\/www.asajacyl.com\/soria\/asaja-soria-informa\/asaja-soria-ve-un-riesgo-cierto-de-que-el-campo-no-pueda-acometer-la-siguiente-sementera#primaryimage\"},\"thumbnailUrl\":\"https:\/\/www.asajacyl.com\/soria\/wp-content\/uploads\/sites\/9\/2025\/06\/920903.jpeg\",\"datePublished\":\"2025-06-23T07:50:21+00:00\",\"dateModified\":\"2025-07-01T09:32:25+00:00\",\"author\":{\"@id\":\"https:\/\/www.asajacyl.com\/soria\/#\/schema\/person\/fd3081c40255119ce8133b87e6aedfab\"},\"description\":\"La organizaci\u00f3n pone el foco en un panorama de precios lamentable y muchas incertidumbres en los mercados La Asociaci\u00f3n Agraria de J\u00f3venes Agricultores de\",\"breadcrumb\":{\"@id\":\"https:\/\/www.asajacyl.com\/soria\/asaja-soria-informa\/asaja-soria-ve-un-riesgo-cierto-de-que-el-campo-no-pueda-acometer-la-siguiente-sementera#breadcrumb\"},\"inLanguage\":\"es\",\"potentialAction\":[{\"@type\":\"ReadAction\",\"target\":[\"https:\/\/www.asajacyl.com\/soria\/asaja-soria-informa\/asaja-soria-ve-un-riesgo-cierto-de-que-el-campo-no-pueda-acometer-la-siguiente-sementera\"]}]},{\"@type\":\"ImageObject\",\"inLanguage\":\"es\",\"@id\":\"https:\/\/www.asajacyl.com\/soria\/asaja-soria-informa\/asaja-soria-ve-un-riesgo-cierto-de-que-el-campo-no-pueda-acometer-la-siguiente-sementera#primaryimage\",\"url\":\"https:\/\/www.asajacyl.com\/soria\/wp-content\/uploads\/sites\/9\/2025\/06\/920903.jpeg\",\"contentUrl\":\"https:\/\/www.asajacyl.com\/soria\/wp-content\/uploads\/sites\/9\/2025\/06\/920903.jpeg\",\"width\":470,\"height\":353},{\"@type\":\"BreadcrumbList\",\"@id\":\"https:\/\/www.asajacyl.com\/soria\/asaja-soria-informa\/asaja-soria-ve-un-riesgo-cierto-de-que-el-campo-no-pueda-acometer-la-siguiente-sementera#breadcrumb\",\"itemListElement\":[{\"@type\":\"ListItem\",\"position\":1,\"name\":\"Portada\",\"item\":\"https:\/\/www.asajacyl.com\/soria\/\"},{\"@type\":\"ListItem\",\"position\":2,\"name\":\"ASAJA Soria ve un riesgo cierto de que el campo no pueda acometer la siguiente sementera\"}]},{\"@type\":\"WebSite\",\"@id\":\"https:\/\/www.asajacyl.com\/soria\/#website\",\"url\":\"https:\/\/www.asajacyl.com\/soria\/\",\"name\":\"ASAJA Soria\",\"description\":\"Otro sitio m\u00e1s de Provincias ASAJA Castilla y Le\u00f3n\",\"potentialAction\":[{\"@type\":\"SearchAction\",\"target\":{\"@type\":\"EntryPoint\",\"urlTemplate\":\"https:\/\/www.asajacyl.com\/soria\/?s={search_term_string}\"},\"query-input\":{\"@type\":\"PropertyValueSpecification\",\"valueRequired\":true,\"valueName\":\"search_term_string\"}}],\"inLanguage\":\"es\"},{\"@type\":\"Person\",\"@id\":\"https:\/\/www.asajacyl.com\/soria\/#\/schema\/person\/fd3081c40255119ce8133b87e6aedfab\",\"name\":\"Juan Ignacio Prieto Nieto\",\"image\":{\"@type\":\"ImageObject\",\"inLanguage\":\"es\",\"@id\":\"https:\/\/www.asajacyl.com\/soria\/#\/schema\/person\/image\/\",\"url\":\"https:\/\/secure.gravatar.com\/avatar\/8266b36e4d9001acb4700699a2468dc8?s=96&d=mm&r=g\",\"contentUrl\":\"https:\/\/secure.gravatar.com\/avatar\/8266b36e4d9001acb4700699a2468dc8?s=96&d=mm&r=g\",\"caption\":\"Juan Ignacio Prieto Nieto\"},\"url\":\"https:\/\/www.asajacyl.com\/soria\/author\/juanfranciscoby\"}]}<\/script>\n<!-- \/ Yoast SEO plugin. -->","yoast_head_json":{"title":"ASAJA Soria ve un riesgo cierto de que el campo no pueda acometer la siguiente sementera - ASAJA Soria","description":"La organizaci\u00f3n pone el foco en un panorama de precios lamentable y muchas incertidumbres en los mercados La Asociaci\u00f3n Agraria de J\u00f3venes Agricultores de","robots":{"index":"index","follow":"follow","max-snippet":"max-snippet:-1","max-image-preview":"max-image-preview:large","max-video-preview":"max-video-preview:-1"},"canonical":"https:\/\/www.asajacyl.com\/soria\/asaja-soria-informa\/asaja-soria-ve-un-riesgo-cierto-de-que-el-campo-no-pueda-acometer-la-siguiente-sementera","og_locale":"es_ES","og_type":"article","og_title":"ASAJA Soria ve un riesgo cierto de que el campo no pueda acometer la siguiente sementera - ASAJA Soria","og_description":"La organizaci\u00f3n pone el foco en un panorama de precios lamentable y muchas incertidumbres en los mercados La Asociaci\u00f3n Agraria de J\u00f3venes Agricultores de","og_url":"https:\/\/www.asajacyl.com\/soria\/asaja-soria-informa\/asaja-soria-ve-un-riesgo-cierto-de-que-el-campo-no-pueda-acometer-la-siguiente-sementera","og_site_name":"ASAJA Soria","article_published_time":"2025-06-23T07:50:21+00:00","article_modified_time":"2025-07-01T09:32:25+00:00","og_image":[{"width":470,"height":353,"url":"https:\/\/www.asajacyl.com\/soria\/wp-content\/uploads\/sites\/9\/2025\/06\/920903.jpeg","type":"image\/jpeg"}],"author":"Juan Ignacio Prieto Nieto","twitter_card":"summary_large_image","twitter_misc":{"Escrito por":"Juan Ignacio Prieto Nieto","Tiempo de lectura":"2 minutos"},"schema":{"@context":"https:\/\/schema.org","@graph":[{"@type":"WebPage","@id":"https:\/\/www.asajacyl.com\/soria\/asaja-soria-informa\/asaja-soria-ve-un-riesgo-cierto-de-que-el-campo-no-pueda-acometer-la-siguiente-sementera","url":"https:\/\/www.asajacyl.com\/soria\/asaja-soria-informa\/asaja-soria-ve-un-riesgo-cierto-de-que-el-campo-no-pueda-acometer-la-siguiente-sementera","name":"ASAJA Soria ve un riesgo cierto de que el campo no pueda acometer la siguiente sementera - ASAJA Soria","isPartOf":{"@id":"https:\/\/www.asajacyl.com\/soria\/#website"},"primaryImageOfPage":{"@id":"https:\/\/www.asajacyl.com\/soria\/asaja-soria-informa\/asaja-soria-ve-un-riesgo-cierto-de-que-el-campo-no-pueda-acometer-la-siguiente-sementera#primaryimage"},"image":{"@id":"https:\/\/www.asajacyl.com\/soria\/asaja-soria-informa\/asaja-soria-ve-un-riesgo-cierto-de-que-el-campo-no-pueda-acometer-la-siguiente-sementera#primaryimage"},"thumbnailUrl":"https:\/\/www.asajacyl.com\/soria\/wp-content\/uploads\/sites\/9\/2025\/06\/920903.jpeg","datePublished":"2025-06-23T07:50:21+00:00","dateModified":"2025-07-01T09:32:25+00:00","author":{"@id":"https:\/\/www.asajacyl.com\/soria\/#\/schema\/person\/fd3081c40255119ce8133b87e6aedfab"},"description":"La organizaci\u00f3n pone el foco en un panorama de precios lamentable y muchas incertidumbres en los mercados La Asociaci\u00f3n Agraria de J\u00f3venes Agricultores de","breadcrumb":{"@id":"https:\/\/www.asajacyl.com\/soria\/asaja-soria-informa\/asaja-soria-ve-un-riesgo-cierto-de-que-el-campo-no-pueda-acometer-la-siguiente-sementera#breadcrumb"},"inLanguage":"es","potentialAction":[{"@type":"ReadAction","target":["https:\/\/www.asajacyl.com\/soria\/asaja-soria-informa\/asaja-soria-ve-un-riesgo-cierto-de-que-el-campo-no-pueda-acometer-la-siguiente-sementera"]}]},{"@type":"ImageObject","inLanguage":"es","@id":"https:\/\/www.asajacyl.com\/soria\/asaja-soria-informa\/asaja-soria-ve-un-riesgo-cierto-de-que-el-campo-no-pueda-acometer-la-siguiente-sementera#primaryimage","url":"https:\/\/www.asajacyl.com\/soria\/wp-content\/uploads\/sites\/9\/2025\/06\/920903.jpeg","contentUrl":"https:\/\/www.asajacyl.com\/soria\/wp-content\/uploads\/sites\/9\/2025\/06\/920903.jpeg","width":470,"height":353},{"@type":"BreadcrumbList","@id":"https:\/\/www.asajacyl.com\/soria\/asaja-soria-informa\/asaja-soria-ve-un-riesgo-cierto-de-que-el-campo-no-pueda-acometer-la-siguiente-sementera#breadcrumb","itemListElement":[{"@type":"ListItem","position":1,"name":"Portada","item":"https:\/\/www.asajacyl.com\/soria\/"},{"@type":"ListItem","position":2,"name":"ASAJA Soria ve un riesgo cierto de que el campo no pueda acometer la siguiente sementera"}]},{"@type":"WebSite","@id":"https:\/\/www.asajacyl.com\/soria\/#website","url":"https:\/\/www.asajacyl.com\/soria\/","name":"ASAJA Soria","description":"Otro sitio m\u00e1s de Provincias ASAJA Castilla y Le\u00f3n","potentialAction":[{"@type":"SearchAction","target":{"@type":"EntryPoint","urlTemplate":"https:\/\/www.asajacyl.com\/soria\/?s={search_term_string}"},"query-input":{"@type":"PropertyValueSpecification","valueRequired":true,"valueName":"search_term_string"}}],"inLanguage":"es"},{"@type":"Person","@id":"https:\/\/www.asajacyl.com\/soria\/#\/schema\/person\/fd3081c40255119ce8133b87e6aedfab","name":"Juan Ignacio Prieto Nieto","image":{"@type":"ImageObject","inLanguage":"es","@id":"https:\/\/www.asajacyl.com\/soria\/#\/schema\/person\/image\/","url":"https:\/\/secure.gravatar.com\/avatar\/8266b36e4d9001acb4700699a2468dc8?s=96&d=mm&r=g","contentUrl":"https:\/\/secure.gravatar.com\/avatar\/8266b36e4d9001acb4700699a2468dc8?s=96&d=mm&r=g","caption":"Juan Ignacio Prieto Nieto"},"url":"https:\/\/www.asajacyl.com\/soria\/author\/juanfranciscoby"}]}},"_links":{"self":[{"href":"https:\/\/www.asajacyl.com\/soria\/wp-json\/wp\/v2\/posts\/9101"}],"collection":[{"href":"https:\/\/www.asajacyl.com\/soria\/wp-json\/wp\/v2\/posts"}],"about":[{"href":"https:\/\/www.asajacyl.com\/soria\/wp-json\/wp\/v2\/types\/post"}],"author":[{"embeddable":true,"href":"https:\/\/www.asajacyl.com\/soria\/wp-json\/wp\/v2\/users\/12"}],"replies":[{"embeddable":true,"href":"https:\/\/www.asajacyl.com\/soria\/wp-json\/wp\/v2\/comments?post=9101"}],"version-history":[{"count":1,"href":"https:\/\/www.asajacyl.com\/soria\/wp-json\/wp\/v2\/posts\/9101\/revisions"}],"predecessor-version":[{"id":9103,"href":"https:\/\/www.asajacyl.com\/soria\/wp-json\/wp\/v2\/posts\/9101\/revisions\/9103"}],"wp:featuredmedia":[{"embeddable":true,"href":"https:\/\/www.asajacyl.com\/soria\/wp-json\/wp\/v2\/media\/9105"}],"wp:attachment":[{"href":"https:\/\/www.asajacyl.com\/soria\/wp-json\/wp\/v2\/media?parent=9101"}],"wp:term":[{"taxonomy":"category","embeddable":true,"href":"https:\/\/www.asajacyl.com\/soria\/wp-json\/wp\/v2\/categories?post=9101"},{"taxonomy":"post_tag","embeddable":true,"href":"https:\/\/www.asajacyl.com\/soria\/wp-json\/wp\/v2\/tags?post=9101"}],"curies":[{"name":"wp","href":"https:\/\/api.w.org\/{rel}","templated":true}]}}