{"id":9124,"date":"2025-07-15T10:38:24","date_gmt":"2025-07-15T08:38:24","guid":{"rendered":"https:\/\/www.asajacyl.com\/soria\/?p=9124"},"modified":"2025-07-15T11:21:33","modified_gmt":"2025-07-15T09:21:33","slug":"aviso","status":"publish","type":"post","link":"https:\/\/www.asajacyl.com\/soria\/servicios-socio\/informes\/aviso","title":{"rendered":"AVISO"},"content":{"rendered":"\n\n\n<p><span class=\"selectable-text copyable-text false\">Buenos d\u00edas. La Consejer\u00eda de MA ha decretado estado de ALERTA por riesgo meteorol\u00f3gico de incendios para los d\u00edas 16 y 17 de Julio. Como sab\u00e9is, el estado de Alerta no es suficiente para detener las actividades de cosecha, como nos aclar\u00f3 el Tribunal Superior de Justicia en nuestra demanda desde ASAJA Soria. Sin embargo, se esperan momentos de m\u00e1s de 30\u00baC en la parte central del d\u00eda (entre las 13:00 y 17:00) y vientos que podr\u00edan superar los 30 Km\/h que, como sab\u00e9is , si se dan a la vez, son las condiciones de parar. Por tanto, <\/span><span class=\"selectable-text copyable-text false xdakrdy\">*<\/span><b><strong class=\"selectable-text copyable-text false x117nqv4\">S\u00cd se puede cosechar en estos d\u00edas<\/strong><\/b><span class=\"selectable-text copyable-text false xdakrdy\">*<\/span><span class=\"selectable-text copyable-text false\">, salvo si se da lo gen\u00e9rico de la regla 30\/30 que siempre est\u00e1 vigente. Os aconsejamos precauci\u00f3n y tened en cuenta los medios m\u00ednimos (dos batefuegos y 2 mochilas de agua) y el plan de vigilancia (otra persona alerta mientras se cosecha).<\/span><\/p>\n","protected":false},"excerpt":{"rendered":"<p>Buenos d\u00edas. La Consejer\u00eda de MA ha decretado estado de ALERTA por riesgo meteorol\u00f3gico de incendios para los d\u00edas 16 y 17 de Julio. Como sab\u00e9is, el estado de Alerta no es suficiente para detener las actividades de cosecha, como nos aclar\u00f3 el Tribunal Superior de Justicia en nuestra demanda desde ASAJA Soria. Sin embargo, [&hellip;]<\/p>\n","protected":false},"author":12,"featured_media":9125,"comment_status":"open","ping_status":"open","sticky":false,"template":"","format":"standard","meta":{"footnotes":""},"categories":[37],"tags":[],"yoast_head":"<!-- This site is optimized with the Yoast SEO plugin v24.5 - https:\/\/yoast.com\/wordpress\/plugins\/seo\/ -->\n<title>AVISO - ASAJA Soria<\/title>\n<meta name=\"description\" content=\"Buenos d\u00edas. La Consejer\u00eda de MA ha decretado estado de ALERTA por riesgo meteorol\u00f3gico de incendios para los d\u00edas 16 y 17 de Julio. Como sab\u00e9is, el\" \/>\n<meta name=\"robots\" content=\"index, follow, max-snippet:-1, max-image-preview:large, max-video-preview:-1\" \/>\n<link rel=\"canonical\" href=\"https:\/\/www.asajacyl.com\/soria\/servicios-socio\/informes\/aviso\" \/>\n<meta property=\"og:locale\" content=\"es_ES\" \/>\n<meta property=\"og:type\" content=\"article\" \/>\n<meta property=\"og:title\" content=\"AVISO - ASAJA Soria\" \/>\n<meta property=\"og:description\" content=\"Buenos d\u00edas. La Consejer\u00eda de MA ha decretado estado de ALERTA por riesgo meteorol\u00f3gico de incendios para los d\u00edas 16 y 17 de Julio. Como sab\u00e9is, el\" \/>\n<meta property=\"og:url\" content=\"https:\/\/www.asajacyl.com\/soria\/servicios-socio\/informes\/aviso\" \/>\n<meta property=\"og:site_name\" content=\"ASAJA Soria\" \/>\n<meta property=\"article:published_time\" content=\"2025-07-15T08:38:24+00:00\" \/>\n<meta property=\"article:modified_time\" content=\"2025-07-15T09:21:33+00:00\" \/>\n<meta property=\"og:image\" content=\"https:\/\/www.asajacyl.com\/soria\/wp-content\/uploads\/sites\/9\/2025\/07\/foto-cosecha-1024x768.jpg\" \/>\n\t<meta property=\"og:image:width\" content=\"1024\" \/>\n\t<meta property=\"og:image:height\" content=\"768\" \/>\n\t<meta property=\"og:image:type\" content=\"image\/jpeg\" \/>\n<meta name=\"author\" content=\"Juan Ignacio Prieto Nieto\" \/>\n<meta name=\"twitter:card\" content=\"summary_large_image\" \/>\n<meta name=\"twitter:label1\" content=\"Escrito por\" \/>\n\t<meta name=\"twitter:data1\" content=\"Juan Ignacio Prieto Nieto\" \/>\n\t<meta name=\"twitter:label2\" content=\"Tiempo de lectura\" \/>\n\t<meta name=\"twitter:data2\" content=\"1 minuto\" \/>\n<script type=\"application\/ld+json\" class=\"yoast-schema-graph\">{\"@context\":\"https:\/\/schema.org\",\"@graph\":[{\"@type\":\"WebPage\",\"@id\":\"https:\/\/www.asajacyl.com\/soria\/servicios-socio\/informes\/aviso\",\"url\":\"https:\/\/www.asajacyl.com\/soria\/servicios-socio\/informes\/aviso\",\"name\":\"AVISO - ASAJA Soria\",\"isPartOf\":{\"@id\":\"https:\/\/www.asajacyl.com\/soria\/#website\"},\"primaryImageOfPage\":{\"@id\":\"https:\/\/www.asajacyl.com\/soria\/servicios-socio\/informes\/aviso#primaryimage\"},\"image\":{\"@id\":\"https:\/\/www.asajacyl.com\/soria\/servicios-socio\/informes\/aviso#primaryimage\"},\"thumbnailUrl\":\"https:\/\/www.asajacyl.com\/soria\/wp-content\/uploads\/sites\/9\/2025\/07\/foto-cosecha.jpg\",\"datePublished\":\"2025-07-15T08:38:24+00:00\",\"dateModified\":\"2025-07-15T09:21:33+00:00\",\"author\":{\"@id\":\"https:\/\/www.asajacyl.com\/soria\/#\/schema\/person\/fd3081c40255119ce8133b87e6aedfab\"},\"description\":\"Buenos d\u00edas. La Consejer\u00eda de MA ha decretado estado de ALERTA por riesgo meteorol\u00f3gico de incendios para los d\u00edas 16 y 17 de Julio. Como sab\u00e9is, el\",\"breadcrumb\":{\"@id\":\"https:\/\/www.asajacyl.com\/soria\/servicios-socio\/informes\/aviso#breadcrumb\"},\"inLanguage\":\"es\",\"potentialAction\":[{\"@type\":\"ReadAction\",\"target\":[\"https:\/\/www.asajacyl.com\/soria\/servicios-socio\/informes\/aviso\"]}]},{\"@type\":\"ImageObject\",\"inLanguage\":\"es\",\"@id\":\"https:\/\/www.asajacyl.com\/soria\/servicios-socio\/informes\/aviso#primaryimage\",\"url\":\"https:\/\/www.asajacyl.com\/soria\/wp-content\/uploads\/sites\/9\/2025\/07\/foto-cosecha.jpg\",\"contentUrl\":\"https:\/\/www.asajacyl.com\/soria\/wp-content\/uploads\/sites\/9\/2025\/07\/foto-cosecha.jpg\",\"width\":2304,\"height\":1728},{\"@type\":\"BreadcrumbList\",\"@id\":\"https:\/\/www.asajacyl.com\/soria\/servicios-socio\/informes\/aviso#breadcrumb\",\"itemListElement\":[{\"@type\":\"ListItem\",\"position\":1,\"name\":\"Portada\",\"item\":\"https:\/\/www.asajacyl.com\/soria\/\"},{\"@type\":\"ListItem\",\"position\":2,\"name\":\"AVISO\"}]},{\"@type\":\"WebSite\",\"@id\":\"https:\/\/www.asajacyl.com\/soria\/#website\",\"url\":\"https:\/\/www.asajacyl.com\/soria\/\",\"name\":\"ASAJA Soria\",\"description\":\"Otro sitio m\u00e1s de Provincias ASAJA Castilla y Le\u00f3n\",\"potentialAction\":[{\"@type\":\"SearchAction\",\"target\":{\"@type\":\"EntryPoint\",\"urlTemplate\":\"https:\/\/www.asajacyl.com\/soria\/?s={search_term_string}\"},\"query-input\":{\"@type\":\"PropertyValueSpecification\",\"valueRequired\":true,\"valueName\":\"search_term_string\"}}],\"inLanguage\":\"es\"},{\"@type\":\"Person\",\"@id\":\"https:\/\/www.asajacyl.com\/soria\/#\/schema\/person\/fd3081c40255119ce8133b87e6aedfab\",\"name\":\"Juan Ignacio Prieto Nieto\",\"image\":{\"@type\":\"ImageObject\",\"inLanguage\":\"es\",\"@id\":\"https:\/\/www.asajacyl.com\/soria\/#\/schema\/person\/image\/\",\"url\":\"https:\/\/secure.gravatar.com\/avatar\/8266b36e4d9001acb4700699a2468dc8?s=96&d=mm&r=g\",\"contentUrl\":\"https:\/\/secure.gravatar.com\/avatar\/8266b36e4d9001acb4700699a2468dc8?s=96&d=mm&r=g\",\"caption\":\"Juan Ignacio Prieto Nieto\"},\"url\":\"https:\/\/www.asajacyl.com\/soria\/author\/juanfranciscoby\"}]}<\/script>\n<!-- \/ Yoast SEO plugin. -->","yoast_head_json":{"title":"AVISO - ASAJA Soria","description":"Buenos d\u00edas. La Consejer\u00eda de MA ha decretado estado de ALERTA por riesgo meteorol\u00f3gico de incendios para los d\u00edas 16 y 17 de Julio. Como sab\u00e9is, el","robots":{"index":"index","follow":"follow","max-snippet":"max-snippet:-1","max-image-preview":"max-image-preview:large","max-video-preview":"max-video-preview:-1"},"canonical":"https:\/\/www.asajacyl.com\/soria\/servicios-socio\/informes\/aviso","og_locale":"es_ES","og_type":"article","og_title":"AVISO - ASAJA Soria","og_description":"Buenos d\u00edas. La Consejer\u00eda de MA ha decretado estado de ALERTA por riesgo meteorol\u00f3gico de incendios para los d\u00edas 16 y 17 de Julio. Como sab\u00e9is, el","og_url":"https:\/\/www.asajacyl.com\/soria\/servicios-socio\/informes\/aviso","og_site_name":"ASAJA Soria","article_published_time":"2025-07-15T08:38:24+00:00","article_modified_time":"2025-07-15T09:21:33+00:00","og_image":[{"width":1024,"height":768,"url":"https:\/\/www.asajacyl.com\/soria\/wp-content\/uploads\/sites\/9\/2025\/07\/foto-cosecha-1024x768.jpg","type":"image\/jpeg"}],"author":"Juan Ignacio Prieto Nieto","twitter_card":"summary_large_image","twitter_misc":{"Escrito por":"Juan Ignacio Prieto Nieto","Tiempo de lectura":"1 minuto"},"schema":{"@context":"https:\/\/schema.org","@graph":[{"@type":"WebPage","@id":"https:\/\/www.asajacyl.com\/soria\/servicios-socio\/informes\/aviso","url":"https:\/\/www.asajacyl.com\/soria\/servicios-socio\/informes\/aviso","name":"AVISO - ASAJA Soria","isPartOf":{"@id":"https:\/\/www.asajacyl.com\/soria\/#website"},"primaryImageOfPage":{"@id":"https:\/\/www.asajacyl.com\/soria\/servicios-socio\/informes\/aviso#primaryimage"},"image":{"@id":"https:\/\/www.asajacyl.com\/soria\/servicios-socio\/informes\/aviso#primaryimage"},"thumbnailUrl":"https:\/\/www.asajacyl.com\/soria\/wp-content\/uploads\/sites\/9\/2025\/07\/foto-cosecha.jpg","datePublished":"2025-07-15T08:38:24+00:00","dateModified":"2025-07-15T09:21:33+00:00","author":{"@id":"https:\/\/www.asajacyl.com\/soria\/#\/schema\/person\/fd3081c40255119ce8133b87e6aedfab"},"description":"Buenos d\u00edas. La Consejer\u00eda de MA ha decretado estado de ALERTA por riesgo meteorol\u00f3gico de incendios para los d\u00edas 16 y 17 de Julio. Como sab\u00e9is, el","breadcrumb":{"@id":"https:\/\/www.asajacyl.com\/soria\/servicios-socio\/informes\/aviso#breadcrumb"},"inLanguage":"es","potentialAction":[{"@type":"ReadAction","target":["https:\/\/www.asajacyl.com\/soria\/servicios-socio\/informes\/aviso"]}]},{"@type":"ImageObject","inLanguage":"es","@id":"https:\/\/www.asajacyl.com\/soria\/servicios-socio\/informes\/aviso#primaryimage","url":"https:\/\/www.asajacyl.com\/soria\/wp-content\/uploads\/sites\/9\/2025\/07\/foto-cosecha.jpg","contentUrl":"https:\/\/www.asajacyl.com\/soria\/wp-content\/uploads\/sites\/9\/2025\/07\/foto-cosecha.jpg","width":2304,"height":1728},{"@type":"BreadcrumbList","@id":"https:\/\/www.asajacyl.com\/soria\/servicios-socio\/informes\/aviso#breadcrumb","itemListElement":[{"@type":"ListItem","position":1,"name":"Portada","item":"https:\/\/www.asajacyl.com\/soria\/"},{"@type":"ListItem","position":2,"name":"AVISO"}]},{"@type":"WebSite","@id":"https:\/\/www.asajacyl.com\/soria\/#website","url":"https:\/\/www.asajacyl.com\/soria\/","name":"ASAJA Soria","description":"Otro sitio m\u00e1s de Provincias ASAJA Castilla y Le\u00f3n","potentialAction":[{"@type":"SearchAction","target":{"@type":"EntryPoint","urlTemplate":"https:\/\/www.asajacyl.com\/soria\/?s={search_term_string}"},"query-input":{"@type":"PropertyValueSpecification","valueRequired":true,"valueName":"search_term_string"}}],"inLanguage":"es"},{"@type":"Person","@id":"https:\/\/www.asajacyl.com\/soria\/#\/schema\/person\/fd3081c40255119ce8133b87e6aedfab","name":"Juan Ignacio Prieto Nieto","image":{"@type":"ImageObject","inLanguage":"es","@id":"https:\/\/www.asajacyl.com\/soria\/#\/schema\/person\/image\/","url":"https:\/\/secure.gravatar.com\/avatar\/8266b36e4d9001acb4700699a2468dc8?s=96&d=mm&r=g","contentUrl":"https:\/\/secure.gravatar.com\/avatar\/8266b36e4d9001acb4700699a2468dc8?s=96&d=mm&r=g","caption":"Juan Ignacio Prieto Nieto"},"url":"https:\/\/www.asajacyl.com\/soria\/author\/juanfranciscoby"}]}},"_links":{"self":[{"href":"https:\/\/www.asajacyl.com\/soria\/wp-json\/wp\/v2\/posts\/9124"}],"collection":[{"href":"https:\/\/www.asajacyl.com\/soria\/wp-json\/wp\/v2\/posts"}],"about":[{"href":"https:\/\/www.asajacyl.com\/soria\/wp-json\/wp\/v2\/types\/post"}],"author":[{"embeddable":true,"href":"https:\/\/www.asajacyl.com\/soria\/wp-json\/wp\/v2\/users\/12"}],"replies":[{"embeddable":true,"href":"https:\/\/www.asajacyl.com\/soria\/wp-json\/wp\/v2\/comments?post=9124"}],"version-history":[{"count":2,"href":"https:\/\/www.asajacyl.com\/soria\/wp-json\/wp\/v2\/posts\/9124\/revisions"}],"predecessor-version":[{"id":9127,"href":"https:\/\/www.asajacyl.com\/soria\/wp-json\/wp\/v2\/posts\/9124\/revisions\/9127"}],"wp:featuredmedia":[{"embeddable":true,"href":"https:\/\/www.asajacyl.com\/soria\/wp-json\/wp\/v2\/media\/9125"}],"wp:attachment":[{"href":"https:\/\/www.asajacyl.com\/soria\/wp-json\/wp\/v2\/media?parent=9124"}],"wp:term":[{"taxonomy":"category","embeddable":true,"href":"https:\/\/www.asajacyl.com\/soria\/wp-json\/wp\/v2\/categories?post=9124"},{"taxonomy":"post_tag","embeddable":true,"href":"https:\/\/www.asajacyl.com\/soria\/wp-json\/wp\/v2\/tags?post=9124"}],"curies":[{"name":"wp","href":"https:\/\/api.w.org\/{rel}","templated":true}]}}