{"id":9128,"date":"2025-07-16T14:54:18","date_gmt":"2025-07-16T12:54:18","guid":{"rendered":"https:\/\/www.asajacyl.com\/soria\/?p=9128"},"modified":"2025-08-04T12:59:20","modified_gmt":"2025-08-04T10:59:20","slug":"asaja-von-der-leyen-se-carga-la-soberania-alimentaria-de-europa-con-las-cosas-del-comer-no-se-juega","status":"publish","type":"post","link":"https:\/\/www.asajacyl.com\/soria\/asaja-soria-informa\/asaja-von-der-leyen-se-carga-la-soberania-alimentaria-de-europa-con-las-cosas-del-comer-no-se-juega","title":{"rendered":"ASAJA: \u201cVon der Leyen se carga la soberan\u00eda alimentaria de Europa: con las cosas del comer no se juega\u201d"},"content":{"rendered":"\n\n\n<h2><strong>Los agricultores de toda Europa se movilizan en Bruselas para\u00a0defender el futuro del campo europeo. Convocados por el COPA-COGECA, han tomado parte en una protesta contra lo que consideran un ataque directo a la Pol\u00edtica Agr\u00edcola Com\u00fan (PAC).<\/strong><\/h2>\n<p><em>Bruselas, 16 de julio de 2025.<\/em><strong><em>&#8211;<\/em><\/strong> La Comisi\u00f3n Europea presentar\u00e1 una propuesta de <strong>Marco Financiero Plurianual (MFP)<\/strong> y, con ella, la disoluci\u00f3n de la <strong>Pol\u00edtica Agraria Com\u00fan (PAC)<\/strong> tal y como la conocemos. En lugar de una pol\u00edtica com\u00fan, con presupuesto propio y en la que el Parlamento Europeo tiene voz, la Comisi\u00f3n propone integrarla en un <strong>fondo \u00fanico multisectorial<\/strong>, gestionado bilateralmente entre Bruselas y los Estados.<\/p>\n<p><strong>Von der Leyen, \u201cquiere enterrar la PAC\u201d, una decisi\u00f3n pol\u00edtica sin precedentes que pone en peligro la soberan\u00eda alimentaria de Europa y rompe el v\u00ednculo entre el campo y los ciudadanos. Los agricultores y ganaderos no somos el problema, sino la soluci\u00f3n.<\/strong><\/p>\n<p>Por ello, <strong>ASAJA se ha manifestado hoy en Bruselas<\/strong>, frente al Parlamento Europeo, junto a miles de agricultores y representantes de toda Europa, en una movilizaci\u00f3n organizada por el <strong>COPA- COGECA y FWA<\/strong>.<\/p>\n<p>\u201cLa presidenta Von der Leyen ha decidido dejar al campo fuera del proyecto europeo. Convertir la PAC en un ap\u00e9ndice presupuestario es desarmar a la UE en uno de sus pilares: el de alimentarse a s\u00ed misma\u201d, ha declarado Pedro Barato, presidente nacional de ASAJA y vicepresidente del COPA.<\/p>\n<p><img loading=\"lazy\" decoding=\"async\" class=\" wp-image-9129 alignleft\" src=\"https:\/\/www.asajacyl.com\/soria\/wp-content\/uploads\/sites\/9\/2025\/07\/d3174bc4-c2f3-49b8-bcda-a29a1d68b452.jpg\" alt=\"\" width=\"478\" height=\"358\" srcset=\"https:\/\/www.asajacyl.com\/soria\/wp-content\/uploads\/sites\/9\/2025\/07\/d3174bc4-c2f3-49b8-bcda-a29a1d68b452.jpg 1600w, https:\/\/www.asajacyl.com\/soria\/wp-content\/uploads\/sites\/9\/2025\/07\/d3174bc4-c2f3-49b8-bcda-a29a1d68b452-300x225.jpg 300w, https:\/\/www.asajacyl.com\/soria\/wp-content\/uploads\/sites\/9\/2025\/07\/d3174bc4-c2f3-49b8-bcda-a29a1d68b452-1024x768.jpg 1024w, https:\/\/www.asajacyl.com\/soria\/wp-content\/uploads\/sites\/9\/2025\/07\/d3174bc4-c2f3-49b8-bcda-a29a1d68b452-768x576.jpg 768w, https:\/\/www.asajacyl.com\/soria\/wp-content\/uploads\/sites\/9\/2025\/07\/d3174bc4-c2f3-49b8-bcda-a29a1d68b452-1536x1152.jpg 1536w, https:\/\/www.asajacyl.com\/soria\/wp-content\/uploads\/sites\/9\/2025\/07\/d3174bc4-c2f3-49b8-bcda-a29a1d68b452-560x420.jpg 560w, https:\/\/www.asajacyl.com\/soria\/wp-content\/uploads\/sites\/9\/2025\/07\/d3174bc4-c2f3-49b8-bcda-a29a1d68b452-80x60.jpg 80w, https:\/\/www.asajacyl.com\/soria\/wp-content\/uploads\/sites\/9\/2025\/07\/d3174bc4-c2f3-49b8-bcda-a29a1d68b452-696x522.jpg 696w, https:\/\/www.asajacyl.com\/soria\/wp-content\/uploads\/sites\/9\/2025\/07\/d3174bc4-c2f3-49b8-bcda-a29a1d68b452-1068x801.jpg 1068w\" sizes=\"(max-width: 478px) 100vw, 478px\" \/><\/p>\n<p><strong>Sin presupuesto no hay seguridad <\/strong><\/p>\n<p>Desde ASAJA suscribimos plenamente las dos grandes l\u00edneas de denuncia del COPA &#8211; COGECA:<\/p>\n<ul>\n<li><strong>El recorte presupuestario es inaceptable.<\/strong> En un momento de inestabilidad geopol\u00edtica, presi\u00f3n arancelaria y creciente inseguridad alimentaria, <strong>la Comisi\u00f3n no puede recortar el presupuesto agrario<\/strong>. La PAC no es una ayuda al agricultor y al ganadero, <strong>es una garant\u00eda para el consumidor<\/strong>: alimentos seguros, sostenibles y asequibles.<\/li>\n<li><strong>La nueva estructura liquida la cohesi\u00f3n. <\/strong>Integrar la PAC en un fondo com\u00fan <strong>rompe la unidad del modelo europeo y del mercado com\u00fan<\/strong>. Ya no habr\u00e1 pol\u00edtica com\u00fan, ni Parlamento como co-legislador. <strong>Los agricultores pierden voz. El Parlamento Europeo pierde legitimidad. Y los ciudadanos, control democr\u00e1tico.<\/strong><\/li>\n<\/ul>\n<p><strong>Una decisi\u00f3n sin di\u00e1logo, que repite los errores del pasado<\/strong><\/p>\n<p>ASAJA denuncia que la Comisi\u00f3n ha tomado esta decisi\u00f3n <strong>sin escuchar al sector<\/strong>.<br \/>Von der Leyen repite as\u00ed un patr\u00f3n de gesti\u00f3n marcado por la unilateralidad y la desconexi\u00f3n con el territorio. Esta reforma, cocinada entre despachos, <strong>ignora d\u00e9cadas de trabajo conjunto entre agricultores, eurodiputados y Estados miembros<\/strong>.<\/p>\n<p><strong>Encarecimiento de la cesta de la compra<\/strong><\/p>\n<p>Esta no es solo una crisis agraria. Es una crisis que afectar\u00e1 a todos los consumidores.<br \/>\ud83d\udd3a <strong>Subida de precios<\/strong><br \/>\ud83d\udd3a <strong>Inflaci\u00f3n alimentaria<\/strong><br \/>\ud83d\udd3a <strong>P\u00e9rdida de acceso a productos frescos, locales y de calidad<\/strong><\/p>\n<p>\u201cLa PAC es la herramienta que garantiza que los alimentos sigan siendo sanos, seguros y asequibles\u201d, advierte el presidente de ASAJA, Pedro Barato.\u00a0 Porque la seguridad alimentaria no se defiende solo con tratados, <strong>se defiende con agricultura viva<\/strong> y <strong>profesional.<\/strong><\/p>\n","protected":false},"excerpt":{"rendered":"<p>Los agricultores de toda Europa se movilizan en Bruselas para\u00a0defender el futuro del campo europeo. Convocados por el COPA-COGECA, han tomado parte en una protesta contra lo que consideran un ataque directo a la Pol\u00edtica Agr\u00edcola Com\u00fan (PAC). Bruselas, 16 de julio de 2025.&#8211; La Comisi\u00f3n Europea presentar\u00e1 una propuesta de Marco Financiero Plurianual (MFP) [&hellip;]<\/p>\n","protected":false},"author":12,"featured_media":9129,"comment_status":"open","ping_status":"open","sticky":false,"template":"","format":"standard","meta":{"footnotes":""},"categories":[10,25],"tags":[],"yoast_head":"<!-- This site is optimized with the Yoast SEO plugin v24.5 - https:\/\/yoast.com\/wordpress\/plugins\/seo\/ -->\n<title>ASAJA: \u201cVon der Leyen se carga la soberan\u00eda alimentaria de Europa: con las cosas del comer no se juega\u201d - ASAJA Soria<\/title>\n<meta name=\"description\" content=\"Los agricultores de toda Europa se movilizan en Bruselas para\u00a0defender el futuro del campo europeo. Convocados por el COPA-COGECA, han tomado parte en una\" \/>\n<meta name=\"robots\" content=\"index, follow, max-snippet:-1, max-image-preview:large, max-video-preview:-1\" \/>\n<link rel=\"canonical\" href=\"https:\/\/www.asajacyl.com\/soria\/asaja-soria-informa\/asaja-von-der-leyen-se-carga-la-soberania-alimentaria-de-europa-con-las-cosas-del-comer-no-se-juega\" \/>\n<meta property=\"og:locale\" content=\"es_ES\" \/>\n<meta property=\"og:type\" content=\"article\" \/>\n<meta property=\"og:title\" content=\"ASAJA: \u201cVon der Leyen se carga la soberan\u00eda alimentaria de Europa: con las cosas del comer no se juega\u201d - ASAJA Soria\" \/>\n<meta property=\"og:description\" content=\"Los agricultores de toda Europa se movilizan en Bruselas para\u00a0defender el futuro del campo europeo. Convocados por el COPA-COGECA, han tomado parte en una\" \/>\n<meta property=\"og:url\" content=\"https:\/\/www.asajacyl.com\/soria\/asaja-soria-informa\/asaja-von-der-leyen-se-carga-la-soberania-alimentaria-de-europa-con-las-cosas-del-comer-no-se-juega\" \/>\n<meta property=\"og:site_name\" content=\"ASAJA Soria\" \/>\n<meta property=\"article:published_time\" content=\"2025-07-16T12:54:18+00:00\" \/>\n<meta property=\"article:modified_time\" content=\"2025-08-04T10:59:20+00:00\" \/>\n<meta property=\"og:image\" content=\"https:\/\/www.asajacyl.com\/soria\/wp-content\/uploads\/sites\/9\/2025\/07\/d3174bc4-c2f3-49b8-bcda-a29a1d68b452.jpg\" \/>\n\t<meta property=\"og:image:width\" content=\"1600\" \/>\n\t<meta property=\"og:image:height\" content=\"1200\" \/>\n\t<meta property=\"og:image:type\" content=\"image\/jpeg\" \/>\n<meta name=\"author\" content=\"Juan Ignacio Prieto Nieto\" \/>\n<meta name=\"twitter:card\" content=\"summary_large_image\" \/>\n<meta name=\"twitter:label1\" content=\"Escrito por\" \/>\n\t<meta name=\"twitter:data1\" content=\"Juan Ignacio Prieto Nieto\" \/>\n\t<meta name=\"twitter:label2\" content=\"Tiempo de lectura\" \/>\n\t<meta name=\"twitter:data2\" content=\"3 minutos\" \/>\n<script type=\"application\/ld+json\" class=\"yoast-schema-graph\">{\"@context\":\"https:\/\/schema.org\",\"@graph\":[{\"@type\":\"WebPage\",\"@id\":\"https:\/\/www.asajacyl.com\/soria\/asaja-soria-informa\/asaja-von-der-leyen-se-carga-la-soberania-alimentaria-de-europa-con-las-cosas-del-comer-no-se-juega\",\"url\":\"https:\/\/www.asajacyl.com\/soria\/asaja-soria-informa\/asaja-von-der-leyen-se-carga-la-soberania-alimentaria-de-europa-con-las-cosas-del-comer-no-se-juega\",\"name\":\"ASAJA: \u201cVon der Leyen se carga la soberan\u00eda alimentaria de Europa: con las cosas del comer no se juega\u201d - ASAJA Soria\",\"isPartOf\":{\"@id\":\"https:\/\/www.asajacyl.com\/soria\/#website\"},\"primaryImageOfPage\":{\"@id\":\"https:\/\/www.asajacyl.com\/soria\/asaja-soria-informa\/asaja-von-der-leyen-se-carga-la-soberania-alimentaria-de-europa-con-las-cosas-del-comer-no-se-juega#primaryimage\"},\"image\":{\"@id\":\"https:\/\/www.asajacyl.com\/soria\/asaja-soria-informa\/asaja-von-der-leyen-se-carga-la-soberania-alimentaria-de-europa-con-las-cosas-del-comer-no-se-juega#primaryimage\"},\"thumbnailUrl\":\"https:\/\/www.asajacyl.com\/soria\/wp-content\/uploads\/sites\/9\/2025\/07\/d3174bc4-c2f3-49b8-bcda-a29a1d68b452.jpg\",\"datePublished\":\"2025-07-16T12:54:18+00:00\",\"dateModified\":\"2025-08-04T10:59:20+00:00\",\"author\":{\"@id\":\"https:\/\/www.asajacyl.com\/soria\/#\/schema\/person\/fd3081c40255119ce8133b87e6aedfab\"},\"description\":\"Los agricultores de toda Europa se movilizan en Bruselas para\u00a0defender el futuro del campo europeo. Convocados por el COPA-COGECA, han tomado parte en una\",\"breadcrumb\":{\"@id\":\"https:\/\/www.asajacyl.com\/soria\/asaja-soria-informa\/asaja-von-der-leyen-se-carga-la-soberania-alimentaria-de-europa-con-las-cosas-del-comer-no-se-juega#breadcrumb\"},\"inLanguage\":\"es\",\"potentialAction\":[{\"@type\":\"ReadAction\",\"target\":[\"https:\/\/www.asajacyl.com\/soria\/asaja-soria-informa\/asaja-von-der-leyen-se-carga-la-soberania-alimentaria-de-europa-con-las-cosas-del-comer-no-se-juega\"]}]},{\"@type\":\"ImageObject\",\"inLanguage\":\"es\",\"@id\":\"https:\/\/www.asajacyl.com\/soria\/asaja-soria-informa\/asaja-von-der-leyen-se-carga-la-soberania-alimentaria-de-europa-con-las-cosas-del-comer-no-se-juega#primaryimage\",\"url\":\"https:\/\/www.asajacyl.com\/soria\/wp-content\/uploads\/sites\/9\/2025\/07\/d3174bc4-c2f3-49b8-bcda-a29a1d68b452.jpg\",\"contentUrl\":\"https:\/\/www.asajacyl.com\/soria\/wp-content\/uploads\/sites\/9\/2025\/07\/d3174bc4-c2f3-49b8-bcda-a29a1d68b452.jpg\",\"width\":1600,\"height\":1200},{\"@type\":\"BreadcrumbList\",\"@id\":\"https:\/\/www.asajacyl.com\/soria\/asaja-soria-informa\/asaja-von-der-leyen-se-carga-la-soberania-alimentaria-de-europa-con-las-cosas-del-comer-no-se-juega#breadcrumb\",\"itemListElement\":[{\"@type\":\"ListItem\",\"position\":1,\"name\":\"Portada\",\"item\":\"https:\/\/www.asajacyl.com\/soria\/\"},{\"@type\":\"ListItem\",\"position\":2,\"name\":\"ASAJA: \u201cVon der Leyen se carga la soberan\u00eda alimentaria de Europa: con las cosas del comer no se juega\u201d\"}]},{\"@type\":\"WebSite\",\"@id\":\"https:\/\/www.asajacyl.com\/soria\/#website\",\"url\":\"https:\/\/www.asajacyl.com\/soria\/\",\"name\":\"ASAJA Soria\",\"description\":\"Otro sitio m\u00e1s de Provincias ASAJA Castilla y Le\u00f3n\",\"potentialAction\":[{\"@type\":\"SearchAction\",\"target\":{\"@type\":\"EntryPoint\",\"urlTemplate\":\"https:\/\/www.asajacyl.com\/soria\/?s={search_term_string}\"},\"query-input\":{\"@type\":\"PropertyValueSpecification\",\"valueRequired\":true,\"valueName\":\"search_term_string\"}}],\"inLanguage\":\"es\"},{\"@type\":\"Person\",\"@id\":\"https:\/\/www.asajacyl.com\/soria\/#\/schema\/person\/fd3081c40255119ce8133b87e6aedfab\",\"name\":\"Juan Ignacio Prieto Nieto\",\"image\":{\"@type\":\"ImageObject\",\"inLanguage\":\"es\",\"@id\":\"https:\/\/www.asajacyl.com\/soria\/#\/schema\/person\/image\/\",\"url\":\"https:\/\/secure.gravatar.com\/avatar\/8266b36e4d9001acb4700699a2468dc8?s=96&d=mm&r=g\",\"contentUrl\":\"https:\/\/secure.gravatar.com\/avatar\/8266b36e4d9001acb4700699a2468dc8?s=96&d=mm&r=g\",\"caption\":\"Juan Ignacio Prieto Nieto\"},\"url\":\"https:\/\/www.asajacyl.com\/soria\/author\/juanfranciscoby\"}]}<\/script>\n<!-- \/ Yoast SEO plugin. -->","yoast_head_json":{"title":"ASAJA: \u201cVon der Leyen se carga la soberan\u00eda alimentaria de Europa: con las cosas del comer no se juega\u201d - ASAJA Soria","description":"Los agricultores de toda Europa se movilizan en Bruselas para\u00a0defender el futuro del campo europeo. Convocados por el COPA-COGECA, han tomado parte en una","robots":{"index":"index","follow":"follow","max-snippet":"max-snippet:-1","max-image-preview":"max-image-preview:large","max-video-preview":"max-video-preview:-1"},"canonical":"https:\/\/www.asajacyl.com\/soria\/asaja-soria-informa\/asaja-von-der-leyen-se-carga-la-soberania-alimentaria-de-europa-con-las-cosas-del-comer-no-se-juega","og_locale":"es_ES","og_type":"article","og_title":"ASAJA: \u201cVon der Leyen se carga la soberan\u00eda alimentaria de Europa: con las cosas del comer no se juega\u201d - ASAJA Soria","og_description":"Los agricultores de toda Europa se movilizan en Bruselas para\u00a0defender el futuro del campo europeo. Convocados por el COPA-COGECA, han tomado parte en una","og_url":"https:\/\/www.asajacyl.com\/soria\/asaja-soria-informa\/asaja-von-der-leyen-se-carga-la-soberania-alimentaria-de-europa-con-las-cosas-del-comer-no-se-juega","og_site_name":"ASAJA Soria","article_published_time":"2025-07-16T12:54:18+00:00","article_modified_time":"2025-08-04T10:59:20+00:00","og_image":[{"width":1600,"height":1200,"url":"https:\/\/www.asajacyl.com\/soria\/wp-content\/uploads\/sites\/9\/2025\/07\/d3174bc4-c2f3-49b8-bcda-a29a1d68b452.jpg","type":"image\/jpeg"}],"author":"Juan Ignacio Prieto Nieto","twitter_card":"summary_large_image","twitter_misc":{"Escrito por":"Juan Ignacio Prieto Nieto","Tiempo de lectura":"3 minutos"},"schema":{"@context":"https:\/\/schema.org","@graph":[{"@type":"WebPage","@id":"https:\/\/www.asajacyl.com\/soria\/asaja-soria-informa\/asaja-von-der-leyen-se-carga-la-soberania-alimentaria-de-europa-con-las-cosas-del-comer-no-se-juega","url":"https:\/\/www.asajacyl.com\/soria\/asaja-soria-informa\/asaja-von-der-leyen-se-carga-la-soberania-alimentaria-de-europa-con-las-cosas-del-comer-no-se-juega","name":"ASAJA: \u201cVon der Leyen se carga la soberan\u00eda alimentaria de Europa: con las cosas del comer no se juega\u201d - ASAJA Soria","isPartOf":{"@id":"https:\/\/www.asajacyl.com\/soria\/#website"},"primaryImageOfPage":{"@id":"https:\/\/www.asajacyl.com\/soria\/asaja-soria-informa\/asaja-von-der-leyen-se-carga-la-soberania-alimentaria-de-europa-con-las-cosas-del-comer-no-se-juega#primaryimage"},"image":{"@id":"https:\/\/www.asajacyl.com\/soria\/asaja-soria-informa\/asaja-von-der-leyen-se-carga-la-soberania-alimentaria-de-europa-con-las-cosas-del-comer-no-se-juega#primaryimage"},"thumbnailUrl":"https:\/\/www.asajacyl.com\/soria\/wp-content\/uploads\/sites\/9\/2025\/07\/d3174bc4-c2f3-49b8-bcda-a29a1d68b452.jpg","datePublished":"2025-07-16T12:54:18+00:00","dateModified":"2025-08-04T10:59:20+00:00","author":{"@id":"https:\/\/www.asajacyl.com\/soria\/#\/schema\/person\/fd3081c40255119ce8133b87e6aedfab"},"description":"Los agricultores de toda Europa se movilizan en Bruselas para\u00a0defender el futuro del campo europeo. Convocados por el COPA-COGECA, han tomado parte en una","breadcrumb":{"@id":"https:\/\/www.asajacyl.com\/soria\/asaja-soria-informa\/asaja-von-der-leyen-se-carga-la-soberania-alimentaria-de-europa-con-las-cosas-del-comer-no-se-juega#breadcrumb"},"inLanguage":"es","potentialAction":[{"@type":"ReadAction","target":["https:\/\/www.asajacyl.com\/soria\/asaja-soria-informa\/asaja-von-der-leyen-se-carga-la-soberania-alimentaria-de-europa-con-las-cosas-del-comer-no-se-juega"]}]},{"@type":"ImageObject","inLanguage":"es","@id":"https:\/\/www.asajacyl.com\/soria\/asaja-soria-informa\/asaja-von-der-leyen-se-carga-la-soberania-alimentaria-de-europa-con-las-cosas-del-comer-no-se-juega#primaryimage","url":"https:\/\/www.asajacyl.com\/soria\/wp-content\/uploads\/sites\/9\/2025\/07\/d3174bc4-c2f3-49b8-bcda-a29a1d68b452.jpg","contentUrl":"https:\/\/www.asajacyl.com\/soria\/wp-content\/uploads\/sites\/9\/2025\/07\/d3174bc4-c2f3-49b8-bcda-a29a1d68b452.jpg","width":1600,"height":1200},{"@type":"BreadcrumbList","@id":"https:\/\/www.asajacyl.com\/soria\/asaja-soria-informa\/asaja-von-der-leyen-se-carga-la-soberania-alimentaria-de-europa-con-las-cosas-del-comer-no-se-juega#breadcrumb","itemListElement":[{"@type":"ListItem","position":1,"name":"Portada","item":"https:\/\/www.asajacyl.com\/soria\/"},{"@type":"ListItem","position":2,"name":"ASAJA: \u201cVon der Leyen se carga la soberan\u00eda alimentaria de Europa: con las cosas del comer no se juega\u201d"}]},{"@type":"WebSite","@id":"https:\/\/www.asajacyl.com\/soria\/#website","url":"https:\/\/www.asajacyl.com\/soria\/","name":"ASAJA Soria","description":"Otro sitio m\u00e1s de Provincias ASAJA Castilla y Le\u00f3n","potentialAction":[{"@type":"SearchAction","target":{"@type":"EntryPoint","urlTemplate":"https:\/\/www.asajacyl.com\/soria\/?s={search_term_string}"},"query-input":{"@type":"PropertyValueSpecification","valueRequired":true,"valueName":"search_term_string"}}],"inLanguage":"es"},{"@type":"Person","@id":"https:\/\/www.asajacyl.com\/soria\/#\/schema\/person\/fd3081c40255119ce8133b87e6aedfab","name":"Juan Ignacio Prieto Nieto","image":{"@type":"ImageObject","inLanguage":"es","@id":"https:\/\/www.asajacyl.com\/soria\/#\/schema\/person\/image\/","url":"https:\/\/secure.gravatar.com\/avatar\/8266b36e4d9001acb4700699a2468dc8?s=96&d=mm&r=g","contentUrl":"https:\/\/secure.gravatar.com\/avatar\/8266b36e4d9001acb4700699a2468dc8?s=96&d=mm&r=g","caption":"Juan Ignacio Prieto Nieto"},"url":"https:\/\/www.asajacyl.com\/soria\/author\/juanfranciscoby"}]}},"_links":{"self":[{"href":"https:\/\/www.asajacyl.com\/soria\/wp-json\/wp\/v2\/posts\/9128"}],"collection":[{"href":"https:\/\/www.asajacyl.com\/soria\/wp-json\/wp\/v2\/posts"}],"about":[{"href":"https:\/\/www.asajacyl.com\/soria\/wp-json\/wp\/v2\/types\/post"}],"author":[{"embeddable":true,"href":"https:\/\/www.asajacyl.com\/soria\/wp-json\/wp\/v2\/users\/12"}],"replies":[{"embeddable":true,"href":"https:\/\/www.asajacyl.com\/soria\/wp-json\/wp\/v2\/comments?post=9128"}],"version-history":[{"count":2,"href":"https:\/\/www.asajacyl.com\/soria\/wp-json\/wp\/v2\/posts\/9128\/revisions"}],"predecessor-version":[{"id":9132,"href":"https:\/\/www.asajacyl.com\/soria\/wp-json\/wp\/v2\/posts\/9128\/revisions\/9132"}],"wp:featuredmedia":[{"embeddable":true,"href":"https:\/\/www.asajacyl.com\/soria\/wp-json\/wp\/v2\/media\/9129"}],"wp:attachment":[{"href":"https:\/\/www.asajacyl.com\/soria\/wp-json\/wp\/v2\/media?parent=9128"}],"wp:term":[{"taxonomy":"category","embeddable":true,"href":"https:\/\/www.asajacyl.com\/soria\/wp-json\/wp\/v2\/categories?post=9128"},{"taxonomy":"post_tag","embeddable":true,"href":"https:\/\/www.asajacyl.com\/soria\/wp-json\/wp\/v2\/tags?post=9128"}],"curies":[{"name":"wp","href":"https:\/\/api.w.org\/{rel}","templated":true}]}}