{"id":9142,"date":"2025-07-25T08:55:47","date_gmt":"2025-07-25T06:55:47","guid":{"rendered":"https:\/\/www.asajacyl.com\/soria\/?p=9142"},"modified":"2025-07-25T08:55:50","modified_gmt":"2025-07-25T06:55:50","slug":"articulo-de-opinion-revista-165-asaja","status":"publish","type":"post","link":"https:\/\/www.asajacyl.com\/soria\/asaja-soria-informa\/opinion-asaja\/articulo-de-opinion-revista-165-asaja","title":{"rendered":"ART\u00cdCULO DE OPINI\u00d3N. REVISTA 165 ASAJA"},"content":{"rendered":"\n\n\n<p>El campo soriano afronta una nueva campa\u00f1a de cosecha, y en esta ocasi\u00f3n prefiero no centrarme en aspectos negativos que en ASAJA, como sab\u00e9is, denunciamos continuamente, con los baj\u00edsimos precios del cereal ahora como m\u00e1ximo caballo de batalla. Y es que sin obviar lo negativo, vamos a decirlo muy alto y muy clarito: debemos sentirnos orgullosos de ser agricultores y ganaderos. Las dificultades propias de cualquier proyecto que poco a poco se va haciendo a s\u00ed mismo en nuestro caso son mil veces mayores. Los empresarios del campo tenemos que sortear injustos e incre\u00edbles obst\u00e1culos en el camino, pero ante el desaliento siempre nos da \u00e1nimos pensar que nuestro esfuerzo se alimenta de una meta clara: la defensa de los intereses agrarios desde la profesionalidad y la independencia y que debemos estar unidos todos para tirar de este carro cuyas ruedas ya de por s\u00ed empiezan a chirriar demasiado y que se llama agroganader\u00eda. Esta reflexi\u00f3n no es solamente cosa m\u00eda y recuerdo ahora que en la portada de la revista de ASAJA M\u00e1laga de mayo pod\u00eda leerse: \u201cImportantes avances para el campo. Logro laboral, de 90 d\u00edas en alta a 120 jornadas reales, doble potencia el\u00e9ctrica m\u00e1s eficiencia, menos costes, reducci\u00f3n de m\u00f3dulos fiscales alivio tributario\u201d.<\/p>\n<p>Ya que tenemos las cotas de representatividad y lo hemos demostrado con las puertas abiertas desde la Diputaci\u00f3n hasta el Parlamento Europeo, pasando por consejer\u00edas y ministerios, lo ideal ser\u00eda una mayor presencia de los profesionales del agro en todos los \u00e1mbitos reivindicativos porque tenemos que ser nosotros los verdaderos valedores y protagonistas del mundo rural, debemos ser nosotros los que defendamos lo nuestro sin tapujos y en un n\u00famero suficiente. No podemos permitir que interfieran en ese af\u00e1n algunos \u201csalvadores\u201d procedentes de las esferas pol\u00edticas, de las oportunistas multinacionales o de lo peor de cada casa, que en muchas ocasiones no tienen nada que ver ni con nuestro sector, ni con nuestros pueblos, ni con nuestros intereses.<\/p>\n<p>En estos momentos de incertidumbre en el campo no podemos permitir que alguien desde otros foros apriete el bot\u00f3n del off y deje en negro la pantalla del futuro del campo o, como denunciamos en abril personalmente en Bruselas, que detenga la imagen hasta que se le antoje y nos mantenga como estatuas de arena subidas a un tractor que ven c\u00f3mo algunos hacen el agosto con inventos como la condicionalidad y nos dejen sin margen de acci\u00f3n ni independencia para llevar como mejor nos parezca nuestras explotaciones y nuestras peque\u00f1as empresas agropecuarias. Se trata de clamar contra quien confunde reparto de ayudas con reparto de rentas, para decir que hay que eliminar los mecanismos de redistribuci\u00f3n como la degresividad, el pago redistributivo basado en el tama\u00f1o de la explotaci\u00f3n porque lesionan gravemente a la agricultura profesional de una provincia en la que la agricultura y la ganader\u00eda es la \u00fanica actividad econ\u00f3mica en casi todos los pueblos. Y al hilo de esto quiero tambi\u00e9n recordar que para infinidad de actuaciones y licitaciones siempre es preceptivo acometer una serie de estudios de impacto ambiental, de igualdad, as\u00ed como de car\u00e1cter paisaj\u00edstico o patrimonial. Pero es hora de poner el acento en las repercusiones y el impacto en el meollo del medio rural y agroganadero, como en otros pa\u00edses, donde ya se habla de adaptar el derecho de responsabilidad civil a los retos actuales de los que trabajan y viven en los pueblos. Y eso con el objetivo, entre otros, de evitar injustas divergencias entre el mundo rural y el urbano, dado que este segundo tiene un peso pol\u00edtico much\u00edsimo mayor, ya que el 80 por ciento de los votos est\u00e1n en las ciudades. \u00a0<\/p>\n<p>A pesar de las adversidades, vuelvo al aspecto optimista y animo a todos los que trabajamos en el campo a que no nos quiten la ilusi\u00f3n. Cabezas bien altas y os deseo una buena cosecha tanto en rendimientos como en lo que es el trabajo en s\u00ed, sin aver\u00edas ni mayores trastornos. Quien no sea profesional del campo y lea esto quiz\u00e1 est\u00e9 pensando: \u00bfy a m\u00ed qu\u00e9 me importa? Pues la respuesta es clara: Lo que est\u00e1 en juego no es solamente el futuro de quienes sembramos el cereal. Es la seguridad alimentaria de todo un pa\u00eds. Es la supervivencia de comercios, tiendas y cientos de explotaciones familiares, muchas de ellas en las pocas zonas de Espa\u00f1a que todav\u00eda mantienen poblaci\u00f3n en edad de cotizar en el medio rural. Y es tambi\u00e9n el precio y la calidad de los alimentos que cada d\u00eda terminan en las estanter\u00edas de los supermercados y en las cocinas de las casas.<\/p>\n<p>\u00a0<\/p>\n<p>ANA PASTOR SORIA<\/p>\n<p>PRESIDENTA DE ASAJA SORIA<\/p>\n","protected":false},"excerpt":{"rendered":"<p>El campo soriano afronta una nueva campa\u00f1a de cosecha, y en esta ocasi\u00f3n prefiero no centrarme en aspectos negativos que en ASAJA, como sab\u00e9is, denunciamos continuamente, con los baj\u00edsimos precios del cereal ahora como m\u00e1ximo caballo de batalla. Y es que sin obviar lo negativo, vamos a decirlo muy alto y muy clarito: debemos sentirnos [&hellip;]<\/p>\n","protected":false},"author":12,"featured_media":9088,"comment_status":"open","ping_status":"open","sticky":false,"template":"","format":"standard","meta":{"footnotes":""},"categories":[10,28],"tags":[],"yoast_head":"<!-- This site is optimized with the Yoast SEO plugin v24.5 - https:\/\/yoast.com\/wordpress\/plugins\/seo\/ -->\n<title>ART\u00cdCULO DE OPINI\u00d3N. REVISTA 165 ASAJA - ASAJA Soria<\/title>\n<meta name=\"description\" content=\"El campo soriano afronta una nueva campa\u00f1a de cosecha, y en esta ocasi\u00f3n prefiero no centrarme en aspectos negativos que en ASAJA, como sab\u00e9is,\" \/>\n<meta name=\"robots\" content=\"index, follow, max-snippet:-1, max-image-preview:large, max-video-preview:-1\" \/>\n<link rel=\"canonical\" href=\"https:\/\/www.asajacyl.com\/soria\/asaja-soria-informa\/opinion-asaja\/articulo-de-opinion-revista-165-asaja\" \/>\n<meta property=\"og:locale\" content=\"es_ES\" \/>\n<meta property=\"og:type\" content=\"article\" \/>\n<meta property=\"og:title\" content=\"ART\u00cdCULO DE OPINI\u00d3N. REVISTA 165 ASAJA - ASAJA Soria\" \/>\n<meta property=\"og:description\" content=\"El campo soriano afronta una nueva campa\u00f1a de cosecha, y en esta ocasi\u00f3n prefiero no centrarme en aspectos negativos que en ASAJA, como sab\u00e9is,\" \/>\n<meta property=\"og:url\" content=\"https:\/\/www.asajacyl.com\/soria\/asaja-soria-informa\/opinion-asaja\/articulo-de-opinion-revista-165-asaja\" \/>\n<meta property=\"og:site_name\" content=\"ASAJA Soria\" \/>\n<meta property=\"article:published_time\" content=\"2025-07-25T06:55:47+00:00\" \/>\n<meta property=\"article:modified_time\" content=\"2025-07-25T06:55:50+00:00\" \/>\n<meta property=\"og:image\" content=\"https:\/\/www.asajacyl.com\/soria\/wp-content\/uploads\/sites\/9\/2025\/06\/IMG_7864.jpg\" \/>\n\t<meta property=\"og:image:width\" content=\"1863\" \/>\n\t<meta property=\"og:image:height\" content=\"2500\" \/>\n\t<meta property=\"og:image:type\" content=\"image\/jpeg\" \/>\n<meta name=\"author\" content=\"Juan Ignacio Prieto Nieto\" \/>\n<meta name=\"twitter:card\" content=\"summary_large_image\" \/>\n<meta name=\"twitter:label1\" content=\"Escrito por\" \/>\n\t<meta name=\"twitter:data1\" content=\"Juan Ignacio Prieto Nieto\" \/>\n\t<meta name=\"twitter:label2\" content=\"Tiempo de lectura\" \/>\n\t<meta name=\"twitter:data2\" content=\"4 minutos\" \/>\n<script type=\"application\/ld+json\" class=\"yoast-schema-graph\">{\"@context\":\"https:\/\/schema.org\",\"@graph\":[{\"@type\":\"WebPage\",\"@id\":\"https:\/\/www.asajacyl.com\/soria\/asaja-soria-informa\/opinion-asaja\/articulo-de-opinion-revista-165-asaja\",\"url\":\"https:\/\/www.asajacyl.com\/soria\/asaja-soria-informa\/opinion-asaja\/articulo-de-opinion-revista-165-asaja\",\"name\":\"ART\u00cdCULO DE OPINI\u00d3N. REVISTA 165 ASAJA - ASAJA Soria\",\"isPartOf\":{\"@id\":\"https:\/\/www.asajacyl.com\/soria\/#website\"},\"primaryImageOfPage\":{\"@id\":\"https:\/\/www.asajacyl.com\/soria\/asaja-soria-informa\/opinion-asaja\/articulo-de-opinion-revista-165-asaja#primaryimage\"},\"image\":{\"@id\":\"https:\/\/www.asajacyl.com\/soria\/asaja-soria-informa\/opinion-asaja\/articulo-de-opinion-revista-165-asaja#primaryimage\"},\"thumbnailUrl\":\"https:\/\/www.asajacyl.com\/soria\/wp-content\/uploads\/sites\/9\/2025\/06\/IMG_7864.jpg\",\"datePublished\":\"2025-07-25T06:55:47+00:00\",\"dateModified\":\"2025-07-25T06:55:50+00:00\",\"author\":{\"@id\":\"https:\/\/www.asajacyl.com\/soria\/#\/schema\/person\/fd3081c40255119ce8133b87e6aedfab\"},\"description\":\"El campo soriano afronta una nueva campa\u00f1a de cosecha, y en esta ocasi\u00f3n prefiero no centrarme en aspectos negativos que en ASAJA, como sab\u00e9is,\",\"breadcrumb\":{\"@id\":\"https:\/\/www.asajacyl.com\/soria\/asaja-soria-informa\/opinion-asaja\/articulo-de-opinion-revista-165-asaja#breadcrumb\"},\"inLanguage\":\"es\",\"potentialAction\":[{\"@type\":\"ReadAction\",\"target\":[\"https:\/\/www.asajacyl.com\/soria\/asaja-soria-informa\/opinion-asaja\/articulo-de-opinion-revista-165-asaja\"]}]},{\"@type\":\"ImageObject\",\"inLanguage\":\"es\",\"@id\":\"https:\/\/www.asajacyl.com\/soria\/asaja-soria-informa\/opinion-asaja\/articulo-de-opinion-revista-165-asaja#primaryimage\",\"url\":\"https:\/\/www.asajacyl.com\/soria\/wp-content\/uploads\/sites\/9\/2025\/06\/IMG_7864.jpg\",\"contentUrl\":\"https:\/\/www.asajacyl.com\/soria\/wp-content\/uploads\/sites\/9\/2025\/06\/IMG_7864.jpg\",\"width\":1863,\"height\":2500},{\"@type\":\"BreadcrumbList\",\"@id\":\"https:\/\/www.asajacyl.com\/soria\/asaja-soria-informa\/opinion-asaja\/articulo-de-opinion-revista-165-asaja#breadcrumb\",\"itemListElement\":[{\"@type\":\"ListItem\",\"position\":1,\"name\":\"Portada\",\"item\":\"https:\/\/www.asajacyl.com\/soria\/\"},{\"@type\":\"ListItem\",\"position\":2,\"name\":\"ART\u00cdCULO DE OPINI\u00d3N. REVISTA 165 ASAJA\"}]},{\"@type\":\"WebSite\",\"@id\":\"https:\/\/www.asajacyl.com\/soria\/#website\",\"url\":\"https:\/\/www.asajacyl.com\/soria\/\",\"name\":\"ASAJA Soria\",\"description\":\"Otro sitio m\u00e1s de Provincias ASAJA Castilla y Le\u00f3n\",\"potentialAction\":[{\"@type\":\"SearchAction\",\"target\":{\"@type\":\"EntryPoint\",\"urlTemplate\":\"https:\/\/www.asajacyl.com\/soria\/?s={search_term_string}\"},\"query-input\":{\"@type\":\"PropertyValueSpecification\",\"valueRequired\":true,\"valueName\":\"search_term_string\"}}],\"inLanguage\":\"es\"},{\"@type\":\"Person\",\"@id\":\"https:\/\/www.asajacyl.com\/soria\/#\/schema\/person\/fd3081c40255119ce8133b87e6aedfab\",\"name\":\"Juan Ignacio Prieto Nieto\",\"image\":{\"@type\":\"ImageObject\",\"inLanguage\":\"es\",\"@id\":\"https:\/\/www.asajacyl.com\/soria\/#\/schema\/person\/image\/\",\"url\":\"https:\/\/secure.gravatar.com\/avatar\/8266b36e4d9001acb4700699a2468dc8?s=96&d=mm&r=g\",\"contentUrl\":\"https:\/\/secure.gravatar.com\/avatar\/8266b36e4d9001acb4700699a2468dc8?s=96&d=mm&r=g\",\"caption\":\"Juan Ignacio Prieto Nieto\"},\"url\":\"https:\/\/www.asajacyl.com\/soria\/author\/juanfranciscoby\"}]}<\/script>\n<!-- \/ Yoast SEO plugin. -->","yoast_head_json":{"title":"ART\u00cdCULO DE OPINI\u00d3N. REVISTA 165 ASAJA - ASAJA Soria","description":"El campo soriano afronta una nueva campa\u00f1a de cosecha, y en esta ocasi\u00f3n prefiero no centrarme en aspectos negativos que en ASAJA, como sab\u00e9is,","robots":{"index":"index","follow":"follow","max-snippet":"max-snippet:-1","max-image-preview":"max-image-preview:large","max-video-preview":"max-video-preview:-1"},"canonical":"https:\/\/www.asajacyl.com\/soria\/asaja-soria-informa\/opinion-asaja\/articulo-de-opinion-revista-165-asaja","og_locale":"es_ES","og_type":"article","og_title":"ART\u00cdCULO DE OPINI\u00d3N. REVISTA 165 ASAJA - ASAJA Soria","og_description":"El campo soriano afronta una nueva campa\u00f1a de cosecha, y en esta ocasi\u00f3n prefiero no centrarme en aspectos negativos que en ASAJA, como sab\u00e9is,","og_url":"https:\/\/www.asajacyl.com\/soria\/asaja-soria-informa\/opinion-asaja\/articulo-de-opinion-revista-165-asaja","og_site_name":"ASAJA Soria","article_published_time":"2025-07-25T06:55:47+00:00","article_modified_time":"2025-07-25T06:55:50+00:00","og_image":[{"width":1863,"height":2500,"url":"https:\/\/www.asajacyl.com\/soria\/wp-content\/uploads\/sites\/9\/2025\/06\/IMG_7864.jpg","type":"image\/jpeg"}],"author":"Juan Ignacio Prieto Nieto","twitter_card":"summary_large_image","twitter_misc":{"Escrito por":"Juan Ignacio Prieto Nieto","Tiempo de lectura":"4 minutos"},"schema":{"@context":"https:\/\/schema.org","@graph":[{"@type":"WebPage","@id":"https:\/\/www.asajacyl.com\/soria\/asaja-soria-informa\/opinion-asaja\/articulo-de-opinion-revista-165-asaja","url":"https:\/\/www.asajacyl.com\/soria\/asaja-soria-informa\/opinion-asaja\/articulo-de-opinion-revista-165-asaja","name":"ART\u00cdCULO DE OPINI\u00d3N. REVISTA 165 ASAJA - ASAJA Soria","isPartOf":{"@id":"https:\/\/www.asajacyl.com\/soria\/#website"},"primaryImageOfPage":{"@id":"https:\/\/www.asajacyl.com\/soria\/asaja-soria-informa\/opinion-asaja\/articulo-de-opinion-revista-165-asaja#primaryimage"},"image":{"@id":"https:\/\/www.asajacyl.com\/soria\/asaja-soria-informa\/opinion-asaja\/articulo-de-opinion-revista-165-asaja#primaryimage"},"thumbnailUrl":"https:\/\/www.asajacyl.com\/soria\/wp-content\/uploads\/sites\/9\/2025\/06\/IMG_7864.jpg","datePublished":"2025-07-25T06:55:47+00:00","dateModified":"2025-07-25T06:55:50+00:00","author":{"@id":"https:\/\/www.asajacyl.com\/soria\/#\/schema\/person\/fd3081c40255119ce8133b87e6aedfab"},"description":"El campo soriano afronta una nueva campa\u00f1a de cosecha, y en esta ocasi\u00f3n prefiero no centrarme en aspectos negativos que en ASAJA, como sab\u00e9is,","breadcrumb":{"@id":"https:\/\/www.asajacyl.com\/soria\/asaja-soria-informa\/opinion-asaja\/articulo-de-opinion-revista-165-asaja#breadcrumb"},"inLanguage":"es","potentialAction":[{"@type":"ReadAction","target":["https:\/\/www.asajacyl.com\/soria\/asaja-soria-informa\/opinion-asaja\/articulo-de-opinion-revista-165-asaja"]}]},{"@type":"ImageObject","inLanguage":"es","@id":"https:\/\/www.asajacyl.com\/soria\/asaja-soria-informa\/opinion-asaja\/articulo-de-opinion-revista-165-asaja#primaryimage","url":"https:\/\/www.asajacyl.com\/soria\/wp-content\/uploads\/sites\/9\/2025\/06\/IMG_7864.jpg","contentUrl":"https:\/\/www.asajacyl.com\/soria\/wp-content\/uploads\/sites\/9\/2025\/06\/IMG_7864.jpg","width":1863,"height":2500},{"@type":"BreadcrumbList","@id":"https:\/\/www.asajacyl.com\/soria\/asaja-soria-informa\/opinion-asaja\/articulo-de-opinion-revista-165-asaja#breadcrumb","itemListElement":[{"@type":"ListItem","position":1,"name":"Portada","item":"https:\/\/www.asajacyl.com\/soria\/"},{"@type":"ListItem","position":2,"name":"ART\u00cdCULO DE OPINI\u00d3N. REVISTA 165 ASAJA"}]},{"@type":"WebSite","@id":"https:\/\/www.asajacyl.com\/soria\/#website","url":"https:\/\/www.asajacyl.com\/soria\/","name":"ASAJA Soria","description":"Otro sitio m\u00e1s de Provincias ASAJA Castilla y Le\u00f3n","potentialAction":[{"@type":"SearchAction","target":{"@type":"EntryPoint","urlTemplate":"https:\/\/www.asajacyl.com\/soria\/?s={search_term_string}"},"query-input":{"@type":"PropertyValueSpecification","valueRequired":true,"valueName":"search_term_string"}}],"inLanguage":"es"},{"@type":"Person","@id":"https:\/\/www.asajacyl.com\/soria\/#\/schema\/person\/fd3081c40255119ce8133b87e6aedfab","name":"Juan Ignacio Prieto Nieto","image":{"@type":"ImageObject","inLanguage":"es","@id":"https:\/\/www.asajacyl.com\/soria\/#\/schema\/person\/image\/","url":"https:\/\/secure.gravatar.com\/avatar\/8266b36e4d9001acb4700699a2468dc8?s=96&d=mm&r=g","contentUrl":"https:\/\/secure.gravatar.com\/avatar\/8266b36e4d9001acb4700699a2468dc8?s=96&d=mm&r=g","caption":"Juan Ignacio Prieto Nieto"},"url":"https:\/\/www.asajacyl.com\/soria\/author\/juanfranciscoby"}]}},"_links":{"self":[{"href":"https:\/\/www.asajacyl.com\/soria\/wp-json\/wp\/v2\/posts\/9142"}],"collection":[{"href":"https:\/\/www.asajacyl.com\/soria\/wp-json\/wp\/v2\/posts"}],"about":[{"href":"https:\/\/www.asajacyl.com\/soria\/wp-json\/wp\/v2\/types\/post"}],"author":[{"embeddable":true,"href":"https:\/\/www.asajacyl.com\/soria\/wp-json\/wp\/v2\/users\/12"}],"replies":[{"embeddable":true,"href":"https:\/\/www.asajacyl.com\/soria\/wp-json\/wp\/v2\/comments?post=9142"}],"version-history":[{"count":1,"href":"https:\/\/www.asajacyl.com\/soria\/wp-json\/wp\/v2\/posts\/9142\/revisions"}],"predecessor-version":[{"id":9143,"href":"https:\/\/www.asajacyl.com\/soria\/wp-json\/wp\/v2\/posts\/9142\/revisions\/9143"}],"wp:featuredmedia":[{"embeddable":true,"href":"https:\/\/www.asajacyl.com\/soria\/wp-json\/wp\/v2\/media\/9088"}],"wp:attachment":[{"href":"https:\/\/www.asajacyl.com\/soria\/wp-json\/wp\/v2\/media?parent=9142"}],"wp:term":[{"taxonomy":"category","embeddable":true,"href":"https:\/\/www.asajacyl.com\/soria\/wp-json\/wp\/v2\/categories?post=9142"},{"taxonomy":"post_tag","embeddable":true,"href":"https:\/\/www.asajacyl.com\/soria\/wp-json\/wp\/v2\/tags?post=9142"}],"curies":[{"name":"wp","href":"https:\/\/api.w.org\/{rel}","templated":true}]}}