{"id":9156,"date":"2025-08-12T13:12:23","date_gmt":"2025-08-12T11:12:23","guid":{"rendered":"https:\/\/www.asajacyl.com\/soria\/?p=9156"},"modified":"2025-08-12T13:12:24","modified_gmt":"2025-08-12T11:12:24","slug":"la-consejeria-vuelve-a-las-andadas-y-prohibe-parcialmente-la-cosecha-para-esta-nueva-ola-de-calor","status":"publish","type":"post","link":"https:\/\/www.asajacyl.com\/soria\/asaja-soria-informa\/la-consejeria-vuelve-a-las-andadas-y-prohibe-parcialmente-la-cosecha-para-esta-nueva-ola-de-calor","title":{"rendered":"LA CONSEJER\u00cdA VUELVE A LAS ANDADAS Y PROH\u00cdBE PARCIALMENTE LA COSECHA PARA ESTA NUEVA OLA DE CALOR"},"content":{"rendered":"\n\n\n<h2><strong><em>ASAJA Soria estudia ya la v\u00eda jur\u00eddica en defensa del derecho de los agricultores a recoger el fruto de su trabajo<\/em><\/strong><\/h2>\n<p>El director general de Patrimonio Natural y Pol\u00edtica Forestal, Jos\u00e9 \u00c1ngel Arranz, ha dictado una Resoluci\u00f3n por la que ha declarado la situaci\u00f3n de \u201cAlerta\u201d por riesgo meteorol\u00f3gico de incendios forestales, para el periodo de d\u00edas que va desde el 4 al 8 de agosto incluidos, en Castilla y Le\u00f3n.<\/p>\n<p>En dicha resoluci\u00f3n, se incluye como medida preventiva complementaria la prohibici\u00f3n del uso de maquinaria autopropulsada agr\u00edcola y forestal en el monte y en los terrenos agr\u00edcolas situados a menos de 400 metros de terreno forestal.<\/p>\n<p>En la norma se indica expresamente que dicha restricci\u00f3n incluye la cosecha y el empacado de forraje o cereal, en terrenos de secano, o el uso de <em>skidders<\/em>, procesadoras y desbrozadoras, en las horas m\u00e1s desfavorables del d\u00eda, comprendidas entre las 14:00 y las 18:00 horas.<\/p>\n<p>ASAJA recuerda que en los terrenos agr\u00edcolas localizados en el monte y en la franja perimetral de 400 metros del monte, cuando se realicen labores agr\u00edcolas con maquinaria del tipo cosechadora, tanto el agricultor como el personal de la misma, deben establecer un plan de vigilancia, disponiendo, al menos, de una persona que se mantenga alerta mientras se cosecha y disponer de medios de extinci\u00f3n suficientes para controlar el posible conato (dos mochilas con agua y dos batefuegos).<\/p>\n<p>Es decir, la restricci\u00f3n afecta: solamente al secano, al periodo entre las 14:00 y las 18:00 horas, y aquellos terrenos dentro del monte y en sus aleda\u00f1os de 400 metros al terreno forestal.<\/p>\n<p>Adem\u00e1s, la resoluci\u00f3n incluye una serie de t\u00e9rminos municipales a los que no afecta esta restricci\u00f3n, en los d\u00edas 4 y 5 de agosto, como son, en el caso de Soria: Covaleda, Duruelo de la Sierra, Molinos de Duero, Montenegro de Cameros, Salduero y Vinuesa. Es decir, aquellos t\u00e9rminos municipales que ir\u00f3nicamente est\u00e1n a la cabeza del valor forestal m\u00e1s alto, en los que se podr\u00e1n seguir usando <em>skidders<\/em>, procesadoras, desbrozadoras, empacadoras y cosechadoras.<\/p>\n<p>Para ASAJA Soria esta nueva vuelta a las prohibiciones deja clara la intenci\u00f3n de la Consejer\u00eda de Medio Ambiente, que lo hace adem\u00e1s \u201cretorciendo o estirando la normativa\u201d, algo que ya cuenta con unos cuantos \u201crapapolvos\u201d en los tribunales, entre los que se encuentra la impugnaci\u00f3n de la resoluci\u00f3n que prohibi\u00f3 la cosecha en 2022, en su litigio en el Tribunal Superior de Justicia precisamente con esta asociaci\u00f3n provincial profesional agraria.<\/p>\n<p>ASAJA Soria no entiende por qu\u00e9 si en lo que llevamos de a\u00f1o tan solo uno de cada 10 incendios accidentales (no intencionados) han tenido relaci\u00f3n directa con cosechadoras de todos los asociados a m\u00e1quinas y motores ahora se vuelve a incidir sobre este colectivo dentro de las medidas preventivas. Y ello cuando adem\u00e1s esta actividad ya cuenta con una prohibici\u00f3n gen\u00e9rica, pero espec\u00edfica de esta actividad, de no trabajar cuando se cumple la regla 30\/30 (m\u00e1s de 30 grados y velocidad del viento superior a 30 km\/h), que afecta naturalmente a esas horas centrales del d\u00eda.<\/p>\n<p>En la misma resoluci\u00f3n la propia Direcci\u00f3n General recoge que la previsi\u00f3n del viento es de 25-30 km\/h, eso implica que matem\u00e1ticamente habr\u00e1 rachas por encima, pero tambi\u00e9n por debajo de estos valores estad\u00edsticos medios, por lo que la resoluci\u00f3n roba el criterio de adaptarse a la realidad a los agricultores para establecer que el viento en todos esos d\u00edas soplar\u00e1 por encima de los 30 km\/h. Por lo que, a la vista de esta interpretaci\u00f3n, m\u00e1s nos vale a todos los castellanoleoneses no salir de casa en esas horas por si nos pudiera caer una teja.<\/p>\n<p>Fuera de iron\u00edas, y entrando en lo que es precisamente lo m\u00e1s serio y peligroso de todo esto, esta prohibici\u00f3n deja sin efecto todos los seguros que puedan tener cosechadores y agricultores, en esas horas concretas y zonas, pues en caso de accidente las compa\u00f1\u00edas usar\u00e1n esta resoluci\u00f3n del director general para declarar que no corresponde indemnizaci\u00f3n alguna al asegurado frente a la responsabilidad que se le pudiera exigir por los da\u00f1os o gastos de extinci\u00f3n.<\/p>\n<p>Por todo ello, ASAJA Soria ya se ha puesto a estudiar jur\u00eddicamente este asunto y resolver\u00e1 de inmediato si volver a batallar litigiosamente en defensa del derecho de los agricultores a recoger su cosecha y a su imagen.<\/p>\n<p>Aqu\u00ed puedes leer la resoluci\u00f3n:<\/p>\n<p><a href=\"https:\/\/www.asajacyl.com\/soria\/wp-content\/uploads\/sites\/9\/2025\/08\/4-8-agosto-ALERTA-2.pdf\">4-8 agosto ALERTA<\/a><\/p>\n<p>\u00a0<\/p>\n","protected":false},"excerpt":{"rendered":"<p>ASAJA Soria estudia ya la v\u00eda jur\u00eddica en defensa del derecho de los agricultores a recoger el fruto de su trabajo El director general de Patrimonio Natural y Pol\u00edtica Forestal, Jos\u00e9 \u00c1ngel Arranz, ha dictado una Resoluci\u00f3n por la que ha declarado la situaci\u00f3n de \u201cAlerta\u201d por riesgo meteorol\u00f3gico de incendios forestales, para el periodo [&hellip;]<\/p>\n","protected":false},"author":12,"featured_media":8213,"comment_status":"open","ping_status":"open","sticky":false,"template":"","format":"standard","meta":{"footnotes":""},"categories":[10,25],"tags":[],"yoast_head":"<!-- This site is optimized with the Yoast SEO plugin v24.5 - https:\/\/yoast.com\/wordpress\/plugins\/seo\/ -->\n<title>LA CONSEJER\u00cdA VUELVE A LAS ANDADAS Y PROH\u00cdBE PARCIALMENTE LA COSECHA PARA ESTA NUEVA OLA DE CALOR - ASAJA Soria<\/title>\n<meta name=\"description\" content=\"ASAJA Soria estudia ya la v\u00eda jur\u00eddica en defensa del derecho de los agricultores a recoger el fruto de su trabajo El director general de Patrimonio\" \/>\n<meta name=\"robots\" content=\"index, follow, max-snippet:-1, max-image-preview:large, max-video-preview:-1\" \/>\n<link rel=\"canonical\" href=\"https:\/\/www.asajacyl.com\/soria\/asaja-soria-informa\/la-consejeria-vuelve-a-las-andadas-y-prohibe-parcialmente-la-cosecha-para-esta-nueva-ola-de-calor\" \/>\n<meta property=\"og:locale\" content=\"es_ES\" \/>\n<meta property=\"og:type\" content=\"article\" \/>\n<meta property=\"og:title\" content=\"LA CONSEJER\u00cdA VUELVE A LAS ANDADAS Y PROH\u00cdBE PARCIALMENTE LA COSECHA PARA ESTA NUEVA OLA DE CALOR - ASAJA Soria\" \/>\n<meta property=\"og:description\" content=\"ASAJA Soria estudia ya la v\u00eda jur\u00eddica en defensa del derecho de los agricultores a recoger el fruto de su trabajo El director general de Patrimonio\" \/>\n<meta property=\"og:url\" content=\"https:\/\/www.asajacyl.com\/soria\/asaja-soria-informa\/la-consejeria-vuelve-a-las-andadas-y-prohibe-parcialmente-la-cosecha-para-esta-nueva-ola-de-calor\" \/>\n<meta property=\"og:site_name\" content=\"ASAJA Soria\" \/>\n<meta property=\"article:published_time\" content=\"2025-08-12T11:12:23+00:00\" \/>\n<meta property=\"article:modified_time\" content=\"2025-08-12T11:12:24+00:00\" \/>\n<meta property=\"og:image\" content=\"https:\/\/www.asajacyl.com\/soria\/wp-content\/uploads\/sites\/9\/2024\/07\/IMG_4856.jpg\" \/>\n\t<meta property=\"og:image:width\" content=\"2500\" \/>\n\t<meta property=\"og:image:height\" content=\"1875\" \/>\n\t<meta property=\"og:image:type\" content=\"image\/jpeg\" \/>\n<meta name=\"author\" content=\"Juan Ignacio Prieto Nieto\" \/>\n<meta name=\"twitter:card\" content=\"summary_large_image\" \/>\n<meta name=\"twitter:label1\" content=\"Escrito por\" \/>\n\t<meta name=\"twitter:data1\" content=\"Juan Ignacio Prieto Nieto\" \/>\n\t<meta name=\"twitter:label2\" content=\"Tiempo de lectura\" \/>\n\t<meta name=\"twitter:data2\" content=\"4 minutos\" \/>\n<script type=\"application\/ld+json\" class=\"yoast-schema-graph\">{\"@context\":\"https:\/\/schema.org\",\"@graph\":[{\"@type\":\"WebPage\",\"@id\":\"https:\/\/www.asajacyl.com\/soria\/asaja-soria-informa\/la-consejeria-vuelve-a-las-andadas-y-prohibe-parcialmente-la-cosecha-para-esta-nueva-ola-de-calor\",\"url\":\"https:\/\/www.asajacyl.com\/soria\/asaja-soria-informa\/la-consejeria-vuelve-a-las-andadas-y-prohibe-parcialmente-la-cosecha-para-esta-nueva-ola-de-calor\",\"name\":\"LA CONSEJER\u00cdA VUELVE A LAS ANDADAS Y PROH\u00cdBE PARCIALMENTE LA COSECHA PARA ESTA NUEVA OLA DE CALOR - ASAJA Soria\",\"isPartOf\":{\"@id\":\"https:\/\/www.asajacyl.com\/soria\/#website\"},\"primaryImageOfPage\":{\"@id\":\"https:\/\/www.asajacyl.com\/soria\/asaja-soria-informa\/la-consejeria-vuelve-a-las-andadas-y-prohibe-parcialmente-la-cosecha-para-esta-nueva-ola-de-calor#primaryimage\"},\"image\":{\"@id\":\"https:\/\/www.asajacyl.com\/soria\/asaja-soria-informa\/la-consejeria-vuelve-a-las-andadas-y-prohibe-parcialmente-la-cosecha-para-esta-nueva-ola-de-calor#primaryimage\"},\"thumbnailUrl\":\"https:\/\/www.asajacyl.com\/soria\/wp-content\/uploads\/sites\/9\/2024\/07\/IMG_4856.jpg\",\"datePublished\":\"2025-08-12T11:12:23+00:00\",\"dateModified\":\"2025-08-12T11:12:24+00:00\",\"author\":{\"@id\":\"https:\/\/www.asajacyl.com\/soria\/#\/schema\/person\/fd3081c40255119ce8133b87e6aedfab\"},\"description\":\"ASAJA Soria estudia ya la v\u00eda jur\u00eddica en defensa del derecho de los agricultores a recoger el fruto de su trabajo El director general de Patrimonio\",\"breadcrumb\":{\"@id\":\"https:\/\/www.asajacyl.com\/soria\/asaja-soria-informa\/la-consejeria-vuelve-a-las-andadas-y-prohibe-parcialmente-la-cosecha-para-esta-nueva-ola-de-calor#breadcrumb\"},\"inLanguage\":\"es\",\"potentialAction\":[{\"@type\":\"ReadAction\",\"target\":[\"https:\/\/www.asajacyl.com\/soria\/asaja-soria-informa\/la-consejeria-vuelve-a-las-andadas-y-prohibe-parcialmente-la-cosecha-para-esta-nueva-ola-de-calor\"]}]},{\"@type\":\"ImageObject\",\"inLanguage\":\"es\",\"@id\":\"https:\/\/www.asajacyl.com\/soria\/asaja-soria-informa\/la-consejeria-vuelve-a-las-andadas-y-prohibe-parcialmente-la-cosecha-para-esta-nueva-ola-de-calor#primaryimage\",\"url\":\"https:\/\/www.asajacyl.com\/soria\/wp-content\/uploads\/sites\/9\/2024\/07\/IMG_4856.jpg\",\"contentUrl\":\"https:\/\/www.asajacyl.com\/soria\/wp-content\/uploads\/sites\/9\/2024\/07\/IMG_4856.jpg\",\"width\":2500,\"height\":1875},{\"@type\":\"BreadcrumbList\",\"@id\":\"https:\/\/www.asajacyl.com\/soria\/asaja-soria-informa\/la-consejeria-vuelve-a-las-andadas-y-prohibe-parcialmente-la-cosecha-para-esta-nueva-ola-de-calor#breadcrumb\",\"itemListElement\":[{\"@type\":\"ListItem\",\"position\":1,\"name\":\"Portada\",\"item\":\"https:\/\/www.asajacyl.com\/soria\/\"},{\"@type\":\"ListItem\",\"position\":2,\"name\":\"LA CONSEJER\u00cdA VUELVE A LAS ANDADAS Y PROH\u00cdBE PARCIALMENTE LA COSECHA PARA ESTA NUEVA OLA DE CALOR\"}]},{\"@type\":\"WebSite\",\"@id\":\"https:\/\/www.asajacyl.com\/soria\/#website\",\"url\":\"https:\/\/www.asajacyl.com\/soria\/\",\"name\":\"ASAJA Soria\",\"description\":\"Otro sitio m\u00e1s de Provincias ASAJA Castilla y Le\u00f3n\",\"potentialAction\":[{\"@type\":\"SearchAction\",\"target\":{\"@type\":\"EntryPoint\",\"urlTemplate\":\"https:\/\/www.asajacyl.com\/soria\/?s={search_term_string}\"},\"query-input\":{\"@type\":\"PropertyValueSpecification\",\"valueRequired\":true,\"valueName\":\"search_term_string\"}}],\"inLanguage\":\"es\"},{\"@type\":\"Person\",\"@id\":\"https:\/\/www.asajacyl.com\/soria\/#\/schema\/person\/fd3081c40255119ce8133b87e6aedfab\",\"name\":\"Juan Ignacio Prieto Nieto\",\"image\":{\"@type\":\"ImageObject\",\"inLanguage\":\"es\",\"@id\":\"https:\/\/www.asajacyl.com\/soria\/#\/schema\/person\/image\/\",\"url\":\"https:\/\/secure.gravatar.com\/avatar\/8266b36e4d9001acb4700699a2468dc8?s=96&d=mm&r=g\",\"contentUrl\":\"https:\/\/secure.gravatar.com\/avatar\/8266b36e4d9001acb4700699a2468dc8?s=96&d=mm&r=g\",\"caption\":\"Juan Ignacio Prieto Nieto\"},\"url\":\"https:\/\/www.asajacyl.com\/soria\/author\/juanfranciscoby\"}]}<\/script>\n<!-- \/ Yoast SEO plugin. -->","yoast_head_json":{"title":"LA CONSEJER\u00cdA VUELVE A LAS ANDADAS Y PROH\u00cdBE PARCIALMENTE LA COSECHA PARA ESTA NUEVA OLA DE CALOR - ASAJA Soria","description":"ASAJA Soria estudia ya la v\u00eda jur\u00eddica en defensa del derecho de los agricultores a recoger el fruto de su trabajo El director general de Patrimonio","robots":{"index":"index","follow":"follow","max-snippet":"max-snippet:-1","max-image-preview":"max-image-preview:large","max-video-preview":"max-video-preview:-1"},"canonical":"https:\/\/www.asajacyl.com\/soria\/asaja-soria-informa\/la-consejeria-vuelve-a-las-andadas-y-prohibe-parcialmente-la-cosecha-para-esta-nueva-ola-de-calor","og_locale":"es_ES","og_type":"article","og_title":"LA CONSEJER\u00cdA VUELVE A LAS ANDADAS Y PROH\u00cdBE PARCIALMENTE LA COSECHA PARA ESTA NUEVA OLA DE CALOR - ASAJA Soria","og_description":"ASAJA Soria estudia ya la v\u00eda jur\u00eddica en defensa del derecho de los agricultores a recoger el fruto de su trabajo El director general de Patrimonio","og_url":"https:\/\/www.asajacyl.com\/soria\/asaja-soria-informa\/la-consejeria-vuelve-a-las-andadas-y-prohibe-parcialmente-la-cosecha-para-esta-nueva-ola-de-calor","og_site_name":"ASAJA Soria","article_published_time":"2025-08-12T11:12:23+00:00","article_modified_time":"2025-08-12T11:12:24+00:00","og_image":[{"width":2500,"height":1875,"url":"https:\/\/www.asajacyl.com\/soria\/wp-content\/uploads\/sites\/9\/2024\/07\/IMG_4856.jpg","type":"image\/jpeg"}],"author":"Juan Ignacio Prieto Nieto","twitter_card":"summary_large_image","twitter_misc":{"Escrito por":"Juan Ignacio Prieto Nieto","Tiempo de lectura":"4 minutos"},"schema":{"@context":"https:\/\/schema.org","@graph":[{"@type":"WebPage","@id":"https:\/\/www.asajacyl.com\/soria\/asaja-soria-informa\/la-consejeria-vuelve-a-las-andadas-y-prohibe-parcialmente-la-cosecha-para-esta-nueva-ola-de-calor","url":"https:\/\/www.asajacyl.com\/soria\/asaja-soria-informa\/la-consejeria-vuelve-a-las-andadas-y-prohibe-parcialmente-la-cosecha-para-esta-nueva-ola-de-calor","name":"LA CONSEJER\u00cdA VUELVE A LAS ANDADAS Y PROH\u00cdBE PARCIALMENTE LA COSECHA PARA ESTA NUEVA OLA DE CALOR - ASAJA Soria","isPartOf":{"@id":"https:\/\/www.asajacyl.com\/soria\/#website"},"primaryImageOfPage":{"@id":"https:\/\/www.asajacyl.com\/soria\/asaja-soria-informa\/la-consejeria-vuelve-a-las-andadas-y-prohibe-parcialmente-la-cosecha-para-esta-nueva-ola-de-calor#primaryimage"},"image":{"@id":"https:\/\/www.asajacyl.com\/soria\/asaja-soria-informa\/la-consejeria-vuelve-a-las-andadas-y-prohibe-parcialmente-la-cosecha-para-esta-nueva-ola-de-calor#primaryimage"},"thumbnailUrl":"https:\/\/www.asajacyl.com\/soria\/wp-content\/uploads\/sites\/9\/2024\/07\/IMG_4856.jpg","datePublished":"2025-08-12T11:12:23+00:00","dateModified":"2025-08-12T11:12:24+00:00","author":{"@id":"https:\/\/www.asajacyl.com\/soria\/#\/schema\/person\/fd3081c40255119ce8133b87e6aedfab"},"description":"ASAJA Soria estudia ya la v\u00eda jur\u00eddica en defensa del derecho de los agricultores a recoger el fruto de su trabajo El director general de Patrimonio","breadcrumb":{"@id":"https:\/\/www.asajacyl.com\/soria\/asaja-soria-informa\/la-consejeria-vuelve-a-las-andadas-y-prohibe-parcialmente-la-cosecha-para-esta-nueva-ola-de-calor#breadcrumb"},"inLanguage":"es","potentialAction":[{"@type":"ReadAction","target":["https:\/\/www.asajacyl.com\/soria\/asaja-soria-informa\/la-consejeria-vuelve-a-las-andadas-y-prohibe-parcialmente-la-cosecha-para-esta-nueva-ola-de-calor"]}]},{"@type":"ImageObject","inLanguage":"es","@id":"https:\/\/www.asajacyl.com\/soria\/asaja-soria-informa\/la-consejeria-vuelve-a-las-andadas-y-prohibe-parcialmente-la-cosecha-para-esta-nueva-ola-de-calor#primaryimage","url":"https:\/\/www.asajacyl.com\/soria\/wp-content\/uploads\/sites\/9\/2024\/07\/IMG_4856.jpg","contentUrl":"https:\/\/www.asajacyl.com\/soria\/wp-content\/uploads\/sites\/9\/2024\/07\/IMG_4856.jpg","width":2500,"height":1875},{"@type":"BreadcrumbList","@id":"https:\/\/www.asajacyl.com\/soria\/asaja-soria-informa\/la-consejeria-vuelve-a-las-andadas-y-prohibe-parcialmente-la-cosecha-para-esta-nueva-ola-de-calor#breadcrumb","itemListElement":[{"@type":"ListItem","position":1,"name":"Portada","item":"https:\/\/www.asajacyl.com\/soria\/"},{"@type":"ListItem","position":2,"name":"LA CONSEJER\u00cdA VUELVE A LAS ANDADAS Y PROH\u00cdBE PARCIALMENTE LA COSECHA PARA ESTA NUEVA OLA DE CALOR"}]},{"@type":"WebSite","@id":"https:\/\/www.asajacyl.com\/soria\/#website","url":"https:\/\/www.asajacyl.com\/soria\/","name":"ASAJA Soria","description":"Otro sitio m\u00e1s de Provincias ASAJA Castilla y Le\u00f3n","potentialAction":[{"@type":"SearchAction","target":{"@type":"EntryPoint","urlTemplate":"https:\/\/www.asajacyl.com\/soria\/?s={search_term_string}"},"query-input":{"@type":"PropertyValueSpecification","valueRequired":true,"valueName":"search_term_string"}}],"inLanguage":"es"},{"@type":"Person","@id":"https:\/\/www.asajacyl.com\/soria\/#\/schema\/person\/fd3081c40255119ce8133b87e6aedfab","name":"Juan Ignacio Prieto Nieto","image":{"@type":"ImageObject","inLanguage":"es","@id":"https:\/\/www.asajacyl.com\/soria\/#\/schema\/person\/image\/","url":"https:\/\/secure.gravatar.com\/avatar\/8266b36e4d9001acb4700699a2468dc8?s=96&d=mm&r=g","contentUrl":"https:\/\/secure.gravatar.com\/avatar\/8266b36e4d9001acb4700699a2468dc8?s=96&d=mm&r=g","caption":"Juan Ignacio Prieto Nieto"},"url":"https:\/\/www.asajacyl.com\/soria\/author\/juanfranciscoby"}]}},"_links":{"self":[{"href":"https:\/\/www.asajacyl.com\/soria\/wp-json\/wp\/v2\/posts\/9156"}],"collection":[{"href":"https:\/\/www.asajacyl.com\/soria\/wp-json\/wp\/v2\/posts"}],"about":[{"href":"https:\/\/www.asajacyl.com\/soria\/wp-json\/wp\/v2\/types\/post"}],"author":[{"embeddable":true,"href":"https:\/\/www.asajacyl.com\/soria\/wp-json\/wp\/v2\/users\/12"}],"replies":[{"embeddable":true,"href":"https:\/\/www.asajacyl.com\/soria\/wp-json\/wp\/v2\/comments?post=9156"}],"version-history":[{"count":2,"href":"https:\/\/www.asajacyl.com\/soria\/wp-json\/wp\/v2\/posts\/9156\/revisions"}],"predecessor-version":[{"id":9159,"href":"https:\/\/www.asajacyl.com\/soria\/wp-json\/wp\/v2\/posts\/9156\/revisions\/9159"}],"wp:featuredmedia":[{"embeddable":true,"href":"https:\/\/www.asajacyl.com\/soria\/wp-json\/wp\/v2\/media\/8213"}],"wp:attachment":[{"href":"https:\/\/www.asajacyl.com\/soria\/wp-json\/wp\/v2\/media?parent=9156"}],"wp:term":[{"taxonomy":"category","embeddable":true,"href":"https:\/\/www.asajacyl.com\/soria\/wp-json\/wp\/v2\/categories?post=9156"},{"taxonomy":"post_tag","embeddable":true,"href":"https:\/\/www.asajacyl.com\/soria\/wp-json\/wp\/v2\/tags?post=9156"}],"curies":[{"name":"wp","href":"https:\/\/api.w.org\/{rel}","templated":true}]}}