{"id":9222,"date":"2025-08-20T13:57:02","date_gmt":"2025-08-20T11:57:02","guid":{"rendered":"https:\/\/www.asajacyl.com\/soria\/?p=9222"},"modified":"2025-09-05T14:02:50","modified_gmt":"2025-09-05T12:02:50","slug":"cursos-de-manipulador-de-plaguicidas-de-uso-fitosanitario-nivel-basico-2","status":"publish","type":"post","link":"https:\/\/www.asajacyl.com\/soria\/servicios-socio\/cursos-jornadas\/cursos-de-manipulador-de-plaguicidas-de-uso-fitosanitario-nivel-basico-2","title":{"rendered":"CURSOS DE MANIPULADOR DE PLAGUICIDAS DE USO FITOSANITARIO \u2013 NIVEL B\u00c1SICO"},"content":{"rendered":"\n\n\n<p><img loading=\"lazy\" decoding=\"async\" class=\"aligncenter size-full wp-image-9223\" src=\"https:\/\/www.asajacyl.com\/soria\/wp-content\/uploads\/sites\/9\/2025\/08\/Cartel-Asaja.jpg\" alt=\"\" width=\"524\" height=\"612\" srcset=\"https:\/\/www.asajacyl.com\/soria\/wp-content\/uploads\/sites\/9\/2025\/08\/Cartel-Asaja.jpg 524w, https:\/\/www.asajacyl.com\/soria\/wp-content\/uploads\/sites\/9\/2025\/08\/Cartel-Asaja-257x300.jpg 257w, https:\/\/www.asajacyl.com\/soria\/wp-content\/uploads\/sites\/9\/2025\/08\/Cartel-Asaja-360x420.jpg 360w\" sizes=\"(max-width: 524px) 100vw, 524px\" \/><\/p>\n<p>FECHAS DE CELEBRACI\u00d3N: Del 15\/09\/2025 al 19\/09\/2025.<\/p>\n<p><br \/>MODALIDAD DE IMPARTICI\u00d3N: Presencial.<\/p>\n<p><br \/>LUGAR DE CELEBRACI\u00d3N: Aula C\u00e1mara de Comercio e Industria de Soria, c\/ Venerable Carabantes 1 -C, 42003 (Soria) (Acceso por escalinata de paso a la Calle de Albar Salvadores).<\/p>\n<p><br \/>DURACI\u00d3N: 25 horas presenciales.<\/p>\n<p><br \/>HORARIO: El 15, 16 y 17 de septiembre: De 16:00 a 21:00 horas. El 18 y 19 de septiembre: De 9:00 a 14:00<\/p>\n<p><br \/>DESTINATARIOS: Agricultores y trabajadores agr\u00edcolas interesados en el uso y manipulaci\u00f3n de productos fitosanitarios, de tal modo que les permita obtener el carnet de manipulador de usuarios profesionales de productos fitosanitarios, nivel b\u00e1sico, al poseer la formaci\u00f3n habilitante.<\/p>\n<p><br \/>MATR\u00cdCULA GRATUITA: Mediante presentaci\u00f3n del modelo cumplimentado y copia del DNI, en cualquier oficina de ASAJA Soria.<\/p>\n<p><br \/>CONTACTO: Tel\u00e9fono 975 21 51 71.<\/p>\n<p><br \/>FECHA DE RECEPCI\u00d3N DE SOLICITUDES: Hasta el 10 de septiembre de 2025.<\/p>\n<p>ORGANIZA E IMPARTE:<\/p>\n<p><img loading=\"lazy\" decoding=\"async\" class=\" wp-image-9225 alignleft\" src=\"https:\/\/www.asajacyl.com\/soria\/wp-content\/uploads\/sites\/9\/2025\/08\/Imagen2.png\" alt=\"\" width=\"184\" height=\"64\" srcset=\"https:\/\/www.asajacyl.com\/soria\/wp-content\/uploads\/sites\/9\/2025\/08\/Imagen2.png 474w, https:\/\/www.asajacyl.com\/soria\/wp-content\/uploads\/sites\/9\/2025\/08\/Imagen2-300x104.png 300w\" sizes=\"(max-width: 184px) 100vw, 184px\" \/><\/p>\n<p>\u00a0<\/p>\n<p><br \/>FINANCIA:<\/p>\n<p>\u00a0<\/p>\n<p><img loading=\"lazy\" decoding=\"async\" class=\"aligncenter  wp-image-9224\" src=\"https:\/\/www.asajacyl.com\/soria\/wp-content\/uploads\/sites\/9\/2025\/08\/FINANCIA.png\" alt=\"\" width=\"653\" height=\"130\" srcset=\"https:\/\/www.asajacyl.com\/soria\/wp-content\/uploads\/sites\/9\/2025\/08\/FINANCIA.png 502w, https:\/\/www.asajacyl.com\/soria\/wp-content\/uploads\/sites\/9\/2025\/08\/FINANCIA-300x60.png 300w\" sizes=\"(max-width: 653px) 100vw, 653px\" \/><\/p>\n<p>\u00a0<\/p>\n<p><a href=\"https:\/\/www.asajacyl.com\/soria\/wp-content\/uploads\/sites\/9\/2025\/08\/1cartel-Pluri-FB-Sept-2025.pdf\">1cartel Pluri FB Sept 2025<\/a><\/p>\n","protected":false},"excerpt":{"rendered":"<p>FECHAS DE CELEBRACI\u00d3N: Del 15\/09\/2025 al 19\/09\/2025. MODALIDAD DE IMPARTICI\u00d3N: Presencial. LUGAR DE CELEBRACI\u00d3N: Aula C\u00e1mara de Comercio e Industria de Soria, c\/ Venerable Carabantes 1 -C, 42003 (Soria) (Acceso por escalinata de paso a la Calle de Albar Salvadores). DURACI\u00d3N: 25 horas presenciales. HORARIO: El 15, 16 y 17 de septiembre: De 16:00 a [&hellip;]<\/p>\n","protected":false},"author":12,"featured_media":9223,"comment_status":"open","ping_status":"open","sticky":false,"template":"","format":"standard","meta":{"footnotes":""},"categories":[35],"tags":[],"yoast_head":"<!-- This site is optimized with the Yoast SEO plugin v24.5 - https:\/\/yoast.com\/wordpress\/plugins\/seo\/ -->\n<title>CURSOS DE MANIPULADOR DE PLAGUICIDAS DE USO FITOSANITARIO \u2013 NIVEL B\u00c1SICO - ASAJA Soria<\/title>\n<meta name=\"description\" content=\"FECHAS DE CELEBRACI\u00d3N: Del 15\/09\/2025 al 19\/09\/2025. MODALIDAD DE IMPARTICI\u00d3N: Presencial. LUGAR DE CELEBRACI\u00d3N: Aula C\u00e1mara de Comercio e Industria de\" \/>\n<meta name=\"robots\" content=\"index, follow, max-snippet:-1, max-image-preview:large, max-video-preview:-1\" \/>\n<link rel=\"canonical\" href=\"https:\/\/www.asajacyl.com\/soria\/servicios-socio\/cursos-jornadas\/cursos-de-manipulador-de-plaguicidas-de-uso-fitosanitario-nivel-basico-2\" \/>\n<meta property=\"og:locale\" content=\"es_ES\" \/>\n<meta property=\"og:type\" content=\"article\" \/>\n<meta property=\"og:title\" content=\"CURSOS DE MANIPULADOR DE PLAGUICIDAS DE USO FITOSANITARIO \u2013 NIVEL B\u00c1SICO - ASAJA Soria\" \/>\n<meta property=\"og:description\" content=\"FECHAS DE CELEBRACI\u00d3N: Del 15\/09\/2025 al 19\/09\/2025. MODALIDAD DE IMPARTICI\u00d3N: Presencial. LUGAR DE CELEBRACI\u00d3N: Aula C\u00e1mara de Comercio e Industria de\" \/>\n<meta property=\"og:url\" content=\"https:\/\/www.asajacyl.com\/soria\/servicios-socio\/cursos-jornadas\/cursos-de-manipulador-de-plaguicidas-de-uso-fitosanitario-nivel-basico-2\" \/>\n<meta property=\"og:site_name\" content=\"ASAJA Soria\" \/>\n<meta property=\"article:published_time\" content=\"2025-08-20T11:57:02+00:00\" \/>\n<meta property=\"article:modified_time\" content=\"2025-09-05T12:02:50+00:00\" \/>\n<meta property=\"og:image\" content=\"https:\/\/www.asajacyl.com\/soria\/wp-content\/uploads\/sites\/9\/2025\/08\/Cartel-Asaja.jpg\" \/>\n\t<meta property=\"og:image:width\" content=\"524\" \/>\n\t<meta property=\"og:image:height\" content=\"612\" \/>\n\t<meta property=\"og:image:type\" content=\"image\/jpeg\" \/>\n<meta name=\"author\" content=\"Juan Ignacio Prieto Nieto\" \/>\n<meta name=\"twitter:card\" content=\"summary_large_image\" \/>\n<meta name=\"twitter:label1\" content=\"Escrito por\" \/>\n\t<meta name=\"twitter:data1\" content=\"Juan Ignacio Prieto Nieto\" \/>\n\t<meta name=\"twitter:label2\" content=\"Tiempo de lectura\" \/>\n\t<meta name=\"twitter:data2\" content=\"2 minutos\" \/>\n<script type=\"application\/ld+json\" class=\"yoast-schema-graph\">{\"@context\":\"https:\/\/schema.org\",\"@graph\":[{\"@type\":\"WebPage\",\"@id\":\"https:\/\/www.asajacyl.com\/soria\/servicios-socio\/cursos-jornadas\/cursos-de-manipulador-de-plaguicidas-de-uso-fitosanitario-nivel-basico-2\",\"url\":\"https:\/\/www.asajacyl.com\/soria\/servicios-socio\/cursos-jornadas\/cursos-de-manipulador-de-plaguicidas-de-uso-fitosanitario-nivel-basico-2\",\"name\":\"CURSOS DE MANIPULADOR DE PLAGUICIDAS DE USO FITOSANITARIO \u2013 NIVEL B\u00c1SICO - ASAJA Soria\",\"isPartOf\":{\"@id\":\"https:\/\/www.asajacyl.com\/soria\/#website\"},\"primaryImageOfPage\":{\"@id\":\"https:\/\/www.asajacyl.com\/soria\/servicios-socio\/cursos-jornadas\/cursos-de-manipulador-de-plaguicidas-de-uso-fitosanitario-nivel-basico-2#primaryimage\"},\"image\":{\"@id\":\"https:\/\/www.asajacyl.com\/soria\/servicios-socio\/cursos-jornadas\/cursos-de-manipulador-de-plaguicidas-de-uso-fitosanitario-nivel-basico-2#primaryimage\"},\"thumbnailUrl\":\"https:\/\/www.asajacyl.com\/soria\/wp-content\/uploads\/sites\/9\/2025\/08\/Cartel-Asaja.jpg\",\"datePublished\":\"2025-08-20T11:57:02+00:00\",\"dateModified\":\"2025-09-05T12:02:50+00:00\",\"author\":{\"@id\":\"https:\/\/www.asajacyl.com\/soria\/#\/schema\/person\/fd3081c40255119ce8133b87e6aedfab\"},\"description\":\"FECHAS DE CELEBRACI\u00d3N: Del 15\/09\/2025 al 19\/09\/2025. MODALIDAD DE IMPARTICI\u00d3N: Presencial. LUGAR DE CELEBRACI\u00d3N: Aula C\u00e1mara de Comercio e Industria de\",\"breadcrumb\":{\"@id\":\"https:\/\/www.asajacyl.com\/soria\/servicios-socio\/cursos-jornadas\/cursos-de-manipulador-de-plaguicidas-de-uso-fitosanitario-nivel-basico-2#breadcrumb\"},\"inLanguage\":\"es\",\"potentialAction\":[{\"@type\":\"ReadAction\",\"target\":[\"https:\/\/www.asajacyl.com\/soria\/servicios-socio\/cursos-jornadas\/cursos-de-manipulador-de-plaguicidas-de-uso-fitosanitario-nivel-basico-2\"]}]},{\"@type\":\"ImageObject\",\"inLanguage\":\"es\",\"@id\":\"https:\/\/www.asajacyl.com\/soria\/servicios-socio\/cursos-jornadas\/cursos-de-manipulador-de-plaguicidas-de-uso-fitosanitario-nivel-basico-2#primaryimage\",\"url\":\"https:\/\/www.asajacyl.com\/soria\/wp-content\/uploads\/sites\/9\/2025\/08\/Cartel-Asaja.jpg\",\"contentUrl\":\"https:\/\/www.asajacyl.com\/soria\/wp-content\/uploads\/sites\/9\/2025\/08\/Cartel-Asaja.jpg\",\"width\":524,\"height\":612},{\"@type\":\"BreadcrumbList\",\"@id\":\"https:\/\/www.asajacyl.com\/soria\/servicios-socio\/cursos-jornadas\/cursos-de-manipulador-de-plaguicidas-de-uso-fitosanitario-nivel-basico-2#breadcrumb\",\"itemListElement\":[{\"@type\":\"ListItem\",\"position\":1,\"name\":\"Portada\",\"item\":\"https:\/\/www.asajacyl.com\/soria\/\"},{\"@type\":\"ListItem\",\"position\":2,\"name\":\"CURSOS DE MANIPULADOR DE PLAGUICIDAS DE USO FITOSANITARIO \u2013 NIVEL B\u00c1SICO\"}]},{\"@type\":\"WebSite\",\"@id\":\"https:\/\/www.asajacyl.com\/soria\/#website\",\"url\":\"https:\/\/www.asajacyl.com\/soria\/\",\"name\":\"ASAJA Soria\",\"description\":\"Otro sitio m\u00e1s de Provincias ASAJA Castilla y Le\u00f3n\",\"potentialAction\":[{\"@type\":\"SearchAction\",\"target\":{\"@type\":\"EntryPoint\",\"urlTemplate\":\"https:\/\/www.asajacyl.com\/soria\/?s={search_term_string}\"},\"query-input\":{\"@type\":\"PropertyValueSpecification\",\"valueRequired\":true,\"valueName\":\"search_term_string\"}}],\"inLanguage\":\"es\"},{\"@type\":\"Person\",\"@id\":\"https:\/\/www.asajacyl.com\/soria\/#\/schema\/person\/fd3081c40255119ce8133b87e6aedfab\",\"name\":\"Juan Ignacio Prieto Nieto\",\"image\":{\"@type\":\"ImageObject\",\"inLanguage\":\"es\",\"@id\":\"https:\/\/www.asajacyl.com\/soria\/#\/schema\/person\/image\/\",\"url\":\"https:\/\/secure.gravatar.com\/avatar\/8266b36e4d9001acb4700699a2468dc8?s=96&d=mm&r=g\",\"contentUrl\":\"https:\/\/secure.gravatar.com\/avatar\/8266b36e4d9001acb4700699a2468dc8?s=96&d=mm&r=g\",\"caption\":\"Juan Ignacio Prieto Nieto\"},\"url\":\"https:\/\/www.asajacyl.com\/soria\/author\/juanfranciscoby\"}]}<\/script>\n<!-- \/ Yoast SEO plugin. -->","yoast_head_json":{"title":"CURSOS DE MANIPULADOR DE PLAGUICIDAS DE USO FITOSANITARIO \u2013 NIVEL B\u00c1SICO - ASAJA Soria","description":"FECHAS DE CELEBRACI\u00d3N: Del 15\/09\/2025 al 19\/09\/2025. MODALIDAD DE IMPARTICI\u00d3N: Presencial. LUGAR DE CELEBRACI\u00d3N: Aula C\u00e1mara de Comercio e Industria de","robots":{"index":"index","follow":"follow","max-snippet":"max-snippet:-1","max-image-preview":"max-image-preview:large","max-video-preview":"max-video-preview:-1"},"canonical":"https:\/\/www.asajacyl.com\/soria\/servicios-socio\/cursos-jornadas\/cursos-de-manipulador-de-plaguicidas-de-uso-fitosanitario-nivel-basico-2","og_locale":"es_ES","og_type":"article","og_title":"CURSOS DE MANIPULADOR DE PLAGUICIDAS DE USO FITOSANITARIO \u2013 NIVEL B\u00c1SICO - ASAJA Soria","og_description":"FECHAS DE CELEBRACI\u00d3N: Del 15\/09\/2025 al 19\/09\/2025. MODALIDAD DE IMPARTICI\u00d3N: Presencial. LUGAR DE CELEBRACI\u00d3N: Aula C\u00e1mara de Comercio e Industria de","og_url":"https:\/\/www.asajacyl.com\/soria\/servicios-socio\/cursos-jornadas\/cursos-de-manipulador-de-plaguicidas-de-uso-fitosanitario-nivel-basico-2","og_site_name":"ASAJA Soria","article_published_time":"2025-08-20T11:57:02+00:00","article_modified_time":"2025-09-05T12:02:50+00:00","og_image":[{"width":524,"height":612,"url":"https:\/\/www.asajacyl.com\/soria\/wp-content\/uploads\/sites\/9\/2025\/08\/Cartel-Asaja.jpg","type":"image\/jpeg"}],"author":"Juan Ignacio Prieto Nieto","twitter_card":"summary_large_image","twitter_misc":{"Escrito por":"Juan Ignacio Prieto Nieto","Tiempo de lectura":"2 minutos"},"schema":{"@context":"https:\/\/schema.org","@graph":[{"@type":"WebPage","@id":"https:\/\/www.asajacyl.com\/soria\/servicios-socio\/cursos-jornadas\/cursos-de-manipulador-de-plaguicidas-de-uso-fitosanitario-nivel-basico-2","url":"https:\/\/www.asajacyl.com\/soria\/servicios-socio\/cursos-jornadas\/cursos-de-manipulador-de-plaguicidas-de-uso-fitosanitario-nivel-basico-2","name":"CURSOS DE MANIPULADOR DE PLAGUICIDAS DE USO FITOSANITARIO \u2013 NIVEL B\u00c1SICO - ASAJA Soria","isPartOf":{"@id":"https:\/\/www.asajacyl.com\/soria\/#website"},"primaryImageOfPage":{"@id":"https:\/\/www.asajacyl.com\/soria\/servicios-socio\/cursos-jornadas\/cursos-de-manipulador-de-plaguicidas-de-uso-fitosanitario-nivel-basico-2#primaryimage"},"image":{"@id":"https:\/\/www.asajacyl.com\/soria\/servicios-socio\/cursos-jornadas\/cursos-de-manipulador-de-plaguicidas-de-uso-fitosanitario-nivel-basico-2#primaryimage"},"thumbnailUrl":"https:\/\/www.asajacyl.com\/soria\/wp-content\/uploads\/sites\/9\/2025\/08\/Cartel-Asaja.jpg","datePublished":"2025-08-20T11:57:02+00:00","dateModified":"2025-09-05T12:02:50+00:00","author":{"@id":"https:\/\/www.asajacyl.com\/soria\/#\/schema\/person\/fd3081c40255119ce8133b87e6aedfab"},"description":"FECHAS DE CELEBRACI\u00d3N: Del 15\/09\/2025 al 19\/09\/2025. MODALIDAD DE IMPARTICI\u00d3N: Presencial. LUGAR DE CELEBRACI\u00d3N: Aula C\u00e1mara de Comercio e Industria de","breadcrumb":{"@id":"https:\/\/www.asajacyl.com\/soria\/servicios-socio\/cursos-jornadas\/cursos-de-manipulador-de-plaguicidas-de-uso-fitosanitario-nivel-basico-2#breadcrumb"},"inLanguage":"es","potentialAction":[{"@type":"ReadAction","target":["https:\/\/www.asajacyl.com\/soria\/servicios-socio\/cursos-jornadas\/cursos-de-manipulador-de-plaguicidas-de-uso-fitosanitario-nivel-basico-2"]}]},{"@type":"ImageObject","inLanguage":"es","@id":"https:\/\/www.asajacyl.com\/soria\/servicios-socio\/cursos-jornadas\/cursos-de-manipulador-de-plaguicidas-de-uso-fitosanitario-nivel-basico-2#primaryimage","url":"https:\/\/www.asajacyl.com\/soria\/wp-content\/uploads\/sites\/9\/2025\/08\/Cartel-Asaja.jpg","contentUrl":"https:\/\/www.asajacyl.com\/soria\/wp-content\/uploads\/sites\/9\/2025\/08\/Cartel-Asaja.jpg","width":524,"height":612},{"@type":"BreadcrumbList","@id":"https:\/\/www.asajacyl.com\/soria\/servicios-socio\/cursos-jornadas\/cursos-de-manipulador-de-plaguicidas-de-uso-fitosanitario-nivel-basico-2#breadcrumb","itemListElement":[{"@type":"ListItem","position":1,"name":"Portada","item":"https:\/\/www.asajacyl.com\/soria\/"},{"@type":"ListItem","position":2,"name":"CURSOS DE MANIPULADOR DE PLAGUICIDAS DE USO FITOSANITARIO \u2013 NIVEL B\u00c1SICO"}]},{"@type":"WebSite","@id":"https:\/\/www.asajacyl.com\/soria\/#website","url":"https:\/\/www.asajacyl.com\/soria\/","name":"ASAJA Soria","description":"Otro sitio m\u00e1s de Provincias ASAJA Castilla y Le\u00f3n","potentialAction":[{"@type":"SearchAction","target":{"@type":"EntryPoint","urlTemplate":"https:\/\/www.asajacyl.com\/soria\/?s={search_term_string}"},"query-input":{"@type":"PropertyValueSpecification","valueRequired":true,"valueName":"search_term_string"}}],"inLanguage":"es"},{"@type":"Person","@id":"https:\/\/www.asajacyl.com\/soria\/#\/schema\/person\/fd3081c40255119ce8133b87e6aedfab","name":"Juan Ignacio Prieto Nieto","image":{"@type":"ImageObject","inLanguage":"es","@id":"https:\/\/www.asajacyl.com\/soria\/#\/schema\/person\/image\/","url":"https:\/\/secure.gravatar.com\/avatar\/8266b36e4d9001acb4700699a2468dc8?s=96&d=mm&r=g","contentUrl":"https:\/\/secure.gravatar.com\/avatar\/8266b36e4d9001acb4700699a2468dc8?s=96&d=mm&r=g","caption":"Juan Ignacio Prieto Nieto"},"url":"https:\/\/www.asajacyl.com\/soria\/author\/juanfranciscoby"}]}},"_links":{"self":[{"href":"https:\/\/www.asajacyl.com\/soria\/wp-json\/wp\/v2\/posts\/9222"}],"collection":[{"href":"https:\/\/www.asajacyl.com\/soria\/wp-json\/wp\/v2\/posts"}],"about":[{"href":"https:\/\/www.asajacyl.com\/soria\/wp-json\/wp\/v2\/types\/post"}],"author":[{"embeddable":true,"href":"https:\/\/www.asajacyl.com\/soria\/wp-json\/wp\/v2\/users\/12"}],"replies":[{"embeddable":true,"href":"https:\/\/www.asajacyl.com\/soria\/wp-json\/wp\/v2\/comments?post=9222"}],"version-history":[{"count":4,"href":"https:\/\/www.asajacyl.com\/soria\/wp-json\/wp\/v2\/posts\/9222\/revisions"}],"predecessor-version":[{"id":9306,"href":"https:\/\/www.asajacyl.com\/soria\/wp-json\/wp\/v2\/posts\/9222\/revisions\/9306"}],"wp:featuredmedia":[{"embeddable":true,"href":"https:\/\/www.asajacyl.com\/soria\/wp-json\/wp\/v2\/media\/9223"}],"wp:attachment":[{"href":"https:\/\/www.asajacyl.com\/soria\/wp-json\/wp\/v2\/media?parent=9222"}],"wp:term":[{"taxonomy":"category","embeddable":true,"href":"https:\/\/www.asajacyl.com\/soria\/wp-json\/wp\/v2\/categories?post=9222"},{"taxonomy":"post_tag","embeddable":true,"href":"https:\/\/www.asajacyl.com\/soria\/wp-json\/wp\/v2\/tags?post=9222"}],"curies":[{"name":"wp","href":"https:\/\/api.w.org\/{rel}","templated":true}]}}