{"id":924,"date":"2018-05-02T16:59:45","date_gmt":"2018-05-02T14:59:45","guid":{"rendered":"http:\/\/www.asajacyl.com\/soria\/?p=924"},"modified":"2018-05-17T09:10:23","modified_gmt":"2018-05-17T07:10:23","slug":"dossier-prensa-2017-2018","status":"publish","type":"post","link":"https:\/\/www.asajacyl.com\/soria\/asaja-soria-informa\/dossier-prensa-2017-2018","title":{"rendered":"DOSSIER DE PRENSA 2017-2018"},"content":{"rendered":"<p><a href=\"http:\/\/www.asajacyl.com\/soria\/wp-content\/uploads\/sites\/9\/2018\/05\/previa-asamblea-2018.pdf\">previa asamblea 2018<\/a><\/p>\n<p><a href=\"http:\/\/www.asajacyl.com\/soria\/wp-content\/uploads\/sites\/9\/2018\/05\/Dossier-prensa-12-13-14-15-y-16-mayo-1.pdf\">Dossier prensa 12, 13, 14, 15 y 16 mayo<\/a><\/p>\n<p><a href=\"http:\/\/www.asajacyl.com\/soria\/wp-content\/uploads\/sites\/9\/2018\/05\/Mundo-Agrario-14-mayo.pdf\">Mundo Agrario 14 mayo<\/a><\/p>\n<p><a href=\"http:\/\/www.asajacyl.com\/soria\/wp-content\/uploads\/sites\/9\/2018\/05\/n\u00famero-de-solicitudes-PAC-1.pdf\">n\u00famero de solicitudes PAC<\/a><\/p>\n<p><a href=\"http:\/\/www.asajacyl.com\/soria\/wp-content\/uploads\/sites\/9\/2018\/05\/SAN-ISIDRO.pdf\">SAN ISIDRO<\/a><\/p>\n<p><a href=\"http:\/\/www.asajacyl.com\/soria\/wp-content\/uploads\/sites\/9\/2018\/05\/previa-feria-de-Almaz\u00e1n.pdf\">previa feria de Almaz\u00e1n<\/a><\/p>\n<p><a href=\"http:\/\/www.asajacyl.com\/soria\/wp-content\/uploads\/sites\/9\/2018\/05\/sistema-red-seguridad-social.pdf\">sistema red seguridad social<\/a><\/p>\n<p><a href=\"http:\/\/www.asajacyl.com\/soria\/wp-content\/uploads\/sites\/9\/2018\/05\/Dossier-prensa-9-mayo-APOYO-DEL-COMISARIO-DE-AGRICULTURA.pdf\">Dossier prensa 9 mayo APOYO DEL COMISARIO DE AGRICULTURA<\/a><\/p>\n<p><a href=\"http:\/\/www.asajacyl.com\/soria\/wp-content\/uploads\/sites\/9\/2018\/05\/no-a-recortes-en-la-Pol\u00edtica-Agraria-Comunitaria.pdf\">no a recortes en la Pol\u00edtica Agraria Comunitaria<\/a><\/p>\n<p><a href=\"http:\/\/www.asajacyl.com\/soria\/wp-content\/uploads\/sites\/9\/2018\/05\/ovino-mayo.pdf\">ovino mayo<\/a><\/p>\n<p><a href=\"http:\/\/www.asajacyl.com\/soria\/wp-content\/uploads\/sites\/9\/2018\/05\/inversi\u00f3n-de-la-chd-cauces-1.pdf\">inversi\u00f3n de la chd cauces<\/a><\/p>\n<p><a href=\"http:\/\/www.asajacyl.com\/soria\/wp-content\/uploads\/sites\/9\/2018\/05\/Dossier-prensa-4-mayo.-55-millones-en-ayudas-1.pdf\">Dossier prensa 4 mayo. 55 millones en ayudas<\/a><\/p>\n<p><a href=\"http:\/\/www.asajacyl.com\/soria\/wp-content\/uploads\/sites\/9\/2018\/05\/PREOCUPACI\u00d3N-EN-SORIA-RECORTE-PAC-MAYO-18.pdf\">PREOCUPACI\u00d3N EN SORIA RECORTE PAC MAYO 18<\/a><\/p>\n<p><a href=\"http:\/\/www.asajacyl.com\/soria\/wp-content\/uploads\/sites\/9\/2018\/05\/MALESTAR-PREVISIBLE-RECORTE-PAC.pdf\">MALESTAR PREVISIBLE RECORTE PAC<\/a><\/p>\n<p><a href=\"http:\/\/www.asajacyl.com\/soria\/wp-content\/uploads\/sites\/9\/2018\/05\/varios-campo-abril-18-C\u00c1MARAS-AGRARIAS.pdf\">varios campo abril 18 C\u00c1MARAS AGRARIAS<\/a><\/p>\n<p><a href=\"http:\/\/www.asajacyl.com\/soria\/wp-content\/uploads\/sites\/9\/2018\/05\/reducci\u00f3n-m\u00f3dulos-2-abril-18-1.pdf\">reducci\u00f3n m\u00f3dulos 2 abril 18<\/a><\/p>\n<p><a href=\"http:\/\/www.asajacyl.com\/soria\/wp-content\/uploads\/sites\/9\/2018\/05\/pp-psoe-moratoria-purines-abril-18-1.pdf\">pp psoe moratoria purines abril 18<\/a><\/p>\n<p><a href=\"http:\/\/www.asajacyl.com\/soria\/wp-content\/uploads\/sites\/9\/2018\/05\/m\u00f3dulos-vi\u00f1edo-abril-18.pdf\">m\u00f3dulos vi\u00f1edo abril 18<\/a><\/p>\n<p><a href=\"http:\/\/www.asajacyl.com\/soria\/wp-content\/uploads\/sites\/9\/2018\/05\/Mundo-Agrario-30-abril.pdf\">Mundo Agrario 30 abril<\/a><\/p>\n<p><a href=\"http:\/\/www.asajacyl.com\/soria\/wp-content\/uploads\/sites\/9\/2018\/05\/inundaciones-alcubilla-pe\u00f1as-abril-18-1.pdf\">inundaciones alcubilla pe\u00f1as abril 18<\/a><\/p>\n<p><a href=\"http:\/\/www.asajacyl.com\/soria\/wp-content\/uploads\/sites\/9\/2018\/05\/FITOSANITARIOS-ABRIL-18.pdf\">FITOSANITARIOS ABRIL 18<\/a><\/p>\n<p><a href=\"http:\/\/www.asajacyl.com\/soria\/wp-content\/uploads\/sites\/9\/2018\/05\/entrevista-a-Carmelo-G\u00f3mez-el-D\u00eda-de-Soria.pdf\">entrevista a Carmelo G\u00f3mez, el D\u00eda de Soria<\/a><\/p>\n<p><a href=\"http:\/\/www.asajacyl.com\/soria\/wp-content\/uploads\/sites\/9\/2018\/05\/Dossier-prensa-28-29-y-30-abril.-HERBICIDAS-MAQUINARIA-PAC.pdf\">Dossier prensa 28, 29 y 30 abril. HERBICIDAS, MAQUINARIA, PAC<\/a><\/p>\n<p><a href=\"http:\/\/www.asajacyl.com\/soria\/wp-content\/uploads\/sites\/9\/2018\/05\/Dossier-prensa-27-abril.-PAC-Y-DECRETO-CAZA.pdf\">Dossier prensa 27 abril. PAC Y DECRETO CAZA<\/a><\/p>\n<p><a href=\"http:\/\/www.asajacyl.com\/soria\/wp-content\/uploads\/sites\/9\/2018\/05\/Dossier-prensa-17-abril-COMPETENCIA-DESLEAL.pdf\">Dossier prensa 17 abril COMPETENCIA DESLEAL<\/a><\/p>\n<p><a href=\"http:\/\/www.asajacyl.com\/soria\/wp-content\/uploads\/sites\/9\/2018\/05\/10-ABRIL-18-ANIMALES-SALVAJES-DA\u00d1OS.pdf\">ANIMALES SALVAJES DA\u00d1OS<\/a><\/p>\n<p><a href=\"http:\/\/www.asajacyl.com\/soria\/wp-content\/uploads\/sites\/9\/2018\/05\/incentivos-incorporaci\u00f3n.pdf\">incentivos incorporaci\u00f3n<\/a><\/p>\n<p><a href=\"http:\/\/www.asajacyl.com\/soria\/wp-content\/uploads\/sites\/9\/2018\/05\/ecologistas-recurren-licencia-explotaciones-intensivas.pdf\">ecologistas recurren licencia explotaciones intensivas<\/a><\/p>\n<p><a href=\"http:\/\/www.asajacyl.com\/soria\/wp-content\/uploads\/sites\/9\/2018\/05\/Dossier-prensa-27-marzo-PERFIL-PERCEPTORES-PAC.pdf\">Dossier prensa 27 marzo PERFIL PERCEPTORES PAC<\/a><\/p>\n<p><a href=\"http:\/\/www.asajacyl.com\/soria\/wp-content\/uploads\/sites\/9\/2018\/05\/Dossier-prensa-20-marzo-AGUA-GARANTIZA-RIEGO-Y-PASTOS.pdf\">Dossier prensa 20 marzo AGUA GARANTIZA RIEGO Y PASTOS<\/a><\/p>\n<p><a href=\"http:\/\/www.asajacyl.com\/soria\/wp-content\/uploads\/sites\/9\/2018\/05\/Dossier-prensa-19-marzo-PORCINO.pdf\">Dossier prensa 19 marzo PORCINO<\/a><\/p>\n<p><a href=\"http:\/\/www.asajacyl.com\/soria\/wp-content\/uploads\/sites\/9\/2018\/05\/Dossier-prensa-9-marzo-cyl-cierra-acuerdo-PAC.pdf\">Dossier prensa 9 marzo cyl cierra acuerdo PAC<\/a><\/p>\n<p><a href=\"http:\/\/www.asajacyl.com\/soria\/wp-content\/uploads\/sites\/9\/2018\/05\/CAUCES-28-03-18.pdf\">CAUCES 28 03 18<\/a><\/p>\n<p><a href=\"http:\/\/www.asajacyl.com\/soria\/wp-content\/uploads\/sites\/9\/2018\/05\/CAP.-PASTOS.-15-MARZO-18.pdf\">CAP. PASTOS. 15 MARZO 18<\/a><\/p>\n<p><a href=\"http:\/\/www.asajacyl.com\/soria\/wp-content\/uploads\/sites\/9\/2018\/05\/ayudas-de-la-dipu-a-los-j\u00f3venes-marzo-18.pdf\">ayudas de la dipu a los j\u00f3venes marzo 18<\/a><\/p>\n<p><a href=\"http:\/\/www.asajacyl.com\/soria\/wp-content\/uploads\/sites\/9\/2018\/05\/AGUA-MARZO-2018.pdf\">AGUA MARZO 2018<\/a><\/p>\n<p><a href=\"http:\/\/www.asajacyl.com\/soria\/wp-content\/uploads\/sites\/9\/2018\/05\/VAQUER\u00cdA-Y-ASAJA-PIDE-SUPRESI\u00d3N-UNO-POR-MIL-14-FEB-18.pdf\">VAQUER\u00cdA. ASAJA PIDE SUPRESI\u00d3N UNO POR MIL 14 FEB 18<\/a><\/p>\n<p><a href=\"http:\/\/www.asajacyl.com\/soria\/wp-content\/uploads\/sites\/9\/2018\/05\/PURINES-27-FEB-2018-1.pdf\">PURINES 27 FEB 2018<\/a><\/p>\n<p><a href=\"http:\/\/www.asajacyl.com\/soria\/wp-content\/uploads\/sites\/9\/2018\/05\/pr\u00e9stamos-febr-18-1.pdf\">pr\u00e9stamos febr 18<\/a><\/p>\n<p><a href=\"http:\/\/www.asajacyl.com\/soria\/wp-content\/uploads\/sites\/9\/2018\/05\/Mundo-Agrario-5-febrero.pdf\">Mundo Agrario 5 febrero<\/a><\/p>\n<p><a href=\"http:\/\/www.asajacyl.com\/soria\/wp-content\/uploads\/sites\/9\/2018\/05\/m\u00f3dulos-sequ\u00eda-febr-18.pdf\">m\u00f3dulos sequ\u00eda febr 18<\/a><\/p>\n<p><a href=\"http:\/\/www.asajacyl.com\/soria\/wp-content\/uploads\/sites\/9\/2018\/05\/ASAJA-SORIA-ARRASA-EN-LAS-ELECCIONES.pdf\">ASAJA SORIA ARRASA EN LAS ELECCIONES<\/a><\/p>\n<p><a href=\"http:\/\/www.asajacyl.com\/soria\/wp-content\/uploads\/sites\/9\/2018\/05\/VACUNO.pdf\">VACUNO<\/a><\/p>\n<p><a href=\"http:\/\/www.asajacyl.com\/soria\/wp-content\/uploads\/sites\/9\/2018\/05\/Suplemento-Campo-21-enero.pdf\">Suplemento Campo 21 enero<\/a><\/p>\n<p><a href=\"http:\/\/www.asajacyl.com\/soria\/wp-content\/uploads\/sites\/9\/2018\/05\/RESPUESTA-SUBDELEGADA-M\u00d3DULOS-ENERO-18.pdf\">RESPUESTA SUBDELEGADA M\u00d3DULOS ENERO 18<\/a><\/p>\n<p><a href=\"http:\/\/www.asajacyl.com\/soria\/wp-content\/uploads\/sites\/9\/2018\/05\/prensa-11-enero-arranca-campa\u00f1a-electoral-censo-kk.pdf\">prensa 11 enero arranca campa\u00f1a electoral censo <\/a><\/p>\n<p><a href=\"http:\/\/www.asajacyl.com\/soria\/wp-content\/uploads\/sites\/9\/2018\/05\/OVINO.pdf\">OVINO<\/a><\/p>\n<p><a href=\"http:\/\/www.asajacyl.com\/soria\/wp-content\/uploads\/sites\/9\/2018\/05\/favoreciendo-a-la-alianza-y-purines-1.pdf\">favoreciendo a la alianza y purines<\/a><\/p>\n<p><a href=\"http:\/\/www.asajacyl.com\/soria\/wp-content\/uploads\/sites\/9\/2018\/05\/ELECCIONES-CAMPO-1.pdf\">ELECCIONES CAMPO 1<\/a><\/p>\n<p><a href=\"http:\/\/www.asajacyl.com\/soria\/wp-content\/uploads\/sites\/9\/2018\/05\/APORSO-Y-ASAJA-PIDEN-RETRASO-APLICACI\u00d3N-NORMA-PURINES.pdf\">APORSO Y ASAJA PIDEN RETRASO APLICACI\u00d3N NORMA PURINES<\/a><\/p>\n<p><a href=\"http:\/\/www.asajacyl.com\/soria\/wp-content\/uploads\/sites\/9\/2018\/05\/SEQU\u00cdA-Y-DESPOBLACI\u00d3N-MARCAN-2017.pdf\">SEQU\u00cdA Y DESPOBLACI\u00d3N MARCAN 2017<\/a><\/p>\n<p><a href=\"http:\/\/www.asajacyl.com\/soria\/wp-content\/uploads\/sites\/9\/2018\/05\/MAPAMA-Y-JUNTA-DEFIENDEN-PAC-FUERTE-1.pdf\">MAPAMA Y JUNTA DEFIENDEN PAC FUERTE<\/a><\/p>\n<p><a href=\"http:\/\/www.asajacyl.com\/soria\/wp-content\/uploads\/sites\/9\/2018\/05\/NOVIERCAS-VAQUER\u00cdA.pdf\">NOVIERCAS VAQUER\u00cdA<\/a><\/p>\n<p><a href=\"http:\/\/www.asajacyl.com\/soria\/wp-content\/uploads\/sites\/9\/2018\/05\/GEN\u00c9TICA.pdf\">GEN\u00c9TICA<\/a><\/p>\n<p><a href=\"http:\/\/www.asajacyl.com\/soria\/wp-content\/uploads\/sites\/9\/2018\/05\/A\u00d1O-CATASTR\u00d3FICO.pdf\">A\u00d1O CATASTR\u00d3FICO<\/a><\/p>\n<p><a href=\"http:\/\/www.asajacyl.com\/soria\/wp-content\/uploads\/sites\/9\/2018\/05\/PATATA-FRANCESA.pdf\">PATATA FRANCESA<\/a><\/p>\n<p><a href=\"http:\/\/www.asajacyl.com\/soria\/wp-content\/uploads\/sites\/9\/2018\/05\/PAC-SIN-PAPELES.pdf\">PAC SIN PAPELES<\/a><\/p>\n<p><a href=\"http:\/\/www.asajacyl.com\/soria\/wp-content\/uploads\/sites\/9\/2018\/05\/PAC-A-LA-CARTA-2020.pdf\">PAC A LA CARTA 2020<\/a><\/p>\n<p><a href=\"http:\/\/www.asajacyl.com\/soria\/wp-content\/uploads\/sites\/9\/2018\/05\/navidad-2017-2.pdf\">navidadespigaytiz\u00f3n 2017 2<\/a><\/p>\n<p><a href=\"http:\/\/www.asajacyl.com\/soria\/wp-content\/uploads\/sites\/9\/2018\/05\/navidad-2017.pdf\">navidadespigaytiz\u00f3n\u00a02017<\/a><\/p>\n<p><a href=\"http:\/\/www.asajacyl.com\/soria\/wp-content\/uploads\/sites\/9\/2018\/05\/ESPIGA-Y-TIZ\u00d3N.pdf\">ESPIGA Y TIZ\u00d3N<\/a><\/p>\n<p><a href=\"http:\/\/www.asajacyl.com\/soria\/wp-content\/uploads\/sites\/9\/2018\/05\/COMISARIO-AGRICULTURA.pdf\">COMISARIO AGRICULTURA<\/a><\/p>\n<p><a href=\"http:\/\/www.asajacyl.com\/soria\/wp-content\/uploads\/sites\/9\/2018\/05\/SEMENTERA.-SEQU\u00cdA.pdf\">SEMENTERA. SEQU\u00cdA<\/a><\/p>\n<p><a href=\"http:\/\/www.asajacyl.com\/soria\/wp-content\/uploads\/sites\/9\/2018\/05\/PRESUPUESTO-SEGUROS.pdf\">PRESUPUESTO SEGUROS<\/a><\/p>\n<p><a href=\"http:\/\/www.asajacyl.com\/soria\/wp-content\/uploads\/sites\/9\/2018\/05\/OPINI\u00d3N-ASAJA-1.pdf\">OPINI\u00d3N ASAJA<\/a><\/p>\n<p><a href=\"http:\/\/www.asajacyl.com\/soria\/wp-content\/uploads\/sites\/9\/2018\/05\/PAC-DEL-BREXIT.pdf\">PAC DEL BREXIT<\/a><\/p>\n<p><a href=\"http:\/\/www.asajacyl.com\/soria\/wp-content\/uploads\/sites\/9\/2018\/05\/OBSERVATORIO-DE-PRECIOS.pdf\">OBSERVATORIO DE PRECIOS<\/a><\/p>\n<p><a href=\"http:\/\/www.asajacyl.com\/soria\/wp-content\/uploads\/sites\/9\/2018\/05\/MODELO-DESPOBLACI\u00d3N-BRUSELAS.pdf\">MODELO DESPOBLACI\u00d3N BRUSELAS<\/a><\/p>\n<p><a href=\"http:\/\/www.asajacyl.com\/soria\/wp-content\/uploads\/sites\/9\/2018\/05\/LOBO.pdf\">LOBO<\/a><\/p>\n<p><a href=\"http:\/\/www.asajacyl.com\/soria\/wp-content\/uploads\/sites\/9\/2018\/05\/FONDOS-UE-DESPOBLACI\u00d3N.pdf\">FONDOS UE DESPOBLACI\u00d3N<\/a><\/p>\n<p><a href=\"http:\/\/www.asajacyl.com\/soria\/wp-content\/uploads\/sites\/9\/2018\/05\/movilizaci\u00f3n-en-Valladolid.-Sequ\u00eda.pdf\">movilizaci\u00f3n en Valladolid. Sequ\u00eda<\/a><\/p>\n<p><a href=\"http:\/\/www.asajacyl.com\/soria\/wp-content\/uploads\/sites\/9\/2018\/05\/VAQUER\u00cdA-ODIETA-1.pdf\">VAQUER\u00cdA ODIETA<\/a><\/p>\n<p><a href=\"http:\/\/www.asajacyl.com\/soria\/wp-content\/uploads\/sites\/9\/2018\/05\/SINIESTROS-ANIMALES-SALVAJES.pdf\">SINIESTROS ANIMALES SALVAJES<\/a><\/p>\n<p><a href=\"http:\/\/www.asajacyl.com\/soria\/wp-content\/uploads\/sites\/9\/2018\/05\/PNL-SORIA-CUENCA-TERUEL.pdf\">PNL SORIA CUENCA TERUEL<\/a><\/p>\n<p><a href=\"http:\/\/www.asajacyl.com\/soria\/wp-content\/uploads\/sites\/9\/2018\/05\/FERIA-GANADERA.pdf\">FERIA GANADERA<\/a><\/p>\n<p><a href=\"http:\/\/www.asajacyl.com\/soria\/wp-content\/uploads\/sites\/9\/2018\/05\/CAMPOS-ENSAYO-GIRASOL.pdf\">CAMPOS ENSAYO GIRASOL<\/a><\/p>\n<p><a href=\"http:\/\/www.asajacyl.com\/soria\/wp-content\/uploads\/sites\/9\/2018\/05\/AYUDAS-SEGURO.pdf\">AYUDAS SEGURO<\/a><\/p>\n<p><a href=\"http:\/\/www.asajacyl.com\/soria\/wp-content\/uploads\/sites\/9\/2018\/05\/AGREOSEGURO-INDEMNIZACIONES.pdf\">AGREOSEGURO INDEMNIZACIONES<\/a><\/p>\n<p><a href=\"http:\/\/www.asajacyl.com\/soria\/wp-content\/uploads\/sites\/9\/2018\/05\/vendimia-17.pdf\">vendimia 17<\/a><\/p>\n<p><a href=\"http:\/\/www.asajacyl.com\/soria\/wp-content\/uploads\/sites\/9\/2018\/05\/pol\u00e9mica-con-regantes-bajo-Duero.pdf\">pol\u00e9mica con regantes bajo Duero<\/a><\/p>\n<p><a href=\"http:\/\/www.asajacyl.com\/soria\/wp-content\/uploads\/sites\/9\/2018\/05\/no-definitivo-cesi\u00f3n-agua.pdf\">no definitivo cesi\u00f3n agua<\/a><\/p>\n<p><a href=\"http:\/\/www.asajacyl.com\/soria\/wp-content\/uploads\/sites\/9\/2018\/05\/movilizaci\u00f3n-en-Valladolid.-Sequ\u00eda.pdf\">movilizaci\u00f3n en Valladolid. Sequ\u00eda<\/a><\/p>\n<p><a href=\"http:\/\/www.asajacyl.com\/soria\/wp-content\/uploads\/sites\/9\/2018\/05\/movilizaci\u00f3n-en-Valladolid.-4-Sequ\u00eda.pdf\">movilizaci\u00f3n en Valladolid. 4 Sequ\u00eda<\/a><\/p>\n<p><a href=\"http:\/\/www.asajacyl.com\/soria\/wp-content\/uploads\/sites\/9\/2018\/05\/movilizaci\u00f3n-en-Valladolid.-2-Sequ\u00eda.pdf\">movilizaci\u00f3n en Valladolid. 2 Sequ\u00eda<\/a><\/p>\n<p><a href=\"http:\/\/www.asajacyl.com\/soria\/wp-content\/uploads\/sites\/9\/2018\/05\/manifestaci\u00f3n-conjunta-sequ\u00eda.pdf\">manifestaci\u00f3n conjunta sequ\u00eda<\/a><\/p>\n<p><a href=\"http:\/\/www.asajacyl.com\/soria\/wp-content\/uploads\/sites\/9\/2018\/05\/girasol-agosto.pdf\">girasol agosto<\/a><\/p>\n<p><a href=\"http:\/\/www.asajacyl.com\/soria\/wp-content\/uploads\/sites\/9\/2018\/05\/escepticismo-ayudas-sequ\u00eda.pdf\">escepticismo ayudas sequ\u00eda<\/a><\/p>\n<p><a href=\"http:\/\/www.asajacyl.com\/soria\/wp-content\/uploads\/sites\/9\/2018\/05\/compensaci\u00f3n-da\u00f1os.pdf\">compensaci\u00f3n da\u00f1os<\/a><\/p>\n<p><a href=\"http:\/\/www.asajacyl.com\/soria\/wp-content\/uploads\/sites\/9\/2018\/05\/campillo-Buitrago-modernizaci\u00f3n-regad\u00edo.pdf\">campillo Buitrago modernizaci\u00f3n regad\u00edo<\/a><\/p>\n<p><a href=\"http:\/\/www.asajacyl.com\/soria\/wp-content\/uploads\/sites\/9\/2018\/05\/cambios-gen\u00e9ticos-trigo.pdf\">cambios gen\u00e9ticos trigo<\/a><\/p>\n<p><a href=\"http:\/\/www.asajacyl.com\/soria\/wp-content\/uploads\/sites\/9\/2018\/05\/SEQU\u00cdA-MAPA.pdf\">SEQU\u00cdA MAPA<\/a><\/p>\n<p><a href=\"http:\/\/www.asajacyl.com\/soria\/wp-content\/uploads\/sites\/9\/2018\/05\/PROTESTAS-A-LA-VISTA.pdf\">PROTESTAS A LA VISTA<\/a><\/p>\n<p><a href=\"http:\/\/www.asajacyl.com\/soria\/wp-content\/uploads\/sites\/9\/2018\/05\/GIRASOL-SUMA-HECT\u00c1REAS.pdf\">GIRASOL SUMA HECT\u00c1REAS<\/a><\/p>\n<p><a href=\"http:\/\/www.asajacyl.com\/soria\/wp-content\/uploads\/sites\/9\/2018\/05\/CR\u00c9DITOS-SEQU\u00cdA.pdf\">CR\u00c9DITOS SEQU\u00cdA<\/a><\/p>\n<p><a href=\"http:\/\/www.asajacyl.com\/soria\/wp-content\/uploads\/sites\/9\/2018\/05\/COSECHA-UVA.pdf\">COSECHA UVA<\/a><\/p>\n<p><a href=\"http:\/\/www.asajacyl.com\/soria\/wp-content\/uploads\/sites\/9\/2018\/05\/COSECHA-SIN-ESPERANZA.pdf\">COSECHA SIN ESPERANZA<\/a><\/p>\n<p><a href=\"http:\/\/www.asajacyl.com\/soria\/wp-content\/uploads\/sites\/9\/2018\/05\/ANTICIPO-PAC-1.pdf\">ANTICIPO PAC<\/a><\/p>\n<p><a href=\"http:\/\/www.asajacyl.com\/soria\/wp-content\/uploads\/sites\/9\/2018\/05\/COMPETITIVIDAD-PAC.pdf\">COMPETITIVIDAD PAC<\/a><\/p>\n<p><a href=\"http:\/\/www.asajacyl.com\/soria\/wp-content\/uploads\/sites\/9\/2018\/05\/28.06.17-MERMA-PRODUCCIONES.pdf\">28.06.17 MERMA PRODUCCIONES<\/a><\/p>\n<p><a href=\"http:\/\/www.asajacyl.com\/soria\/wp-content\/uploads\/sites\/9\/2018\/05\/23.06.17w-NO-CRIMINALIZAR-AL-AGRO.pdf\">23.06.17w NO CRIMINALIZAR AL AGRO<\/a><\/p>\n<p><a href=\"http:\/\/www.asajacyl.com\/soria\/wp-content\/uploads\/sites\/9\/2018\/05\/23.06.172-CONGRESO-DESPOBLACI\u00d3N.pdf\">23.06.17(2) CONGRESO DESPOBLACI\u00d3N<\/a><\/p>\n<p><a href=\"http:\/\/www.asajacyl.com\/soria\/wp-content\/uploads\/sites\/9\/2018\/05\/19.06.172-DA\u00d1OS-GRANIZO-1.pdf\">19.06.17(2) DA\u00d1OS GRANIZO<\/a><\/p>\n<p><a href=\"http:\/\/www.asajacyl.com\/soria\/wp-content\/uploads\/sites\/9\/2018\/05\/21.06.17-INCENDIOS-Y-CAMPOS-ENSAYO.pdf\">21.06.17 INCENDIOS Y CAMPOS ENSAYO<\/a><\/p>\n<p><a href=\"http:\/\/www.asajacyl.com\/soria\/wp-content\/uploads\/sites\/9\/2018\/05\/19.06.172-DA\u00d1OS-GRANIZO.pdf\">19.06.17(2) DA\u00d1OS GRANIZO<\/a><\/p>\n<p><a href=\"http:\/\/www.asajacyl.com\/soria\/wp-content\/uploads\/sites\/9\/2018\/05\/09.06.17ll-SEQU\u00cdA.pdf\">09.06.17ll SEQU\u00cdA<\/a><\/p>\n<p><a href=\"http:\/\/www.asajacyl.com\/soria\/wp-content\/uploads\/sites\/9\/2018\/05\/14.06.173-CR\u00cdTICAS-PEGAS-COSECHA.pdf\">14.06.17(3) CR\u00cdTICAS PEGAS COSECHA<\/a><\/p>\n<p><a href=\"http:\/\/www.asajacyl.com\/soria\/wp-content\/uploads\/sites\/9\/2018\/05\/05.06.14-DESARROLLO-RURAL.pdf\">05.06.14 DESARROLLO RURAL<\/a><\/p>\n<p><a href=\"http:\/\/www.asajacyl.com\/soria\/wp-content\/uploads\/sites\/9\/2018\/05\/05.06.173-PAC.pdf\">05.06.17(3) PAC<\/a><\/p>\n<p><a href=\"http:\/\/www.asajacyl.com\/soria\/wp-content\/uploads\/sites\/9\/2018\/05\/07.06.17-PARTES-DE-SEGURO.pdf\">07.06.17 PARTES DE SEGURO<\/a><\/p>\n<p><a href=\"http:\/\/www.asajacyl.com\/soria\/wp-content\/uploads\/sites\/9\/2018\/05\/07.06.17B-VAQUER\u00cdA-1.pdf\">07.06.17B VAQUER\u00cdA<\/a><\/p>\n<p><a href=\"http:\/\/www.asajacyl.com\/soria\/wp-content\/uploads\/sites\/9\/2018\/05\/12.06.173-COSECHA.pdf\">12.06.17(3) COSECHA<\/a><\/p>\n<p><a href=\"http:\/\/www.asajacyl.com\/soria\/wp-content\/uploads\/sites\/9\/2018\/05\/19.06.17-CAMPOS-ENSAYO-ALMAZ\u00c1N.pdf\">19.06.17 CAMPOS ENSAYO ALMAZ\u00c1N<\/a><\/p>\n","protected":false},"excerpt":{"rendered":"<p>previa asamblea 2018 Dossier prensa 12, 13, 14, 15 y 16 mayo Mundo Agrario 14 mayo n\u00famero de solicitudes PAC SAN ISIDRO previa feria de Almaz\u00e1n sistema red seguridad social Dossier prensa 9 mayo APOYO DEL COMISARIO DE AGRICULTURA no a recortes en la Pol\u00edtica Agraria Comunitaria ovino mayo inversi\u00f3n de la chd cauces Dossier [&hellip;]<\/p>\n","protected":false},"author":12,"featured_media":930,"comment_status":"open","ping_status":"open","sticky":false,"template":"","format":"standard","meta":{"footnotes":""},"categories":[10,37],"tags":[],"yoast_head":"<!-- This site is optimized with the Yoast SEO plugin v24.5 - https:\/\/yoast.com\/wordpress\/plugins\/seo\/ -->\n<title>DOSSIER DE PRENSA 2017-2018 - ASAJA Soria<\/title>\n<meta name=\"description\" content=\"previa asamblea 2018 Dossier prensa 12, 13, 14, 15 y 16 mayo Mundo Agrario 14 mayo n\u00famero de solicitudes PAC SAN ISIDRO previa feria de Almaz\u00e1n sistema\" \/>\n<meta name=\"robots\" content=\"index, follow, max-snippet:-1, max-image-preview:large, max-video-preview:-1\" \/>\n<link rel=\"canonical\" href=\"https:\/\/www.asajacyl.com\/soria\/asaja-soria-informa\/dossier-prensa-2017-2018\" \/>\n<meta property=\"og:locale\" content=\"es_ES\" \/>\n<meta property=\"og:type\" content=\"article\" \/>\n<meta property=\"og:title\" content=\"DOSSIER DE PRENSA 2017-2018 - ASAJA Soria\" \/>\n<meta property=\"og:description\" content=\"previa asamblea 2018 Dossier prensa 12, 13, 14, 15 y 16 mayo Mundo Agrario 14 mayo n\u00famero de solicitudes PAC SAN ISIDRO previa feria de Almaz\u00e1n sistema\" \/>\n<meta property=\"og:url\" content=\"https:\/\/www.asajacyl.com\/soria\/asaja-soria-informa\/dossier-prensa-2017-2018\" \/>\n<meta property=\"og:site_name\" content=\"ASAJA Soria\" \/>\n<meta property=\"article:published_time\" content=\"2018-05-02T14:59:45+00:00\" \/>\n<meta property=\"article:modified_time\" content=\"2018-05-17T07:10:23+00:00\" \/>\n<meta property=\"og:image\" content=\"https:\/\/www.asajacyl.com\/soria\/wp-content\/uploads\/sites\/9\/2018\/05\/rueda-de-prensa-asaja22.jpg\" \/>\n\t<meta property=\"og:image:width\" content=\"1113\" \/>\n\t<meta property=\"og:image:height\" content=\"600\" \/>\n\t<meta property=\"og:image:type\" content=\"image\/jpeg\" \/>\n<meta name=\"author\" content=\"Juan Ignacio Prieto Nieto\" \/>\n<meta name=\"twitter:card\" content=\"summary_large_image\" \/>\n<meta name=\"twitter:label1\" content=\"Escrito por\" \/>\n\t<meta name=\"twitter:data1\" content=\"Juan Ignacio Prieto Nieto\" \/>\n\t<meta name=\"twitter:label2\" content=\"Tiempo de lectura\" \/>\n\t<meta name=\"twitter:data2\" content=\"2 minutos\" \/>\n<script type=\"application\/ld+json\" class=\"yoast-schema-graph\">{\"@context\":\"https:\/\/schema.org\",\"@graph\":[{\"@type\":\"WebPage\",\"@id\":\"https:\/\/www.asajacyl.com\/soria\/asaja-soria-informa\/dossier-prensa-2017-2018\",\"url\":\"https:\/\/www.asajacyl.com\/soria\/asaja-soria-informa\/dossier-prensa-2017-2018\",\"name\":\"DOSSIER DE PRENSA 2017-2018 - ASAJA Soria\",\"isPartOf\":{\"@id\":\"https:\/\/www.asajacyl.com\/soria\/#website\"},\"primaryImageOfPage\":{\"@id\":\"https:\/\/www.asajacyl.com\/soria\/asaja-soria-informa\/dossier-prensa-2017-2018#primaryimage\"},\"image\":{\"@id\":\"https:\/\/www.asajacyl.com\/soria\/asaja-soria-informa\/dossier-prensa-2017-2018#primaryimage\"},\"thumbnailUrl\":\"https:\/\/www.asajacyl.com\/soria\/wp-content\/uploads\/sites\/9\/2018\/05\/rueda-de-prensa-asaja22.jpg\",\"datePublished\":\"2018-05-02T14:59:45+00:00\",\"dateModified\":\"2018-05-17T07:10:23+00:00\",\"author\":{\"@id\":\"https:\/\/www.asajacyl.com\/soria\/#\/schema\/person\/fd3081c40255119ce8133b87e6aedfab\"},\"description\":\"previa asamblea 2018 Dossier prensa 12, 13, 14, 15 y 16 mayo Mundo Agrario 14 mayo n\u00famero de solicitudes PAC SAN ISIDRO previa feria de Almaz\u00e1n sistema\",\"breadcrumb\":{\"@id\":\"https:\/\/www.asajacyl.com\/soria\/asaja-soria-informa\/dossier-prensa-2017-2018#breadcrumb\"},\"inLanguage\":\"es\",\"potentialAction\":[{\"@type\":\"ReadAction\",\"target\":[\"https:\/\/www.asajacyl.com\/soria\/asaja-soria-informa\/dossier-prensa-2017-2018\"]}]},{\"@type\":\"ImageObject\",\"inLanguage\":\"es\",\"@id\":\"https:\/\/www.asajacyl.com\/soria\/asaja-soria-informa\/dossier-prensa-2017-2018#primaryimage\",\"url\":\"https:\/\/www.asajacyl.com\/soria\/wp-content\/uploads\/sites\/9\/2018\/05\/rueda-de-prensa-asaja22.jpg\",\"contentUrl\":\"https:\/\/www.asajacyl.com\/soria\/wp-content\/uploads\/sites\/9\/2018\/05\/rueda-de-prensa-asaja22.jpg\",\"width\":1113,\"height\":600},{\"@type\":\"BreadcrumbList\",\"@id\":\"https:\/\/www.asajacyl.com\/soria\/asaja-soria-informa\/dossier-prensa-2017-2018#breadcrumb\",\"itemListElement\":[{\"@type\":\"ListItem\",\"position\":1,\"name\":\"Portada\",\"item\":\"https:\/\/www.asajacyl.com\/soria\/\"},{\"@type\":\"ListItem\",\"position\":2,\"name\":\"DOSSIER DE PRENSA 2017-2018\"}]},{\"@type\":\"WebSite\",\"@id\":\"https:\/\/www.asajacyl.com\/soria\/#website\",\"url\":\"https:\/\/www.asajacyl.com\/soria\/\",\"name\":\"ASAJA Soria\",\"description\":\"Otro sitio m\u00e1s de Provincias ASAJA Castilla y Le\u00f3n\",\"potentialAction\":[{\"@type\":\"SearchAction\",\"target\":{\"@type\":\"EntryPoint\",\"urlTemplate\":\"https:\/\/www.asajacyl.com\/soria\/?s={search_term_string}\"},\"query-input\":{\"@type\":\"PropertyValueSpecification\",\"valueRequired\":true,\"valueName\":\"search_term_string\"}}],\"inLanguage\":\"es\"},{\"@type\":\"Person\",\"@id\":\"https:\/\/www.asajacyl.com\/soria\/#\/schema\/person\/fd3081c40255119ce8133b87e6aedfab\",\"name\":\"Juan Ignacio Prieto Nieto\",\"image\":{\"@type\":\"ImageObject\",\"inLanguage\":\"es\",\"@id\":\"https:\/\/www.asajacyl.com\/soria\/#\/schema\/person\/image\/\",\"url\":\"https:\/\/secure.gravatar.com\/avatar\/8266b36e4d9001acb4700699a2468dc8?s=96&d=mm&r=g\",\"contentUrl\":\"https:\/\/secure.gravatar.com\/avatar\/8266b36e4d9001acb4700699a2468dc8?s=96&d=mm&r=g\",\"caption\":\"Juan Ignacio Prieto Nieto\"},\"url\":\"https:\/\/www.asajacyl.com\/soria\/author\/juanfranciscoby\"}]}<\/script>\n<!-- \/ Yoast SEO plugin. -->","yoast_head_json":{"title":"DOSSIER DE PRENSA 2017-2018 - ASAJA Soria","description":"previa asamblea 2018 Dossier prensa 12, 13, 14, 15 y 16 mayo Mundo Agrario 14 mayo n\u00famero de solicitudes PAC SAN ISIDRO previa feria de Almaz\u00e1n sistema","robots":{"index":"index","follow":"follow","max-snippet":"max-snippet:-1","max-image-preview":"max-image-preview:large","max-video-preview":"max-video-preview:-1"},"canonical":"https:\/\/www.asajacyl.com\/soria\/asaja-soria-informa\/dossier-prensa-2017-2018","og_locale":"es_ES","og_type":"article","og_title":"DOSSIER DE PRENSA 2017-2018 - ASAJA Soria","og_description":"previa asamblea 2018 Dossier prensa 12, 13, 14, 15 y 16 mayo Mundo Agrario 14 mayo n\u00famero de solicitudes PAC SAN ISIDRO previa feria de Almaz\u00e1n sistema","og_url":"https:\/\/www.asajacyl.com\/soria\/asaja-soria-informa\/dossier-prensa-2017-2018","og_site_name":"ASAJA Soria","article_published_time":"2018-05-02T14:59:45+00:00","article_modified_time":"2018-05-17T07:10:23+00:00","og_image":[{"width":1113,"height":600,"url":"https:\/\/www.asajacyl.com\/soria\/wp-content\/uploads\/sites\/9\/2018\/05\/rueda-de-prensa-asaja22.jpg","type":"image\/jpeg"}],"author":"Juan Ignacio Prieto Nieto","twitter_card":"summary_large_image","twitter_misc":{"Escrito por":"Juan Ignacio Prieto Nieto","Tiempo de lectura":"2 minutos"},"schema":{"@context":"https:\/\/schema.org","@graph":[{"@type":"WebPage","@id":"https:\/\/www.asajacyl.com\/soria\/asaja-soria-informa\/dossier-prensa-2017-2018","url":"https:\/\/www.asajacyl.com\/soria\/asaja-soria-informa\/dossier-prensa-2017-2018","name":"DOSSIER DE PRENSA 2017-2018 - ASAJA Soria","isPartOf":{"@id":"https:\/\/www.asajacyl.com\/soria\/#website"},"primaryImageOfPage":{"@id":"https:\/\/www.asajacyl.com\/soria\/asaja-soria-informa\/dossier-prensa-2017-2018#primaryimage"},"image":{"@id":"https:\/\/www.asajacyl.com\/soria\/asaja-soria-informa\/dossier-prensa-2017-2018#primaryimage"},"thumbnailUrl":"https:\/\/www.asajacyl.com\/soria\/wp-content\/uploads\/sites\/9\/2018\/05\/rueda-de-prensa-asaja22.jpg","datePublished":"2018-05-02T14:59:45+00:00","dateModified":"2018-05-17T07:10:23+00:00","author":{"@id":"https:\/\/www.asajacyl.com\/soria\/#\/schema\/person\/fd3081c40255119ce8133b87e6aedfab"},"description":"previa asamblea 2018 Dossier prensa 12, 13, 14, 15 y 16 mayo Mundo Agrario 14 mayo n\u00famero de solicitudes PAC SAN ISIDRO previa feria de Almaz\u00e1n sistema","breadcrumb":{"@id":"https:\/\/www.asajacyl.com\/soria\/asaja-soria-informa\/dossier-prensa-2017-2018#breadcrumb"},"inLanguage":"es","potentialAction":[{"@type":"ReadAction","target":["https:\/\/www.asajacyl.com\/soria\/asaja-soria-informa\/dossier-prensa-2017-2018"]}]},{"@type":"ImageObject","inLanguage":"es","@id":"https:\/\/www.asajacyl.com\/soria\/asaja-soria-informa\/dossier-prensa-2017-2018#primaryimage","url":"https:\/\/www.asajacyl.com\/soria\/wp-content\/uploads\/sites\/9\/2018\/05\/rueda-de-prensa-asaja22.jpg","contentUrl":"https:\/\/www.asajacyl.com\/soria\/wp-content\/uploads\/sites\/9\/2018\/05\/rueda-de-prensa-asaja22.jpg","width":1113,"height":600},{"@type":"BreadcrumbList","@id":"https:\/\/www.asajacyl.com\/soria\/asaja-soria-informa\/dossier-prensa-2017-2018#breadcrumb","itemListElement":[{"@type":"ListItem","position":1,"name":"Portada","item":"https:\/\/www.asajacyl.com\/soria\/"},{"@type":"ListItem","position":2,"name":"DOSSIER DE PRENSA 2017-2018"}]},{"@type":"WebSite","@id":"https:\/\/www.asajacyl.com\/soria\/#website","url":"https:\/\/www.asajacyl.com\/soria\/","name":"ASAJA Soria","description":"Otro sitio m\u00e1s de Provincias ASAJA Castilla y Le\u00f3n","potentialAction":[{"@type":"SearchAction","target":{"@type":"EntryPoint","urlTemplate":"https:\/\/www.asajacyl.com\/soria\/?s={search_term_string}"},"query-input":{"@type":"PropertyValueSpecification","valueRequired":true,"valueName":"search_term_string"}}],"inLanguage":"es"},{"@type":"Person","@id":"https:\/\/www.asajacyl.com\/soria\/#\/schema\/person\/fd3081c40255119ce8133b87e6aedfab","name":"Juan Ignacio Prieto Nieto","image":{"@type":"ImageObject","inLanguage":"es","@id":"https:\/\/www.asajacyl.com\/soria\/#\/schema\/person\/image\/","url":"https:\/\/secure.gravatar.com\/avatar\/8266b36e4d9001acb4700699a2468dc8?s=96&d=mm&r=g","contentUrl":"https:\/\/secure.gravatar.com\/avatar\/8266b36e4d9001acb4700699a2468dc8?s=96&d=mm&r=g","caption":"Juan Ignacio Prieto Nieto"},"url":"https:\/\/www.asajacyl.com\/soria\/author\/juanfranciscoby"}]}},"_links":{"self":[{"href":"https:\/\/www.asajacyl.com\/soria\/wp-json\/wp\/v2\/posts\/924"}],"collection":[{"href":"https:\/\/www.asajacyl.com\/soria\/wp-json\/wp\/v2\/posts"}],"about":[{"href":"https:\/\/www.asajacyl.com\/soria\/wp-json\/wp\/v2\/types\/post"}],"author":[{"embeddable":true,"href":"https:\/\/www.asajacyl.com\/soria\/wp-json\/wp\/v2\/users\/12"}],"replies":[{"embeddable":true,"href":"https:\/\/www.asajacyl.com\/soria\/wp-json\/wp\/v2\/comments?post=924"}],"version-history":[{"count":38,"href":"https:\/\/www.asajacyl.com\/soria\/wp-json\/wp\/v2\/posts\/924\/revisions"}],"predecessor-version":[{"id":1124,"href":"https:\/\/www.asajacyl.com\/soria\/wp-json\/wp\/v2\/posts\/924\/revisions\/1124"}],"wp:featuredmedia":[{"embeddable":true,"href":"https:\/\/www.asajacyl.com\/soria\/wp-json\/wp\/v2\/media\/930"}],"wp:attachment":[{"href":"https:\/\/www.asajacyl.com\/soria\/wp-json\/wp\/v2\/media?parent=924"}],"wp:term":[{"taxonomy":"category","embeddable":true,"href":"https:\/\/www.asajacyl.com\/soria\/wp-json\/wp\/v2\/categories?post=924"},{"taxonomy":"post_tag","embeddable":true,"href":"https:\/\/www.asajacyl.com\/soria\/wp-json\/wp\/v2\/tags?post=924"}],"curies":[{"name":"wp","href":"https:\/\/api.w.org\/{rel}","templated":true}]}}