{"id":9276,"date":"2025-09-02T12:00:50","date_gmt":"2025-09-02T10:00:50","guid":{"rendered":"https:\/\/www.asajacyl.com\/soria\/?p=9276"},"modified":"2025-09-02T12:00:52","modified_gmt":"2025-09-02T10:00:52","slug":"articulo-de-opinion-revista-166-asaja-soria","status":"publish","type":"post","link":"https:\/\/www.asajacyl.com\/soria\/asaja-soria-informa\/opinion-asaja\/articulo-de-opinion-revista-166-asaja-soria","title":{"rendered":"ART\u00cdCULO DE OPINI\u00d3N. REVISTA 166 ASAJA SORIA"},"content":{"rendered":"\n\n\n\n\n<p>Muchos compa\u00f1eros de ASAJA de toda Espa\u00f1a coinciden conmigo en que estamos ante un ataque deliberado a la agricultura y la ganader\u00eda con la reciente propuesta de la Pol\u00edtica Agraria Comunitaria (PAC) por parte de la Uni\u00f3n Europea para el ciclo 2028-2032, que anticipa un recorte presupuestario del 20%. Ante esta nueva asfixia al sector tenemos que arrimar el hombro desde C\u00e1diz a Oviedo, desde \u00c1greda a Langa de Duero, para que en Bruselas entiendan que somos esenciales.<\/p>\n<p>Me gustaron unas declaraciones recientes de Mar\u00eda Morales, presidenta de ASAJA Sevilla, cuando critic\u00f3 duramente a \u00darsula von der Leyen, presidenta de la Comisi\u00f3n Europea, y dijo que est\u00e1 faltando al respeto a los agricultores y ganaderos con decisiones miopes. Para m\u00ed ya es que no son ni miopes, son de ceguera total\u2026 No tiene en cuenta la realidad del campo en el contexto del nuevo marco financiero que llega en un momento en el que el sector, sobre todo cerealista, est\u00e1 sufriendo mucho.<\/p>\n<p>Somos agricultores profesionales y eso hay que valorarlo dentro de casa y fuera, dentro del sector y fuera, dentro de Espa\u00f1a y fuera. Queremos respeto a los agricultores porque somos la base de toda la econom\u00eda europea. Espero y conf\u00edo en que la negociaci\u00f3n que ahora comienza revierta esta p\u00e9sima noticia para los agricultores y los ganaderos sorianos. Esperamos que los europarlamentarios espa\u00f1oles, algunos con los cuales-como recordar\u00e9is- ya hablamos en abril personalmente, se opongan frontalmente en bloque a esta propuesta y recuperemos la estructura de la PAC como la hemos tenido en los \u00faltimos a\u00f1os. No se nos puede pedir m\u00e1s a los agricultores y ganaderos con menos dinero. Es complicado enfrentarnos a la crisis clim\u00e1tica sin m\u00e1s recursos. Europa tiene que apostar fuertemente por el sector primario y no darnos la espalda como lo ha hecho con esta propuesta. El hecho de que se difumine la PAC y se pierda la estrategia comunitaria s\u00f3lo servir\u00e1 para generar desigualdad entre pa\u00edses e incluso comarcas y no solamente en el aspecto agroganadero.<\/p>\n<p>A este panorama a medio y largo plazo hay que sumar otro que ya est\u00e1 aqu\u00ed y es el de las dificultades que se atisban a la hora de la pr\u00f3xima sementera. Que nadie se tome a broma el dato de 40.000 hect\u00e1reas menos sembradas entre 2021 y 2024 ni la insostenible campa\u00f1a que pueden afrontar los cerealistas de la provincia dentro de nada. Y a la hora de identificar el causante del problema podemos hablar de los altos costes de producci\u00f3n, la falta de liquidez, las importaciones de cereales a precios irrisorios y las exigencias medioambientales. A esto \u00faltimo ser\u00eda interesante a\u00f1adir que no estar\u00eda mal que se flexibilicen las normas de condicionalidad de la Pol\u00edtica Agraria Com\u00fan, los reg\u00edmenes ecol\u00f3gicos y los compromisos agroambientales y clim\u00e1ticos.<\/p>\n<p>Parece algo muy simple, pero los pol\u00edticos se empe\u00f1an en que no lo sea. Se trata de que las exigencias que marca la normativa se puedan cumplir, podamos trabajar, se eviten sanciones y penalizaciones y no se pierdan fondos. A ver si es posible que este oto\u00f1o no se utilice al campo como cortina de humo para tapar otros problemas pol\u00edticos. No puede ser una buena idea atacar directamente al tejido productivo y social del campo, porque a la larga es ir contra toda la sociedad. Es injusto no respaldar a un sector estrat\u00e9gico como el nuestro, cuando precisamente el campo ha estado ah\u00ed en los momentos m\u00e1s duros de estos \u00faltimos a\u00f1os, alimentando y sosteniendo a la sociedad. Por desgracia, los \u00faltimos acontecimientos en torno a los incendios, r\u00e9cord de superficie quemada en 2025, nos da la raz\u00f3n a lo que tantas veces hemos dicho. Lamentablemente no considerar la opini\u00f3n de los que estamos en el campo, cuando no desde\u00f1arla, est\u00e1 trayendo sus consecuencias, un campo \u201cnaturalmente\u201d desgre\u00f1ado y enfermo. Sin ganaderos, sin agricultores, cuyo medio de vida depende de un campo cuidado y sano, estas desgracias ser\u00e1n cada vez mayores.<\/p>\n<p>\u00a0<\/p>\n<p>ANA PASTOR SORIA<\/p>\n<p>PRESIDENTA DE ASAJA SORIA<\/p>\n","protected":false},"excerpt":{"rendered":"<p>Muchos compa\u00f1eros de ASAJA de toda Espa\u00f1a coinciden conmigo en que estamos ante un ataque deliberado a la agricultura y la ganader\u00eda con la reciente propuesta de la Pol\u00edtica Agraria Comunitaria (PAC) por parte de la Uni\u00f3n Europea para el ciclo 2028-2032, que anticipa un recorte presupuestario del 20%. Ante esta nueva asfixia al sector [&hellip;]<\/p>\n","protected":false},"author":12,"featured_media":9083,"comment_status":"open","ping_status":"open","sticky":false,"template":"","format":"standard","meta":{"footnotes":""},"categories":[28],"tags":[],"yoast_head":"<!-- This site is optimized with the Yoast SEO plugin v24.5 - https:\/\/yoast.com\/wordpress\/plugins\/seo\/ -->\n<title>ART\u00cdCULO DE OPINI\u00d3N. REVISTA 166 ASAJA SORIA - ASAJA Soria<\/title>\n<meta name=\"description\" content=\"Muchos compa\u00f1eros de ASAJA de toda Espa\u00f1a coinciden conmigo en que estamos ante un ataque deliberado a la agricultura y la ganader\u00eda con la reciente\" \/>\n<meta name=\"robots\" content=\"index, follow, max-snippet:-1, max-image-preview:large, max-video-preview:-1\" \/>\n<link rel=\"canonical\" href=\"https:\/\/www.asajacyl.com\/soria\/asaja-soria-informa\/opinion-asaja\/articulo-de-opinion-revista-166-asaja-soria\" \/>\n<meta property=\"og:locale\" content=\"es_ES\" \/>\n<meta property=\"og:type\" content=\"article\" \/>\n<meta property=\"og:title\" content=\"ART\u00cdCULO DE OPINI\u00d3N. REVISTA 166 ASAJA SORIA - ASAJA Soria\" \/>\n<meta property=\"og:description\" content=\"Muchos compa\u00f1eros de ASAJA de toda Espa\u00f1a coinciden conmigo en que estamos ante un ataque deliberado a la agricultura y la ganader\u00eda con la reciente\" \/>\n<meta property=\"og:url\" content=\"https:\/\/www.asajacyl.com\/soria\/asaja-soria-informa\/opinion-asaja\/articulo-de-opinion-revista-166-asaja-soria\" \/>\n<meta property=\"og:site_name\" content=\"ASAJA Soria\" \/>\n<meta property=\"article:published_time\" content=\"2025-09-02T10:00:50+00:00\" \/>\n<meta property=\"article:modified_time\" content=\"2025-09-02T10:00:52+00:00\" \/>\n<meta property=\"og:image\" content=\"https:\/\/www.asajacyl.com\/soria\/wp-content\/uploads\/sites\/9\/2025\/06\/IMG_7923.jpg\" \/>\n\t<meta property=\"og:image:width\" content=\"2500\" \/>\n\t<meta property=\"og:image:height\" content=\"1875\" \/>\n\t<meta property=\"og:image:type\" content=\"image\/jpeg\" \/>\n<meta name=\"author\" content=\"Juan Ignacio Prieto Nieto\" \/>\n<meta name=\"twitter:card\" content=\"summary_large_image\" \/>\n<meta name=\"twitter:label1\" content=\"Escrito por\" \/>\n\t<meta name=\"twitter:data1\" content=\"Juan Ignacio Prieto Nieto\" \/>\n\t<meta name=\"twitter:label2\" content=\"Tiempo de lectura\" \/>\n\t<meta name=\"twitter:data2\" content=\"4 minutos\" \/>\n<script type=\"application\/ld+json\" class=\"yoast-schema-graph\">{\"@context\":\"https:\/\/schema.org\",\"@graph\":[{\"@type\":\"WebPage\",\"@id\":\"https:\/\/www.asajacyl.com\/soria\/asaja-soria-informa\/opinion-asaja\/articulo-de-opinion-revista-166-asaja-soria\",\"url\":\"https:\/\/www.asajacyl.com\/soria\/asaja-soria-informa\/opinion-asaja\/articulo-de-opinion-revista-166-asaja-soria\",\"name\":\"ART\u00cdCULO DE OPINI\u00d3N. REVISTA 166 ASAJA SORIA - ASAJA Soria\",\"isPartOf\":{\"@id\":\"https:\/\/www.asajacyl.com\/soria\/#website\"},\"primaryImageOfPage\":{\"@id\":\"https:\/\/www.asajacyl.com\/soria\/asaja-soria-informa\/opinion-asaja\/articulo-de-opinion-revista-166-asaja-soria#primaryimage\"},\"image\":{\"@id\":\"https:\/\/www.asajacyl.com\/soria\/asaja-soria-informa\/opinion-asaja\/articulo-de-opinion-revista-166-asaja-soria#primaryimage\"},\"thumbnailUrl\":\"https:\/\/www.asajacyl.com\/soria\/wp-content\/uploads\/sites\/9\/2025\/06\/IMG_7923.jpg\",\"datePublished\":\"2025-09-02T10:00:50+00:00\",\"dateModified\":\"2025-09-02T10:00:52+00:00\",\"author\":{\"@id\":\"https:\/\/www.asajacyl.com\/soria\/#\/schema\/person\/fd3081c40255119ce8133b87e6aedfab\"},\"description\":\"Muchos compa\u00f1eros de ASAJA de toda Espa\u00f1a coinciden conmigo en que estamos ante un ataque deliberado a la agricultura y la ganader\u00eda con la reciente\",\"breadcrumb\":{\"@id\":\"https:\/\/www.asajacyl.com\/soria\/asaja-soria-informa\/opinion-asaja\/articulo-de-opinion-revista-166-asaja-soria#breadcrumb\"},\"inLanguage\":\"es\",\"potentialAction\":[{\"@type\":\"ReadAction\",\"target\":[\"https:\/\/www.asajacyl.com\/soria\/asaja-soria-informa\/opinion-asaja\/articulo-de-opinion-revista-166-asaja-soria\"]}]},{\"@type\":\"ImageObject\",\"inLanguage\":\"es\",\"@id\":\"https:\/\/www.asajacyl.com\/soria\/asaja-soria-informa\/opinion-asaja\/articulo-de-opinion-revista-166-asaja-soria#primaryimage\",\"url\":\"https:\/\/www.asajacyl.com\/soria\/wp-content\/uploads\/sites\/9\/2025\/06\/IMG_7923.jpg\",\"contentUrl\":\"https:\/\/www.asajacyl.com\/soria\/wp-content\/uploads\/sites\/9\/2025\/06\/IMG_7923.jpg\",\"width\":2500,\"height\":1875},{\"@type\":\"BreadcrumbList\",\"@id\":\"https:\/\/www.asajacyl.com\/soria\/asaja-soria-informa\/opinion-asaja\/articulo-de-opinion-revista-166-asaja-soria#breadcrumb\",\"itemListElement\":[{\"@type\":\"ListItem\",\"position\":1,\"name\":\"Portada\",\"item\":\"https:\/\/www.asajacyl.com\/soria\/\"},{\"@type\":\"ListItem\",\"position\":2,\"name\":\"ART\u00cdCULO DE OPINI\u00d3N. REVISTA 166 ASAJA SORIA\"}]},{\"@type\":\"WebSite\",\"@id\":\"https:\/\/www.asajacyl.com\/soria\/#website\",\"url\":\"https:\/\/www.asajacyl.com\/soria\/\",\"name\":\"ASAJA Soria\",\"description\":\"Otro sitio m\u00e1s de Provincias ASAJA Castilla y Le\u00f3n\",\"potentialAction\":[{\"@type\":\"SearchAction\",\"target\":{\"@type\":\"EntryPoint\",\"urlTemplate\":\"https:\/\/www.asajacyl.com\/soria\/?s={search_term_string}\"},\"query-input\":{\"@type\":\"PropertyValueSpecification\",\"valueRequired\":true,\"valueName\":\"search_term_string\"}}],\"inLanguage\":\"es\"},{\"@type\":\"Person\",\"@id\":\"https:\/\/www.asajacyl.com\/soria\/#\/schema\/person\/fd3081c40255119ce8133b87e6aedfab\",\"name\":\"Juan Ignacio Prieto Nieto\",\"image\":{\"@type\":\"ImageObject\",\"inLanguage\":\"es\",\"@id\":\"https:\/\/www.asajacyl.com\/soria\/#\/schema\/person\/image\/\",\"url\":\"https:\/\/secure.gravatar.com\/avatar\/8266b36e4d9001acb4700699a2468dc8?s=96&d=mm&r=g\",\"contentUrl\":\"https:\/\/secure.gravatar.com\/avatar\/8266b36e4d9001acb4700699a2468dc8?s=96&d=mm&r=g\",\"caption\":\"Juan Ignacio Prieto Nieto\"},\"url\":\"https:\/\/www.asajacyl.com\/soria\/author\/juanfranciscoby\"}]}<\/script>\n<!-- \/ Yoast SEO plugin. -->","yoast_head_json":{"title":"ART\u00cdCULO DE OPINI\u00d3N. REVISTA 166 ASAJA SORIA - ASAJA Soria","description":"Muchos compa\u00f1eros de ASAJA de toda Espa\u00f1a coinciden conmigo en que estamos ante un ataque deliberado a la agricultura y la ganader\u00eda con la reciente","robots":{"index":"index","follow":"follow","max-snippet":"max-snippet:-1","max-image-preview":"max-image-preview:large","max-video-preview":"max-video-preview:-1"},"canonical":"https:\/\/www.asajacyl.com\/soria\/asaja-soria-informa\/opinion-asaja\/articulo-de-opinion-revista-166-asaja-soria","og_locale":"es_ES","og_type":"article","og_title":"ART\u00cdCULO DE OPINI\u00d3N. REVISTA 166 ASAJA SORIA - ASAJA Soria","og_description":"Muchos compa\u00f1eros de ASAJA de toda Espa\u00f1a coinciden conmigo en que estamos ante un ataque deliberado a la agricultura y la ganader\u00eda con la reciente","og_url":"https:\/\/www.asajacyl.com\/soria\/asaja-soria-informa\/opinion-asaja\/articulo-de-opinion-revista-166-asaja-soria","og_site_name":"ASAJA Soria","article_published_time":"2025-09-02T10:00:50+00:00","article_modified_time":"2025-09-02T10:00:52+00:00","og_image":[{"width":2500,"height":1875,"url":"https:\/\/www.asajacyl.com\/soria\/wp-content\/uploads\/sites\/9\/2025\/06\/IMG_7923.jpg","type":"image\/jpeg"}],"author":"Juan Ignacio Prieto Nieto","twitter_card":"summary_large_image","twitter_misc":{"Escrito por":"Juan Ignacio Prieto Nieto","Tiempo de lectura":"4 minutos"},"schema":{"@context":"https:\/\/schema.org","@graph":[{"@type":"WebPage","@id":"https:\/\/www.asajacyl.com\/soria\/asaja-soria-informa\/opinion-asaja\/articulo-de-opinion-revista-166-asaja-soria","url":"https:\/\/www.asajacyl.com\/soria\/asaja-soria-informa\/opinion-asaja\/articulo-de-opinion-revista-166-asaja-soria","name":"ART\u00cdCULO DE OPINI\u00d3N. REVISTA 166 ASAJA SORIA - ASAJA Soria","isPartOf":{"@id":"https:\/\/www.asajacyl.com\/soria\/#website"},"primaryImageOfPage":{"@id":"https:\/\/www.asajacyl.com\/soria\/asaja-soria-informa\/opinion-asaja\/articulo-de-opinion-revista-166-asaja-soria#primaryimage"},"image":{"@id":"https:\/\/www.asajacyl.com\/soria\/asaja-soria-informa\/opinion-asaja\/articulo-de-opinion-revista-166-asaja-soria#primaryimage"},"thumbnailUrl":"https:\/\/www.asajacyl.com\/soria\/wp-content\/uploads\/sites\/9\/2025\/06\/IMG_7923.jpg","datePublished":"2025-09-02T10:00:50+00:00","dateModified":"2025-09-02T10:00:52+00:00","author":{"@id":"https:\/\/www.asajacyl.com\/soria\/#\/schema\/person\/fd3081c40255119ce8133b87e6aedfab"},"description":"Muchos compa\u00f1eros de ASAJA de toda Espa\u00f1a coinciden conmigo en que estamos ante un ataque deliberado a la agricultura y la ganader\u00eda con la reciente","breadcrumb":{"@id":"https:\/\/www.asajacyl.com\/soria\/asaja-soria-informa\/opinion-asaja\/articulo-de-opinion-revista-166-asaja-soria#breadcrumb"},"inLanguage":"es","potentialAction":[{"@type":"ReadAction","target":["https:\/\/www.asajacyl.com\/soria\/asaja-soria-informa\/opinion-asaja\/articulo-de-opinion-revista-166-asaja-soria"]}]},{"@type":"ImageObject","inLanguage":"es","@id":"https:\/\/www.asajacyl.com\/soria\/asaja-soria-informa\/opinion-asaja\/articulo-de-opinion-revista-166-asaja-soria#primaryimage","url":"https:\/\/www.asajacyl.com\/soria\/wp-content\/uploads\/sites\/9\/2025\/06\/IMG_7923.jpg","contentUrl":"https:\/\/www.asajacyl.com\/soria\/wp-content\/uploads\/sites\/9\/2025\/06\/IMG_7923.jpg","width":2500,"height":1875},{"@type":"BreadcrumbList","@id":"https:\/\/www.asajacyl.com\/soria\/asaja-soria-informa\/opinion-asaja\/articulo-de-opinion-revista-166-asaja-soria#breadcrumb","itemListElement":[{"@type":"ListItem","position":1,"name":"Portada","item":"https:\/\/www.asajacyl.com\/soria\/"},{"@type":"ListItem","position":2,"name":"ART\u00cdCULO DE OPINI\u00d3N. REVISTA 166 ASAJA SORIA"}]},{"@type":"WebSite","@id":"https:\/\/www.asajacyl.com\/soria\/#website","url":"https:\/\/www.asajacyl.com\/soria\/","name":"ASAJA Soria","description":"Otro sitio m\u00e1s de Provincias ASAJA Castilla y Le\u00f3n","potentialAction":[{"@type":"SearchAction","target":{"@type":"EntryPoint","urlTemplate":"https:\/\/www.asajacyl.com\/soria\/?s={search_term_string}"},"query-input":{"@type":"PropertyValueSpecification","valueRequired":true,"valueName":"search_term_string"}}],"inLanguage":"es"},{"@type":"Person","@id":"https:\/\/www.asajacyl.com\/soria\/#\/schema\/person\/fd3081c40255119ce8133b87e6aedfab","name":"Juan Ignacio Prieto Nieto","image":{"@type":"ImageObject","inLanguage":"es","@id":"https:\/\/www.asajacyl.com\/soria\/#\/schema\/person\/image\/","url":"https:\/\/secure.gravatar.com\/avatar\/8266b36e4d9001acb4700699a2468dc8?s=96&d=mm&r=g","contentUrl":"https:\/\/secure.gravatar.com\/avatar\/8266b36e4d9001acb4700699a2468dc8?s=96&d=mm&r=g","caption":"Juan Ignacio Prieto Nieto"},"url":"https:\/\/www.asajacyl.com\/soria\/author\/juanfranciscoby"}]}},"_links":{"self":[{"href":"https:\/\/www.asajacyl.com\/soria\/wp-json\/wp\/v2\/posts\/9276"}],"collection":[{"href":"https:\/\/www.asajacyl.com\/soria\/wp-json\/wp\/v2\/posts"}],"about":[{"href":"https:\/\/www.asajacyl.com\/soria\/wp-json\/wp\/v2\/types\/post"}],"author":[{"embeddable":true,"href":"https:\/\/www.asajacyl.com\/soria\/wp-json\/wp\/v2\/users\/12"}],"replies":[{"embeddable":true,"href":"https:\/\/www.asajacyl.com\/soria\/wp-json\/wp\/v2\/comments?post=9276"}],"version-history":[{"count":1,"href":"https:\/\/www.asajacyl.com\/soria\/wp-json\/wp\/v2\/posts\/9276\/revisions"}],"predecessor-version":[{"id":9277,"href":"https:\/\/www.asajacyl.com\/soria\/wp-json\/wp\/v2\/posts\/9276\/revisions\/9277"}],"wp:featuredmedia":[{"embeddable":true,"href":"https:\/\/www.asajacyl.com\/soria\/wp-json\/wp\/v2\/media\/9083"}],"wp:attachment":[{"href":"https:\/\/www.asajacyl.com\/soria\/wp-json\/wp\/v2\/media?parent=9276"}],"wp:term":[{"taxonomy":"category","embeddable":true,"href":"https:\/\/www.asajacyl.com\/soria\/wp-json\/wp\/v2\/categories?post=9276"},{"taxonomy":"post_tag","embeddable":true,"href":"https:\/\/www.asajacyl.com\/soria\/wp-json\/wp\/v2\/tags?post=9276"}],"curies":[{"name":"wp","href":"https:\/\/api.w.org\/{rel}","templated":true}]}}