{"id":9307,"date":"2025-09-10T08:09:41","date_gmt":"2025-09-10T06:09:41","guid":{"rendered":"https:\/\/www.asajacyl.com\/soria\/?p=9307"},"modified":"2025-09-10T08:09:43","modified_gmt":"2025-09-10T06:09:43","slug":"asaja-rechaza-con-fuerza-los-nuevos-aranceles-de-china-al-sector-agropecuario-europeo","status":"publish","type":"post","link":"https:\/\/www.asajacyl.com\/soria\/asaja-soria-informa\/asaja-rechaza-con-fuerza-los-nuevos-aranceles-de-china-al-sector-agropecuario-europeo","title":{"rendered":"ASAJA rechaza con fuerza los nuevos aranceles de China al sector agropecuario europeo"},"content":{"rendered":"\n\n\n<div class=\"nv-content-wrap entry-content\">\n<p>La Asociaci\u00f3n Agraria J\u00f3venes Agricultores (ASAJA) expresa su total rechazo a la decisi\u00f3n reciente de China de imponer aranceles antidumping provisionales de entre el 15,6 % y el 62,4 % sobre las importaciones de carne de cerdo de la Uni\u00f3n Europea, en vigor a partir del 10 de septiembre.<\/p>\n<p>Este nuevo ataque se enmarca en un contexto de tensiones comerciales derivadas de decisiones adoptadas en otros \u00e1mbitos econ\u00f3micos. Como respuesta, China ha abierto investigaciones contra productos europeos como el brandy, los l\u00e1cteos y el porcino.<\/p>\n<p>ASAJA denuncia que, una vez m\u00e1s, nuestros agricultores y ganaderos son usados como moneda de cambio en disputas que nada tienen que ver con su actividad productiva. Un conflicto ajeno al sector se ha convertido en una carga que recae injustamente sobre quienes producen nuestros alimentos.<\/p>\n<p>Esta escalada, en un contexto donde los productores ya enfrentan inflaci\u00f3n en los costes, ca\u00edda de precios, reducci\u00f3n de exportaciones, con una ca\u00edda del 66 % entre 2020 y 2024, y creciente competencia internacional, supone un duro golpe a la viabilidad del modelo agroalimentario europeo.<\/p>\n<p>ASAJA exige una respuesta urgente y contundente por parte de las instituciones comunitarias y del Gobierno espa\u00f1ol. El sector agropecuario no puede seguir siendo v\u00edctima de represalias externas. Es inaceptable que nuestras exportaciones sufran sanciones por causas que nada tienen que ver con su calidad, sostenibilidad o competitividad.<\/p>\n<p>El sector no est\u00e1 dispuesto a pagar el precio de disputas comerciales que no le pertenecen. ASAJA estar\u00e1 vigilante y trasladar\u00e1 estas reivindicaciones a las principales instancias espa\u00f1olas y europeas, exigiendo compensaci\u00f3n y protecci\u00f3n efectiva para nuestros productores.<br \/><br \/>Fuente ASAJA Bruselas<\/p>\n<\/div>\n<div class=\"nv-post-navigation\">\n<div class=\"previous\">\u00a0<\/div>\n<\/div>\n","protected":false},"excerpt":{"rendered":"<p>La Asociaci\u00f3n Agraria J\u00f3venes Agricultores (ASAJA) expresa su total rechazo a la decisi\u00f3n reciente de China de imponer aranceles antidumping provisionales de entre el 15,6 % y el 62,4 % sobre las importaciones de carne de cerdo de la Uni\u00f3n Europea, en vigor a partir del 10 de septiembre. Este nuevo ataque se enmarca en [&hellip;]<\/p>\n","protected":false},"author":12,"featured_media":9308,"comment_status":"open","ping_status":"open","sticky":false,"template":"","format":"standard","meta":{"footnotes":""},"categories":[10,25],"tags":[],"yoast_head":"<!-- This site is optimized with the Yoast SEO plugin v24.5 - https:\/\/yoast.com\/wordpress\/plugins\/seo\/ -->\n<title>ASAJA rechaza con fuerza los nuevos aranceles de China al sector agropecuario europeo - ASAJA Soria<\/title>\n<meta name=\"description\" content=\"La Asociaci\u00f3n Agraria J\u00f3venes Agricultores (ASAJA) expresa su total rechazo a la decisi\u00f3n reciente de China de imponer aranceles antidumping provisionales\" \/>\n<meta name=\"robots\" content=\"index, follow, max-snippet:-1, max-image-preview:large, max-video-preview:-1\" \/>\n<link rel=\"canonical\" href=\"https:\/\/www.asajacyl.com\/soria\/asaja-soria-informa\/asaja-rechaza-con-fuerza-los-nuevos-aranceles-de-china-al-sector-agropecuario-europeo\" \/>\n<meta property=\"og:locale\" content=\"es_ES\" \/>\n<meta property=\"og:type\" content=\"article\" \/>\n<meta property=\"og:title\" content=\"ASAJA rechaza con fuerza los nuevos aranceles de China al sector agropecuario europeo - ASAJA Soria\" \/>\n<meta property=\"og:description\" content=\"La Asociaci\u00f3n Agraria J\u00f3venes Agricultores (ASAJA) expresa su total rechazo a la decisi\u00f3n reciente de China de imponer aranceles antidumping provisionales\" \/>\n<meta property=\"og:url\" content=\"https:\/\/www.asajacyl.com\/soria\/asaja-soria-informa\/asaja-rechaza-con-fuerza-los-nuevos-aranceles-de-china-al-sector-agropecuario-europeo\" \/>\n<meta property=\"og:site_name\" content=\"ASAJA Soria\" \/>\n<meta property=\"article:published_time\" content=\"2025-09-10T06:09:41+00:00\" \/>\n<meta property=\"article:modified_time\" content=\"2025-09-10T06:09:43+00:00\" \/>\n<meta property=\"og:image\" content=\"https:\/\/www.asajacyl.com\/soria\/wp-content\/uploads\/sites\/9\/2025\/09\/fotonoticia_20250905140309_1920.jpg\" \/>\n\t<meta property=\"og:image:width\" content=\"1920\" \/>\n\t<meta property=\"og:image:height\" content=\"1233\" \/>\n\t<meta property=\"og:image:type\" content=\"image\/jpeg\" \/>\n<meta name=\"author\" content=\"Juan Ignacio Prieto Nieto\" \/>\n<meta name=\"twitter:card\" content=\"summary_large_image\" \/>\n<meta name=\"twitter:label1\" content=\"Escrito por\" \/>\n\t<meta name=\"twitter:data1\" content=\"Juan Ignacio Prieto Nieto\" \/>\n\t<meta name=\"twitter:label2\" content=\"Tiempo de lectura\" \/>\n\t<meta name=\"twitter:data2\" content=\"2 minutos\" \/>\n<script type=\"application\/ld+json\" class=\"yoast-schema-graph\">{\"@context\":\"https:\/\/schema.org\",\"@graph\":[{\"@type\":\"WebPage\",\"@id\":\"https:\/\/www.asajacyl.com\/soria\/asaja-soria-informa\/asaja-rechaza-con-fuerza-los-nuevos-aranceles-de-china-al-sector-agropecuario-europeo\",\"url\":\"https:\/\/www.asajacyl.com\/soria\/asaja-soria-informa\/asaja-rechaza-con-fuerza-los-nuevos-aranceles-de-china-al-sector-agropecuario-europeo\",\"name\":\"ASAJA rechaza con fuerza los nuevos aranceles de China al sector agropecuario europeo - ASAJA Soria\",\"isPartOf\":{\"@id\":\"https:\/\/www.asajacyl.com\/soria\/#website\"},\"primaryImageOfPage\":{\"@id\":\"https:\/\/www.asajacyl.com\/soria\/asaja-soria-informa\/asaja-rechaza-con-fuerza-los-nuevos-aranceles-de-china-al-sector-agropecuario-europeo#primaryimage\"},\"image\":{\"@id\":\"https:\/\/www.asajacyl.com\/soria\/asaja-soria-informa\/asaja-rechaza-con-fuerza-los-nuevos-aranceles-de-china-al-sector-agropecuario-europeo#primaryimage\"},\"thumbnailUrl\":\"https:\/\/www.asajacyl.com\/soria\/wp-content\/uploads\/sites\/9\/2025\/09\/fotonoticia_20250905140309_1920.jpg\",\"datePublished\":\"2025-09-10T06:09:41+00:00\",\"dateModified\":\"2025-09-10T06:09:43+00:00\",\"author\":{\"@id\":\"https:\/\/www.asajacyl.com\/soria\/#\/schema\/person\/fd3081c40255119ce8133b87e6aedfab\"},\"description\":\"La Asociaci\u00f3n Agraria J\u00f3venes Agricultores (ASAJA) expresa su total rechazo a la decisi\u00f3n reciente de China de imponer aranceles antidumping provisionales\",\"breadcrumb\":{\"@id\":\"https:\/\/www.asajacyl.com\/soria\/asaja-soria-informa\/asaja-rechaza-con-fuerza-los-nuevos-aranceles-de-china-al-sector-agropecuario-europeo#breadcrumb\"},\"inLanguage\":\"es\",\"potentialAction\":[{\"@type\":\"ReadAction\",\"target\":[\"https:\/\/www.asajacyl.com\/soria\/asaja-soria-informa\/asaja-rechaza-con-fuerza-los-nuevos-aranceles-de-china-al-sector-agropecuario-europeo\"]}]},{\"@type\":\"ImageObject\",\"inLanguage\":\"es\",\"@id\":\"https:\/\/www.asajacyl.com\/soria\/asaja-soria-informa\/asaja-rechaza-con-fuerza-los-nuevos-aranceles-de-china-al-sector-agropecuario-europeo#primaryimage\",\"url\":\"https:\/\/www.asajacyl.com\/soria\/wp-content\/uploads\/sites\/9\/2025\/09\/fotonoticia_20250905140309_1920.jpg\",\"contentUrl\":\"https:\/\/www.asajacyl.com\/soria\/wp-content\/uploads\/sites\/9\/2025\/09\/fotonoticia_20250905140309_1920.jpg\",\"width\":1920,\"height\":1233},{\"@type\":\"BreadcrumbList\",\"@id\":\"https:\/\/www.asajacyl.com\/soria\/asaja-soria-informa\/asaja-rechaza-con-fuerza-los-nuevos-aranceles-de-china-al-sector-agropecuario-europeo#breadcrumb\",\"itemListElement\":[{\"@type\":\"ListItem\",\"position\":1,\"name\":\"Portada\",\"item\":\"https:\/\/www.asajacyl.com\/soria\/\"},{\"@type\":\"ListItem\",\"position\":2,\"name\":\"ASAJA rechaza con fuerza los nuevos aranceles de China al sector agropecuario europeo\"}]},{\"@type\":\"WebSite\",\"@id\":\"https:\/\/www.asajacyl.com\/soria\/#website\",\"url\":\"https:\/\/www.asajacyl.com\/soria\/\",\"name\":\"ASAJA Soria\",\"description\":\"Otro sitio m\u00e1s de Provincias ASAJA Castilla y Le\u00f3n\",\"potentialAction\":[{\"@type\":\"SearchAction\",\"target\":{\"@type\":\"EntryPoint\",\"urlTemplate\":\"https:\/\/www.asajacyl.com\/soria\/?s={search_term_string}\"},\"query-input\":{\"@type\":\"PropertyValueSpecification\",\"valueRequired\":true,\"valueName\":\"search_term_string\"}}],\"inLanguage\":\"es\"},{\"@type\":\"Person\",\"@id\":\"https:\/\/www.asajacyl.com\/soria\/#\/schema\/person\/fd3081c40255119ce8133b87e6aedfab\",\"name\":\"Juan Ignacio Prieto Nieto\",\"image\":{\"@type\":\"ImageObject\",\"inLanguage\":\"es\",\"@id\":\"https:\/\/www.asajacyl.com\/soria\/#\/schema\/person\/image\/\",\"url\":\"https:\/\/secure.gravatar.com\/avatar\/8266b36e4d9001acb4700699a2468dc8?s=96&d=mm&r=g\",\"contentUrl\":\"https:\/\/secure.gravatar.com\/avatar\/8266b36e4d9001acb4700699a2468dc8?s=96&d=mm&r=g\",\"caption\":\"Juan Ignacio Prieto Nieto\"},\"url\":\"https:\/\/www.asajacyl.com\/soria\/author\/juanfranciscoby\"}]}<\/script>\n<!-- \/ Yoast SEO plugin. -->","yoast_head_json":{"title":"ASAJA rechaza con fuerza los nuevos aranceles de China al sector agropecuario europeo - ASAJA Soria","description":"La Asociaci\u00f3n Agraria J\u00f3venes Agricultores (ASAJA) expresa su total rechazo a la decisi\u00f3n reciente de China de imponer aranceles antidumping provisionales","robots":{"index":"index","follow":"follow","max-snippet":"max-snippet:-1","max-image-preview":"max-image-preview:large","max-video-preview":"max-video-preview:-1"},"canonical":"https:\/\/www.asajacyl.com\/soria\/asaja-soria-informa\/asaja-rechaza-con-fuerza-los-nuevos-aranceles-de-china-al-sector-agropecuario-europeo","og_locale":"es_ES","og_type":"article","og_title":"ASAJA rechaza con fuerza los nuevos aranceles de China al sector agropecuario europeo - ASAJA Soria","og_description":"La Asociaci\u00f3n Agraria J\u00f3venes Agricultores (ASAJA) expresa su total rechazo a la decisi\u00f3n reciente de China de imponer aranceles antidumping provisionales","og_url":"https:\/\/www.asajacyl.com\/soria\/asaja-soria-informa\/asaja-rechaza-con-fuerza-los-nuevos-aranceles-de-china-al-sector-agropecuario-europeo","og_site_name":"ASAJA Soria","article_published_time":"2025-09-10T06:09:41+00:00","article_modified_time":"2025-09-10T06:09:43+00:00","og_image":[{"width":1920,"height":1233,"url":"https:\/\/www.asajacyl.com\/soria\/wp-content\/uploads\/sites\/9\/2025\/09\/fotonoticia_20250905140309_1920.jpg","type":"image\/jpeg"}],"author":"Juan Ignacio Prieto Nieto","twitter_card":"summary_large_image","twitter_misc":{"Escrito por":"Juan Ignacio Prieto Nieto","Tiempo de lectura":"2 minutos"},"schema":{"@context":"https:\/\/schema.org","@graph":[{"@type":"WebPage","@id":"https:\/\/www.asajacyl.com\/soria\/asaja-soria-informa\/asaja-rechaza-con-fuerza-los-nuevos-aranceles-de-china-al-sector-agropecuario-europeo","url":"https:\/\/www.asajacyl.com\/soria\/asaja-soria-informa\/asaja-rechaza-con-fuerza-los-nuevos-aranceles-de-china-al-sector-agropecuario-europeo","name":"ASAJA rechaza con fuerza los nuevos aranceles de China al sector agropecuario europeo - ASAJA Soria","isPartOf":{"@id":"https:\/\/www.asajacyl.com\/soria\/#website"},"primaryImageOfPage":{"@id":"https:\/\/www.asajacyl.com\/soria\/asaja-soria-informa\/asaja-rechaza-con-fuerza-los-nuevos-aranceles-de-china-al-sector-agropecuario-europeo#primaryimage"},"image":{"@id":"https:\/\/www.asajacyl.com\/soria\/asaja-soria-informa\/asaja-rechaza-con-fuerza-los-nuevos-aranceles-de-china-al-sector-agropecuario-europeo#primaryimage"},"thumbnailUrl":"https:\/\/www.asajacyl.com\/soria\/wp-content\/uploads\/sites\/9\/2025\/09\/fotonoticia_20250905140309_1920.jpg","datePublished":"2025-09-10T06:09:41+00:00","dateModified":"2025-09-10T06:09:43+00:00","author":{"@id":"https:\/\/www.asajacyl.com\/soria\/#\/schema\/person\/fd3081c40255119ce8133b87e6aedfab"},"description":"La Asociaci\u00f3n Agraria J\u00f3venes Agricultores (ASAJA) expresa su total rechazo a la decisi\u00f3n reciente de China de imponer aranceles antidumping provisionales","breadcrumb":{"@id":"https:\/\/www.asajacyl.com\/soria\/asaja-soria-informa\/asaja-rechaza-con-fuerza-los-nuevos-aranceles-de-china-al-sector-agropecuario-europeo#breadcrumb"},"inLanguage":"es","potentialAction":[{"@type":"ReadAction","target":["https:\/\/www.asajacyl.com\/soria\/asaja-soria-informa\/asaja-rechaza-con-fuerza-los-nuevos-aranceles-de-china-al-sector-agropecuario-europeo"]}]},{"@type":"ImageObject","inLanguage":"es","@id":"https:\/\/www.asajacyl.com\/soria\/asaja-soria-informa\/asaja-rechaza-con-fuerza-los-nuevos-aranceles-de-china-al-sector-agropecuario-europeo#primaryimage","url":"https:\/\/www.asajacyl.com\/soria\/wp-content\/uploads\/sites\/9\/2025\/09\/fotonoticia_20250905140309_1920.jpg","contentUrl":"https:\/\/www.asajacyl.com\/soria\/wp-content\/uploads\/sites\/9\/2025\/09\/fotonoticia_20250905140309_1920.jpg","width":1920,"height":1233},{"@type":"BreadcrumbList","@id":"https:\/\/www.asajacyl.com\/soria\/asaja-soria-informa\/asaja-rechaza-con-fuerza-los-nuevos-aranceles-de-china-al-sector-agropecuario-europeo#breadcrumb","itemListElement":[{"@type":"ListItem","position":1,"name":"Portada","item":"https:\/\/www.asajacyl.com\/soria\/"},{"@type":"ListItem","position":2,"name":"ASAJA rechaza con fuerza los nuevos aranceles de China al sector agropecuario europeo"}]},{"@type":"WebSite","@id":"https:\/\/www.asajacyl.com\/soria\/#website","url":"https:\/\/www.asajacyl.com\/soria\/","name":"ASAJA Soria","description":"Otro sitio m\u00e1s de Provincias ASAJA Castilla y Le\u00f3n","potentialAction":[{"@type":"SearchAction","target":{"@type":"EntryPoint","urlTemplate":"https:\/\/www.asajacyl.com\/soria\/?s={search_term_string}"},"query-input":{"@type":"PropertyValueSpecification","valueRequired":true,"valueName":"search_term_string"}}],"inLanguage":"es"},{"@type":"Person","@id":"https:\/\/www.asajacyl.com\/soria\/#\/schema\/person\/fd3081c40255119ce8133b87e6aedfab","name":"Juan Ignacio Prieto Nieto","image":{"@type":"ImageObject","inLanguage":"es","@id":"https:\/\/www.asajacyl.com\/soria\/#\/schema\/person\/image\/","url":"https:\/\/secure.gravatar.com\/avatar\/8266b36e4d9001acb4700699a2468dc8?s=96&d=mm&r=g","contentUrl":"https:\/\/secure.gravatar.com\/avatar\/8266b36e4d9001acb4700699a2468dc8?s=96&d=mm&r=g","caption":"Juan Ignacio Prieto Nieto"},"url":"https:\/\/www.asajacyl.com\/soria\/author\/juanfranciscoby"}]}},"_links":{"self":[{"href":"https:\/\/www.asajacyl.com\/soria\/wp-json\/wp\/v2\/posts\/9307"}],"collection":[{"href":"https:\/\/www.asajacyl.com\/soria\/wp-json\/wp\/v2\/posts"}],"about":[{"href":"https:\/\/www.asajacyl.com\/soria\/wp-json\/wp\/v2\/types\/post"}],"author":[{"embeddable":true,"href":"https:\/\/www.asajacyl.com\/soria\/wp-json\/wp\/v2\/users\/12"}],"replies":[{"embeddable":true,"href":"https:\/\/www.asajacyl.com\/soria\/wp-json\/wp\/v2\/comments?post=9307"}],"version-history":[{"count":1,"href":"https:\/\/www.asajacyl.com\/soria\/wp-json\/wp\/v2\/posts\/9307\/revisions"}],"predecessor-version":[{"id":9309,"href":"https:\/\/www.asajacyl.com\/soria\/wp-json\/wp\/v2\/posts\/9307\/revisions\/9309"}],"wp:featuredmedia":[{"embeddable":true,"href":"https:\/\/www.asajacyl.com\/soria\/wp-json\/wp\/v2\/media\/9308"}],"wp:attachment":[{"href":"https:\/\/www.asajacyl.com\/soria\/wp-json\/wp\/v2\/media?parent=9307"}],"wp:term":[{"taxonomy":"category","embeddable":true,"href":"https:\/\/www.asajacyl.com\/soria\/wp-json\/wp\/v2\/categories?post=9307"},{"taxonomy":"post_tag","embeddable":true,"href":"https:\/\/www.asajacyl.com\/soria\/wp-json\/wp\/v2\/tags?post=9307"}],"curies":[{"name":"wp","href":"https:\/\/api.w.org\/{rel}","templated":true}]}}