{"id":9324,"date":"2025-09-15T11:59:43","date_gmt":"2025-09-15T09:59:43","guid":{"rendered":"https:\/\/www.asajacyl.com\/soria\/?p=9324"},"modified":"2025-09-17T14:05:54","modified_gmt":"2025-09-17T12:05:54","slug":"interporc-destaca-la-flexibilidad-del-porcino-espanol-ante-el-cambiante-escenario-internacional","status":"publish","type":"post","link":"https:\/\/www.asajacyl.com\/soria\/asaja-soria-informa\/interporc-destaca-la-flexibilidad-del-porcino-espanol-ante-el-cambiante-escenario-internacional","title":{"rendered":"INTERPORC destaca la flexibilidad del porcino espa\u00f1ol ante el cambiante escenario internacional"},"content":{"rendered":"\n<p>La Interprofesional\u00a0se\u00f1ala que\u00a0el reto actual no es vender a cualquier precio, sino\u00a0mantener el mercado abierto, con\u00a0margen de seguridad\u00a0y\u00a0reputaci\u00f3n.<\/p>\n<p>En\u00a02024, el sector export\u00f3\u00a02,72 millones de toneladas\u00a0por un valor de\u00a0m\u00e1s de 8.784 millones de euros, confirmando su fortaleza internacional.<\/p>\n<p>La\u00a0Interprofesional Agroalimentaria del Porcino de Capa Blanca (INTERPORC)\u00a0ha participado en la Jornada\u00a0\u201cLos condicionantes del comercio agroalimentario espa\u00f1ol en los mercados nacional e internacionales\u201d, poniendo el foco en la\u00a0capacidad del porcino espa\u00f1ol para ajustarse con rapidez\u00a0a los cambios que imponen las din\u00e1micas comerciales y geopol\u00edticas internacionales.<\/p>\n<p>Durante su intervenci\u00f3n,\u00a0Alberto Herranz,\u00a0director general de INTERPORC, subray\u00f3 esta\u00a0flexibilidad, un factor clave que ha permitido al sector consolidarse como\u00a0l\u00edder mundial, recordando que \u201cel sector porcino de capa blanca de Espa\u00f1a se ha hecho grande compitiendo en los mercados internacionales, en un mundo con\u00a0m\u00e1s fricciones\u00a0y\u00a0m\u00e1s incertidumbres\u00a0que certezas\u201d. En este sentido, se\u00f1al\u00f3 tambi\u00e9n que \u201cactualmente el reto no es vender a cualquier precio, sino\u00a0mantener el mercado abierto, con\u00a0margen de seguridad\u00a0y\u00a0reputaci\u00f3n\u201d.<\/p>\n<p>Un modelo de producci\u00f3n que garantiza la sanidad y la seguridad<br \/>El sistema de producci\u00f3n en Espa\u00f1a sigue\u00a0el modelo europeo, reconocido como\u00a0el m\u00e1s exigente del mundo\u00a0en\u00a0seguridad alimentaria,\u00a0sostenibilidad,\u00a0bienestar animal\u00a0y\u00a0trazabilidad. Todo ello constituye una\u00a0garant\u00eda de calidad y confianza\u00a0para los consumidores y socios comerciales internacionales.<\/p>\n<p>Esa\u00a0adaptabilidad\u00a0y\u00a0fortaleza\u00a0del porcino espa\u00f1ol ha llevado al sector a\u00a0exportar en 2024 un total de 2,72 millones de toneladas de porcino, por un valor\u00a0superior a 8.784 millones de euros.<\/p>\n<p>China\u00a0es el principal destino de estas exportaciones con\u00a0539.064 toneladas\u00a0y un valor de\u00a01.097 millones de euros, seguida de\u00a0Francia\u00a0e\u00a0Italia\u00a0con\u00a0289.865 toneladas (1.072 millones de euros)\u00a0y\u00a0274.591 toneladas (796 millones de euros), respectivamente.<\/p>\n<p>Otros mercados importantes son\u00a0Jap\u00f3n,\u00a0Filipinas\u00a0y\u00a0Corea del Sur\u00a0en Asia, y\u00a0Portugal,\u00a0Polonia,\u00a0Ruman\u00eda\u00a0y\u00a0Rep\u00fablica Checa, en Europa, hasta un total que\u00a0supera los 130 pa\u00edses. Una\u00a0cantidad y diversidad de mercados\u00a0que convierten al\u00a0porcino de capa blanca\u00a0en\u00a0uno de los grandes motores\u00a0de la\u00a0balanza comercial agroalimentaria espa\u00f1ola.<\/p>\n<p>En el evento, organizado en\u00a0Madrid\u00a0por la\u00a0Asociaci\u00f3n Nacional Ingenieros Agr\u00f3nomos (ANIA), la\u00a0Fundaci\u00f3n Foro Agrario, y el\u00a0Instituto de la Ingenier\u00eda de Espa\u00f1a (IIE), tambi\u00e9n participaron representantes de los sectores del\u00a0aceite de oliva,\u00a0alimentaci\u00f3n animal,\u00a0vacuno\u00a0y\u00a0l\u00e1cteos.<\/p>\n<p>Fuente: Interporc<\/p>\n","protected":false},"excerpt":{"rendered":"<p>La Interprofesional\u00a0se\u00f1ala que\u00a0el reto actual no es vender a cualquier precio, sino\u00a0mantener el mercado abierto, con\u00a0margen de seguridad\u00a0y\u00a0reputaci\u00f3n. En\u00a02024, el sector export\u00f3\u00a02,72 millones de toneladas\u00a0por un valor de\u00a0m\u00e1s de 8.784 millones de euros, confirmando su fortaleza internacional. La\u00a0Interprofesional Agroalimentaria del Porcino de Capa Blanca (INTERPORC)\u00a0ha participado en la Jornada\u00a0\u201cLos condicionantes del comercio agroalimentario espa\u00f1ol en [&hellip;]<\/p>\n","protected":false},"author":12,"featured_media":9308,"comment_status":"open","ping_status":"open","sticky":false,"template":"","format":"standard","meta":{"footnotes":""},"categories":[10,25],"tags":[],"yoast_head":"<!-- This site is optimized with the Yoast SEO plugin v24.5 - https:\/\/yoast.com\/wordpress\/plugins\/seo\/ -->\n<title>INTERPORC destaca la flexibilidad del porcino espa\u00f1ol ante el cambiante escenario internacional - ASAJA Soria<\/title>\n<meta name=\"description\" content=\"La Interprofesional\u00a0se\u00f1ala que\u00a0el reto actual no es vender a cualquier precio, sino\u00a0mantener el mercado abierto, con\u00a0margen de seguridad\u00a0y\u00a0reputaci\u00f3n.\" \/>\n<meta name=\"robots\" content=\"index, follow, max-snippet:-1, max-image-preview:large, max-video-preview:-1\" \/>\n<link rel=\"canonical\" href=\"https:\/\/www.asajacyl.com\/soria\/asaja-soria-informa\/interporc-destaca-la-flexibilidad-del-porcino-espanol-ante-el-cambiante-escenario-internacional\" \/>\n<meta property=\"og:locale\" content=\"es_ES\" \/>\n<meta property=\"og:type\" content=\"article\" \/>\n<meta property=\"og:title\" content=\"INTERPORC destaca la flexibilidad del porcino espa\u00f1ol ante el cambiante escenario internacional - ASAJA Soria\" \/>\n<meta property=\"og:description\" content=\"La Interprofesional\u00a0se\u00f1ala que\u00a0el reto actual no es vender a cualquier precio, sino\u00a0mantener el mercado abierto, con\u00a0margen de seguridad\u00a0y\u00a0reputaci\u00f3n.\" \/>\n<meta property=\"og:url\" content=\"https:\/\/www.asajacyl.com\/soria\/asaja-soria-informa\/interporc-destaca-la-flexibilidad-del-porcino-espanol-ante-el-cambiante-escenario-internacional\" \/>\n<meta property=\"og:site_name\" content=\"ASAJA Soria\" \/>\n<meta property=\"article:published_time\" content=\"2025-09-15T09:59:43+00:00\" \/>\n<meta property=\"article:modified_time\" content=\"2025-09-17T12:05:54+00:00\" \/>\n<meta property=\"og:image\" content=\"https:\/\/www.asajacyl.com\/soria\/wp-content\/uploads\/sites\/9\/2025\/09\/fotonoticia_20250905140309_1920.jpg\" \/>\n\t<meta property=\"og:image:width\" content=\"1920\" \/>\n\t<meta property=\"og:image:height\" content=\"1233\" \/>\n\t<meta property=\"og:image:type\" content=\"image\/jpeg\" \/>\n<meta name=\"author\" content=\"Juan Ignacio Prieto Nieto\" \/>\n<meta name=\"twitter:card\" content=\"summary_large_image\" \/>\n<meta name=\"twitter:label1\" content=\"Escrito por\" \/>\n\t<meta name=\"twitter:data1\" content=\"Juan Ignacio Prieto Nieto\" \/>\n\t<meta name=\"twitter:label2\" content=\"Tiempo de lectura\" \/>\n\t<meta name=\"twitter:data2\" content=\"3 minutos\" \/>\n<script type=\"application\/ld+json\" class=\"yoast-schema-graph\">{\"@context\":\"https:\/\/schema.org\",\"@graph\":[{\"@type\":\"WebPage\",\"@id\":\"https:\/\/www.asajacyl.com\/soria\/asaja-soria-informa\/interporc-destaca-la-flexibilidad-del-porcino-espanol-ante-el-cambiante-escenario-internacional\",\"url\":\"https:\/\/www.asajacyl.com\/soria\/asaja-soria-informa\/interporc-destaca-la-flexibilidad-del-porcino-espanol-ante-el-cambiante-escenario-internacional\",\"name\":\"INTERPORC destaca la flexibilidad del porcino espa\u00f1ol ante el cambiante escenario internacional - ASAJA Soria\",\"isPartOf\":{\"@id\":\"https:\/\/www.asajacyl.com\/soria\/#website\"},\"primaryImageOfPage\":{\"@id\":\"https:\/\/www.asajacyl.com\/soria\/asaja-soria-informa\/interporc-destaca-la-flexibilidad-del-porcino-espanol-ante-el-cambiante-escenario-internacional#primaryimage\"},\"image\":{\"@id\":\"https:\/\/www.asajacyl.com\/soria\/asaja-soria-informa\/interporc-destaca-la-flexibilidad-del-porcino-espanol-ante-el-cambiante-escenario-internacional#primaryimage\"},\"thumbnailUrl\":\"https:\/\/www.asajacyl.com\/soria\/wp-content\/uploads\/sites\/9\/2025\/09\/fotonoticia_20250905140309_1920.jpg\",\"datePublished\":\"2025-09-15T09:59:43+00:00\",\"dateModified\":\"2025-09-17T12:05:54+00:00\",\"author\":{\"@id\":\"https:\/\/www.asajacyl.com\/soria\/#\/schema\/person\/fd3081c40255119ce8133b87e6aedfab\"},\"description\":\"La Interprofesional\u00a0se\u00f1ala que\u00a0el reto actual no es vender a cualquier precio, sino\u00a0mantener el mercado abierto, con\u00a0margen de seguridad\u00a0y\u00a0reputaci\u00f3n.\",\"breadcrumb\":{\"@id\":\"https:\/\/www.asajacyl.com\/soria\/asaja-soria-informa\/interporc-destaca-la-flexibilidad-del-porcino-espanol-ante-el-cambiante-escenario-internacional#breadcrumb\"},\"inLanguage\":\"es\",\"potentialAction\":[{\"@type\":\"ReadAction\",\"target\":[\"https:\/\/www.asajacyl.com\/soria\/asaja-soria-informa\/interporc-destaca-la-flexibilidad-del-porcino-espanol-ante-el-cambiante-escenario-internacional\"]}]},{\"@type\":\"ImageObject\",\"inLanguage\":\"es\",\"@id\":\"https:\/\/www.asajacyl.com\/soria\/asaja-soria-informa\/interporc-destaca-la-flexibilidad-del-porcino-espanol-ante-el-cambiante-escenario-internacional#primaryimage\",\"url\":\"https:\/\/www.asajacyl.com\/soria\/wp-content\/uploads\/sites\/9\/2025\/09\/fotonoticia_20250905140309_1920.jpg\",\"contentUrl\":\"https:\/\/www.asajacyl.com\/soria\/wp-content\/uploads\/sites\/9\/2025\/09\/fotonoticia_20250905140309_1920.jpg\",\"width\":1920,\"height\":1233},{\"@type\":\"BreadcrumbList\",\"@id\":\"https:\/\/www.asajacyl.com\/soria\/asaja-soria-informa\/interporc-destaca-la-flexibilidad-del-porcino-espanol-ante-el-cambiante-escenario-internacional#breadcrumb\",\"itemListElement\":[{\"@type\":\"ListItem\",\"position\":1,\"name\":\"Portada\",\"item\":\"https:\/\/www.asajacyl.com\/soria\/\"},{\"@type\":\"ListItem\",\"position\":2,\"name\":\"INTERPORC destaca la flexibilidad del porcino espa\u00f1ol ante el cambiante escenario internacional\"}]},{\"@type\":\"WebSite\",\"@id\":\"https:\/\/www.asajacyl.com\/soria\/#website\",\"url\":\"https:\/\/www.asajacyl.com\/soria\/\",\"name\":\"ASAJA Soria\",\"description\":\"Otro sitio m\u00e1s de Provincias ASAJA Castilla y Le\u00f3n\",\"potentialAction\":[{\"@type\":\"SearchAction\",\"target\":{\"@type\":\"EntryPoint\",\"urlTemplate\":\"https:\/\/www.asajacyl.com\/soria\/?s={search_term_string}\"},\"query-input\":{\"@type\":\"PropertyValueSpecification\",\"valueRequired\":true,\"valueName\":\"search_term_string\"}}],\"inLanguage\":\"es\"},{\"@type\":\"Person\",\"@id\":\"https:\/\/www.asajacyl.com\/soria\/#\/schema\/person\/fd3081c40255119ce8133b87e6aedfab\",\"name\":\"Juan Ignacio Prieto Nieto\",\"image\":{\"@type\":\"ImageObject\",\"inLanguage\":\"es\",\"@id\":\"https:\/\/www.asajacyl.com\/soria\/#\/schema\/person\/image\/\",\"url\":\"https:\/\/secure.gravatar.com\/avatar\/8266b36e4d9001acb4700699a2468dc8?s=96&d=mm&r=g\",\"contentUrl\":\"https:\/\/secure.gravatar.com\/avatar\/8266b36e4d9001acb4700699a2468dc8?s=96&d=mm&r=g\",\"caption\":\"Juan Ignacio Prieto Nieto\"},\"url\":\"https:\/\/www.asajacyl.com\/soria\/author\/juanfranciscoby\"}]}<\/script>\n<!-- \/ Yoast SEO plugin. -->","yoast_head_json":{"title":"INTERPORC destaca la flexibilidad del porcino espa\u00f1ol ante el cambiante escenario internacional - ASAJA Soria","description":"La Interprofesional\u00a0se\u00f1ala que\u00a0el reto actual no es vender a cualquier precio, sino\u00a0mantener el mercado abierto, con\u00a0margen de seguridad\u00a0y\u00a0reputaci\u00f3n.","robots":{"index":"index","follow":"follow","max-snippet":"max-snippet:-1","max-image-preview":"max-image-preview:large","max-video-preview":"max-video-preview:-1"},"canonical":"https:\/\/www.asajacyl.com\/soria\/asaja-soria-informa\/interporc-destaca-la-flexibilidad-del-porcino-espanol-ante-el-cambiante-escenario-internacional","og_locale":"es_ES","og_type":"article","og_title":"INTERPORC destaca la flexibilidad del porcino espa\u00f1ol ante el cambiante escenario internacional - ASAJA Soria","og_description":"La Interprofesional\u00a0se\u00f1ala que\u00a0el reto actual no es vender a cualquier precio, sino\u00a0mantener el mercado abierto, con\u00a0margen de seguridad\u00a0y\u00a0reputaci\u00f3n.","og_url":"https:\/\/www.asajacyl.com\/soria\/asaja-soria-informa\/interporc-destaca-la-flexibilidad-del-porcino-espanol-ante-el-cambiante-escenario-internacional","og_site_name":"ASAJA Soria","article_published_time":"2025-09-15T09:59:43+00:00","article_modified_time":"2025-09-17T12:05:54+00:00","og_image":[{"width":1920,"height":1233,"url":"https:\/\/www.asajacyl.com\/soria\/wp-content\/uploads\/sites\/9\/2025\/09\/fotonoticia_20250905140309_1920.jpg","type":"image\/jpeg"}],"author":"Juan Ignacio Prieto Nieto","twitter_card":"summary_large_image","twitter_misc":{"Escrito por":"Juan Ignacio Prieto Nieto","Tiempo de lectura":"3 minutos"},"schema":{"@context":"https:\/\/schema.org","@graph":[{"@type":"WebPage","@id":"https:\/\/www.asajacyl.com\/soria\/asaja-soria-informa\/interporc-destaca-la-flexibilidad-del-porcino-espanol-ante-el-cambiante-escenario-internacional","url":"https:\/\/www.asajacyl.com\/soria\/asaja-soria-informa\/interporc-destaca-la-flexibilidad-del-porcino-espanol-ante-el-cambiante-escenario-internacional","name":"INTERPORC destaca la flexibilidad del porcino espa\u00f1ol ante el cambiante escenario internacional - ASAJA Soria","isPartOf":{"@id":"https:\/\/www.asajacyl.com\/soria\/#website"},"primaryImageOfPage":{"@id":"https:\/\/www.asajacyl.com\/soria\/asaja-soria-informa\/interporc-destaca-la-flexibilidad-del-porcino-espanol-ante-el-cambiante-escenario-internacional#primaryimage"},"image":{"@id":"https:\/\/www.asajacyl.com\/soria\/asaja-soria-informa\/interporc-destaca-la-flexibilidad-del-porcino-espanol-ante-el-cambiante-escenario-internacional#primaryimage"},"thumbnailUrl":"https:\/\/www.asajacyl.com\/soria\/wp-content\/uploads\/sites\/9\/2025\/09\/fotonoticia_20250905140309_1920.jpg","datePublished":"2025-09-15T09:59:43+00:00","dateModified":"2025-09-17T12:05:54+00:00","author":{"@id":"https:\/\/www.asajacyl.com\/soria\/#\/schema\/person\/fd3081c40255119ce8133b87e6aedfab"},"description":"La Interprofesional\u00a0se\u00f1ala que\u00a0el reto actual no es vender a cualquier precio, sino\u00a0mantener el mercado abierto, con\u00a0margen de seguridad\u00a0y\u00a0reputaci\u00f3n.","breadcrumb":{"@id":"https:\/\/www.asajacyl.com\/soria\/asaja-soria-informa\/interporc-destaca-la-flexibilidad-del-porcino-espanol-ante-el-cambiante-escenario-internacional#breadcrumb"},"inLanguage":"es","potentialAction":[{"@type":"ReadAction","target":["https:\/\/www.asajacyl.com\/soria\/asaja-soria-informa\/interporc-destaca-la-flexibilidad-del-porcino-espanol-ante-el-cambiante-escenario-internacional"]}]},{"@type":"ImageObject","inLanguage":"es","@id":"https:\/\/www.asajacyl.com\/soria\/asaja-soria-informa\/interporc-destaca-la-flexibilidad-del-porcino-espanol-ante-el-cambiante-escenario-internacional#primaryimage","url":"https:\/\/www.asajacyl.com\/soria\/wp-content\/uploads\/sites\/9\/2025\/09\/fotonoticia_20250905140309_1920.jpg","contentUrl":"https:\/\/www.asajacyl.com\/soria\/wp-content\/uploads\/sites\/9\/2025\/09\/fotonoticia_20250905140309_1920.jpg","width":1920,"height":1233},{"@type":"BreadcrumbList","@id":"https:\/\/www.asajacyl.com\/soria\/asaja-soria-informa\/interporc-destaca-la-flexibilidad-del-porcino-espanol-ante-el-cambiante-escenario-internacional#breadcrumb","itemListElement":[{"@type":"ListItem","position":1,"name":"Portada","item":"https:\/\/www.asajacyl.com\/soria\/"},{"@type":"ListItem","position":2,"name":"INTERPORC destaca la flexibilidad del porcino espa\u00f1ol ante el cambiante escenario internacional"}]},{"@type":"WebSite","@id":"https:\/\/www.asajacyl.com\/soria\/#website","url":"https:\/\/www.asajacyl.com\/soria\/","name":"ASAJA Soria","description":"Otro sitio m\u00e1s de Provincias ASAJA Castilla y Le\u00f3n","potentialAction":[{"@type":"SearchAction","target":{"@type":"EntryPoint","urlTemplate":"https:\/\/www.asajacyl.com\/soria\/?s={search_term_string}"},"query-input":{"@type":"PropertyValueSpecification","valueRequired":true,"valueName":"search_term_string"}}],"inLanguage":"es"},{"@type":"Person","@id":"https:\/\/www.asajacyl.com\/soria\/#\/schema\/person\/fd3081c40255119ce8133b87e6aedfab","name":"Juan Ignacio Prieto Nieto","image":{"@type":"ImageObject","inLanguage":"es","@id":"https:\/\/www.asajacyl.com\/soria\/#\/schema\/person\/image\/","url":"https:\/\/secure.gravatar.com\/avatar\/8266b36e4d9001acb4700699a2468dc8?s=96&d=mm&r=g","contentUrl":"https:\/\/secure.gravatar.com\/avatar\/8266b36e4d9001acb4700699a2468dc8?s=96&d=mm&r=g","caption":"Juan Ignacio Prieto Nieto"},"url":"https:\/\/www.asajacyl.com\/soria\/author\/juanfranciscoby"}]}},"_links":{"self":[{"href":"https:\/\/www.asajacyl.com\/soria\/wp-json\/wp\/v2\/posts\/9324"}],"collection":[{"href":"https:\/\/www.asajacyl.com\/soria\/wp-json\/wp\/v2\/posts"}],"about":[{"href":"https:\/\/www.asajacyl.com\/soria\/wp-json\/wp\/v2\/types\/post"}],"author":[{"embeddable":true,"href":"https:\/\/www.asajacyl.com\/soria\/wp-json\/wp\/v2\/users\/12"}],"replies":[{"embeddable":true,"href":"https:\/\/www.asajacyl.com\/soria\/wp-json\/wp\/v2\/comments?post=9324"}],"version-history":[{"count":2,"href":"https:\/\/www.asajacyl.com\/soria\/wp-json\/wp\/v2\/posts\/9324\/revisions"}],"predecessor-version":[{"id":9328,"href":"https:\/\/www.asajacyl.com\/soria\/wp-json\/wp\/v2\/posts\/9324\/revisions\/9328"}],"wp:featuredmedia":[{"embeddable":true,"href":"https:\/\/www.asajacyl.com\/soria\/wp-json\/wp\/v2\/media\/9308"}],"wp:attachment":[{"href":"https:\/\/www.asajacyl.com\/soria\/wp-json\/wp\/v2\/media?parent=9324"}],"wp:term":[{"taxonomy":"category","embeddable":true,"href":"https:\/\/www.asajacyl.com\/soria\/wp-json\/wp\/v2\/categories?post=9324"},{"taxonomy":"post_tag","embeddable":true,"href":"https:\/\/www.asajacyl.com\/soria\/wp-json\/wp\/v2\/tags?post=9324"}],"curies":[{"name":"wp","href":"https:\/\/api.w.org\/{rel}","templated":true}]}}