{"id":9359,"date":"2025-09-25T07:52:28","date_gmt":"2025-09-25T05:52:28","guid":{"rendered":"https:\/\/www.asajacyl.com\/soria\/?p=9359"},"modified":"2025-09-26T14:45:17","modified_gmt":"2025-09-26T12:45:17","slug":"xi-congreso-regional-de-asaja","status":"publish","type":"post","link":"https:\/\/www.asajacyl.com\/soria\/asaja-soria-informa\/xi-congreso-regional-de-asaja","title":{"rendered":"XI CONGRESO REGIONAL DE ASAJA"},"content":{"rendered":"\n\n\n<h2>\u201cM\u00e1s unidos. M\u00e1s \u00fatiles\u201d, es el lema elegido para este encuentro que reunir\u00e1 el viernes 26 de septiembre a 200 compromisarios de las 9 organizaciones provinciales. Esta vez ser\u00e1 en \u00c1vila<\/h2>\n<p>ASAJA de Castilla y Le\u00f3n celebrar\u00e1 el XI Congreso Regional de la organizaci\u00f3n el pr\u00f3ximo viernes 26 de septiembre en la ciudad de \u00c1vila. El Congreso, el und\u00e9cimo desde la constituci\u00f3n de ASAJA de Castilla y Le\u00f3n, se celebrar\u00e1 por segunda vez en su trayectoria en la capital abulense, siguiendo el criterio rotatorio provincial marcado desde el inicio. En esta ocasi\u00f3n, el lema elegido ser\u00e1 \u201cM\u00e1s unidos. M\u00e1s \u00fatiles\u201d, que resume dos objetivos principales de la organizaci\u00f3n profesional agraria: primero, procurar la unidad para ser fuertes y defender al sector en un panorama extraordinariamente complejo, con una nueva PAC a las puertas y un tenso panorama internacional, y segundo enfocar toda su estrategia y servicios a ser \u00fatil a las necesidades de los socios, los agricultores y ganaderos.<\/p>\n<p>El actual presidente de Castilla y Le\u00f3n, Donaciano Dujo, ha comunicado a la Junta Directiva su intenci\u00f3n de presentarse a la reelecci\u00f3n. Donaciano Dujo contar\u00e1 de nuevo en su candidatura con Jos\u00e9 Antonio Turrado en el cargo de secretario general; ambos cargos, junto con los nueve presidentes provinciales, constituyen el Comit\u00e9 Ejecutivo, \u00f3rgano que representa la m\u00e1xima responsabilidad en la principal organizaci\u00f3n profesional agraria de Castilla y Le\u00f3n.<\/p>\n<p>El congreso, al que asistir\u00e1n 200 compromisarios de las nueve provincias de la regi\u00f3n, ser\u00e1 inaugurado por el consejero de Medio Ambiente, Vivienda y Ordenaci\u00f3n del Territorio, Juan Carlos Su\u00e1rez-Qui\u00f1ones y clausurado por la consejera de Agricultura, Ganader\u00eda y Desarrollo Rural, Mar\u00eda Gonz\u00e1lez Corral, y por el presidente nacional de ASAJA, Pedro Barato. La apertura correr\u00e1 a cargo del alcalde del Ayuntamiento de \u00c1vila, Jes\u00fas Manuel S\u00e1nchez Cabrera, acompa\u00f1ado por el presidente de la organizaci\u00f3n anfitriona, ASAJA \u00c1vila, Joaqu\u00edn Antonio Pino.<\/p>\n<p>Adem\u00e1s del proceso electoral, el programa del congreso incluye dos ponencias, una sobre Marco Financiero Plurianual y futura PAC 2028-2034, a cargo del director de la Oficina de ASAJA ante la UE, Jos\u00e9 Mar\u00eda Castilla, y Los mercados de cereales, opciones para el agricultor, a cargo del director general de Cepetra Ib\u00e9rica, Daniel Mart\u00ednez Men\u00e9ndez.<\/p>\n","protected":false},"excerpt":{"rendered":"<p>\u201cM\u00e1s unidos. M\u00e1s \u00fatiles\u201d, es el lema elegido para este encuentro que reunir\u00e1 el viernes 26 de septiembre a 200 compromisarios de las 9 organizaciones provinciales. Esta vez ser\u00e1 en \u00c1vila ASAJA de Castilla y Le\u00f3n celebrar\u00e1 el XI Congreso Regional de la organizaci\u00f3n el pr\u00f3ximo viernes 26 de septiembre en la ciudad de \u00c1vila. [&hellip;]<\/p>\n","protected":false},"author":12,"featured_media":7516,"comment_status":"open","ping_status":"open","sticky":false,"template":"","format":"standard","meta":{"footnotes":""},"categories":[10,25],"tags":[],"yoast_head":"<!-- This site is optimized with the Yoast SEO plugin v24.5 - https:\/\/yoast.com\/wordpress\/plugins\/seo\/ -->\n<title>XI CONGRESO REGIONAL DE ASAJA - ASAJA Soria<\/title>\n<meta name=\"description\" content=\"\u201cM\u00e1s unidos. M\u00e1s \u00fatiles\u201d, es el lema elegido para este encuentro que reunir\u00e1 el viernes 26 de septiembre a 200 compromisarios de las 9 organizaciones\" \/>\n<meta name=\"robots\" content=\"index, follow, max-snippet:-1, max-image-preview:large, max-video-preview:-1\" \/>\n<link rel=\"canonical\" href=\"https:\/\/www.asajacyl.com\/soria\/asaja-soria-informa\/xi-congreso-regional-de-asaja\" \/>\n<meta property=\"og:locale\" content=\"es_ES\" \/>\n<meta property=\"og:type\" content=\"article\" \/>\n<meta property=\"og:title\" content=\"XI CONGRESO REGIONAL DE ASAJA - ASAJA Soria\" \/>\n<meta property=\"og:description\" content=\"\u201cM\u00e1s unidos. M\u00e1s \u00fatiles\u201d, es el lema elegido para este encuentro que reunir\u00e1 el viernes 26 de septiembre a 200 compromisarios de las 9 organizaciones\" \/>\n<meta property=\"og:url\" content=\"https:\/\/www.asajacyl.com\/soria\/asaja-soria-informa\/xi-congreso-regional-de-asaja\" \/>\n<meta property=\"og:site_name\" content=\"ASAJA Soria\" \/>\n<meta property=\"article:published_time\" content=\"2025-09-25T05:52:28+00:00\" \/>\n<meta property=\"article:modified_time\" content=\"2025-09-26T12:45:17+00:00\" \/>\n<meta property=\"og:image\" content=\"https:\/\/www.asajacyl.com\/soria\/wp-content\/uploads\/sites\/9\/2024\/01\/foto-0.jpg\" \/>\n\t<meta property=\"og:image:width\" content=\"2500\" \/>\n\t<meta property=\"og:image:height\" content=\"1406\" \/>\n\t<meta property=\"og:image:type\" content=\"image\/jpeg\" \/>\n<meta name=\"author\" content=\"Juan Ignacio Prieto Nieto\" \/>\n<meta name=\"twitter:card\" content=\"summary_large_image\" \/>\n<meta name=\"twitter:label1\" content=\"Escrito por\" \/>\n\t<meta name=\"twitter:data1\" content=\"Juan Ignacio Prieto Nieto\" \/>\n\t<meta name=\"twitter:label2\" content=\"Tiempo de lectura\" \/>\n\t<meta name=\"twitter:data2\" content=\"2 minutos\" \/>\n<script type=\"application\/ld+json\" class=\"yoast-schema-graph\">{\"@context\":\"https:\/\/schema.org\",\"@graph\":[{\"@type\":\"WebPage\",\"@id\":\"https:\/\/www.asajacyl.com\/soria\/asaja-soria-informa\/xi-congreso-regional-de-asaja\",\"url\":\"https:\/\/www.asajacyl.com\/soria\/asaja-soria-informa\/xi-congreso-regional-de-asaja\",\"name\":\"XI CONGRESO REGIONAL DE ASAJA - ASAJA Soria\",\"isPartOf\":{\"@id\":\"https:\/\/www.asajacyl.com\/soria\/#website\"},\"primaryImageOfPage\":{\"@id\":\"https:\/\/www.asajacyl.com\/soria\/asaja-soria-informa\/xi-congreso-regional-de-asaja#primaryimage\"},\"image\":{\"@id\":\"https:\/\/www.asajacyl.com\/soria\/asaja-soria-informa\/xi-congreso-regional-de-asaja#primaryimage\"},\"thumbnailUrl\":\"https:\/\/www.asajacyl.com\/soria\/wp-content\/uploads\/sites\/9\/2024\/01\/foto-0.jpg\",\"datePublished\":\"2025-09-25T05:52:28+00:00\",\"dateModified\":\"2025-09-26T12:45:17+00:00\",\"author\":{\"@id\":\"https:\/\/www.asajacyl.com\/soria\/#\/schema\/person\/fd3081c40255119ce8133b87e6aedfab\"},\"description\":\"\u201cM\u00e1s unidos. M\u00e1s \u00fatiles\u201d, es el lema elegido para este encuentro que reunir\u00e1 el viernes 26 de septiembre a 200 compromisarios de las 9 organizaciones\",\"breadcrumb\":{\"@id\":\"https:\/\/www.asajacyl.com\/soria\/asaja-soria-informa\/xi-congreso-regional-de-asaja#breadcrumb\"},\"inLanguage\":\"es\",\"potentialAction\":[{\"@type\":\"ReadAction\",\"target\":[\"https:\/\/www.asajacyl.com\/soria\/asaja-soria-informa\/xi-congreso-regional-de-asaja\"]}]},{\"@type\":\"ImageObject\",\"inLanguage\":\"es\",\"@id\":\"https:\/\/www.asajacyl.com\/soria\/asaja-soria-informa\/xi-congreso-regional-de-asaja#primaryimage\",\"url\":\"https:\/\/www.asajacyl.com\/soria\/wp-content\/uploads\/sites\/9\/2024\/01\/foto-0.jpg\",\"contentUrl\":\"https:\/\/www.asajacyl.com\/soria\/wp-content\/uploads\/sites\/9\/2024\/01\/foto-0.jpg\",\"width\":2500,\"height\":1406},{\"@type\":\"BreadcrumbList\",\"@id\":\"https:\/\/www.asajacyl.com\/soria\/asaja-soria-informa\/xi-congreso-regional-de-asaja#breadcrumb\",\"itemListElement\":[{\"@type\":\"ListItem\",\"position\":1,\"name\":\"Portada\",\"item\":\"https:\/\/www.asajacyl.com\/soria\/\"},{\"@type\":\"ListItem\",\"position\":2,\"name\":\"XI CONGRESO REGIONAL DE ASAJA\"}]},{\"@type\":\"WebSite\",\"@id\":\"https:\/\/www.asajacyl.com\/soria\/#website\",\"url\":\"https:\/\/www.asajacyl.com\/soria\/\",\"name\":\"ASAJA Soria\",\"description\":\"Otro sitio m\u00e1s de Provincias ASAJA Castilla y Le\u00f3n\",\"potentialAction\":[{\"@type\":\"SearchAction\",\"target\":{\"@type\":\"EntryPoint\",\"urlTemplate\":\"https:\/\/www.asajacyl.com\/soria\/?s={search_term_string}\"},\"query-input\":{\"@type\":\"PropertyValueSpecification\",\"valueRequired\":true,\"valueName\":\"search_term_string\"}}],\"inLanguage\":\"es\"},{\"@type\":\"Person\",\"@id\":\"https:\/\/www.asajacyl.com\/soria\/#\/schema\/person\/fd3081c40255119ce8133b87e6aedfab\",\"name\":\"Juan Ignacio Prieto Nieto\",\"image\":{\"@type\":\"ImageObject\",\"inLanguage\":\"es\",\"@id\":\"https:\/\/www.asajacyl.com\/soria\/#\/schema\/person\/image\/\",\"url\":\"https:\/\/secure.gravatar.com\/avatar\/8266b36e4d9001acb4700699a2468dc8?s=96&d=mm&r=g\",\"contentUrl\":\"https:\/\/secure.gravatar.com\/avatar\/8266b36e4d9001acb4700699a2468dc8?s=96&d=mm&r=g\",\"caption\":\"Juan Ignacio Prieto Nieto\"},\"url\":\"https:\/\/www.asajacyl.com\/soria\/author\/juanfranciscoby\"}]}<\/script>\n<!-- \/ Yoast SEO plugin. -->","yoast_head_json":{"title":"XI CONGRESO REGIONAL DE ASAJA - ASAJA Soria","description":"\u201cM\u00e1s unidos. M\u00e1s \u00fatiles\u201d, es el lema elegido para este encuentro que reunir\u00e1 el viernes 26 de septiembre a 200 compromisarios de las 9 organizaciones","robots":{"index":"index","follow":"follow","max-snippet":"max-snippet:-1","max-image-preview":"max-image-preview:large","max-video-preview":"max-video-preview:-1"},"canonical":"https:\/\/www.asajacyl.com\/soria\/asaja-soria-informa\/xi-congreso-regional-de-asaja","og_locale":"es_ES","og_type":"article","og_title":"XI CONGRESO REGIONAL DE ASAJA - ASAJA Soria","og_description":"\u201cM\u00e1s unidos. M\u00e1s \u00fatiles\u201d, es el lema elegido para este encuentro que reunir\u00e1 el viernes 26 de septiembre a 200 compromisarios de las 9 organizaciones","og_url":"https:\/\/www.asajacyl.com\/soria\/asaja-soria-informa\/xi-congreso-regional-de-asaja","og_site_name":"ASAJA Soria","article_published_time":"2025-09-25T05:52:28+00:00","article_modified_time":"2025-09-26T12:45:17+00:00","og_image":[{"width":2500,"height":1406,"url":"https:\/\/www.asajacyl.com\/soria\/wp-content\/uploads\/sites\/9\/2024\/01\/foto-0.jpg","type":"image\/jpeg"}],"author":"Juan Ignacio Prieto Nieto","twitter_card":"summary_large_image","twitter_misc":{"Escrito por":"Juan Ignacio Prieto Nieto","Tiempo de lectura":"2 minutos"},"schema":{"@context":"https:\/\/schema.org","@graph":[{"@type":"WebPage","@id":"https:\/\/www.asajacyl.com\/soria\/asaja-soria-informa\/xi-congreso-regional-de-asaja","url":"https:\/\/www.asajacyl.com\/soria\/asaja-soria-informa\/xi-congreso-regional-de-asaja","name":"XI CONGRESO REGIONAL DE ASAJA - ASAJA Soria","isPartOf":{"@id":"https:\/\/www.asajacyl.com\/soria\/#website"},"primaryImageOfPage":{"@id":"https:\/\/www.asajacyl.com\/soria\/asaja-soria-informa\/xi-congreso-regional-de-asaja#primaryimage"},"image":{"@id":"https:\/\/www.asajacyl.com\/soria\/asaja-soria-informa\/xi-congreso-regional-de-asaja#primaryimage"},"thumbnailUrl":"https:\/\/www.asajacyl.com\/soria\/wp-content\/uploads\/sites\/9\/2024\/01\/foto-0.jpg","datePublished":"2025-09-25T05:52:28+00:00","dateModified":"2025-09-26T12:45:17+00:00","author":{"@id":"https:\/\/www.asajacyl.com\/soria\/#\/schema\/person\/fd3081c40255119ce8133b87e6aedfab"},"description":"\u201cM\u00e1s unidos. M\u00e1s \u00fatiles\u201d, es el lema elegido para este encuentro que reunir\u00e1 el viernes 26 de septiembre a 200 compromisarios de las 9 organizaciones","breadcrumb":{"@id":"https:\/\/www.asajacyl.com\/soria\/asaja-soria-informa\/xi-congreso-regional-de-asaja#breadcrumb"},"inLanguage":"es","potentialAction":[{"@type":"ReadAction","target":["https:\/\/www.asajacyl.com\/soria\/asaja-soria-informa\/xi-congreso-regional-de-asaja"]}]},{"@type":"ImageObject","inLanguage":"es","@id":"https:\/\/www.asajacyl.com\/soria\/asaja-soria-informa\/xi-congreso-regional-de-asaja#primaryimage","url":"https:\/\/www.asajacyl.com\/soria\/wp-content\/uploads\/sites\/9\/2024\/01\/foto-0.jpg","contentUrl":"https:\/\/www.asajacyl.com\/soria\/wp-content\/uploads\/sites\/9\/2024\/01\/foto-0.jpg","width":2500,"height":1406},{"@type":"BreadcrumbList","@id":"https:\/\/www.asajacyl.com\/soria\/asaja-soria-informa\/xi-congreso-regional-de-asaja#breadcrumb","itemListElement":[{"@type":"ListItem","position":1,"name":"Portada","item":"https:\/\/www.asajacyl.com\/soria\/"},{"@type":"ListItem","position":2,"name":"XI CONGRESO REGIONAL DE ASAJA"}]},{"@type":"WebSite","@id":"https:\/\/www.asajacyl.com\/soria\/#website","url":"https:\/\/www.asajacyl.com\/soria\/","name":"ASAJA Soria","description":"Otro sitio m\u00e1s de Provincias ASAJA Castilla y Le\u00f3n","potentialAction":[{"@type":"SearchAction","target":{"@type":"EntryPoint","urlTemplate":"https:\/\/www.asajacyl.com\/soria\/?s={search_term_string}"},"query-input":{"@type":"PropertyValueSpecification","valueRequired":true,"valueName":"search_term_string"}}],"inLanguage":"es"},{"@type":"Person","@id":"https:\/\/www.asajacyl.com\/soria\/#\/schema\/person\/fd3081c40255119ce8133b87e6aedfab","name":"Juan Ignacio Prieto Nieto","image":{"@type":"ImageObject","inLanguage":"es","@id":"https:\/\/www.asajacyl.com\/soria\/#\/schema\/person\/image\/","url":"https:\/\/secure.gravatar.com\/avatar\/8266b36e4d9001acb4700699a2468dc8?s=96&d=mm&r=g","contentUrl":"https:\/\/secure.gravatar.com\/avatar\/8266b36e4d9001acb4700699a2468dc8?s=96&d=mm&r=g","caption":"Juan Ignacio Prieto Nieto"},"url":"https:\/\/www.asajacyl.com\/soria\/author\/juanfranciscoby"}]}},"_links":{"self":[{"href":"https:\/\/www.asajacyl.com\/soria\/wp-json\/wp\/v2\/posts\/9359"}],"collection":[{"href":"https:\/\/www.asajacyl.com\/soria\/wp-json\/wp\/v2\/posts"}],"about":[{"href":"https:\/\/www.asajacyl.com\/soria\/wp-json\/wp\/v2\/types\/post"}],"author":[{"embeddable":true,"href":"https:\/\/www.asajacyl.com\/soria\/wp-json\/wp\/v2\/users\/12"}],"replies":[{"embeddable":true,"href":"https:\/\/www.asajacyl.com\/soria\/wp-json\/wp\/v2\/comments?post=9359"}],"version-history":[{"count":1,"href":"https:\/\/www.asajacyl.com\/soria\/wp-json\/wp\/v2\/posts\/9359\/revisions"}],"predecessor-version":[{"id":9360,"href":"https:\/\/www.asajacyl.com\/soria\/wp-json\/wp\/v2\/posts\/9359\/revisions\/9360"}],"wp:featuredmedia":[{"embeddable":true,"href":"https:\/\/www.asajacyl.com\/soria\/wp-json\/wp\/v2\/media\/7516"}],"wp:attachment":[{"href":"https:\/\/www.asajacyl.com\/soria\/wp-json\/wp\/v2\/media?parent=9359"}],"wp:term":[{"taxonomy":"category","embeddable":true,"href":"https:\/\/www.asajacyl.com\/soria\/wp-json\/wp\/v2\/categories?post=9359"},{"taxonomy":"post_tag","embeddable":true,"href":"https:\/\/www.asajacyl.com\/soria\/wp-json\/wp\/v2\/tags?post=9359"}],"curies":[{"name":"wp","href":"https:\/\/api.w.org\/{rel}","templated":true}]}}