{"id":9363,"date":"2025-09-26T14:47:29","date_gmt":"2025-09-26T12:47:29","guid":{"rendered":"https:\/\/www.asajacyl.com\/soria\/?p=9363"},"modified":"2025-10-07T11:44:22","modified_gmt":"2025-10-07T09:44:22","slug":"hasta-el-15-de-octubre-puedes-presentarte-al-premio-nacional-joven-agricultor-2025","status":"publish","type":"post","link":"https:\/\/www.asajacyl.com\/soria\/asaja-soria-informa\/hasta-el-15-de-octubre-puedes-presentarte-al-premio-nacional-joven-agricultor-2025","title":{"rendered":"Hasta el 15 de octubre puedes presentarte al Premio Nacional Joven Agricultor 2025"},"content":{"rendered":"\n\n\n<h2>Con el objetivo de promocionar y visibilizar el talento, la innovaci\u00f3n y el compromiso de los j\u00f3venes agricultores y ganaderos espa\u00f1oles, la organizaci\u00f3n agraria ASAJA convoca la XI Edici\u00f3n del Premio Nacional Joven Agricultor, en el marco de los Galardones Europeos a la Innovaci\u00f3n y la Sostenibilidad en el Sector Agrario, organizados por el Parlamento Europeo.<\/h2>\n<p><a class=\"td-modal-image\" href=\"https:\/\/www.asajacyl.com\/wp-content\/uploads\/2025\/09\/premios-asaja-joven.jpg\"><img loading=\"lazy\" decoding=\"async\" class=\"alignnone size-full wp-image-25999 td-animation-stack-type0-2\" src=\"https:\/\/www.asajacyl.com\/wp-content\/uploads\/2025\/09\/premios-asaja-joven.jpg\" alt=\"\" width=\"1587\" height=\"666\" \/><\/a>Los ganadores representar\u00e1n el presente y el futuro del campo espa\u00f1ol en el XI Congreso Europeo de J\u00f3venes Agricultores, que se celebrar\u00e1 el 19 de noviembre de 2025 en Bruselas, en la sede del Parlamento Europeo.<\/p>\n<p>La edici\u00f3n de 2025 cuenta\u00a0 con la colaboraci\u00f3n institucional de la eurodiputada Carmen Crespo, embajadora de la iniciativa. Para cualquier duda o consulta sobre c\u00f3mo participar en el premio, los interesados pueden dirigirse a las oficinas de ASAJA.<\/p>\n<h2><strong>BASES DE PARTICIPACI\u00d3N<\/strong><\/h2>\n<h4>Requisitos de participaci\u00f3n<\/h4>\n<p>Podr\u00e1n presentarse todos los\u00a0<strong>j\u00f3venes agricultores\/as y ganaderos\/as menores de 40 a\u00f1os<\/strong>\u00a0con nacionalidad espa\u00f1ola y\/o cuya\u00a0<strong>explotaci\u00f3n est\u00e9 ubicada en territorio nacional<\/strong>.<\/p>\n<h4>Documentaci\u00f3n a presentar<\/h4>\n<p>\u00a0Cada candidato deber\u00e1 enviar:<\/p>\n<ol>\n<li>Una\u00a0<strong>descripci\u00f3n del proyecto innovador<\/strong>\u00a0(m\u00e1x. 2 folios, en castellano).<\/li>\n<li>Material audiovisual complementario.<\/li>\n<li>El\u00a0<strong>formulario de inscripci\u00f3n<\/strong>\u00a0debidamente cumplimentado.<\/li>\n<\/ol>\n<p>\u00a0En caso de ser seleccionado para representar a Espa\u00f1a en Europa, el\/la \u00a0\u00a0candidato\/a deber\u00e1 presentar:<\/p>\n<ol>\n<li>Un\u00a0<strong>resumen del proyecto en ingl\u00e9s<\/strong>\u00a0(m\u00e1x. 2 folios).<\/li>\n<li>Un\u00a0<strong>v\u00eddeo de presentaci\u00f3n en ingl\u00e9s o subtitulado en ingl\u00e9s<\/strong>.<\/li>\n<\/ol>\n<h4>Formato y env\u00edo de candidaturas<\/h4>\n<p>\u00a0La documentaci\u00f3n completa deber\u00e1 enviarse:<\/p>\n<ol>\n<li>Por correo electr\u00f3nico a:\u00a0<a href=\"mailto:info@asaja.com\"><strong>info@asaja.com<\/strong><\/a><\/li>\n<li>O por correo postal a:<br \/><strong>ASAJA Nacional \u2013 C\/ Agust\u00edn de Bethancourt, 17 \u2013 28003 Madrid<\/strong><\/li>\n<\/ol>\n<h4>Fecha l\u00edmite<\/h4>\n<p>\u00a0El plazo de presentaci\u00f3n finaliza el\u00a0<strong>15 de octubre de 2025<\/strong>\u00a0(incluido). ASAJA se reserva el derecho de ampliar el plazo si lo considera oportuno.<\/p>\n<h4>Categor\u00edas y premios<\/h4>\n<p>El jurado nacional seleccionar\u00e1\u00a0<strong>tres proyectos ganadores<\/strong>, que recibir\u00e1n cada uno un\u00a0<strong>cheque de 500 euros<\/strong>\u00a0y ser\u00e1n reconocidos en las siguientes categor\u00edas:<\/p>\n<ol>\n<li>\ud83e\uddeaMejor proyecto digital<\/li>\n<li>\ud83c\udf31 Mejor proyecto de eficiencia energ\u00e9tica<\/li>\n<li>\ud83c\udfe1 Mejor proyecto de compromiso social<\/li>\n<li>Premio Mejor Joven Agricultor del A\u00f1o<\/li>\n<\/ol>\n<p>De entre ellos se elegir\u00e1 al ganador absoluto:<\/p>\n<p>\ud83c\udfc5\u00a0<strong>Premio Nacional Joven Agricultor 2025<\/strong>, que recibir\u00e1 un\u00a0<strong>cheque adicional de 500 euros<\/strong>\u00a0y ser\u00e1 el\u00a0<strong>representante oficial de Espa\u00f1a en el certamen europeo<\/strong>\u00a0de Bruselas que se celebra el 19 de noviembre de 2025.<\/p>\n<h4>Entrega de premios<\/h4>\n<p><strong>\u00a0<\/strong>Los galardones se entregar\u00e1n en un acto p\u00fablico organizado por ASAJA que tendr\u00e1 lugar en\u00a0<strong>Madrid en la \u00faltima quincena de octubre o la primera de noviembre, siempre antes del 19 de noviembre, fecha en la que se celebrar\u00e1 el Premio Europeo Joven Agricultor.<\/strong><\/p>\n<h4>Criterios de valoraci\u00f3n<\/h4>\n<p>\u00a0Los proyectos ser\u00e1n evaluados por un\u00a0<strong>jurado independiente<\/strong>\u00a0seg\u00fan los siguientes criterios:<\/p>\n<p>\ud83e\uddea\u00a0<strong>Mejor proyecto digital<\/strong><\/p>\n<p>Se valorar\u00e1 la incorporaci\u00f3n de tecnolog\u00edas que mejoren el trabajo diario en el campo: uso de sensores, gesti\u00f3n de datos, automatizaci\u00f3n, apps agr\u00edcolas o cualquier herramienta que aporte eficiencia y control a la explotaci\u00f3n.<\/p>\n<p>\ud83c\udf31\u00a0<strong>Mejor proyecto de eficiencia energ\u00e9tica<\/strong><\/p>\n<p>\u00a0Se premiar\u00e1n las iniciativas que reduzcan el consumo de energ\u00eda o apuesten por fuentes renovables (placas solares, biomasa, etc.), mejorando la sostenibilidad y reduciendo costes en la explotaci\u00f3n.<\/p>\n<p>\ud83c\udfe1\u00a0<strong>Mejor proyecto de compromiso social<\/strong><\/p>\n<p>\u00a0Se reconocer\u00e1n proyectos con impacto positivo en su entorno rural: integraci\u00f3n de j\u00f3venes, generaci\u00f3n de empleo, servicios al pueblo, recuperaci\u00f3n de cultivos tradicionales o acciones que fortalezcan la comunidad.<\/p>\n<p>\ud83c\udfc5\u00a0<strong>Premio Mejor Joven Agricultor del A\u00f1o<\/strong><\/p>\n<p>\u00a0El jurado elegir\u00e1 entre los tres ganadores al representante de Espa\u00f1a en el certamen europeo. Se tendr\u00e1 en cuenta el car\u00e1cter innovador, la viabilidad del proyecto, su impacto real y el compromiso del joven con el futuro del campo.<\/p>\n<h4>Finalistas al Congreso Europeo<\/h4>\n<p>Adem\u00e1s de los tres ganadores, el jurado podr\u00e1 seleccionar hasta\u00a0<strong>siete finalistas<\/strong>\u00a0adicionales para asistir al\u00a0<strong>XI Congreso Europeo de J\u00f3venes Agricultores<\/strong>\u00a0en Bruselas el 19 de noviembre.<\/p>\n<h4>Premio europeo y representaci\u00f3n<\/h4>\n<p>El ganador del\u00a0<strong>Premio Nacional Joven Agricultor 2025<\/strong>\u00a0representar\u00e1 a Espa\u00f1a en Bruselas ante eurodiputados, instituciones europeas y j\u00f3venes agricultores de los 27 Estados miembro. El viaje, el alojamiento y la acreditaci\u00f3n estar\u00e1n cubiertos por la organizaci\u00f3n.<\/p>\n<h4>Derechos y difusi\u00f3n<\/h4>\n<p>ASAJA y los patrocinadores podr\u00e1n utilizar el material audiovisual e im\u00e1genes de los proyectos ganadores para su promoci\u00f3n p\u00fablica, sin compensaci\u00f3n econ\u00f3mica adicional, siempre respetando los derechos de autor y el reconocimiento al autor del proyecto.<\/p>\n<p>\u00a0<\/p>\n<h4>Consultas y contacto<\/h4>\n<p>\u00a0Todas las consultas deben dirigirse a:<\/p>\n<p>\u00a0\ud83d\udce7\u00a0<a href=\"mailto:info@asaja.com\"><strong>info@asaja.com<\/strong><\/a><\/p>\n<p>\ud83d\udcde\u00a0<strong>915 336 764<\/strong><\/p>\n","protected":false},"excerpt":{"rendered":"<p>Con el objetivo de promocionar y visibilizar el talento, la innovaci\u00f3n y el compromiso de los j\u00f3venes agricultores y ganaderos espa\u00f1oles, la organizaci\u00f3n agraria ASAJA convoca la XI Edici\u00f3n del Premio Nacional Joven Agricultor, en el marco de los Galardones Europeos a la Innovaci\u00f3n y la Sostenibilidad en el Sector Agrario, organizados por el Parlamento [&hellip;]<\/p>\n","protected":false},"author":12,"featured_media":9364,"comment_status":"open","ping_status":"open","sticky":false,"template":"","format":"standard","meta":{"footnotes":""},"categories":[10,25],"tags":[],"yoast_head":"<!-- This site is optimized with the Yoast SEO plugin v24.5 - https:\/\/yoast.com\/wordpress\/plugins\/seo\/ -->\n<title>Hasta el 15 de octubre puedes presentarte al Premio Nacional Joven Agricultor 2025 - ASAJA Soria<\/title>\n<meta name=\"description\" content=\"Con el objetivo de promocionar y visibilizar el talento, la innovaci\u00f3n y el compromiso de los j\u00f3venes agricultores y ganaderos espa\u00f1oles, la organizaci\u00f3n\" \/>\n<meta name=\"robots\" content=\"index, follow, max-snippet:-1, max-image-preview:large, max-video-preview:-1\" \/>\n<link rel=\"canonical\" href=\"https:\/\/www.asajacyl.com\/soria\/asaja-soria-informa\/hasta-el-15-de-octubre-puedes-presentarte-al-premio-nacional-joven-agricultor-2025\" \/>\n<meta property=\"og:locale\" content=\"es_ES\" \/>\n<meta property=\"og:type\" content=\"article\" \/>\n<meta property=\"og:title\" content=\"Hasta el 15 de octubre puedes presentarte al Premio Nacional Joven Agricultor 2025 - ASAJA Soria\" \/>\n<meta property=\"og:description\" content=\"Con el objetivo de promocionar y visibilizar el talento, la innovaci\u00f3n y el compromiso de los j\u00f3venes agricultores y ganaderos espa\u00f1oles, la organizaci\u00f3n\" \/>\n<meta property=\"og:url\" content=\"https:\/\/www.asajacyl.com\/soria\/asaja-soria-informa\/hasta-el-15-de-octubre-puedes-presentarte-al-premio-nacional-joven-agricultor-2025\" \/>\n<meta property=\"og:site_name\" content=\"ASAJA Soria\" \/>\n<meta property=\"article:published_time\" content=\"2025-09-26T12:47:29+00:00\" \/>\n<meta property=\"article:modified_time\" content=\"2025-10-07T09:44:22+00:00\" \/>\n<meta property=\"og:image\" content=\"https:\/\/www.asajacyl.com\/soria\/wp-content\/uploads\/sites\/9\/2025\/09\/premios-asaja-joven.jpg\" \/>\n\t<meta property=\"og:image:width\" content=\"1587\" \/>\n\t<meta property=\"og:image:height\" content=\"666\" \/>\n\t<meta property=\"og:image:type\" content=\"image\/jpeg\" \/>\n<meta name=\"author\" content=\"Juan Ignacio Prieto Nieto\" \/>\n<meta name=\"twitter:card\" content=\"summary_large_image\" \/>\n<meta name=\"twitter:label1\" content=\"Escrito por\" \/>\n\t<meta name=\"twitter:data1\" content=\"Juan Ignacio Prieto Nieto\" \/>\n\t<meta name=\"twitter:label2\" content=\"Tiempo de lectura\" \/>\n\t<meta name=\"twitter:data2\" content=\"4 minutos\" \/>\n<script type=\"application\/ld+json\" class=\"yoast-schema-graph\">{\"@context\":\"https:\/\/schema.org\",\"@graph\":[{\"@type\":\"WebPage\",\"@id\":\"https:\/\/www.asajacyl.com\/soria\/asaja-soria-informa\/hasta-el-15-de-octubre-puedes-presentarte-al-premio-nacional-joven-agricultor-2025\",\"url\":\"https:\/\/www.asajacyl.com\/soria\/asaja-soria-informa\/hasta-el-15-de-octubre-puedes-presentarte-al-premio-nacional-joven-agricultor-2025\",\"name\":\"Hasta el 15 de octubre puedes presentarte al Premio Nacional Joven Agricultor 2025 - ASAJA Soria\",\"isPartOf\":{\"@id\":\"https:\/\/www.asajacyl.com\/soria\/#website\"},\"primaryImageOfPage\":{\"@id\":\"https:\/\/www.asajacyl.com\/soria\/asaja-soria-informa\/hasta-el-15-de-octubre-puedes-presentarte-al-premio-nacional-joven-agricultor-2025#primaryimage\"},\"image\":{\"@id\":\"https:\/\/www.asajacyl.com\/soria\/asaja-soria-informa\/hasta-el-15-de-octubre-puedes-presentarte-al-premio-nacional-joven-agricultor-2025#primaryimage\"},\"thumbnailUrl\":\"https:\/\/www.asajacyl.com\/soria\/wp-content\/uploads\/sites\/9\/2025\/09\/premios-asaja-joven.jpg\",\"datePublished\":\"2025-09-26T12:47:29+00:00\",\"dateModified\":\"2025-10-07T09:44:22+00:00\",\"author\":{\"@id\":\"https:\/\/www.asajacyl.com\/soria\/#\/schema\/person\/fd3081c40255119ce8133b87e6aedfab\"},\"description\":\"Con el objetivo de promocionar y visibilizar el talento, la innovaci\u00f3n y el compromiso de los j\u00f3venes agricultores y ganaderos espa\u00f1oles, la organizaci\u00f3n\",\"breadcrumb\":{\"@id\":\"https:\/\/www.asajacyl.com\/soria\/asaja-soria-informa\/hasta-el-15-de-octubre-puedes-presentarte-al-premio-nacional-joven-agricultor-2025#breadcrumb\"},\"inLanguage\":\"es\",\"potentialAction\":[{\"@type\":\"ReadAction\",\"target\":[\"https:\/\/www.asajacyl.com\/soria\/asaja-soria-informa\/hasta-el-15-de-octubre-puedes-presentarte-al-premio-nacional-joven-agricultor-2025\"]}]},{\"@type\":\"ImageObject\",\"inLanguage\":\"es\",\"@id\":\"https:\/\/www.asajacyl.com\/soria\/asaja-soria-informa\/hasta-el-15-de-octubre-puedes-presentarte-al-premio-nacional-joven-agricultor-2025#primaryimage\",\"url\":\"https:\/\/www.asajacyl.com\/soria\/wp-content\/uploads\/sites\/9\/2025\/09\/premios-asaja-joven.jpg\",\"contentUrl\":\"https:\/\/www.asajacyl.com\/soria\/wp-content\/uploads\/sites\/9\/2025\/09\/premios-asaja-joven.jpg\",\"width\":1587,\"height\":666},{\"@type\":\"BreadcrumbList\",\"@id\":\"https:\/\/www.asajacyl.com\/soria\/asaja-soria-informa\/hasta-el-15-de-octubre-puedes-presentarte-al-premio-nacional-joven-agricultor-2025#breadcrumb\",\"itemListElement\":[{\"@type\":\"ListItem\",\"position\":1,\"name\":\"Portada\",\"item\":\"https:\/\/www.asajacyl.com\/soria\/\"},{\"@type\":\"ListItem\",\"position\":2,\"name\":\"Hasta el 15 de octubre puedes presentarte al Premio Nacional Joven Agricultor 2025\"}]},{\"@type\":\"WebSite\",\"@id\":\"https:\/\/www.asajacyl.com\/soria\/#website\",\"url\":\"https:\/\/www.asajacyl.com\/soria\/\",\"name\":\"ASAJA Soria\",\"description\":\"Otro sitio m\u00e1s de Provincias ASAJA Castilla y Le\u00f3n\",\"potentialAction\":[{\"@type\":\"SearchAction\",\"target\":{\"@type\":\"EntryPoint\",\"urlTemplate\":\"https:\/\/www.asajacyl.com\/soria\/?s={search_term_string}\"},\"query-input\":{\"@type\":\"PropertyValueSpecification\",\"valueRequired\":true,\"valueName\":\"search_term_string\"}}],\"inLanguage\":\"es\"},{\"@type\":\"Person\",\"@id\":\"https:\/\/www.asajacyl.com\/soria\/#\/schema\/person\/fd3081c40255119ce8133b87e6aedfab\",\"name\":\"Juan Ignacio Prieto Nieto\",\"image\":{\"@type\":\"ImageObject\",\"inLanguage\":\"es\",\"@id\":\"https:\/\/www.asajacyl.com\/soria\/#\/schema\/person\/image\/\",\"url\":\"https:\/\/secure.gravatar.com\/avatar\/8266b36e4d9001acb4700699a2468dc8?s=96&d=mm&r=g\",\"contentUrl\":\"https:\/\/secure.gravatar.com\/avatar\/8266b36e4d9001acb4700699a2468dc8?s=96&d=mm&r=g\",\"caption\":\"Juan Ignacio Prieto Nieto\"},\"url\":\"https:\/\/www.asajacyl.com\/soria\/author\/juanfranciscoby\"}]}<\/script>\n<!-- \/ Yoast SEO plugin. -->","yoast_head_json":{"title":"Hasta el 15 de octubre puedes presentarte al Premio Nacional Joven Agricultor 2025 - ASAJA Soria","description":"Con el objetivo de promocionar y visibilizar el talento, la innovaci\u00f3n y el compromiso de los j\u00f3venes agricultores y ganaderos espa\u00f1oles, la organizaci\u00f3n","robots":{"index":"index","follow":"follow","max-snippet":"max-snippet:-1","max-image-preview":"max-image-preview:large","max-video-preview":"max-video-preview:-1"},"canonical":"https:\/\/www.asajacyl.com\/soria\/asaja-soria-informa\/hasta-el-15-de-octubre-puedes-presentarte-al-premio-nacional-joven-agricultor-2025","og_locale":"es_ES","og_type":"article","og_title":"Hasta el 15 de octubre puedes presentarte al Premio Nacional Joven Agricultor 2025 - ASAJA Soria","og_description":"Con el objetivo de promocionar y visibilizar el talento, la innovaci\u00f3n y el compromiso de los j\u00f3venes agricultores y ganaderos espa\u00f1oles, la organizaci\u00f3n","og_url":"https:\/\/www.asajacyl.com\/soria\/asaja-soria-informa\/hasta-el-15-de-octubre-puedes-presentarte-al-premio-nacional-joven-agricultor-2025","og_site_name":"ASAJA Soria","article_published_time":"2025-09-26T12:47:29+00:00","article_modified_time":"2025-10-07T09:44:22+00:00","og_image":[{"width":1587,"height":666,"url":"https:\/\/www.asajacyl.com\/soria\/wp-content\/uploads\/sites\/9\/2025\/09\/premios-asaja-joven.jpg","type":"image\/jpeg"}],"author":"Juan Ignacio Prieto Nieto","twitter_card":"summary_large_image","twitter_misc":{"Escrito por":"Juan Ignacio Prieto Nieto","Tiempo de lectura":"4 minutos"},"schema":{"@context":"https:\/\/schema.org","@graph":[{"@type":"WebPage","@id":"https:\/\/www.asajacyl.com\/soria\/asaja-soria-informa\/hasta-el-15-de-octubre-puedes-presentarte-al-premio-nacional-joven-agricultor-2025","url":"https:\/\/www.asajacyl.com\/soria\/asaja-soria-informa\/hasta-el-15-de-octubre-puedes-presentarte-al-premio-nacional-joven-agricultor-2025","name":"Hasta el 15 de octubre puedes presentarte al Premio Nacional Joven Agricultor 2025 - ASAJA Soria","isPartOf":{"@id":"https:\/\/www.asajacyl.com\/soria\/#website"},"primaryImageOfPage":{"@id":"https:\/\/www.asajacyl.com\/soria\/asaja-soria-informa\/hasta-el-15-de-octubre-puedes-presentarte-al-premio-nacional-joven-agricultor-2025#primaryimage"},"image":{"@id":"https:\/\/www.asajacyl.com\/soria\/asaja-soria-informa\/hasta-el-15-de-octubre-puedes-presentarte-al-premio-nacional-joven-agricultor-2025#primaryimage"},"thumbnailUrl":"https:\/\/www.asajacyl.com\/soria\/wp-content\/uploads\/sites\/9\/2025\/09\/premios-asaja-joven.jpg","datePublished":"2025-09-26T12:47:29+00:00","dateModified":"2025-10-07T09:44:22+00:00","author":{"@id":"https:\/\/www.asajacyl.com\/soria\/#\/schema\/person\/fd3081c40255119ce8133b87e6aedfab"},"description":"Con el objetivo de promocionar y visibilizar el talento, la innovaci\u00f3n y el compromiso de los j\u00f3venes agricultores y ganaderos espa\u00f1oles, la organizaci\u00f3n","breadcrumb":{"@id":"https:\/\/www.asajacyl.com\/soria\/asaja-soria-informa\/hasta-el-15-de-octubre-puedes-presentarte-al-premio-nacional-joven-agricultor-2025#breadcrumb"},"inLanguage":"es","potentialAction":[{"@type":"ReadAction","target":["https:\/\/www.asajacyl.com\/soria\/asaja-soria-informa\/hasta-el-15-de-octubre-puedes-presentarte-al-premio-nacional-joven-agricultor-2025"]}]},{"@type":"ImageObject","inLanguage":"es","@id":"https:\/\/www.asajacyl.com\/soria\/asaja-soria-informa\/hasta-el-15-de-octubre-puedes-presentarte-al-premio-nacional-joven-agricultor-2025#primaryimage","url":"https:\/\/www.asajacyl.com\/soria\/wp-content\/uploads\/sites\/9\/2025\/09\/premios-asaja-joven.jpg","contentUrl":"https:\/\/www.asajacyl.com\/soria\/wp-content\/uploads\/sites\/9\/2025\/09\/premios-asaja-joven.jpg","width":1587,"height":666},{"@type":"BreadcrumbList","@id":"https:\/\/www.asajacyl.com\/soria\/asaja-soria-informa\/hasta-el-15-de-octubre-puedes-presentarte-al-premio-nacional-joven-agricultor-2025#breadcrumb","itemListElement":[{"@type":"ListItem","position":1,"name":"Portada","item":"https:\/\/www.asajacyl.com\/soria\/"},{"@type":"ListItem","position":2,"name":"Hasta el 15 de octubre puedes presentarte al Premio Nacional Joven Agricultor 2025"}]},{"@type":"WebSite","@id":"https:\/\/www.asajacyl.com\/soria\/#website","url":"https:\/\/www.asajacyl.com\/soria\/","name":"ASAJA Soria","description":"Otro sitio m\u00e1s de Provincias ASAJA Castilla y Le\u00f3n","potentialAction":[{"@type":"SearchAction","target":{"@type":"EntryPoint","urlTemplate":"https:\/\/www.asajacyl.com\/soria\/?s={search_term_string}"},"query-input":{"@type":"PropertyValueSpecification","valueRequired":true,"valueName":"search_term_string"}}],"inLanguage":"es"},{"@type":"Person","@id":"https:\/\/www.asajacyl.com\/soria\/#\/schema\/person\/fd3081c40255119ce8133b87e6aedfab","name":"Juan Ignacio Prieto Nieto","image":{"@type":"ImageObject","inLanguage":"es","@id":"https:\/\/www.asajacyl.com\/soria\/#\/schema\/person\/image\/","url":"https:\/\/secure.gravatar.com\/avatar\/8266b36e4d9001acb4700699a2468dc8?s=96&d=mm&r=g","contentUrl":"https:\/\/secure.gravatar.com\/avatar\/8266b36e4d9001acb4700699a2468dc8?s=96&d=mm&r=g","caption":"Juan Ignacio Prieto Nieto"},"url":"https:\/\/www.asajacyl.com\/soria\/author\/juanfranciscoby"}]}},"_links":{"self":[{"href":"https:\/\/www.asajacyl.com\/soria\/wp-json\/wp\/v2\/posts\/9363"}],"collection":[{"href":"https:\/\/www.asajacyl.com\/soria\/wp-json\/wp\/v2\/posts"}],"about":[{"href":"https:\/\/www.asajacyl.com\/soria\/wp-json\/wp\/v2\/types\/post"}],"author":[{"embeddable":true,"href":"https:\/\/www.asajacyl.com\/soria\/wp-json\/wp\/v2\/users\/12"}],"replies":[{"embeddable":true,"href":"https:\/\/www.asajacyl.com\/soria\/wp-json\/wp\/v2\/comments?post=9363"}],"version-history":[{"count":1,"href":"https:\/\/www.asajacyl.com\/soria\/wp-json\/wp\/v2\/posts\/9363\/revisions"}],"predecessor-version":[{"id":9365,"href":"https:\/\/www.asajacyl.com\/soria\/wp-json\/wp\/v2\/posts\/9363\/revisions\/9365"}],"wp:featuredmedia":[{"embeddable":true,"href":"https:\/\/www.asajacyl.com\/soria\/wp-json\/wp\/v2\/media\/9364"}],"wp:attachment":[{"href":"https:\/\/www.asajacyl.com\/soria\/wp-json\/wp\/v2\/media?parent=9363"}],"wp:term":[{"taxonomy":"category","embeddable":true,"href":"https:\/\/www.asajacyl.com\/soria\/wp-json\/wp\/v2\/categories?post=9363"},{"taxonomy":"post_tag","embeddable":true,"href":"https:\/\/www.asajacyl.com\/soria\/wp-json\/wp\/v2\/tags?post=9363"}],"curies":[{"name":"wp","href":"https:\/\/api.w.org\/{rel}","templated":true}]}}