{"id":9371,"date":"2025-10-06T10:06:12","date_gmt":"2025-10-06T08:06:12","guid":{"rendered":"https:\/\/www.asajacyl.com\/soria\/?p=9371"},"modified":"2025-10-07T11:43:53","modified_gmt":"2025-10-07T09:43:53","slug":"xi-congreso-de-asaja-castilla-y-leon","status":"publish","type":"post","link":"https:\/\/www.asajacyl.com\/soria\/asaja-soria-informa\/xi-congreso-de-asaja-castilla-y-leon","title":{"rendered":"XI CONGRESO DE ASAJA CASTILLA Y LE\u00d3N"},"content":{"rendered":"\n\n\n<p>La candidatura de Donaciano Dujo, presidente, y Jos\u00e9 Antonio Turrado, secretario general, result\u00f3 reelegida por aclamaci\u00f3n por los cerca de 200 compromisarios de las nueve organizaciones provinciales de la Comunidad Aut\u00f3noma, reunidos el viernes 26 de septiembre en \u00c1vila, en el XI Congreso de ASAJA de Castilla y Le\u00f3n. El acto ha sido clausurado por la consejera de Agricultura, Ganader\u00eda y Desarrollo Rural, Mar\u00eda Gonz\u00e1lez Corral, y por el presidente nacional de la organizaci\u00f3n, Pedro Barato.<\/p>\n<p><img loading=\"lazy\" decoding=\"async\" class=\"aligncenter size-full wp-image-9372\" src=\"https:\/\/www.asajacyl.com\/soria\/wp-content\/uploads\/sites\/9\/2025\/10\/20250926_130458_resized.jpg\" alt=\"\" width=\"2079\" height=\"1147\" srcset=\"https:\/\/www.asajacyl.com\/soria\/wp-content\/uploads\/sites\/9\/2025\/10\/20250926_130458_resized.jpg 2079w, https:\/\/www.asajacyl.com\/soria\/wp-content\/uploads\/sites\/9\/2025\/10\/20250926_130458_resized-300x166.jpg 300w, https:\/\/www.asajacyl.com\/soria\/wp-content\/uploads\/sites\/9\/2025\/10\/20250926_130458_resized-1024x565.jpg 1024w, https:\/\/www.asajacyl.com\/soria\/wp-content\/uploads\/sites\/9\/2025\/10\/20250926_130458_resized-768x424.jpg 768w, https:\/\/www.asajacyl.com\/soria\/wp-content\/uploads\/sites\/9\/2025\/10\/20250926_130458_resized-1536x847.jpg 1536w, https:\/\/www.asajacyl.com\/soria\/wp-content\/uploads\/sites\/9\/2025\/10\/20250926_130458_resized-2048x1130.jpg 2048w, https:\/\/www.asajacyl.com\/soria\/wp-content\/uploads\/sites\/9\/2025\/10\/20250926_130458_resized-761x420.jpg 761w, https:\/\/www.asajacyl.com\/soria\/wp-content\/uploads\/sites\/9\/2025\/10\/20250926_130458_resized-696x385.jpg 696w, https:\/\/www.asajacyl.com\/soria\/wp-content\/uploads\/sites\/9\/2025\/10\/20250926_130458_resized-1068x589.jpg 1068w, https:\/\/www.asajacyl.com\/soria\/wp-content\/uploads\/sites\/9\/2025\/10\/20250926_130458_resized-1920x1059.jpg 1920w\" sizes=\"(max-width: 2079px) 100vw, 2079px\" \/><\/p>\n<p>El lema elegido para el Congreso, \u201cM\u00e1s unidos. M\u00e1s \u00fatiles\u201d, resume dos objetivos principales de la organizaci\u00f3n profesional agraria: primero, trabajar por la unidad del campo para ser fuertes y defender al sector en un momento extraordinariamente complejo, con una nueva PAC en debate y un tenso panorama geopol\u00edtico, y segundo enfocar toda su estrategia sindical y de servicios a ser \u00fatil a las necesidades de los socios, los agricultores y ganaderos.<\/p>\n<p>Tras la reelecci\u00f3n, Donaciano Dujo dio las gracias a los 18.000 socios de la organizaci\u00f3n y especialmente a los compromisarios que hoy le han dado su apoyo, as\u00ed como a los equipos de trabajadores y sindicales de cada una de las provincias por su labor y compromiso diario con ASAJA. \u201cEstoy orgulloso de mi profesi\u00f3n, de ser agricultor, y m\u00e1s a\u00fan de ser presidente de la mejor organizaci\u00f3n profesional agraria\u201d, apunt\u00f3. Dujo remarc\u00f3 su compromiso \u201cde trabajar con seriedad, firmeza y coherencia por los agricultores y ganaderos, siempre desde la independencia. Tendremos relaciones con las instituciones porque el di\u00e1logo es necesario para llegar a acuerdos beneficiosos para el sector, pero nunca hemos estado ni estaremos sometidos por nadie\u201d.<\/p>\n<p>En su intervenci\u00f3n, Donaciano Dujo repas\u00f3 los avances logrados por la OPA en estos a\u00f1os, \u201cmejoras que han beneficiado a todos los agricultores y ganaderos, sean o no de nuestra organizaci\u00f3n\u201d y subray\u00f3 la constante presi\u00f3n ejercida en la calle, con un intenso calendario de movilizaciones: \u201cconseguiremos m\u00e1s o menos, pero lo peleamos siempre, ASAJA responde cuando las cosas est\u00e1n mal, en los despachos y en la calle\u201d.<\/p>\n<p>En estos momentos las sombras que se proyectan en el sector llegan de lejos, \u201cde una nueva PAC que se anuncia y, como cada reforma, trae menos dinero y m\u00e1s trabas, de acuerdos de comercio internacional que permiten la entrada de productos que hunden nuestros precios\u201d. Se\u00f1al\u00f3 tambi\u00e9n como preocupante la situaci\u00f3n de n\u00fameros rojos en la que est\u00e1 inmerso el sector cerealista, \u201ccon unos precios bajos y a la vez con fertilizantes muy caros. Es un frente que tenemos abierto y por el que seguiremos luchando, porque es vital para nuestra Comunidad Aut\u00f3noma\u201d.<\/p>\n<p>Por su parte, el tambi\u00e9n reelegido como secretario regional, Jos\u00e9 Antonio Turrado, record\u00f3 que el anterior congreso celebrado en \u00c1vila, en 1991, fue el congreso de la unidad de ASAJA, justo tras la fusi\u00f3n de las tres organizaciones primigenias (UFADE, J\u00f3venes Agricultores y CNAG). \u201cMientras otros han dividido sus organizaciones, y algunos hasta quieren hacer todav\u00eda m\u00e1s, ASAJA siempre ha trabajado por la unidad del sector. Mantenernos unidos es nuestro gran logro, porque el campo necesita organizaciones fuertes que le defiendan\u201d. Turrado repas\u00f3 ayudas importantes conseguidas en este periodo tanto para sectores ganaderos como agr\u00edcolas, apoyos y cambios normativos en los que la presi\u00f3n de ASAJA ha sido determinante, Y las \u00faltimas son las que ahora est\u00e1n en marcha para los afectados por los grandes incendios, 5500 euros para todos los profesionales aportados por la Junta de Castilla y Le\u00f3n, y otro montante similar que destinar\u00e1 el Ministerio. \u201cY nuestro trabajo no se acaba nunca, porque todos los d\u00edas hay que seguir peleando con ilusi\u00f3n, que no es f\u00e1cil\u201d, puntualiz\u00f3.<\/p>\n<p>El discurso final corri\u00f3 a cargo del presidente nacional de ASAJA, Pedro Barato, quien felicit\u00f3 a la candidatura elegida y se\u00f1al\u00f3 que la voz de Donaciano Dujo y de Castilla y Le\u00f3n es esencial en ASAJA nacional, En su intervenci\u00f3n, Barato se\u00f1al\u00f3 que \u201choy los problemas del sector no vienen de Valladolid, sino que se llaman Mercosur, aranceles o acuerdos con pa\u00edses de los que apenas nos enteramos pero que tienen consecuencias en lo que entra en nuestro mercado, y eso impacta en nuestra rentabilidad\u201d. Barato se\u00f1al\u00f3 que la PAC que se anuncia \u201ces un desastre y tiene que volver a corrales para ser modificada de arriba abajo\u201d, y anunci\u00f3 pr\u00f3ximas movilizaciones en la capital comunitaria, Bruselas, en las que ASAJA estar\u00e1 junto a otras organizaciones agrarias francesas, italianas y portuguesas.<\/p>\n<p><strong>Intervenciones<\/strong><\/p>\n<p>En la clausura del Congreso Regional intervino la consejera de Agricultura, Ganader\u00eda y Desarrollo Rural, quien defendi\u00f3 \u201cun presupuesto fuerte e independiente para que la PAC siga siendo uno de los pilares de Europa\u201d, mientras que la apertura de la jornada fue el consejero de Medio Ambiente, Vivienda y Ordenaci\u00f3n del Territorio, Juan Carlos Su\u00e1rez-Qui\u00f1ones. Adem\u00e1s, hay que destacar entre las autoridades invitadas la presencia del presidente del Consejo Econ\u00f3mico y Social de Castilla y Le\u00f3n, Enrique Cabero, y tambi\u00e9n del alcalde del Ayuntamiento de \u00c1vila, Jes\u00fas Manuel S\u00e1nchez Cabrera.<\/p>\n<p>Las palabras de bienvenida en la inauguraci\u00f3n corrieron a cargo de Joaqu\u00edn Antonio Pino, el presidente de la organizaci\u00f3n anfitriona, ASAJA \u00c1vila, quien destac\u00f3 la gran implantaci\u00f3n de la OPA en la provincia, as\u00ed como el trabajo reivindicativo y t\u00e9cnico ofrecido, destacando especialmente su defensa del sector ganadero frente a los ataques del lobo, en la provincia de la regi\u00f3n que sufre m\u00e1s ataques.<\/p>\n<p>El congreso incluy\u00f3 dos ponencias, una sobre <em>Marco Financiero Plurianual y futura PAC 2028-2034<\/em>, a cargo del director de la Oficina de ASAJA ante la UE, Jos\u00e9 Mar\u00eda Castilla, y <em>Los mercados de cereales, opciones para el agricultor<\/em>, a cargo del director general de Cepetra Ib\u00e9rica, Daniel Mart\u00ednez Men\u00e9ndez.<\/p>\n<p>ASAJA de Castilla y Le\u00f3n es la organizaci\u00f3n de referencia en la regi\u00f3n destacando tanto en n\u00famero de asociados como por los resultados obtenidos en las elecciones Agrarias, siendo la nuestra una de las pocas comunidades aut\u00f3nomas del pa\u00eds que ha venido peri\u00f3dicamente celebrando votaciones para que la representatividad sea transparente. La organizaci\u00f3n ha canalizado todas las reivindicaciones del sector en los \u00faltimos a\u00f1os en una l\u00ednea marcada por la profesionalidad y la independencia. Desde las diferentes organizaciones provinciales, los servicios t\u00e9cnicos de ASAJA han respondido a la cada vez mayor demanda de servicios por parte de los socios, en aspectos como la formaci\u00f3n, informaci\u00f3n, tramitaci\u00f3n de ayudas, asesoramiento fiscal y laboral, seguros agrarios, etc\u00e9tera. Pero el mayor \u00e9xito de la organizaci\u00f3n y de sus dirigentes ha sido el de mantenerse unida y tener un mensaje claro y coherente con su base, los agricultores y ganaderos. \u201cEn cualquier circunstancia, cuando todo cambia, ASAJA permanece y responde\u201d, subraya Donaciano Dujo.<\/p>\n<p>\u00a0<\/p>\n<p>\u00a0<\/p>\n<p>\u00a0<\/p>\n<p>\u00a0<\/p>\n<p>\u00a0<\/p>\n<p>\u00a0<\/p>\n<p>\u00a0<\/p>\n","protected":false},"excerpt":{"rendered":"<p>La candidatura de Donaciano Dujo, presidente, y Jos\u00e9 Antonio Turrado, secretario general, result\u00f3 reelegida por aclamaci\u00f3n por los cerca de 200 compromisarios de las nueve organizaciones provinciales de la Comunidad Aut\u00f3noma, reunidos el viernes 26 de septiembre en \u00c1vila, en el XI Congreso de ASAJA de Castilla y Le\u00f3n. El acto ha sido clausurado por [&hellip;]<\/p>\n","protected":false},"author":12,"featured_media":9372,"comment_status":"open","ping_status":"open","sticky":false,"template":"","format":"standard","meta":{"footnotes":""},"categories":[10,25],"tags":[],"yoast_head":"<!-- This site is optimized with the Yoast SEO plugin v24.5 - https:\/\/yoast.com\/wordpress\/plugins\/seo\/ -->\n<title>XI CONGRESO DE ASAJA CASTILLA Y LE\u00d3N - ASAJA Soria<\/title>\n<meta name=\"description\" content=\"La candidatura de Donaciano Dujo, presidente, y Jos\u00e9 Antonio Turrado, secretario general, result\u00f3 reelegida por aclamaci\u00f3n por los cerca de 200\" \/>\n<meta name=\"robots\" content=\"index, follow, max-snippet:-1, max-image-preview:large, max-video-preview:-1\" \/>\n<link rel=\"canonical\" href=\"https:\/\/www.asajacyl.com\/soria\/asaja-soria-informa\/xi-congreso-de-asaja-castilla-y-leon\" \/>\n<meta property=\"og:locale\" content=\"es_ES\" \/>\n<meta property=\"og:type\" content=\"article\" \/>\n<meta property=\"og:title\" content=\"XI CONGRESO DE ASAJA CASTILLA Y LE\u00d3N - ASAJA Soria\" \/>\n<meta property=\"og:description\" content=\"La candidatura de Donaciano Dujo, presidente, y Jos\u00e9 Antonio Turrado, secretario general, result\u00f3 reelegida por aclamaci\u00f3n por los cerca de 200\" \/>\n<meta property=\"og:url\" content=\"https:\/\/www.asajacyl.com\/soria\/asaja-soria-informa\/xi-congreso-de-asaja-castilla-y-leon\" \/>\n<meta property=\"og:site_name\" content=\"ASAJA Soria\" \/>\n<meta property=\"article:published_time\" content=\"2025-10-06T08:06:12+00:00\" \/>\n<meta property=\"article:modified_time\" content=\"2025-10-07T09:43:53+00:00\" \/>\n<meta property=\"og:image\" content=\"https:\/\/www.asajacyl.com\/soria\/wp-content\/uploads\/sites\/9\/2025\/10\/20250926_130458_resized.jpg\" \/>\n\t<meta property=\"og:image:width\" content=\"2079\" \/>\n\t<meta property=\"og:image:height\" content=\"1147\" \/>\n\t<meta property=\"og:image:type\" content=\"image\/jpeg\" \/>\n<meta name=\"author\" content=\"Juan Ignacio Prieto Nieto\" \/>\n<meta name=\"twitter:card\" content=\"summary_large_image\" \/>\n<meta name=\"twitter:label1\" content=\"Escrito por\" \/>\n\t<meta name=\"twitter:data1\" content=\"Juan Ignacio Prieto Nieto\" \/>\n\t<meta name=\"twitter:label2\" content=\"Tiempo de lectura\" \/>\n\t<meta name=\"twitter:data2\" content=\"6 minutos\" \/>\n<script type=\"application\/ld+json\" class=\"yoast-schema-graph\">{\"@context\":\"https:\/\/schema.org\",\"@graph\":[{\"@type\":\"WebPage\",\"@id\":\"https:\/\/www.asajacyl.com\/soria\/asaja-soria-informa\/xi-congreso-de-asaja-castilla-y-leon\",\"url\":\"https:\/\/www.asajacyl.com\/soria\/asaja-soria-informa\/xi-congreso-de-asaja-castilla-y-leon\",\"name\":\"XI CONGRESO DE ASAJA CASTILLA Y LE\u00d3N - ASAJA Soria\",\"isPartOf\":{\"@id\":\"https:\/\/www.asajacyl.com\/soria\/#website\"},\"primaryImageOfPage\":{\"@id\":\"https:\/\/www.asajacyl.com\/soria\/asaja-soria-informa\/xi-congreso-de-asaja-castilla-y-leon#primaryimage\"},\"image\":{\"@id\":\"https:\/\/www.asajacyl.com\/soria\/asaja-soria-informa\/xi-congreso-de-asaja-castilla-y-leon#primaryimage\"},\"thumbnailUrl\":\"https:\/\/www.asajacyl.com\/soria\/wp-content\/uploads\/sites\/9\/2025\/10\/20250926_130458_resized.jpg\",\"datePublished\":\"2025-10-06T08:06:12+00:00\",\"dateModified\":\"2025-10-07T09:43:53+00:00\",\"author\":{\"@id\":\"https:\/\/www.asajacyl.com\/soria\/#\/schema\/person\/fd3081c40255119ce8133b87e6aedfab\"},\"description\":\"La candidatura de Donaciano Dujo, presidente, y Jos\u00e9 Antonio Turrado, secretario general, result\u00f3 reelegida por aclamaci\u00f3n por los cerca de 200\",\"breadcrumb\":{\"@id\":\"https:\/\/www.asajacyl.com\/soria\/asaja-soria-informa\/xi-congreso-de-asaja-castilla-y-leon#breadcrumb\"},\"inLanguage\":\"es\",\"potentialAction\":[{\"@type\":\"ReadAction\",\"target\":[\"https:\/\/www.asajacyl.com\/soria\/asaja-soria-informa\/xi-congreso-de-asaja-castilla-y-leon\"]}]},{\"@type\":\"ImageObject\",\"inLanguage\":\"es\",\"@id\":\"https:\/\/www.asajacyl.com\/soria\/asaja-soria-informa\/xi-congreso-de-asaja-castilla-y-leon#primaryimage\",\"url\":\"https:\/\/www.asajacyl.com\/soria\/wp-content\/uploads\/sites\/9\/2025\/10\/20250926_130458_resized.jpg\",\"contentUrl\":\"https:\/\/www.asajacyl.com\/soria\/wp-content\/uploads\/sites\/9\/2025\/10\/20250926_130458_resized.jpg\",\"width\":2079,\"height\":1147},{\"@type\":\"BreadcrumbList\",\"@id\":\"https:\/\/www.asajacyl.com\/soria\/asaja-soria-informa\/xi-congreso-de-asaja-castilla-y-leon#breadcrumb\",\"itemListElement\":[{\"@type\":\"ListItem\",\"position\":1,\"name\":\"Portada\",\"item\":\"https:\/\/www.asajacyl.com\/soria\/\"},{\"@type\":\"ListItem\",\"position\":2,\"name\":\"XI CONGRESO DE ASAJA CASTILLA Y LE\u00d3N\"}]},{\"@type\":\"WebSite\",\"@id\":\"https:\/\/www.asajacyl.com\/soria\/#website\",\"url\":\"https:\/\/www.asajacyl.com\/soria\/\",\"name\":\"ASAJA Soria\",\"description\":\"Otro sitio m\u00e1s de Provincias ASAJA Castilla y Le\u00f3n\",\"potentialAction\":[{\"@type\":\"SearchAction\",\"target\":{\"@type\":\"EntryPoint\",\"urlTemplate\":\"https:\/\/www.asajacyl.com\/soria\/?s={search_term_string}\"},\"query-input\":{\"@type\":\"PropertyValueSpecification\",\"valueRequired\":true,\"valueName\":\"search_term_string\"}}],\"inLanguage\":\"es\"},{\"@type\":\"Person\",\"@id\":\"https:\/\/www.asajacyl.com\/soria\/#\/schema\/person\/fd3081c40255119ce8133b87e6aedfab\",\"name\":\"Juan Ignacio Prieto Nieto\",\"image\":{\"@type\":\"ImageObject\",\"inLanguage\":\"es\",\"@id\":\"https:\/\/www.asajacyl.com\/soria\/#\/schema\/person\/image\/\",\"url\":\"https:\/\/secure.gravatar.com\/avatar\/8266b36e4d9001acb4700699a2468dc8?s=96&d=mm&r=g\",\"contentUrl\":\"https:\/\/secure.gravatar.com\/avatar\/8266b36e4d9001acb4700699a2468dc8?s=96&d=mm&r=g\",\"caption\":\"Juan Ignacio Prieto Nieto\"},\"url\":\"https:\/\/www.asajacyl.com\/soria\/author\/juanfranciscoby\"}]}<\/script>\n<!-- \/ Yoast SEO plugin. -->","yoast_head_json":{"title":"XI CONGRESO DE ASAJA CASTILLA Y LE\u00d3N - ASAJA Soria","description":"La candidatura de Donaciano Dujo, presidente, y Jos\u00e9 Antonio Turrado, secretario general, result\u00f3 reelegida por aclamaci\u00f3n por los cerca de 200","robots":{"index":"index","follow":"follow","max-snippet":"max-snippet:-1","max-image-preview":"max-image-preview:large","max-video-preview":"max-video-preview:-1"},"canonical":"https:\/\/www.asajacyl.com\/soria\/asaja-soria-informa\/xi-congreso-de-asaja-castilla-y-leon","og_locale":"es_ES","og_type":"article","og_title":"XI CONGRESO DE ASAJA CASTILLA Y LE\u00d3N - ASAJA Soria","og_description":"La candidatura de Donaciano Dujo, presidente, y Jos\u00e9 Antonio Turrado, secretario general, result\u00f3 reelegida por aclamaci\u00f3n por los cerca de 200","og_url":"https:\/\/www.asajacyl.com\/soria\/asaja-soria-informa\/xi-congreso-de-asaja-castilla-y-leon","og_site_name":"ASAJA Soria","article_published_time":"2025-10-06T08:06:12+00:00","article_modified_time":"2025-10-07T09:43:53+00:00","og_image":[{"width":2079,"height":1147,"url":"https:\/\/www.asajacyl.com\/soria\/wp-content\/uploads\/sites\/9\/2025\/10\/20250926_130458_resized.jpg","type":"image\/jpeg"}],"author":"Juan Ignacio Prieto Nieto","twitter_card":"summary_large_image","twitter_misc":{"Escrito por":"Juan Ignacio Prieto Nieto","Tiempo de lectura":"6 minutos"},"schema":{"@context":"https:\/\/schema.org","@graph":[{"@type":"WebPage","@id":"https:\/\/www.asajacyl.com\/soria\/asaja-soria-informa\/xi-congreso-de-asaja-castilla-y-leon","url":"https:\/\/www.asajacyl.com\/soria\/asaja-soria-informa\/xi-congreso-de-asaja-castilla-y-leon","name":"XI CONGRESO DE ASAJA CASTILLA Y LE\u00d3N - ASAJA Soria","isPartOf":{"@id":"https:\/\/www.asajacyl.com\/soria\/#website"},"primaryImageOfPage":{"@id":"https:\/\/www.asajacyl.com\/soria\/asaja-soria-informa\/xi-congreso-de-asaja-castilla-y-leon#primaryimage"},"image":{"@id":"https:\/\/www.asajacyl.com\/soria\/asaja-soria-informa\/xi-congreso-de-asaja-castilla-y-leon#primaryimage"},"thumbnailUrl":"https:\/\/www.asajacyl.com\/soria\/wp-content\/uploads\/sites\/9\/2025\/10\/20250926_130458_resized.jpg","datePublished":"2025-10-06T08:06:12+00:00","dateModified":"2025-10-07T09:43:53+00:00","author":{"@id":"https:\/\/www.asajacyl.com\/soria\/#\/schema\/person\/fd3081c40255119ce8133b87e6aedfab"},"description":"La candidatura de Donaciano Dujo, presidente, y Jos\u00e9 Antonio Turrado, secretario general, result\u00f3 reelegida por aclamaci\u00f3n por los cerca de 200","breadcrumb":{"@id":"https:\/\/www.asajacyl.com\/soria\/asaja-soria-informa\/xi-congreso-de-asaja-castilla-y-leon#breadcrumb"},"inLanguage":"es","potentialAction":[{"@type":"ReadAction","target":["https:\/\/www.asajacyl.com\/soria\/asaja-soria-informa\/xi-congreso-de-asaja-castilla-y-leon"]}]},{"@type":"ImageObject","inLanguage":"es","@id":"https:\/\/www.asajacyl.com\/soria\/asaja-soria-informa\/xi-congreso-de-asaja-castilla-y-leon#primaryimage","url":"https:\/\/www.asajacyl.com\/soria\/wp-content\/uploads\/sites\/9\/2025\/10\/20250926_130458_resized.jpg","contentUrl":"https:\/\/www.asajacyl.com\/soria\/wp-content\/uploads\/sites\/9\/2025\/10\/20250926_130458_resized.jpg","width":2079,"height":1147},{"@type":"BreadcrumbList","@id":"https:\/\/www.asajacyl.com\/soria\/asaja-soria-informa\/xi-congreso-de-asaja-castilla-y-leon#breadcrumb","itemListElement":[{"@type":"ListItem","position":1,"name":"Portada","item":"https:\/\/www.asajacyl.com\/soria\/"},{"@type":"ListItem","position":2,"name":"XI CONGRESO DE ASAJA CASTILLA Y LE\u00d3N"}]},{"@type":"WebSite","@id":"https:\/\/www.asajacyl.com\/soria\/#website","url":"https:\/\/www.asajacyl.com\/soria\/","name":"ASAJA Soria","description":"Otro sitio m\u00e1s de Provincias ASAJA Castilla y Le\u00f3n","potentialAction":[{"@type":"SearchAction","target":{"@type":"EntryPoint","urlTemplate":"https:\/\/www.asajacyl.com\/soria\/?s={search_term_string}"},"query-input":{"@type":"PropertyValueSpecification","valueRequired":true,"valueName":"search_term_string"}}],"inLanguage":"es"},{"@type":"Person","@id":"https:\/\/www.asajacyl.com\/soria\/#\/schema\/person\/fd3081c40255119ce8133b87e6aedfab","name":"Juan Ignacio Prieto Nieto","image":{"@type":"ImageObject","inLanguage":"es","@id":"https:\/\/www.asajacyl.com\/soria\/#\/schema\/person\/image\/","url":"https:\/\/secure.gravatar.com\/avatar\/8266b36e4d9001acb4700699a2468dc8?s=96&d=mm&r=g","contentUrl":"https:\/\/secure.gravatar.com\/avatar\/8266b36e4d9001acb4700699a2468dc8?s=96&d=mm&r=g","caption":"Juan Ignacio Prieto Nieto"},"url":"https:\/\/www.asajacyl.com\/soria\/author\/juanfranciscoby"}]}},"_links":{"self":[{"href":"https:\/\/www.asajacyl.com\/soria\/wp-json\/wp\/v2\/posts\/9371"}],"collection":[{"href":"https:\/\/www.asajacyl.com\/soria\/wp-json\/wp\/v2\/posts"}],"about":[{"href":"https:\/\/www.asajacyl.com\/soria\/wp-json\/wp\/v2\/types\/post"}],"author":[{"embeddable":true,"href":"https:\/\/www.asajacyl.com\/soria\/wp-json\/wp\/v2\/users\/12"}],"replies":[{"embeddable":true,"href":"https:\/\/www.asajacyl.com\/soria\/wp-json\/wp\/v2\/comments?post=9371"}],"version-history":[{"count":1,"href":"https:\/\/www.asajacyl.com\/soria\/wp-json\/wp\/v2\/posts\/9371\/revisions"}],"predecessor-version":[{"id":9373,"href":"https:\/\/www.asajacyl.com\/soria\/wp-json\/wp\/v2\/posts\/9371\/revisions\/9373"}],"wp:featuredmedia":[{"embeddable":true,"href":"https:\/\/www.asajacyl.com\/soria\/wp-json\/wp\/v2\/media\/9372"}],"wp:attachment":[{"href":"https:\/\/www.asajacyl.com\/soria\/wp-json\/wp\/v2\/media?parent=9371"}],"wp:term":[{"taxonomy":"category","embeddable":true,"href":"https:\/\/www.asajacyl.com\/soria\/wp-json\/wp\/v2\/categories?post=9371"},{"taxonomy":"post_tag","embeddable":true,"href":"https:\/\/www.asajacyl.com\/soria\/wp-json\/wp\/v2\/tags?post=9371"}],"curies":[{"name":"wp","href":"https:\/\/api.w.org\/{rel}","templated":true}]}}