{"id":9374,"date":"2025-10-07T11:48:21","date_gmt":"2025-10-07T09:48:21","guid":{"rendered":"https:\/\/www.asajacyl.com\/soria\/?p=9374"},"modified":"2025-10-31T10:55:43","modified_gmt":"2025-10-31T09:55:43","slug":"las-instituciones-europeas-dan-el-visto-bueno-a-la-prorroga-del-plazo-para-la-entrada-en-vigor-del-cuaderno-digital","status":"publish","type":"post","link":"https:\/\/www.asajacyl.com\/soria\/asaja-soria-informa\/las-instituciones-europeas-dan-el-visto-bueno-a-la-prorroga-del-plazo-para-la-entrada-en-vigor-del-cuaderno-digital","title":{"rendered":"Las instituciones europeas dan el visto bueno a la pr\u00f3rroga del plazo para la entrada en vigor del cuaderno digital"},"content":{"rendered":"\n\n\n<h2><em>Las modificaciones propuestas recogen una de las reivindicaciones de ASAJA Soria, referida a no ser obligatorio por limitaciones sociecon\u00f3micas<\/em><\/h2>\n<p>ASAJA celebra que la Comisi\u00f3n Europea haya aprobado, durante la \u00faltima reuni\u00f3n del Comit\u00e9 Permanente de Plantas, Animales, Alimentos y Piensos (SCoPAFF) sobre legislaci\u00f3n fitofarmac\u00e9utica, la\u00a0ampliaci\u00f3n del plazo para la obligatoriedad del cuaderno de explotaci\u00f3n digital para los fitosanitarios.\u00a0Esta medida, que se incorporar\u00e1 mediante la modificaci\u00f3n del Reglamento de Ejecuci\u00f3n (UE) 2023\/564, permitir\u00e1 a los Estados miembros\u00a0posponer la obligaci\u00f3n del 1 de enero de 2026 al 1 de enero de 2027.\u00a0Esta decisi\u00f3n, confirmada verbalmente al Copa-Cogeca por la Comisi\u00f3n, supone una\u00a0buena noticia para el sector agrario en Soria.<\/p>\n<p>La modificaci\u00f3n del Real Decreto es muy interesante para el campo provincial porque se incluye la posibilidad para los productores de llevar el cuaderno en papel siempre que existan y afronten limitaciones geogr\u00e1ficas, t\u00e9cnicas y -lo que es la novedad- sociecon\u00f3micas. Si es as\u00ed, deber\u00e1n poder elegir entre el formato papel o digital.<\/p>\n<p><strong>En la l\u00ednea de lo que dijo ASAJA Soria en Bruselas<\/strong><\/p>\n<p>Para apoyar la transici\u00f3n justa, la normativa dice que debe preverse un per\u00edodo m\u00ednimo de cinco a\u00f1os. En este sentido, estas limitaciones socioecon\u00f3micas se a\u00f1aden en la l\u00ednea de lo que una delegaci\u00f3n de ASAJA Soria llev\u00f3 en abril a Bruselas y traslad\u00f3 a europarlamentarios y a la Comisi\u00f3n, en el sentido de que por la estructura del sector hay una realidad que revela que un gran n\u00famero de productores no cuenta con las competencias digitales o medios para afrontar el establecimiento general del cuaderno digital. No en vano, como dato escalofriante, en Soria en 2024 hab\u00eda m\u00e1s productores agrarios mayores de 75 a\u00f1os que menores de 40.<\/p>\n<p>ASAJA Soria se suma en primera instancia a la reivindicaci\u00f3n de la organizaci\u00f3n a nivel nacional y agradece el trabajo desarrollado en Bruselas a trav\u00e9s de su oficina permanente para pedir al Ministerio que se consolide la posibilidad general de la pr\u00f3rroga de un a\u00f1o, pero tambi\u00e9n solicitar\u00e1 el reconocimiento de la excepcionalidad por causas socioecon\u00f3micas para que esa pr\u00f3rroga se alargue necesariamente cinco o diez a\u00f1os. Prorrogarlo un a\u00f1o m\u00e1s tambi\u00e9n hace que el campo llegue a la nueva PAC que se est\u00e1 negociando y por tanto habr\u00e1 que ver c\u00f3mo se acuerda junto con todo el paquete de medidas.<\/p>\n<p>\u00a0<\/p>\n<p>*EDAD PRODUCTORES PAC 2024 (ASAJA SORIA)<\/p>\n<p><img loading=\"lazy\" decoding=\"async\" class=\"aligncenter size-full wp-image-9375\" src=\"https:\/\/www.asajacyl.com\/soria\/wp-content\/uploads\/sites\/9\/2025\/10\/datos-edad-productores-pac.png\" alt=\"\" width=\"536\" height=\"286\" srcset=\"https:\/\/www.asajacyl.com\/soria\/wp-content\/uploads\/sites\/9\/2025\/10\/datos-edad-productores-pac.png 536w, https:\/\/www.asajacyl.com\/soria\/wp-content\/uploads\/sites\/9\/2025\/10\/datos-edad-productores-pac-300x160.png 300w, https:\/\/www.asajacyl.com\/soria\/wp-content\/uploads\/sites\/9\/2025\/10\/datos-edad-productores-pac-534x286.png 534w\" sizes=\"(max-width: 536px) 100vw, 536px\" \/><\/p>\n<p>\u00a0<\/p>\n","protected":false},"excerpt":{"rendered":"<p>Las modificaciones propuestas recogen una de las reivindicaciones de ASAJA Soria, referida a no ser obligatorio por limitaciones sociecon\u00f3micas ASAJA celebra que la Comisi\u00f3n Europea haya aprobado, durante la \u00faltima reuni\u00f3n del Comit\u00e9 Permanente de Plantas, Animales, Alimentos y Piensos (SCoPAFF) sobre legislaci\u00f3n fitofarmac\u00e9utica, la\u00a0ampliaci\u00f3n del plazo para la obligatoriedad del cuaderno de explotaci\u00f3n digital [&hellip;]<\/p>\n","protected":false},"author":12,"featured_media":9376,"comment_status":"open","ping_status":"open","sticky":false,"template":"","format":"standard","meta":{"footnotes":""},"categories":[10,25],"tags":[],"yoast_head":"<!-- This site is optimized with the Yoast SEO plugin v24.5 - https:\/\/yoast.com\/wordpress\/plugins\/seo\/ -->\n<title>Las instituciones europeas dan el visto bueno a la pr\u00f3rroga del plazo para la entrada en vigor del cuaderno digital - ASAJA Soria<\/title>\n<meta name=\"description\" content=\"Las modificaciones propuestas recogen una de las reivindicaciones de ASAJA Soria, referida a no ser obligatorio por limitaciones sociecon\u00f3micas ASAJA\" \/>\n<meta name=\"robots\" content=\"index, follow, max-snippet:-1, max-image-preview:large, max-video-preview:-1\" \/>\n<link rel=\"canonical\" href=\"https:\/\/www.asajacyl.com\/soria\/asaja-soria-informa\/las-instituciones-europeas-dan-el-visto-bueno-a-la-prorroga-del-plazo-para-la-entrada-en-vigor-del-cuaderno-digital\" \/>\n<meta property=\"og:locale\" content=\"es_ES\" \/>\n<meta property=\"og:type\" content=\"article\" \/>\n<meta property=\"og:title\" content=\"Las instituciones europeas dan el visto bueno a la pr\u00f3rroga del plazo para la entrada en vigor del cuaderno digital - ASAJA Soria\" \/>\n<meta property=\"og:description\" content=\"Las modificaciones propuestas recogen una de las reivindicaciones de ASAJA Soria, referida a no ser obligatorio por limitaciones sociecon\u00f3micas ASAJA\" \/>\n<meta property=\"og:url\" content=\"https:\/\/www.asajacyl.com\/soria\/asaja-soria-informa\/las-instituciones-europeas-dan-el-visto-bueno-a-la-prorroga-del-plazo-para-la-entrada-en-vigor-del-cuaderno-digital\" \/>\n<meta property=\"og:site_name\" content=\"ASAJA Soria\" \/>\n<meta property=\"article:published_time\" content=\"2025-10-07T09:48:21+00:00\" \/>\n<meta property=\"article:modified_time\" content=\"2025-10-31T09:55:43+00:00\" \/>\n<meta property=\"og:image\" content=\"https:\/\/www.asajacyl.com\/soria\/wp-content\/uploads\/sites\/9\/2025\/10\/cereal-kit-digital-web.jpg\" \/>\n\t<meta property=\"og:image:width\" content=\"1890\" \/>\n\t<meta property=\"og:image:height\" content=\"1654\" \/>\n\t<meta property=\"og:image:type\" content=\"image\/jpeg\" \/>\n<meta name=\"author\" content=\"Juan Ignacio Prieto Nieto\" \/>\n<meta name=\"twitter:card\" content=\"summary_large_image\" \/>\n<meta name=\"twitter:label1\" content=\"Escrito por\" \/>\n\t<meta name=\"twitter:data1\" content=\"Juan Ignacio Prieto Nieto\" \/>\n\t<meta name=\"twitter:label2\" content=\"Tiempo de lectura\" \/>\n\t<meta name=\"twitter:data2\" content=\"3 minutos\" \/>\n<script type=\"application\/ld+json\" class=\"yoast-schema-graph\">{\"@context\":\"https:\/\/schema.org\",\"@graph\":[{\"@type\":\"WebPage\",\"@id\":\"https:\/\/www.asajacyl.com\/soria\/asaja-soria-informa\/las-instituciones-europeas-dan-el-visto-bueno-a-la-prorroga-del-plazo-para-la-entrada-en-vigor-del-cuaderno-digital\",\"url\":\"https:\/\/www.asajacyl.com\/soria\/asaja-soria-informa\/las-instituciones-europeas-dan-el-visto-bueno-a-la-prorroga-del-plazo-para-la-entrada-en-vigor-del-cuaderno-digital\",\"name\":\"Las instituciones europeas dan el visto bueno a la pr\u00f3rroga del plazo para la entrada en vigor del cuaderno digital - ASAJA Soria\",\"isPartOf\":{\"@id\":\"https:\/\/www.asajacyl.com\/soria\/#website\"},\"primaryImageOfPage\":{\"@id\":\"https:\/\/www.asajacyl.com\/soria\/asaja-soria-informa\/las-instituciones-europeas-dan-el-visto-bueno-a-la-prorroga-del-plazo-para-la-entrada-en-vigor-del-cuaderno-digital#primaryimage\"},\"image\":{\"@id\":\"https:\/\/www.asajacyl.com\/soria\/asaja-soria-informa\/las-instituciones-europeas-dan-el-visto-bueno-a-la-prorroga-del-plazo-para-la-entrada-en-vigor-del-cuaderno-digital#primaryimage\"},\"thumbnailUrl\":\"https:\/\/www.asajacyl.com\/soria\/wp-content\/uploads\/sites\/9\/2025\/10\/cereal-kit-digital-web.jpg\",\"datePublished\":\"2025-10-07T09:48:21+00:00\",\"dateModified\":\"2025-10-31T09:55:43+00:00\",\"author\":{\"@id\":\"https:\/\/www.asajacyl.com\/soria\/#\/schema\/person\/fd3081c40255119ce8133b87e6aedfab\"},\"description\":\"Las modificaciones propuestas recogen una de las reivindicaciones de ASAJA Soria, referida a no ser obligatorio por limitaciones sociecon\u00f3micas ASAJA\",\"breadcrumb\":{\"@id\":\"https:\/\/www.asajacyl.com\/soria\/asaja-soria-informa\/las-instituciones-europeas-dan-el-visto-bueno-a-la-prorroga-del-plazo-para-la-entrada-en-vigor-del-cuaderno-digital#breadcrumb\"},\"inLanguage\":\"es\",\"potentialAction\":[{\"@type\":\"ReadAction\",\"target\":[\"https:\/\/www.asajacyl.com\/soria\/asaja-soria-informa\/las-instituciones-europeas-dan-el-visto-bueno-a-la-prorroga-del-plazo-para-la-entrada-en-vigor-del-cuaderno-digital\"]}]},{\"@type\":\"ImageObject\",\"inLanguage\":\"es\",\"@id\":\"https:\/\/www.asajacyl.com\/soria\/asaja-soria-informa\/las-instituciones-europeas-dan-el-visto-bueno-a-la-prorroga-del-plazo-para-la-entrada-en-vigor-del-cuaderno-digital#primaryimage\",\"url\":\"https:\/\/www.asajacyl.com\/soria\/wp-content\/uploads\/sites\/9\/2025\/10\/cereal-kit-digital-web.jpg\",\"contentUrl\":\"https:\/\/www.asajacyl.com\/soria\/wp-content\/uploads\/sites\/9\/2025\/10\/cereal-kit-digital-web.jpg\",\"width\":1890,\"height\":1654},{\"@type\":\"BreadcrumbList\",\"@id\":\"https:\/\/www.asajacyl.com\/soria\/asaja-soria-informa\/las-instituciones-europeas-dan-el-visto-bueno-a-la-prorroga-del-plazo-para-la-entrada-en-vigor-del-cuaderno-digital#breadcrumb\",\"itemListElement\":[{\"@type\":\"ListItem\",\"position\":1,\"name\":\"Portada\",\"item\":\"https:\/\/www.asajacyl.com\/soria\/\"},{\"@type\":\"ListItem\",\"position\":2,\"name\":\"Las instituciones europeas dan el visto bueno a la pr\u00f3rroga del plazo para la entrada en vigor del cuaderno digital\"}]},{\"@type\":\"WebSite\",\"@id\":\"https:\/\/www.asajacyl.com\/soria\/#website\",\"url\":\"https:\/\/www.asajacyl.com\/soria\/\",\"name\":\"ASAJA Soria\",\"description\":\"Otro sitio m\u00e1s de Provincias ASAJA Castilla y Le\u00f3n\",\"potentialAction\":[{\"@type\":\"SearchAction\",\"target\":{\"@type\":\"EntryPoint\",\"urlTemplate\":\"https:\/\/www.asajacyl.com\/soria\/?s={search_term_string}\"},\"query-input\":{\"@type\":\"PropertyValueSpecification\",\"valueRequired\":true,\"valueName\":\"search_term_string\"}}],\"inLanguage\":\"es\"},{\"@type\":\"Person\",\"@id\":\"https:\/\/www.asajacyl.com\/soria\/#\/schema\/person\/fd3081c40255119ce8133b87e6aedfab\",\"name\":\"Juan Ignacio Prieto Nieto\",\"image\":{\"@type\":\"ImageObject\",\"inLanguage\":\"es\",\"@id\":\"https:\/\/www.asajacyl.com\/soria\/#\/schema\/person\/image\/\",\"url\":\"https:\/\/secure.gravatar.com\/avatar\/8266b36e4d9001acb4700699a2468dc8?s=96&d=mm&r=g\",\"contentUrl\":\"https:\/\/secure.gravatar.com\/avatar\/8266b36e4d9001acb4700699a2468dc8?s=96&d=mm&r=g\",\"caption\":\"Juan Ignacio Prieto Nieto\"},\"url\":\"https:\/\/www.asajacyl.com\/soria\/author\/juanfranciscoby\"}]}<\/script>\n<!-- \/ Yoast SEO plugin. -->","yoast_head_json":{"title":"Las instituciones europeas dan el visto bueno a la pr\u00f3rroga del plazo para la entrada en vigor del cuaderno digital - ASAJA Soria","description":"Las modificaciones propuestas recogen una de las reivindicaciones de ASAJA Soria, referida a no ser obligatorio por limitaciones sociecon\u00f3micas ASAJA","robots":{"index":"index","follow":"follow","max-snippet":"max-snippet:-1","max-image-preview":"max-image-preview:large","max-video-preview":"max-video-preview:-1"},"canonical":"https:\/\/www.asajacyl.com\/soria\/asaja-soria-informa\/las-instituciones-europeas-dan-el-visto-bueno-a-la-prorroga-del-plazo-para-la-entrada-en-vigor-del-cuaderno-digital","og_locale":"es_ES","og_type":"article","og_title":"Las instituciones europeas dan el visto bueno a la pr\u00f3rroga del plazo para la entrada en vigor del cuaderno digital - ASAJA Soria","og_description":"Las modificaciones propuestas recogen una de las reivindicaciones de ASAJA Soria, referida a no ser obligatorio por limitaciones sociecon\u00f3micas ASAJA","og_url":"https:\/\/www.asajacyl.com\/soria\/asaja-soria-informa\/las-instituciones-europeas-dan-el-visto-bueno-a-la-prorroga-del-plazo-para-la-entrada-en-vigor-del-cuaderno-digital","og_site_name":"ASAJA Soria","article_published_time":"2025-10-07T09:48:21+00:00","article_modified_time":"2025-10-31T09:55:43+00:00","og_image":[{"width":1890,"height":1654,"url":"https:\/\/www.asajacyl.com\/soria\/wp-content\/uploads\/sites\/9\/2025\/10\/cereal-kit-digital-web.jpg","type":"image\/jpeg"}],"author":"Juan Ignacio Prieto Nieto","twitter_card":"summary_large_image","twitter_misc":{"Escrito por":"Juan Ignacio Prieto Nieto","Tiempo de lectura":"3 minutos"},"schema":{"@context":"https:\/\/schema.org","@graph":[{"@type":"WebPage","@id":"https:\/\/www.asajacyl.com\/soria\/asaja-soria-informa\/las-instituciones-europeas-dan-el-visto-bueno-a-la-prorroga-del-plazo-para-la-entrada-en-vigor-del-cuaderno-digital","url":"https:\/\/www.asajacyl.com\/soria\/asaja-soria-informa\/las-instituciones-europeas-dan-el-visto-bueno-a-la-prorroga-del-plazo-para-la-entrada-en-vigor-del-cuaderno-digital","name":"Las instituciones europeas dan el visto bueno a la pr\u00f3rroga del plazo para la entrada en vigor del cuaderno digital - ASAJA Soria","isPartOf":{"@id":"https:\/\/www.asajacyl.com\/soria\/#website"},"primaryImageOfPage":{"@id":"https:\/\/www.asajacyl.com\/soria\/asaja-soria-informa\/las-instituciones-europeas-dan-el-visto-bueno-a-la-prorroga-del-plazo-para-la-entrada-en-vigor-del-cuaderno-digital#primaryimage"},"image":{"@id":"https:\/\/www.asajacyl.com\/soria\/asaja-soria-informa\/las-instituciones-europeas-dan-el-visto-bueno-a-la-prorroga-del-plazo-para-la-entrada-en-vigor-del-cuaderno-digital#primaryimage"},"thumbnailUrl":"https:\/\/www.asajacyl.com\/soria\/wp-content\/uploads\/sites\/9\/2025\/10\/cereal-kit-digital-web.jpg","datePublished":"2025-10-07T09:48:21+00:00","dateModified":"2025-10-31T09:55:43+00:00","author":{"@id":"https:\/\/www.asajacyl.com\/soria\/#\/schema\/person\/fd3081c40255119ce8133b87e6aedfab"},"description":"Las modificaciones propuestas recogen una de las reivindicaciones de ASAJA Soria, referida a no ser obligatorio por limitaciones sociecon\u00f3micas ASAJA","breadcrumb":{"@id":"https:\/\/www.asajacyl.com\/soria\/asaja-soria-informa\/las-instituciones-europeas-dan-el-visto-bueno-a-la-prorroga-del-plazo-para-la-entrada-en-vigor-del-cuaderno-digital#breadcrumb"},"inLanguage":"es","potentialAction":[{"@type":"ReadAction","target":["https:\/\/www.asajacyl.com\/soria\/asaja-soria-informa\/las-instituciones-europeas-dan-el-visto-bueno-a-la-prorroga-del-plazo-para-la-entrada-en-vigor-del-cuaderno-digital"]}]},{"@type":"ImageObject","inLanguage":"es","@id":"https:\/\/www.asajacyl.com\/soria\/asaja-soria-informa\/las-instituciones-europeas-dan-el-visto-bueno-a-la-prorroga-del-plazo-para-la-entrada-en-vigor-del-cuaderno-digital#primaryimage","url":"https:\/\/www.asajacyl.com\/soria\/wp-content\/uploads\/sites\/9\/2025\/10\/cereal-kit-digital-web.jpg","contentUrl":"https:\/\/www.asajacyl.com\/soria\/wp-content\/uploads\/sites\/9\/2025\/10\/cereal-kit-digital-web.jpg","width":1890,"height":1654},{"@type":"BreadcrumbList","@id":"https:\/\/www.asajacyl.com\/soria\/asaja-soria-informa\/las-instituciones-europeas-dan-el-visto-bueno-a-la-prorroga-del-plazo-para-la-entrada-en-vigor-del-cuaderno-digital#breadcrumb","itemListElement":[{"@type":"ListItem","position":1,"name":"Portada","item":"https:\/\/www.asajacyl.com\/soria\/"},{"@type":"ListItem","position":2,"name":"Las instituciones europeas dan el visto bueno a la pr\u00f3rroga del plazo para la entrada en vigor del cuaderno digital"}]},{"@type":"WebSite","@id":"https:\/\/www.asajacyl.com\/soria\/#website","url":"https:\/\/www.asajacyl.com\/soria\/","name":"ASAJA Soria","description":"Otro sitio m\u00e1s de Provincias ASAJA Castilla y Le\u00f3n","potentialAction":[{"@type":"SearchAction","target":{"@type":"EntryPoint","urlTemplate":"https:\/\/www.asajacyl.com\/soria\/?s={search_term_string}"},"query-input":{"@type":"PropertyValueSpecification","valueRequired":true,"valueName":"search_term_string"}}],"inLanguage":"es"},{"@type":"Person","@id":"https:\/\/www.asajacyl.com\/soria\/#\/schema\/person\/fd3081c40255119ce8133b87e6aedfab","name":"Juan Ignacio Prieto Nieto","image":{"@type":"ImageObject","inLanguage":"es","@id":"https:\/\/www.asajacyl.com\/soria\/#\/schema\/person\/image\/","url":"https:\/\/secure.gravatar.com\/avatar\/8266b36e4d9001acb4700699a2468dc8?s=96&d=mm&r=g","contentUrl":"https:\/\/secure.gravatar.com\/avatar\/8266b36e4d9001acb4700699a2468dc8?s=96&d=mm&r=g","caption":"Juan Ignacio Prieto Nieto"},"url":"https:\/\/www.asajacyl.com\/soria\/author\/juanfranciscoby"}]}},"_links":{"self":[{"href":"https:\/\/www.asajacyl.com\/soria\/wp-json\/wp\/v2\/posts\/9374"}],"collection":[{"href":"https:\/\/www.asajacyl.com\/soria\/wp-json\/wp\/v2\/posts"}],"about":[{"href":"https:\/\/www.asajacyl.com\/soria\/wp-json\/wp\/v2\/types\/post"}],"author":[{"embeddable":true,"href":"https:\/\/www.asajacyl.com\/soria\/wp-json\/wp\/v2\/users\/12"}],"replies":[{"embeddable":true,"href":"https:\/\/www.asajacyl.com\/soria\/wp-json\/wp\/v2\/comments?post=9374"}],"version-history":[{"count":1,"href":"https:\/\/www.asajacyl.com\/soria\/wp-json\/wp\/v2\/posts\/9374\/revisions"}],"predecessor-version":[{"id":9377,"href":"https:\/\/www.asajacyl.com\/soria\/wp-json\/wp\/v2\/posts\/9374\/revisions\/9377"}],"wp:featuredmedia":[{"embeddable":true,"href":"https:\/\/www.asajacyl.com\/soria\/wp-json\/wp\/v2\/media\/9376"}],"wp:attachment":[{"href":"https:\/\/www.asajacyl.com\/soria\/wp-json\/wp\/v2\/media?parent=9374"}],"wp:term":[{"taxonomy":"category","embeddable":true,"href":"https:\/\/www.asajacyl.com\/soria\/wp-json\/wp\/v2\/categories?post=9374"},{"taxonomy":"post_tag","embeddable":true,"href":"https:\/\/www.asajacyl.com\/soria\/wp-json\/wp\/v2\/tags?post=9374"}],"curies":[{"name":"wp","href":"https:\/\/api.w.org\/{rel}","templated":true}]}}