{"id":9393,"date":"2025-10-15T11:39:56","date_gmt":"2025-10-15T09:39:56","guid":{"rendered":"https:\/\/www.asajacyl.com\/soria\/?p=9393"},"modified":"2025-11-11T12:33:24","modified_gmt":"2025-11-11T11:33:24","slug":"expo-sagris-el-salon-de-la-agricultura-y-ganaderia","status":"publish","type":"post","link":"https:\/\/www.asajacyl.com\/soria\/asaja-soria-informa\/expo-sagris-el-salon-de-la-agricultura-y-ganaderia","title":{"rendered":"EXPO SAGRIS, el Sal\u00f3n de la Agricultura y Ganader\u00eda"},"content":{"rendered":"\n\n\n<p>Expo Sagris\u00a0se convierte en el evento de referencia para el\u00a0sector de la agricultura y la ganader\u00eda\u00a0en toda su amplitud y nace con la vocaci\u00f3n de abordar los retos que enfrenta el sector agroalimentario. \u00a0<\/p>\n<p>Tierra, tecnolog\u00eda y personas\u00a0son los ejes vertebradores de EXPO SAGRIS, con el objetivo de dar visibilidad a aspectos tan relevantes como la\u00a0innovaci\u00f3n tecnol\u00f3gica, el\u00a0cambio clim\u00e1tico\u00a0y acciones claves en materia de\u00a0sostenibilidad\u00a0econ\u00f3mica, medioambiental y social, as\u00ed como la estructura del\u00a0mercado, el\u00a0relevo generacional\u00a0y la atracci\u00f3n de\u00a0talento\u00a0joven en el sector.<\/p>\n<p>Expo Sagris\u00a0representa una oportunidad clave para fomentar la\u00a0innovaci\u00f3n, el desarrollo rural sostenible, y la conexi\u00f3n entre lo urbano y lo rural.<\/p>\n<p>Organizada por IFEMA MADRID e impulsada por ALAS; Expo Sagris, Sal\u00f3n de la Agricultura y la Ganader\u00eda, celebrar\u00e1 su primera edici\u00f3n presencial del\u00a0<strong>6 al 8 de noviembre 2025<\/strong>, mostr\u00e1ndose como el mejor escaparate reputacional para el sector en Espa\u00f1a.\u00a0<\/p>\n\n\n","protected":false},"excerpt":{"rendered":"<p>Expo Sagris\u00a0se convierte en el evento de referencia para el\u00a0sector de la agricultura y la ganader\u00eda\u00a0en toda su amplitud y nace con la vocaci\u00f3n de abordar los retos que enfrenta el sector agroalimentario. \u00a0 Tierra, tecnolog\u00eda y personas\u00a0son los ejes vertebradores de EXPO SAGRIS, con el objetivo de dar visibilidad a aspectos tan relevantes como [&hellip;]<\/p>\n","protected":false},"author":12,"featured_media":9394,"comment_status":"open","ping_status":"open","sticky":false,"template":"","format":"standard","meta":{"footnotes":""},"categories":[10,25],"tags":[],"yoast_head":"<!-- This site is optimized with the Yoast SEO plugin v24.5 - https:\/\/yoast.com\/wordpress\/plugins\/seo\/ -->\n<title>EXPO SAGRIS, el Sal\u00f3n de la Agricultura y Ganader\u00eda - ASAJA Soria<\/title>\n<meta name=\"description\" content=\"Expo Sagris\u00a0se convierte en el evento de referencia para el\u00a0sector de la agricultura y la ganader\u00eda\u00a0en toda su amplitud y nace con la vocaci\u00f3n de abordar\" \/>\n<meta name=\"robots\" content=\"index, follow, max-snippet:-1, max-image-preview:large, max-video-preview:-1\" \/>\n<link rel=\"canonical\" href=\"https:\/\/www.asajacyl.com\/soria\/asaja-soria-informa\/expo-sagris-el-salon-de-la-agricultura-y-ganaderia\" \/>\n<meta property=\"og:locale\" content=\"es_ES\" \/>\n<meta property=\"og:type\" content=\"article\" \/>\n<meta property=\"og:title\" content=\"EXPO SAGRIS, el Sal\u00f3n de la Agricultura y Ganader\u00eda - ASAJA Soria\" \/>\n<meta property=\"og:description\" content=\"Expo Sagris\u00a0se convierte en el evento de referencia para el\u00a0sector de la agricultura y la ganader\u00eda\u00a0en toda su amplitud y nace con la vocaci\u00f3n de abordar\" \/>\n<meta property=\"og:url\" content=\"https:\/\/www.asajacyl.com\/soria\/asaja-soria-informa\/expo-sagris-el-salon-de-la-agricultura-y-ganaderia\" \/>\n<meta property=\"og:site_name\" content=\"ASAJA Soria\" \/>\n<meta property=\"article:published_time\" content=\"2025-10-15T09:39:56+00:00\" \/>\n<meta property=\"article:modified_time\" content=\"2025-11-11T11:33:24+00:00\" \/>\n<meta property=\"og:image\" content=\"https:\/\/www.asajacyl.com\/soria\/wp-content\/uploads\/sites\/9\/2025\/10\/exposag.jpg\" \/>\n\t<meta property=\"og:image:width\" content=\"567\" \/>\n\t<meta property=\"og:image:height\" content=\"391\" \/>\n\t<meta property=\"og:image:type\" content=\"image\/jpeg\" \/>\n<meta name=\"author\" content=\"Juan Ignacio Prieto Nieto\" \/>\n<meta name=\"twitter:card\" content=\"summary_large_image\" \/>\n<meta name=\"twitter:label1\" content=\"Escrito por\" \/>\n\t<meta name=\"twitter:data1\" content=\"Juan Ignacio Prieto Nieto\" \/>\n\t<meta name=\"twitter:label2\" content=\"Tiempo de lectura\" \/>\n\t<meta name=\"twitter:data2\" content=\"1 minuto\" \/>\n<script type=\"application\/ld+json\" class=\"yoast-schema-graph\">{\"@context\":\"https:\/\/schema.org\",\"@graph\":[{\"@type\":\"WebPage\",\"@id\":\"https:\/\/www.asajacyl.com\/soria\/asaja-soria-informa\/expo-sagris-el-salon-de-la-agricultura-y-ganaderia\",\"url\":\"https:\/\/www.asajacyl.com\/soria\/asaja-soria-informa\/expo-sagris-el-salon-de-la-agricultura-y-ganaderia\",\"name\":\"EXPO SAGRIS, el Sal\u00f3n de la Agricultura y Ganader\u00eda - ASAJA Soria\",\"isPartOf\":{\"@id\":\"https:\/\/www.asajacyl.com\/soria\/#website\"},\"primaryImageOfPage\":{\"@id\":\"https:\/\/www.asajacyl.com\/soria\/asaja-soria-informa\/expo-sagris-el-salon-de-la-agricultura-y-ganaderia#primaryimage\"},\"image\":{\"@id\":\"https:\/\/www.asajacyl.com\/soria\/asaja-soria-informa\/expo-sagris-el-salon-de-la-agricultura-y-ganaderia#primaryimage\"},\"thumbnailUrl\":\"https:\/\/www.asajacyl.com\/soria\/wp-content\/uploads\/sites\/9\/2025\/10\/exposag.jpg\",\"datePublished\":\"2025-10-15T09:39:56+00:00\",\"dateModified\":\"2025-11-11T11:33:24+00:00\",\"author\":{\"@id\":\"https:\/\/www.asajacyl.com\/soria\/#\/schema\/person\/fd3081c40255119ce8133b87e6aedfab\"},\"description\":\"Expo Sagris\u00a0se convierte en el evento de referencia para el\u00a0sector de la agricultura y la ganader\u00eda\u00a0en toda su amplitud y nace con la vocaci\u00f3n de abordar\",\"breadcrumb\":{\"@id\":\"https:\/\/www.asajacyl.com\/soria\/asaja-soria-informa\/expo-sagris-el-salon-de-la-agricultura-y-ganaderia#breadcrumb\"},\"inLanguage\":\"es\",\"potentialAction\":[{\"@type\":\"ReadAction\",\"target\":[\"https:\/\/www.asajacyl.com\/soria\/asaja-soria-informa\/expo-sagris-el-salon-de-la-agricultura-y-ganaderia\"]}]},{\"@type\":\"ImageObject\",\"inLanguage\":\"es\",\"@id\":\"https:\/\/www.asajacyl.com\/soria\/asaja-soria-informa\/expo-sagris-el-salon-de-la-agricultura-y-ganaderia#primaryimage\",\"url\":\"https:\/\/www.asajacyl.com\/soria\/wp-content\/uploads\/sites\/9\/2025\/10\/exposag.jpg\",\"contentUrl\":\"https:\/\/www.asajacyl.com\/soria\/wp-content\/uploads\/sites\/9\/2025\/10\/exposag.jpg\",\"width\":567,\"height\":391},{\"@type\":\"BreadcrumbList\",\"@id\":\"https:\/\/www.asajacyl.com\/soria\/asaja-soria-informa\/expo-sagris-el-salon-de-la-agricultura-y-ganaderia#breadcrumb\",\"itemListElement\":[{\"@type\":\"ListItem\",\"position\":1,\"name\":\"Portada\",\"item\":\"https:\/\/www.asajacyl.com\/soria\/\"},{\"@type\":\"ListItem\",\"position\":2,\"name\":\"EXPO SAGRIS, el Sal\u00f3n de la Agricultura y Ganader\u00eda\"}]},{\"@type\":\"WebSite\",\"@id\":\"https:\/\/www.asajacyl.com\/soria\/#website\",\"url\":\"https:\/\/www.asajacyl.com\/soria\/\",\"name\":\"ASAJA Soria\",\"description\":\"Otro sitio m\u00e1s de Provincias ASAJA Castilla y Le\u00f3n\",\"potentialAction\":[{\"@type\":\"SearchAction\",\"target\":{\"@type\":\"EntryPoint\",\"urlTemplate\":\"https:\/\/www.asajacyl.com\/soria\/?s={search_term_string}\"},\"query-input\":{\"@type\":\"PropertyValueSpecification\",\"valueRequired\":true,\"valueName\":\"search_term_string\"}}],\"inLanguage\":\"es\"},{\"@type\":\"Person\",\"@id\":\"https:\/\/www.asajacyl.com\/soria\/#\/schema\/person\/fd3081c40255119ce8133b87e6aedfab\",\"name\":\"Juan Ignacio Prieto Nieto\",\"image\":{\"@type\":\"ImageObject\",\"inLanguage\":\"es\",\"@id\":\"https:\/\/www.asajacyl.com\/soria\/#\/schema\/person\/image\/\",\"url\":\"https:\/\/secure.gravatar.com\/avatar\/8266b36e4d9001acb4700699a2468dc8?s=96&d=mm&r=g\",\"contentUrl\":\"https:\/\/secure.gravatar.com\/avatar\/8266b36e4d9001acb4700699a2468dc8?s=96&d=mm&r=g\",\"caption\":\"Juan Ignacio Prieto Nieto\"},\"url\":\"https:\/\/www.asajacyl.com\/soria\/author\/juanfranciscoby\"}]}<\/script>\n<!-- \/ Yoast SEO plugin. -->","yoast_head_json":{"title":"EXPO SAGRIS, el Sal\u00f3n de la Agricultura y Ganader\u00eda - ASAJA Soria","description":"Expo Sagris\u00a0se convierte en el evento de referencia para el\u00a0sector de la agricultura y la ganader\u00eda\u00a0en toda su amplitud y nace con la vocaci\u00f3n de abordar","robots":{"index":"index","follow":"follow","max-snippet":"max-snippet:-1","max-image-preview":"max-image-preview:large","max-video-preview":"max-video-preview:-1"},"canonical":"https:\/\/www.asajacyl.com\/soria\/asaja-soria-informa\/expo-sagris-el-salon-de-la-agricultura-y-ganaderia","og_locale":"es_ES","og_type":"article","og_title":"EXPO SAGRIS, el Sal\u00f3n de la Agricultura y Ganader\u00eda - ASAJA Soria","og_description":"Expo Sagris\u00a0se convierte en el evento de referencia para el\u00a0sector de la agricultura y la ganader\u00eda\u00a0en toda su amplitud y nace con la vocaci\u00f3n de abordar","og_url":"https:\/\/www.asajacyl.com\/soria\/asaja-soria-informa\/expo-sagris-el-salon-de-la-agricultura-y-ganaderia","og_site_name":"ASAJA Soria","article_published_time":"2025-10-15T09:39:56+00:00","article_modified_time":"2025-11-11T11:33:24+00:00","og_image":[{"width":567,"height":391,"url":"https:\/\/www.asajacyl.com\/soria\/wp-content\/uploads\/sites\/9\/2025\/10\/exposag.jpg","type":"image\/jpeg"}],"author":"Juan Ignacio Prieto Nieto","twitter_card":"summary_large_image","twitter_misc":{"Escrito por":"Juan Ignacio Prieto Nieto","Tiempo de lectura":"1 minuto"},"schema":{"@context":"https:\/\/schema.org","@graph":[{"@type":"WebPage","@id":"https:\/\/www.asajacyl.com\/soria\/asaja-soria-informa\/expo-sagris-el-salon-de-la-agricultura-y-ganaderia","url":"https:\/\/www.asajacyl.com\/soria\/asaja-soria-informa\/expo-sagris-el-salon-de-la-agricultura-y-ganaderia","name":"EXPO SAGRIS, el Sal\u00f3n de la Agricultura y Ganader\u00eda - ASAJA Soria","isPartOf":{"@id":"https:\/\/www.asajacyl.com\/soria\/#website"},"primaryImageOfPage":{"@id":"https:\/\/www.asajacyl.com\/soria\/asaja-soria-informa\/expo-sagris-el-salon-de-la-agricultura-y-ganaderia#primaryimage"},"image":{"@id":"https:\/\/www.asajacyl.com\/soria\/asaja-soria-informa\/expo-sagris-el-salon-de-la-agricultura-y-ganaderia#primaryimage"},"thumbnailUrl":"https:\/\/www.asajacyl.com\/soria\/wp-content\/uploads\/sites\/9\/2025\/10\/exposag.jpg","datePublished":"2025-10-15T09:39:56+00:00","dateModified":"2025-11-11T11:33:24+00:00","author":{"@id":"https:\/\/www.asajacyl.com\/soria\/#\/schema\/person\/fd3081c40255119ce8133b87e6aedfab"},"description":"Expo Sagris\u00a0se convierte en el evento de referencia para el\u00a0sector de la agricultura y la ganader\u00eda\u00a0en toda su amplitud y nace con la vocaci\u00f3n de abordar","breadcrumb":{"@id":"https:\/\/www.asajacyl.com\/soria\/asaja-soria-informa\/expo-sagris-el-salon-de-la-agricultura-y-ganaderia#breadcrumb"},"inLanguage":"es","potentialAction":[{"@type":"ReadAction","target":["https:\/\/www.asajacyl.com\/soria\/asaja-soria-informa\/expo-sagris-el-salon-de-la-agricultura-y-ganaderia"]}]},{"@type":"ImageObject","inLanguage":"es","@id":"https:\/\/www.asajacyl.com\/soria\/asaja-soria-informa\/expo-sagris-el-salon-de-la-agricultura-y-ganaderia#primaryimage","url":"https:\/\/www.asajacyl.com\/soria\/wp-content\/uploads\/sites\/9\/2025\/10\/exposag.jpg","contentUrl":"https:\/\/www.asajacyl.com\/soria\/wp-content\/uploads\/sites\/9\/2025\/10\/exposag.jpg","width":567,"height":391},{"@type":"BreadcrumbList","@id":"https:\/\/www.asajacyl.com\/soria\/asaja-soria-informa\/expo-sagris-el-salon-de-la-agricultura-y-ganaderia#breadcrumb","itemListElement":[{"@type":"ListItem","position":1,"name":"Portada","item":"https:\/\/www.asajacyl.com\/soria\/"},{"@type":"ListItem","position":2,"name":"EXPO SAGRIS, el Sal\u00f3n de la Agricultura y Ganader\u00eda"}]},{"@type":"WebSite","@id":"https:\/\/www.asajacyl.com\/soria\/#website","url":"https:\/\/www.asajacyl.com\/soria\/","name":"ASAJA Soria","description":"Otro sitio m\u00e1s de Provincias ASAJA Castilla y Le\u00f3n","potentialAction":[{"@type":"SearchAction","target":{"@type":"EntryPoint","urlTemplate":"https:\/\/www.asajacyl.com\/soria\/?s={search_term_string}"},"query-input":{"@type":"PropertyValueSpecification","valueRequired":true,"valueName":"search_term_string"}}],"inLanguage":"es"},{"@type":"Person","@id":"https:\/\/www.asajacyl.com\/soria\/#\/schema\/person\/fd3081c40255119ce8133b87e6aedfab","name":"Juan Ignacio Prieto Nieto","image":{"@type":"ImageObject","inLanguage":"es","@id":"https:\/\/www.asajacyl.com\/soria\/#\/schema\/person\/image\/","url":"https:\/\/secure.gravatar.com\/avatar\/8266b36e4d9001acb4700699a2468dc8?s=96&d=mm&r=g","contentUrl":"https:\/\/secure.gravatar.com\/avatar\/8266b36e4d9001acb4700699a2468dc8?s=96&d=mm&r=g","caption":"Juan Ignacio Prieto Nieto"},"url":"https:\/\/www.asajacyl.com\/soria\/author\/juanfranciscoby"}]}},"_links":{"self":[{"href":"https:\/\/www.asajacyl.com\/soria\/wp-json\/wp\/v2\/posts\/9393"}],"collection":[{"href":"https:\/\/www.asajacyl.com\/soria\/wp-json\/wp\/v2\/posts"}],"about":[{"href":"https:\/\/www.asajacyl.com\/soria\/wp-json\/wp\/v2\/types\/post"}],"author":[{"embeddable":true,"href":"https:\/\/www.asajacyl.com\/soria\/wp-json\/wp\/v2\/users\/12"}],"replies":[{"embeddable":true,"href":"https:\/\/www.asajacyl.com\/soria\/wp-json\/wp\/v2\/comments?post=9393"}],"version-history":[{"count":1,"href":"https:\/\/www.asajacyl.com\/soria\/wp-json\/wp\/v2\/posts\/9393\/revisions"}],"predecessor-version":[{"id":9395,"href":"https:\/\/www.asajacyl.com\/soria\/wp-json\/wp\/v2\/posts\/9393\/revisions\/9395"}],"wp:featuredmedia":[{"embeddable":true,"href":"https:\/\/www.asajacyl.com\/soria\/wp-json\/wp\/v2\/media\/9394"}],"wp:attachment":[{"href":"https:\/\/www.asajacyl.com\/soria\/wp-json\/wp\/v2\/media?parent=9393"}],"wp:term":[{"taxonomy":"category","embeddable":true,"href":"https:\/\/www.asajacyl.com\/soria\/wp-json\/wp\/v2\/categories?post=9393"},{"taxonomy":"post_tag","embeddable":true,"href":"https:\/\/www.asajacyl.com\/soria\/wp-json\/wp\/v2\/tags?post=9393"}],"curies":[{"name":"wp","href":"https:\/\/api.w.org\/{rel}","templated":true}]}}