{"id":9396,"date":"2025-10-15T11:45:32","date_gmt":"2025-10-15T09:45:32","guid":{"rendered":"https:\/\/www.asajacyl.com\/soria\/?p=9396"},"modified":"2025-10-15T11:45:34","modified_gmt":"2025-10-15T09:45:34","slug":"el-gobierno-aprueba-flexibilizar-la-pac-con-ecorregimenes-mas-simples","status":"publish","type":"post","link":"https:\/\/www.asajacyl.com\/soria\/asaja-soria-informa\/el-gobierno-aprueba-flexibilizar-la-pac-con-ecorregimenes-mas-simples","title":{"rendered":"El Gobierno aprueba flexibilizar la PAC con ecorreg\u00edmenes m\u00e1s simples"},"content":{"rendered":"\n\n\n<p>El Consejo de Ministros ha aprobado un real decreto que modifica diversas disposiciones sobre la Pol\u00edtica Agraria Com\u00fan (PAC) para mejorar algunos aspectos, como la simplificaci\u00f3n de los ecorreg\u00edmenes.<\/p>\n<p>Despu\u00e9s de tres a\u00f1os de aplicaci\u00f3n desde la \u00faltima reforma, el Gobierno ha aprobado estos \u00abajustes t\u00e9cnicos y una mejora en su contenido\u00bb que forma parte de las modificaciones del Plan Estrat\u00e9gico de la PAC consensuadas con todas las comunidades aut\u00f3nomas y aprobadas por la Comisi\u00f3n Europea el pasado 18 de agosto, ha recordado el Ministerio de Agricultura, Pesca y Alimentaci\u00f3n en una nota de prensa.\u00a0<\/p>\n<p>En cuanto a los ecorreg\u00edmenes, se elimina la exigencia de mantener en verano\u00a0una cubierta vegetal m\u00ednima del 20 %\u00a0de la anchura libre de la proyecci\u00f3n de copa para la pr\u00e1ctica de cubiertas vegetales espont\u00e1neas o sembradas en cultivos le\u00f1osos, \u00aben coherencia con las flexibilidades introducidas en el a\u00f1o 2024 para los secanos\u00bb, ha apuntado el Departamento.<\/p>\n<p>Adem\u00e1s, se establece un\u00a0porcentaje \u00fanico del 7 % de espacios de biodiversidad\u00a0para explotaciones mixtas que combinen distintos tipos de tierras, lo que, seg\u00fan Agricultura, \u00absimplifica la gesti\u00f3n\u00bb.<\/p>\n","protected":false},"excerpt":{"rendered":"<p>El Consejo de Ministros ha aprobado un real decreto que modifica diversas disposiciones sobre la Pol\u00edtica Agraria Com\u00fan (PAC) para mejorar algunos aspectos, como la simplificaci\u00f3n de los ecorreg\u00edmenes. Despu\u00e9s de tres a\u00f1os de aplicaci\u00f3n desde la \u00faltima reforma, el Gobierno ha aprobado estos \u00abajustes t\u00e9cnicos y una mejora en su contenido\u00bb que forma parte [&hellip;]<\/p>\n","protected":false},"author":12,"featured_media":7082,"comment_status":"open","ping_status":"open","sticky":false,"template":"","format":"standard","meta":{"footnotes":""},"categories":[10,25],"tags":[],"yoast_head":"<!-- This site is optimized with the Yoast SEO plugin v24.5 - https:\/\/yoast.com\/wordpress\/plugins\/seo\/ -->\n<title>El Gobierno aprueba flexibilizar la PAC con ecorreg\u00edmenes m\u00e1s simples - ASAJA Soria<\/title>\n<meta name=\"description\" content=\"El Consejo de Ministros ha aprobado un real decreto que modifica diversas disposiciones sobre la Pol\u00edtica Agraria Com\u00fan (PAC) para mejorar algunos\" \/>\n<meta name=\"robots\" content=\"index, follow, max-snippet:-1, max-image-preview:large, max-video-preview:-1\" \/>\n<link rel=\"canonical\" href=\"https:\/\/www.asajacyl.com\/soria\/asaja-soria-informa\/el-gobierno-aprueba-flexibilizar-la-pac-con-ecorregimenes-mas-simples\" \/>\n<meta property=\"og:locale\" content=\"es_ES\" \/>\n<meta property=\"og:type\" content=\"article\" \/>\n<meta property=\"og:title\" content=\"El Gobierno aprueba flexibilizar la PAC con ecorreg\u00edmenes m\u00e1s simples - ASAJA Soria\" \/>\n<meta property=\"og:description\" content=\"El Consejo de Ministros ha aprobado un real decreto que modifica diversas disposiciones sobre la Pol\u00edtica Agraria Com\u00fan (PAC) para mejorar algunos\" \/>\n<meta property=\"og:url\" content=\"https:\/\/www.asajacyl.com\/soria\/asaja-soria-informa\/el-gobierno-aprueba-flexibilizar-la-pac-con-ecorregimenes-mas-simples\" \/>\n<meta property=\"og:site_name\" content=\"ASAJA Soria\" \/>\n<meta property=\"article:published_time\" content=\"2025-10-15T09:45:32+00:00\" \/>\n<meta property=\"article:modified_time\" content=\"2025-10-15T09:45:34+00:00\" \/>\n<meta property=\"og:image\" content=\"https:\/\/www.asajacyl.com\/soria\/wp-content\/uploads\/sites\/9\/2023\/08\/1703.jpg\" \/>\n\t<meta property=\"og:image:width\" content=\"2500\" \/>\n\t<meta property=\"og:image:height\" content=\"1406\" \/>\n\t<meta property=\"og:image:type\" content=\"image\/jpeg\" \/>\n<meta name=\"author\" content=\"Juan Ignacio Prieto Nieto\" \/>\n<meta name=\"twitter:card\" content=\"summary_large_image\" \/>\n<meta name=\"twitter:label1\" content=\"Escrito por\" \/>\n\t<meta name=\"twitter:data1\" content=\"Juan Ignacio Prieto Nieto\" \/>\n\t<meta name=\"twitter:label2\" content=\"Tiempo de lectura\" \/>\n\t<meta name=\"twitter:data2\" content=\"2 minutos\" \/>\n<script type=\"application\/ld+json\" class=\"yoast-schema-graph\">{\"@context\":\"https:\/\/schema.org\",\"@graph\":[{\"@type\":\"WebPage\",\"@id\":\"https:\/\/www.asajacyl.com\/soria\/asaja-soria-informa\/el-gobierno-aprueba-flexibilizar-la-pac-con-ecorregimenes-mas-simples\",\"url\":\"https:\/\/www.asajacyl.com\/soria\/asaja-soria-informa\/el-gobierno-aprueba-flexibilizar-la-pac-con-ecorregimenes-mas-simples\",\"name\":\"El Gobierno aprueba flexibilizar la PAC con ecorreg\u00edmenes m\u00e1s simples - ASAJA Soria\",\"isPartOf\":{\"@id\":\"https:\/\/www.asajacyl.com\/soria\/#website\"},\"primaryImageOfPage\":{\"@id\":\"https:\/\/www.asajacyl.com\/soria\/asaja-soria-informa\/el-gobierno-aprueba-flexibilizar-la-pac-con-ecorregimenes-mas-simples#primaryimage\"},\"image\":{\"@id\":\"https:\/\/www.asajacyl.com\/soria\/asaja-soria-informa\/el-gobierno-aprueba-flexibilizar-la-pac-con-ecorregimenes-mas-simples#primaryimage\"},\"thumbnailUrl\":\"https:\/\/www.asajacyl.com\/soria\/wp-content\/uploads\/sites\/9\/2023\/08\/1703.jpg\",\"datePublished\":\"2025-10-15T09:45:32+00:00\",\"dateModified\":\"2025-10-15T09:45:34+00:00\",\"author\":{\"@id\":\"https:\/\/www.asajacyl.com\/soria\/#\/schema\/person\/fd3081c40255119ce8133b87e6aedfab\"},\"description\":\"El Consejo de Ministros ha aprobado un real decreto que modifica diversas disposiciones sobre la Pol\u00edtica Agraria Com\u00fan (PAC) para mejorar algunos\",\"breadcrumb\":{\"@id\":\"https:\/\/www.asajacyl.com\/soria\/asaja-soria-informa\/el-gobierno-aprueba-flexibilizar-la-pac-con-ecorregimenes-mas-simples#breadcrumb\"},\"inLanguage\":\"es\",\"potentialAction\":[{\"@type\":\"ReadAction\",\"target\":[\"https:\/\/www.asajacyl.com\/soria\/asaja-soria-informa\/el-gobierno-aprueba-flexibilizar-la-pac-con-ecorregimenes-mas-simples\"]}]},{\"@type\":\"ImageObject\",\"inLanguage\":\"es\",\"@id\":\"https:\/\/www.asajacyl.com\/soria\/asaja-soria-informa\/el-gobierno-aprueba-flexibilizar-la-pac-con-ecorregimenes-mas-simples#primaryimage\",\"url\":\"https:\/\/www.asajacyl.com\/soria\/wp-content\/uploads\/sites\/9\/2023\/08\/1703.jpg\",\"contentUrl\":\"https:\/\/www.asajacyl.com\/soria\/wp-content\/uploads\/sites\/9\/2023\/08\/1703.jpg\",\"width\":2500,\"height\":1406},{\"@type\":\"BreadcrumbList\",\"@id\":\"https:\/\/www.asajacyl.com\/soria\/asaja-soria-informa\/el-gobierno-aprueba-flexibilizar-la-pac-con-ecorregimenes-mas-simples#breadcrumb\",\"itemListElement\":[{\"@type\":\"ListItem\",\"position\":1,\"name\":\"Portada\",\"item\":\"https:\/\/www.asajacyl.com\/soria\/\"},{\"@type\":\"ListItem\",\"position\":2,\"name\":\"El Gobierno aprueba flexibilizar la PAC con ecorreg\u00edmenes m\u00e1s simples\"}]},{\"@type\":\"WebSite\",\"@id\":\"https:\/\/www.asajacyl.com\/soria\/#website\",\"url\":\"https:\/\/www.asajacyl.com\/soria\/\",\"name\":\"ASAJA Soria\",\"description\":\"Otro sitio m\u00e1s de Provincias ASAJA Castilla y Le\u00f3n\",\"potentialAction\":[{\"@type\":\"SearchAction\",\"target\":{\"@type\":\"EntryPoint\",\"urlTemplate\":\"https:\/\/www.asajacyl.com\/soria\/?s={search_term_string}\"},\"query-input\":{\"@type\":\"PropertyValueSpecification\",\"valueRequired\":true,\"valueName\":\"search_term_string\"}}],\"inLanguage\":\"es\"},{\"@type\":\"Person\",\"@id\":\"https:\/\/www.asajacyl.com\/soria\/#\/schema\/person\/fd3081c40255119ce8133b87e6aedfab\",\"name\":\"Juan Ignacio Prieto Nieto\",\"image\":{\"@type\":\"ImageObject\",\"inLanguage\":\"es\",\"@id\":\"https:\/\/www.asajacyl.com\/soria\/#\/schema\/person\/image\/\",\"url\":\"https:\/\/secure.gravatar.com\/avatar\/8266b36e4d9001acb4700699a2468dc8?s=96&d=mm&r=g\",\"contentUrl\":\"https:\/\/secure.gravatar.com\/avatar\/8266b36e4d9001acb4700699a2468dc8?s=96&d=mm&r=g\",\"caption\":\"Juan Ignacio Prieto Nieto\"},\"url\":\"https:\/\/www.asajacyl.com\/soria\/author\/juanfranciscoby\"}]}<\/script>\n<!-- \/ Yoast SEO plugin. -->","yoast_head_json":{"title":"El Gobierno aprueba flexibilizar la PAC con ecorreg\u00edmenes m\u00e1s simples - ASAJA Soria","description":"El Consejo de Ministros ha aprobado un real decreto que modifica diversas disposiciones sobre la Pol\u00edtica Agraria Com\u00fan (PAC) para mejorar algunos","robots":{"index":"index","follow":"follow","max-snippet":"max-snippet:-1","max-image-preview":"max-image-preview:large","max-video-preview":"max-video-preview:-1"},"canonical":"https:\/\/www.asajacyl.com\/soria\/asaja-soria-informa\/el-gobierno-aprueba-flexibilizar-la-pac-con-ecorregimenes-mas-simples","og_locale":"es_ES","og_type":"article","og_title":"El Gobierno aprueba flexibilizar la PAC con ecorreg\u00edmenes m\u00e1s simples - ASAJA Soria","og_description":"El Consejo de Ministros ha aprobado un real decreto que modifica diversas disposiciones sobre la Pol\u00edtica Agraria Com\u00fan (PAC) para mejorar algunos","og_url":"https:\/\/www.asajacyl.com\/soria\/asaja-soria-informa\/el-gobierno-aprueba-flexibilizar-la-pac-con-ecorregimenes-mas-simples","og_site_name":"ASAJA Soria","article_published_time":"2025-10-15T09:45:32+00:00","article_modified_time":"2025-10-15T09:45:34+00:00","og_image":[{"width":2500,"height":1406,"url":"https:\/\/www.asajacyl.com\/soria\/wp-content\/uploads\/sites\/9\/2023\/08\/1703.jpg","type":"image\/jpeg"}],"author":"Juan Ignacio Prieto Nieto","twitter_card":"summary_large_image","twitter_misc":{"Escrito por":"Juan Ignacio Prieto Nieto","Tiempo de lectura":"2 minutos"},"schema":{"@context":"https:\/\/schema.org","@graph":[{"@type":"WebPage","@id":"https:\/\/www.asajacyl.com\/soria\/asaja-soria-informa\/el-gobierno-aprueba-flexibilizar-la-pac-con-ecorregimenes-mas-simples","url":"https:\/\/www.asajacyl.com\/soria\/asaja-soria-informa\/el-gobierno-aprueba-flexibilizar-la-pac-con-ecorregimenes-mas-simples","name":"El Gobierno aprueba flexibilizar la PAC con ecorreg\u00edmenes m\u00e1s simples - ASAJA Soria","isPartOf":{"@id":"https:\/\/www.asajacyl.com\/soria\/#website"},"primaryImageOfPage":{"@id":"https:\/\/www.asajacyl.com\/soria\/asaja-soria-informa\/el-gobierno-aprueba-flexibilizar-la-pac-con-ecorregimenes-mas-simples#primaryimage"},"image":{"@id":"https:\/\/www.asajacyl.com\/soria\/asaja-soria-informa\/el-gobierno-aprueba-flexibilizar-la-pac-con-ecorregimenes-mas-simples#primaryimage"},"thumbnailUrl":"https:\/\/www.asajacyl.com\/soria\/wp-content\/uploads\/sites\/9\/2023\/08\/1703.jpg","datePublished":"2025-10-15T09:45:32+00:00","dateModified":"2025-10-15T09:45:34+00:00","author":{"@id":"https:\/\/www.asajacyl.com\/soria\/#\/schema\/person\/fd3081c40255119ce8133b87e6aedfab"},"description":"El Consejo de Ministros ha aprobado un real decreto que modifica diversas disposiciones sobre la Pol\u00edtica Agraria Com\u00fan (PAC) para mejorar algunos","breadcrumb":{"@id":"https:\/\/www.asajacyl.com\/soria\/asaja-soria-informa\/el-gobierno-aprueba-flexibilizar-la-pac-con-ecorregimenes-mas-simples#breadcrumb"},"inLanguage":"es","potentialAction":[{"@type":"ReadAction","target":["https:\/\/www.asajacyl.com\/soria\/asaja-soria-informa\/el-gobierno-aprueba-flexibilizar-la-pac-con-ecorregimenes-mas-simples"]}]},{"@type":"ImageObject","inLanguage":"es","@id":"https:\/\/www.asajacyl.com\/soria\/asaja-soria-informa\/el-gobierno-aprueba-flexibilizar-la-pac-con-ecorregimenes-mas-simples#primaryimage","url":"https:\/\/www.asajacyl.com\/soria\/wp-content\/uploads\/sites\/9\/2023\/08\/1703.jpg","contentUrl":"https:\/\/www.asajacyl.com\/soria\/wp-content\/uploads\/sites\/9\/2023\/08\/1703.jpg","width":2500,"height":1406},{"@type":"BreadcrumbList","@id":"https:\/\/www.asajacyl.com\/soria\/asaja-soria-informa\/el-gobierno-aprueba-flexibilizar-la-pac-con-ecorregimenes-mas-simples#breadcrumb","itemListElement":[{"@type":"ListItem","position":1,"name":"Portada","item":"https:\/\/www.asajacyl.com\/soria\/"},{"@type":"ListItem","position":2,"name":"El Gobierno aprueba flexibilizar la PAC con ecorreg\u00edmenes m\u00e1s simples"}]},{"@type":"WebSite","@id":"https:\/\/www.asajacyl.com\/soria\/#website","url":"https:\/\/www.asajacyl.com\/soria\/","name":"ASAJA Soria","description":"Otro sitio m\u00e1s de Provincias ASAJA Castilla y Le\u00f3n","potentialAction":[{"@type":"SearchAction","target":{"@type":"EntryPoint","urlTemplate":"https:\/\/www.asajacyl.com\/soria\/?s={search_term_string}"},"query-input":{"@type":"PropertyValueSpecification","valueRequired":true,"valueName":"search_term_string"}}],"inLanguage":"es"},{"@type":"Person","@id":"https:\/\/www.asajacyl.com\/soria\/#\/schema\/person\/fd3081c40255119ce8133b87e6aedfab","name":"Juan Ignacio Prieto Nieto","image":{"@type":"ImageObject","inLanguage":"es","@id":"https:\/\/www.asajacyl.com\/soria\/#\/schema\/person\/image\/","url":"https:\/\/secure.gravatar.com\/avatar\/8266b36e4d9001acb4700699a2468dc8?s=96&d=mm&r=g","contentUrl":"https:\/\/secure.gravatar.com\/avatar\/8266b36e4d9001acb4700699a2468dc8?s=96&d=mm&r=g","caption":"Juan Ignacio Prieto Nieto"},"url":"https:\/\/www.asajacyl.com\/soria\/author\/juanfranciscoby"}]}},"_links":{"self":[{"href":"https:\/\/www.asajacyl.com\/soria\/wp-json\/wp\/v2\/posts\/9396"}],"collection":[{"href":"https:\/\/www.asajacyl.com\/soria\/wp-json\/wp\/v2\/posts"}],"about":[{"href":"https:\/\/www.asajacyl.com\/soria\/wp-json\/wp\/v2\/types\/post"}],"author":[{"embeddable":true,"href":"https:\/\/www.asajacyl.com\/soria\/wp-json\/wp\/v2\/users\/12"}],"replies":[{"embeddable":true,"href":"https:\/\/www.asajacyl.com\/soria\/wp-json\/wp\/v2\/comments?post=9396"}],"version-history":[{"count":1,"href":"https:\/\/www.asajacyl.com\/soria\/wp-json\/wp\/v2\/posts\/9396\/revisions"}],"predecessor-version":[{"id":9397,"href":"https:\/\/www.asajacyl.com\/soria\/wp-json\/wp\/v2\/posts\/9396\/revisions\/9397"}],"wp:featuredmedia":[{"embeddable":true,"href":"https:\/\/www.asajacyl.com\/soria\/wp-json\/wp\/v2\/media\/7082"}],"wp:attachment":[{"href":"https:\/\/www.asajacyl.com\/soria\/wp-json\/wp\/v2\/media?parent=9396"}],"wp:term":[{"taxonomy":"category","embeddable":true,"href":"https:\/\/www.asajacyl.com\/soria\/wp-json\/wp\/v2\/categories?post=9396"},{"taxonomy":"post_tag","embeddable":true,"href":"https:\/\/www.asajacyl.com\/soria\/wp-json\/wp\/v2\/tags?post=9396"}],"curies":[{"name":"wp","href":"https:\/\/api.w.org\/{rel}","templated":true}]}}