{"id":9410,"date":"2025-10-31T11:25:39","date_gmt":"2025-10-31T10:25:39","guid":{"rendered":"https:\/\/www.asajacyl.com\/soria\/?p=9410"},"modified":"2025-10-31T14:24:46","modified_gmt":"2025-10-31T13:24:46","slug":"asaja-soria-muy-pendiente-de-la-evolucion-de-la-dermatosis-nodular-contagiosa3","status":"publish","type":"post","link":"https:\/\/www.asajacyl.com\/soria\/asaja-soria-informa\/asaja-soria-muy-pendiente-de-la-evolucion-de-la-dermatosis-nodular-contagiosa3","title":{"rendered":"ASAJA Soria, muy pendiente de la evoluci\u00f3n de la dermatosis nodular contagiosa"},"content":{"rendered":"\n\n\n<h2><em>Reuni\u00f3n esta semana con representantes de la Junta de Castilla y Le\u00f3n para transmitir la preocupaci\u00f3n del sector y a la vez recibir informaci\u00f3n del Servicio Territorial<\/em><\/h2>\n<p>ASAJA Soria mantuvo esta semana una reuni\u00f3n con el Servicio Territorial de Agricultura, Ganader\u00eda y Desarrollo Rural, junto a Upa y Coag, para transmitir a la administraci\u00f3n regional la preocupaci\u00f3n de los ganaderos ante la presencia ya en Catalu\u00f1a de la dermatosis nodular contagiosa (DNC). Y es que el pasado\u00a03 de octubre se confirm\u00f3 la\u00a0primera detecci\u00f3n\u00a0del virus en Espa\u00f1a, en una\u00a0explotaci\u00f3n de recr\u00eda de novillas en Castell\u00f3 d\u2019Emp\u00faries. Hasta el momento se han detectado\u00a018 focos, todos ellos en la\u00a0provincia de Gerona.<\/p>\n<p>Aunque no hay riesgo de transmisi\u00f3n a las personas, s\u00ed tiene una gran importancia econ\u00f3mica porque su presencia afecta a la productividad de las granjas, especialmente a las l\u00e1cteas. ASAJA Soria quiere enfatizar que esta enfermedad no se transmite a los seres humanos, ni por contacto ni a trav\u00e9s del consumo de productos derivados de animales afectados.<\/p>\n<p>A sabiendas de que esta enfermedad tiene -actualmente para las Administraciones competentes- categor\u00eda A, y eso implica la obligaci\u00f3n del sacrificio de todos los animales de la explotaci\u00f3n con el objetivo de erradicarla, los ganaderos de la provincia no ocultan su desasosiego y alarma.<\/p>\n<p>En la reuni\u00f3n, el representante de la sectorial de bovino de ASAJA, Diego Escalada, adem\u00e1s de expresar las preocupaciones del sector y de recibir informaci\u00f3n por parte de los servicios oficiales de Sanidad en la provincia de Soria, se coment\u00f3 la \u00faltima orden de la Consejer\u00eda de Castilla y Le\u00f3n sobre las medidas para controlar esta enfermedad o tratar de que no llegue. As\u00ed las cosas, se establecen 15 d\u00edas, hasta al menos el 9 de noviembre, en los que quedan limitados los movimientos del ganado. Esta norma, de car\u00e1cter temporal, se revisar\u00e1 en funci\u00f3n de la evoluci\u00f3n epidemiol\u00f3gica\u00a0de la enfermedad. En este punto se puso el foco en los incomodos y complicaciones para la recogida de los animales que venden los ganaderos, algo que es soportable en estas dos primeras semanas. Como es la primera vez que se adoptan medidas cautelares de la dermatosis nodular contagiosa en la comunidad aut\u00f3noma, la intenci\u00f3n es esperar a ver c\u00f3mo evoluciona la afecci\u00f3n en toda Espa\u00f1a, y seg\u00fan decidan si se prorroga o no, y si el foco de Gerona se limita a esa zona y termina siendo controlado o no, se tomar\u00e1n las consideraciones pertinentes pues el problema para las granjas comenzar\u00e1 a ser grave, ya que l\u00f3gicamente si la pr\u00f3rroga se alargase habr\u00eda p\u00e9rdidas a\u00f1adidas en el funcionamiento de las explotaciones y la recogida de animales en granjas.<\/p>\n<p>Tambi\u00e9n se habl\u00f3 de la decisi\u00f3n del Consejo de Ministros de adquirir vacunas frente al virus de la dermatosis nodular contagiosa por un importe de 660.000 euros, por parte del Ministerio de Agricultura, Pesca y Alimentaci\u00f3n, de momento para ser aplicadas en los aleda\u00f1os o zona de precauci\u00f3n y restricci\u00f3n de los focos afectados.<\/p>\n<p>La\u00a0dermatosis nodular contagiosa de los b\u00f3vidos\u00a0es una\u00a0enfermedad viral\u00a0del ganado bovino, producida por un virus de la familia\u00a0poxviridae, g\u00e9nero\u00a0capripoxvirus, que se caracteriza por\u00a0fiebre, n\u00f3dulos en la piel, inflamaci\u00f3n de los n\u00f3dulos linf\u00e1ticos y edema cut\u00e1neo.<\/p>\n<p>La sectorial de vacuno de ASAJA Soria va a seguir muy de cerca este asunto debido a su importancia y a la preocupaci\u00f3n que existe entre los profesionales en las granjas.<\/p>\n<p>\u00a0<\/p>\n<p>\u00a0<\/p>\n<p>\u00a0<\/p>\n","protected":false},"excerpt":{"rendered":"<p>Reuni\u00f3n esta semana con representantes de la Junta de Castilla y Le\u00f3n para transmitir la preocupaci\u00f3n del sector y a la vez recibir informaci\u00f3n del Servicio Territorial ASAJA Soria mantuvo esta semana una reuni\u00f3n con el Servicio Territorial de Agricultura, Ganader\u00eda y Desarrollo Rural, junto a Upa y Coag, para transmitir a la administraci\u00f3n regional [&hellip;]<\/p>\n","protected":false},"author":12,"featured_media":9411,"comment_status":"open","ping_status":"open","sticky":false,"template":"","format":"standard","meta":{"footnotes":""},"categories":[10,25],"tags":[],"yoast_head":"<!-- This site is optimized with the Yoast SEO plugin v24.5 - https:\/\/yoast.com\/wordpress\/plugins\/seo\/ -->\n<title>ASAJA Soria, muy pendiente de la evoluci\u00f3n de la dermatosis nodular contagiosa - ASAJA Soria<\/title>\n<meta name=\"description\" content=\"Reuni\u00f3n esta semana con representantes de la Junta de Castilla y Le\u00f3n para transmitir la preocupaci\u00f3n del sector y a la vez recibir informaci\u00f3n del\" \/>\n<meta name=\"robots\" content=\"index, follow, max-snippet:-1, max-image-preview:large, max-video-preview:-1\" \/>\n<link rel=\"canonical\" href=\"https:\/\/www.asajacyl.com\/soria\/asaja-soria-informa\/asaja-soria-muy-pendiente-de-la-evolucion-de-la-dermatosis-nodular-contagiosa3\" \/>\n<meta property=\"og:locale\" content=\"es_ES\" \/>\n<meta property=\"og:type\" content=\"article\" \/>\n<meta property=\"og:title\" content=\"ASAJA Soria, muy pendiente de la evoluci\u00f3n de la dermatosis nodular contagiosa - ASAJA Soria\" \/>\n<meta property=\"og:description\" content=\"Reuni\u00f3n esta semana con representantes de la Junta de Castilla y Le\u00f3n para transmitir la preocupaci\u00f3n del sector y a la vez recibir informaci\u00f3n del\" \/>\n<meta property=\"og:url\" content=\"https:\/\/www.asajacyl.com\/soria\/asaja-soria-informa\/asaja-soria-muy-pendiente-de-la-evolucion-de-la-dermatosis-nodular-contagiosa3\" \/>\n<meta property=\"og:site_name\" content=\"ASAJA Soria\" \/>\n<meta property=\"article:published_time\" content=\"2025-10-31T10:25:39+00:00\" \/>\n<meta property=\"article:modified_time\" content=\"2025-10-31T13:24:46+00:00\" \/>\n<meta property=\"og:image\" content=\"https:\/\/www.asajacyl.com\/soria\/wp-content\/uploads\/sites\/9\/2025\/10\/reunion-dermatosis-IMG_8437.jpg\" \/>\n\t<meta property=\"og:image:width\" content=\"2500\" \/>\n\t<meta property=\"og:image:height\" content=\"1875\" \/>\n\t<meta property=\"og:image:type\" content=\"image\/jpeg\" \/>\n<meta name=\"author\" content=\"Juan Ignacio Prieto Nieto\" \/>\n<meta name=\"twitter:card\" content=\"summary_large_image\" \/>\n<meta name=\"twitter:label1\" content=\"Escrito por\" \/>\n\t<meta name=\"twitter:data1\" content=\"Juan Ignacio Prieto Nieto\" \/>\n\t<meta name=\"twitter:label2\" content=\"Tiempo de lectura\" \/>\n\t<meta name=\"twitter:data2\" content=\"3 minutos\" \/>\n<script type=\"application\/ld+json\" class=\"yoast-schema-graph\">{\"@context\":\"https:\/\/schema.org\",\"@graph\":[{\"@type\":\"WebPage\",\"@id\":\"https:\/\/www.asajacyl.com\/soria\/asaja-soria-informa\/asaja-soria-muy-pendiente-de-la-evolucion-de-la-dermatosis-nodular-contagiosa3\",\"url\":\"https:\/\/www.asajacyl.com\/soria\/asaja-soria-informa\/asaja-soria-muy-pendiente-de-la-evolucion-de-la-dermatosis-nodular-contagiosa3\",\"name\":\"ASAJA Soria, muy pendiente de la evoluci\u00f3n de la dermatosis nodular contagiosa - ASAJA Soria\",\"isPartOf\":{\"@id\":\"https:\/\/www.asajacyl.com\/soria\/#website\"},\"primaryImageOfPage\":{\"@id\":\"https:\/\/www.asajacyl.com\/soria\/asaja-soria-informa\/asaja-soria-muy-pendiente-de-la-evolucion-de-la-dermatosis-nodular-contagiosa3#primaryimage\"},\"image\":{\"@id\":\"https:\/\/www.asajacyl.com\/soria\/asaja-soria-informa\/asaja-soria-muy-pendiente-de-la-evolucion-de-la-dermatosis-nodular-contagiosa3#primaryimage\"},\"thumbnailUrl\":\"https:\/\/www.asajacyl.com\/soria\/wp-content\/uploads\/sites\/9\/2025\/10\/reunion-dermatosis-IMG_8437.jpg\",\"datePublished\":\"2025-10-31T10:25:39+00:00\",\"dateModified\":\"2025-10-31T13:24:46+00:00\",\"author\":{\"@id\":\"https:\/\/www.asajacyl.com\/soria\/#\/schema\/person\/fd3081c40255119ce8133b87e6aedfab\"},\"description\":\"Reuni\u00f3n esta semana con representantes de la Junta de Castilla y Le\u00f3n para transmitir la preocupaci\u00f3n del sector y a la vez recibir informaci\u00f3n del\",\"breadcrumb\":{\"@id\":\"https:\/\/www.asajacyl.com\/soria\/asaja-soria-informa\/asaja-soria-muy-pendiente-de-la-evolucion-de-la-dermatosis-nodular-contagiosa3#breadcrumb\"},\"inLanguage\":\"es\",\"potentialAction\":[{\"@type\":\"ReadAction\",\"target\":[\"https:\/\/www.asajacyl.com\/soria\/asaja-soria-informa\/asaja-soria-muy-pendiente-de-la-evolucion-de-la-dermatosis-nodular-contagiosa3\"]}]},{\"@type\":\"ImageObject\",\"inLanguage\":\"es\",\"@id\":\"https:\/\/www.asajacyl.com\/soria\/asaja-soria-informa\/asaja-soria-muy-pendiente-de-la-evolucion-de-la-dermatosis-nodular-contagiosa3#primaryimage\",\"url\":\"https:\/\/www.asajacyl.com\/soria\/wp-content\/uploads\/sites\/9\/2025\/10\/reunion-dermatosis-IMG_8437.jpg\",\"contentUrl\":\"https:\/\/www.asajacyl.com\/soria\/wp-content\/uploads\/sites\/9\/2025\/10\/reunion-dermatosis-IMG_8437.jpg\",\"width\":2500,\"height\":1875},{\"@type\":\"BreadcrumbList\",\"@id\":\"https:\/\/www.asajacyl.com\/soria\/asaja-soria-informa\/asaja-soria-muy-pendiente-de-la-evolucion-de-la-dermatosis-nodular-contagiosa3#breadcrumb\",\"itemListElement\":[{\"@type\":\"ListItem\",\"position\":1,\"name\":\"Portada\",\"item\":\"https:\/\/www.asajacyl.com\/soria\/\"},{\"@type\":\"ListItem\",\"position\":2,\"name\":\"ASAJA Soria, muy pendiente de la evoluci\u00f3n de la dermatosis nodular contagiosa\"}]},{\"@type\":\"WebSite\",\"@id\":\"https:\/\/www.asajacyl.com\/soria\/#website\",\"url\":\"https:\/\/www.asajacyl.com\/soria\/\",\"name\":\"ASAJA Soria\",\"description\":\"Otro sitio m\u00e1s de Provincias ASAJA Castilla y Le\u00f3n\",\"potentialAction\":[{\"@type\":\"SearchAction\",\"target\":{\"@type\":\"EntryPoint\",\"urlTemplate\":\"https:\/\/www.asajacyl.com\/soria\/?s={search_term_string}\"},\"query-input\":{\"@type\":\"PropertyValueSpecification\",\"valueRequired\":true,\"valueName\":\"search_term_string\"}}],\"inLanguage\":\"es\"},{\"@type\":\"Person\",\"@id\":\"https:\/\/www.asajacyl.com\/soria\/#\/schema\/person\/fd3081c40255119ce8133b87e6aedfab\",\"name\":\"Juan Ignacio Prieto Nieto\",\"image\":{\"@type\":\"ImageObject\",\"inLanguage\":\"es\",\"@id\":\"https:\/\/www.asajacyl.com\/soria\/#\/schema\/person\/image\/\",\"url\":\"https:\/\/secure.gravatar.com\/avatar\/8266b36e4d9001acb4700699a2468dc8?s=96&d=mm&r=g\",\"contentUrl\":\"https:\/\/secure.gravatar.com\/avatar\/8266b36e4d9001acb4700699a2468dc8?s=96&d=mm&r=g\",\"caption\":\"Juan Ignacio Prieto Nieto\"},\"url\":\"https:\/\/www.asajacyl.com\/soria\/author\/juanfranciscoby\"}]}<\/script>\n<!-- \/ Yoast SEO plugin. -->","yoast_head_json":{"title":"ASAJA Soria, muy pendiente de la evoluci\u00f3n de la dermatosis nodular contagiosa - ASAJA Soria","description":"Reuni\u00f3n esta semana con representantes de la Junta de Castilla y Le\u00f3n para transmitir la preocupaci\u00f3n del sector y a la vez recibir informaci\u00f3n del","robots":{"index":"index","follow":"follow","max-snippet":"max-snippet:-1","max-image-preview":"max-image-preview:large","max-video-preview":"max-video-preview:-1"},"canonical":"https:\/\/www.asajacyl.com\/soria\/asaja-soria-informa\/asaja-soria-muy-pendiente-de-la-evolucion-de-la-dermatosis-nodular-contagiosa3","og_locale":"es_ES","og_type":"article","og_title":"ASAJA Soria, muy pendiente de la evoluci\u00f3n de la dermatosis nodular contagiosa - ASAJA Soria","og_description":"Reuni\u00f3n esta semana con representantes de la Junta de Castilla y Le\u00f3n para transmitir la preocupaci\u00f3n del sector y a la vez recibir informaci\u00f3n del","og_url":"https:\/\/www.asajacyl.com\/soria\/asaja-soria-informa\/asaja-soria-muy-pendiente-de-la-evolucion-de-la-dermatosis-nodular-contagiosa3","og_site_name":"ASAJA Soria","article_published_time":"2025-10-31T10:25:39+00:00","article_modified_time":"2025-10-31T13:24:46+00:00","og_image":[{"width":2500,"height":1875,"url":"https:\/\/www.asajacyl.com\/soria\/wp-content\/uploads\/sites\/9\/2025\/10\/reunion-dermatosis-IMG_8437.jpg","type":"image\/jpeg"}],"author":"Juan Ignacio Prieto Nieto","twitter_card":"summary_large_image","twitter_misc":{"Escrito por":"Juan Ignacio Prieto Nieto","Tiempo de lectura":"3 minutos"},"schema":{"@context":"https:\/\/schema.org","@graph":[{"@type":"WebPage","@id":"https:\/\/www.asajacyl.com\/soria\/asaja-soria-informa\/asaja-soria-muy-pendiente-de-la-evolucion-de-la-dermatosis-nodular-contagiosa3","url":"https:\/\/www.asajacyl.com\/soria\/asaja-soria-informa\/asaja-soria-muy-pendiente-de-la-evolucion-de-la-dermatosis-nodular-contagiosa3","name":"ASAJA Soria, muy pendiente de la evoluci\u00f3n de la dermatosis nodular contagiosa - ASAJA Soria","isPartOf":{"@id":"https:\/\/www.asajacyl.com\/soria\/#website"},"primaryImageOfPage":{"@id":"https:\/\/www.asajacyl.com\/soria\/asaja-soria-informa\/asaja-soria-muy-pendiente-de-la-evolucion-de-la-dermatosis-nodular-contagiosa3#primaryimage"},"image":{"@id":"https:\/\/www.asajacyl.com\/soria\/asaja-soria-informa\/asaja-soria-muy-pendiente-de-la-evolucion-de-la-dermatosis-nodular-contagiosa3#primaryimage"},"thumbnailUrl":"https:\/\/www.asajacyl.com\/soria\/wp-content\/uploads\/sites\/9\/2025\/10\/reunion-dermatosis-IMG_8437.jpg","datePublished":"2025-10-31T10:25:39+00:00","dateModified":"2025-10-31T13:24:46+00:00","author":{"@id":"https:\/\/www.asajacyl.com\/soria\/#\/schema\/person\/fd3081c40255119ce8133b87e6aedfab"},"description":"Reuni\u00f3n esta semana con representantes de la Junta de Castilla y Le\u00f3n para transmitir la preocupaci\u00f3n del sector y a la vez recibir informaci\u00f3n del","breadcrumb":{"@id":"https:\/\/www.asajacyl.com\/soria\/asaja-soria-informa\/asaja-soria-muy-pendiente-de-la-evolucion-de-la-dermatosis-nodular-contagiosa3#breadcrumb"},"inLanguage":"es","potentialAction":[{"@type":"ReadAction","target":["https:\/\/www.asajacyl.com\/soria\/asaja-soria-informa\/asaja-soria-muy-pendiente-de-la-evolucion-de-la-dermatosis-nodular-contagiosa3"]}]},{"@type":"ImageObject","inLanguage":"es","@id":"https:\/\/www.asajacyl.com\/soria\/asaja-soria-informa\/asaja-soria-muy-pendiente-de-la-evolucion-de-la-dermatosis-nodular-contagiosa3#primaryimage","url":"https:\/\/www.asajacyl.com\/soria\/wp-content\/uploads\/sites\/9\/2025\/10\/reunion-dermatosis-IMG_8437.jpg","contentUrl":"https:\/\/www.asajacyl.com\/soria\/wp-content\/uploads\/sites\/9\/2025\/10\/reunion-dermatosis-IMG_8437.jpg","width":2500,"height":1875},{"@type":"BreadcrumbList","@id":"https:\/\/www.asajacyl.com\/soria\/asaja-soria-informa\/asaja-soria-muy-pendiente-de-la-evolucion-de-la-dermatosis-nodular-contagiosa3#breadcrumb","itemListElement":[{"@type":"ListItem","position":1,"name":"Portada","item":"https:\/\/www.asajacyl.com\/soria\/"},{"@type":"ListItem","position":2,"name":"ASAJA Soria, muy pendiente de la evoluci\u00f3n de la dermatosis nodular contagiosa"}]},{"@type":"WebSite","@id":"https:\/\/www.asajacyl.com\/soria\/#website","url":"https:\/\/www.asajacyl.com\/soria\/","name":"ASAJA Soria","description":"Otro sitio m\u00e1s de Provincias ASAJA Castilla y Le\u00f3n","potentialAction":[{"@type":"SearchAction","target":{"@type":"EntryPoint","urlTemplate":"https:\/\/www.asajacyl.com\/soria\/?s={search_term_string}"},"query-input":{"@type":"PropertyValueSpecification","valueRequired":true,"valueName":"search_term_string"}}],"inLanguage":"es"},{"@type":"Person","@id":"https:\/\/www.asajacyl.com\/soria\/#\/schema\/person\/fd3081c40255119ce8133b87e6aedfab","name":"Juan Ignacio Prieto Nieto","image":{"@type":"ImageObject","inLanguage":"es","@id":"https:\/\/www.asajacyl.com\/soria\/#\/schema\/person\/image\/","url":"https:\/\/secure.gravatar.com\/avatar\/8266b36e4d9001acb4700699a2468dc8?s=96&d=mm&r=g","contentUrl":"https:\/\/secure.gravatar.com\/avatar\/8266b36e4d9001acb4700699a2468dc8?s=96&d=mm&r=g","caption":"Juan Ignacio Prieto Nieto"},"url":"https:\/\/www.asajacyl.com\/soria\/author\/juanfranciscoby"}]}},"_links":{"self":[{"href":"https:\/\/www.asajacyl.com\/soria\/wp-json\/wp\/v2\/posts\/9410"}],"collection":[{"href":"https:\/\/www.asajacyl.com\/soria\/wp-json\/wp\/v2\/posts"}],"about":[{"href":"https:\/\/www.asajacyl.com\/soria\/wp-json\/wp\/v2\/types\/post"}],"author":[{"embeddable":true,"href":"https:\/\/www.asajacyl.com\/soria\/wp-json\/wp\/v2\/users\/12"}],"replies":[{"embeddable":true,"href":"https:\/\/www.asajacyl.com\/soria\/wp-json\/wp\/v2\/comments?post=9410"}],"version-history":[{"count":3,"href":"https:\/\/www.asajacyl.com\/soria\/wp-json\/wp\/v2\/posts\/9410\/revisions"}],"predecessor-version":[{"id":9414,"href":"https:\/\/www.asajacyl.com\/soria\/wp-json\/wp\/v2\/posts\/9410\/revisions\/9414"}],"wp:featuredmedia":[{"embeddable":true,"href":"https:\/\/www.asajacyl.com\/soria\/wp-json\/wp\/v2\/media\/9411"}],"wp:attachment":[{"href":"https:\/\/www.asajacyl.com\/soria\/wp-json\/wp\/v2\/media?parent=9410"}],"wp:term":[{"taxonomy":"category","embeddable":true,"href":"https:\/\/www.asajacyl.com\/soria\/wp-json\/wp\/v2\/categories?post=9410"},{"taxonomy":"post_tag","embeddable":true,"href":"https:\/\/www.asajacyl.com\/soria\/wp-json\/wp\/v2\/tags?post=9410"}],"curies":[{"name":"wp","href":"https:\/\/api.w.org\/{rel}","templated":true}]}}