{"id":9422,"date":"2025-11-11T12:31:58","date_gmt":"2025-11-11T11:31:58","guid":{"rendered":"https:\/\/www.asajacyl.com\/soria\/?p=9422"},"modified":"2025-12-19T16:44:12","modified_gmt":"2025-12-19T15:44:12","slug":"la-comision-maquilla-el-mfp-mientras-reduce-los-fondos-de-la-pac-y-deja-al-campo-desprotegido","status":"publish","type":"post","link":"https:\/\/www.asajacyl.com\/soria\/asaja-soria-informa\/la-comision-maquilla-el-mfp-mientras-reduce-los-fondos-de-la-pac-y-deja-al-campo-desprotegido","title":{"rendered":"LA COMISI\u00d3N MAQUILLA EL MFP MIENTRAS REDUCE LOS FONDOS DE LA PAC Y DEJA AL CAMPO DESPROTEGIDO"},"content":{"rendered":"\n<p><strong><em>Bruselas, 10 de noviembre de 2025.-<\/em><\/strong> La Asociaci\u00f3n Agraria J\u00f3venes Agricultores (ASAJA) denuncia que la revisi\u00f3n presentada por la presidenta de la Comisi\u00f3n Europea, Ursula von der Leyen, del Marco Financiero Plurianual (MFP) 2028-2034 constituye un ejercicio de maquillaje pol\u00edtico y un intento de enga\u00f1o tanto al Parlamento Europeo como al conjunto del sector agrario europeo.<\/p>\n<p>Las modificaciones anunciadas no alteran de forma sustancial el fondo \u00fanico ni la estructura financiera de la futura Pol\u00edtica Agr\u00edcola Com\u00fan (PAC), manteniendo los recortes presupuestarios, la p\u00e9rdida de autonom\u00eda y la concentraci\u00f3n de poder en la Comisi\u00f3n Europea. Esta supuesta flexibilidad no satisface las leg\u00edtimas demandas del Parlamento ni de los Estados miembros, y se limita a una maniobra destinada a contener el malestar pol\u00edtico sin ofrecer soluciones reales.<\/p>\n<p>En el \u00e1mbito t\u00e9cnico y presupuestario, la introducci\u00f3n del denominado \u201cObjetivo Rural\u201d, que obliga a destinar al menos un 10 % de los recursos a zonas rurales, se presenta como un avance, pero oculta un recorte estructural del 17,6 % en los pagos b\u00e1sicos de la PAC y una reducci\u00f3n del 40 % en el fondo de desarrollo rural (NRPP). Los 40 millones de euros adicionales anunciados para programas LEADER e infraestructuras rurales resultan insuficientes frente a la magnitud de los recortes acumulados. Asimismo, el traslado de determinados art\u00edculos del Reglamento de los Programas Nacionales y Regionales (PNR) al Reglamento de Ejecuci\u00f3n de la PAC, como las definiciones de agricultor activo, joven agricultor, agricultura ecol\u00f3gica o sistema de conocimiento e innovaci\u00f3n agr\u00edcola, no resuelve el problema de fondo ni garantiza autonom\u00eda ni control presupuestario real.<\/p>\n<p>ASAJA advierte que esta propuesta perjudica gravemente a la agricultura y ganader\u00eda espa\u00f1olas, limitando la capacidad de inversi\u00f3n en desarrollo rural, reduciendo los pagos directos y centralizando la toma de decisiones en los Estados miembros, en detrimento de las comunidades aut\u00f3nomas y de las organizaciones agrarias. Aunque el reconocimiento de un \u201cObjetivo Rural\u201d pueda considerarse un gesto pol\u00edtico, no puede sustituir los fondos de la PAC ni justificar recortes estructurales.<\/p>\n<p>Espa\u00f1a, con su estructura territorial descentralizada y su fuerte representaci\u00f3n regional, necesita garant\u00edas claras de participaci\u00f3n efectiva en la elaboraci\u00f3n, ejecuci\u00f3n y seguimiento de los futuros Planes Nacionales y Regionales.<\/p>\n<p>ASAJA exige al Parlamento Europeo la aprobaci\u00f3n inmediata de una resoluci\u00f3n de urgencia que rechace de manera contundente la propuesta de la Comisi\u00f3n y marque una posici\u00f3n firme en defensa del sector agrario. La organizaci\u00f3n advierte que el debate del pr\u00f3ximo 12 de noviembre solo tendr\u00e1 sentido si se traduce en medidas concretas, y que sin una resoluci\u00f3n firme y vinculante no se avanzar\u00e1 en la defensa real de la PAC ni del campo europeo. ASAJA insta a todos los eurodiputados espa\u00f1oles y europeos a actuar con responsabilidad, pronunciarse p\u00fablicamente contra el MFP 2028-2034 y votar en consecuencia.<\/p>\n<p>Por \u00faltimo, ASAJA anuncia que el pr\u00f3ximo 18 de diciembre el campo europeo se har\u00e1 o\u00edr en Bruselas en una manifestaci\u00f3n hist\u00f3rica, en la que agricultores y ganaderos de toda Europa exigir\u00e1n una PAC con presupuesto propio, objetivos claros y autonom\u00eda real. Asimismo, ASAJA exige al Gobierno de Espa\u00f1a que vote en contra de la propuesta del MFP durante el Consejo Europeo del 18 de diciembre, defendiendo con determinaci\u00f3n los intereses de la agricultura y la ganader\u00eda espa\u00f1olas y oponi\u00e9ndose a un modelo presupuestario que pone en riesgo la sostenibilidad y autonom\u00eda del sector.<\/p>\n\n\n","protected":false},"excerpt":{"rendered":"<p>Bruselas, 10 de noviembre de 2025.- La Asociaci\u00f3n Agraria J\u00f3venes Agricultores (ASAJA) denuncia que la revisi\u00f3n presentada por la presidenta de la Comisi\u00f3n Europea, Ursula von der Leyen, del Marco Financiero Plurianual (MFP) 2028-2034 constituye un ejercicio de maquillaje pol\u00edtico y un intento de enga\u00f1o tanto al Parlamento Europeo como al conjunto del sector agrario [&hellip;]<\/p>\n","protected":false},"author":12,"featured_media":1800,"comment_status":"open","ping_status":"open","sticky":false,"template":"","format":"standard","meta":{"footnotes":""},"categories":[10,25],"tags":[],"yoast_head":"<!-- This site is optimized with the Yoast SEO plugin v24.5 - https:\/\/yoast.com\/wordpress\/plugins\/seo\/ -->\n<title>LA COMISI\u00d3N MAQUILLA EL MFP MIENTRAS REDUCE LOS FONDOS DE LA PAC Y DEJA AL CAMPO DESPROTEGIDO - ASAJA Soria<\/title>\n<meta name=\"description\" content=\"Bruselas, 10 de noviembre de 2025.- La Asociaci\u00f3n Agraria J\u00f3venes Agricultores (ASAJA) denuncia que la revisi\u00f3n presentada por la presidenta de la\" \/>\n<meta name=\"robots\" content=\"index, follow, max-snippet:-1, max-image-preview:large, max-video-preview:-1\" \/>\n<link rel=\"canonical\" href=\"https:\/\/www.asajacyl.com\/soria\/asaja-soria-informa\/la-comision-maquilla-el-mfp-mientras-reduce-los-fondos-de-la-pac-y-deja-al-campo-desprotegido\" \/>\n<meta property=\"og:locale\" content=\"es_ES\" \/>\n<meta property=\"og:type\" content=\"article\" \/>\n<meta property=\"og:title\" content=\"LA COMISI\u00d3N MAQUILLA EL MFP MIENTRAS REDUCE LOS FONDOS DE LA PAC Y DEJA AL CAMPO DESPROTEGIDO - ASAJA Soria\" \/>\n<meta property=\"og:description\" content=\"Bruselas, 10 de noviembre de 2025.- La Asociaci\u00f3n Agraria J\u00f3venes Agricultores (ASAJA) denuncia que la revisi\u00f3n presentada por la presidenta de la\" \/>\n<meta property=\"og:url\" content=\"https:\/\/www.asajacyl.com\/soria\/asaja-soria-informa\/la-comision-maquilla-el-mfp-mientras-reduce-los-fondos-de-la-pac-y-deja-al-campo-desprotegido\" \/>\n<meta property=\"og:site_name\" content=\"ASAJA Soria\" \/>\n<meta property=\"article:published_time\" content=\"2025-11-11T11:31:58+00:00\" \/>\n<meta property=\"article:modified_time\" content=\"2025-12-19T15:44:12+00:00\" \/>\n<meta property=\"og:image\" content=\"https:\/\/www.asajacyl.com\/soria\/wp-content\/uploads\/sites\/9\/2018\/12\/0000956214.jpg\" \/>\n\t<meta property=\"og:image:width\" content=\"770\" \/>\n\t<meta property=\"og:image:height\" content=\"513\" \/>\n\t<meta property=\"og:image:type\" content=\"image\/jpeg\" \/>\n<meta name=\"author\" content=\"Juan Ignacio Prieto Nieto\" \/>\n<meta name=\"twitter:card\" content=\"summary_large_image\" \/>\n<meta name=\"twitter:label1\" content=\"Escrito por\" \/>\n\t<meta name=\"twitter:data1\" content=\"Juan Ignacio Prieto Nieto\" \/>\n\t<meta name=\"twitter:label2\" content=\"Tiempo de lectura\" \/>\n\t<meta name=\"twitter:data2\" content=\"3 minutos\" \/>\n<script type=\"application\/ld+json\" class=\"yoast-schema-graph\">{\"@context\":\"https:\/\/schema.org\",\"@graph\":[{\"@type\":\"WebPage\",\"@id\":\"https:\/\/www.asajacyl.com\/soria\/asaja-soria-informa\/la-comision-maquilla-el-mfp-mientras-reduce-los-fondos-de-la-pac-y-deja-al-campo-desprotegido\",\"url\":\"https:\/\/www.asajacyl.com\/soria\/asaja-soria-informa\/la-comision-maquilla-el-mfp-mientras-reduce-los-fondos-de-la-pac-y-deja-al-campo-desprotegido\",\"name\":\"LA COMISI\u00d3N MAQUILLA EL MFP MIENTRAS REDUCE LOS FONDOS DE LA PAC Y DEJA AL CAMPO DESPROTEGIDO - ASAJA Soria\",\"isPartOf\":{\"@id\":\"https:\/\/www.asajacyl.com\/soria\/#website\"},\"primaryImageOfPage\":{\"@id\":\"https:\/\/www.asajacyl.com\/soria\/asaja-soria-informa\/la-comision-maquilla-el-mfp-mientras-reduce-los-fondos-de-la-pac-y-deja-al-campo-desprotegido#primaryimage\"},\"image\":{\"@id\":\"https:\/\/www.asajacyl.com\/soria\/asaja-soria-informa\/la-comision-maquilla-el-mfp-mientras-reduce-los-fondos-de-la-pac-y-deja-al-campo-desprotegido#primaryimage\"},\"thumbnailUrl\":\"https:\/\/www.asajacyl.com\/soria\/wp-content\/uploads\/sites\/9\/2018\/12\/0000956214.jpg\",\"datePublished\":\"2025-11-11T11:31:58+00:00\",\"dateModified\":\"2025-12-19T15:44:12+00:00\",\"author\":{\"@id\":\"https:\/\/www.asajacyl.com\/soria\/#\/schema\/person\/fd3081c40255119ce8133b87e6aedfab\"},\"description\":\"Bruselas, 10 de noviembre de 2025.- La Asociaci\u00f3n Agraria J\u00f3venes Agricultores (ASAJA) denuncia que la revisi\u00f3n presentada por la presidenta de la\",\"breadcrumb\":{\"@id\":\"https:\/\/www.asajacyl.com\/soria\/asaja-soria-informa\/la-comision-maquilla-el-mfp-mientras-reduce-los-fondos-de-la-pac-y-deja-al-campo-desprotegido#breadcrumb\"},\"inLanguage\":\"es\",\"potentialAction\":[{\"@type\":\"ReadAction\",\"target\":[\"https:\/\/www.asajacyl.com\/soria\/asaja-soria-informa\/la-comision-maquilla-el-mfp-mientras-reduce-los-fondos-de-la-pac-y-deja-al-campo-desprotegido\"]}]},{\"@type\":\"ImageObject\",\"inLanguage\":\"es\",\"@id\":\"https:\/\/www.asajacyl.com\/soria\/asaja-soria-informa\/la-comision-maquilla-el-mfp-mientras-reduce-los-fondos-de-la-pac-y-deja-al-campo-desprotegido#primaryimage\",\"url\":\"https:\/\/www.asajacyl.com\/soria\/wp-content\/uploads\/sites\/9\/2018\/12\/0000956214.jpg\",\"contentUrl\":\"https:\/\/www.asajacyl.com\/soria\/wp-content\/uploads\/sites\/9\/2018\/12\/0000956214.jpg\",\"width\":770,\"height\":513},{\"@type\":\"BreadcrumbList\",\"@id\":\"https:\/\/www.asajacyl.com\/soria\/asaja-soria-informa\/la-comision-maquilla-el-mfp-mientras-reduce-los-fondos-de-la-pac-y-deja-al-campo-desprotegido#breadcrumb\",\"itemListElement\":[{\"@type\":\"ListItem\",\"position\":1,\"name\":\"Portada\",\"item\":\"https:\/\/www.asajacyl.com\/soria\/\"},{\"@type\":\"ListItem\",\"position\":2,\"name\":\"LA COMISI\u00d3N MAQUILLA EL MFP MIENTRAS REDUCE LOS FONDOS DE LA PAC Y DEJA AL CAMPO DESPROTEGIDO\"}]},{\"@type\":\"WebSite\",\"@id\":\"https:\/\/www.asajacyl.com\/soria\/#website\",\"url\":\"https:\/\/www.asajacyl.com\/soria\/\",\"name\":\"ASAJA Soria\",\"description\":\"Otro sitio m\u00e1s de Provincias ASAJA Castilla y Le\u00f3n\",\"potentialAction\":[{\"@type\":\"SearchAction\",\"target\":{\"@type\":\"EntryPoint\",\"urlTemplate\":\"https:\/\/www.asajacyl.com\/soria\/?s={search_term_string}\"},\"query-input\":{\"@type\":\"PropertyValueSpecification\",\"valueRequired\":true,\"valueName\":\"search_term_string\"}}],\"inLanguage\":\"es\"},{\"@type\":\"Person\",\"@id\":\"https:\/\/www.asajacyl.com\/soria\/#\/schema\/person\/fd3081c40255119ce8133b87e6aedfab\",\"name\":\"Juan Ignacio Prieto Nieto\",\"image\":{\"@type\":\"ImageObject\",\"inLanguage\":\"es\",\"@id\":\"https:\/\/www.asajacyl.com\/soria\/#\/schema\/person\/image\/\",\"url\":\"https:\/\/secure.gravatar.com\/avatar\/8266b36e4d9001acb4700699a2468dc8?s=96&d=mm&r=g\",\"contentUrl\":\"https:\/\/secure.gravatar.com\/avatar\/8266b36e4d9001acb4700699a2468dc8?s=96&d=mm&r=g\",\"caption\":\"Juan Ignacio Prieto Nieto\"},\"url\":\"https:\/\/www.asajacyl.com\/soria\/author\/juanfranciscoby\"}]}<\/script>\n<!-- \/ Yoast SEO plugin. -->","yoast_head_json":{"title":"LA COMISI\u00d3N MAQUILLA EL MFP MIENTRAS REDUCE LOS FONDOS DE LA PAC Y DEJA AL CAMPO DESPROTEGIDO - ASAJA Soria","description":"Bruselas, 10 de noviembre de 2025.- La Asociaci\u00f3n Agraria J\u00f3venes Agricultores (ASAJA) denuncia que la revisi\u00f3n presentada por la presidenta de la","robots":{"index":"index","follow":"follow","max-snippet":"max-snippet:-1","max-image-preview":"max-image-preview:large","max-video-preview":"max-video-preview:-1"},"canonical":"https:\/\/www.asajacyl.com\/soria\/asaja-soria-informa\/la-comision-maquilla-el-mfp-mientras-reduce-los-fondos-de-la-pac-y-deja-al-campo-desprotegido","og_locale":"es_ES","og_type":"article","og_title":"LA COMISI\u00d3N MAQUILLA EL MFP MIENTRAS REDUCE LOS FONDOS DE LA PAC Y DEJA AL CAMPO DESPROTEGIDO - ASAJA Soria","og_description":"Bruselas, 10 de noviembre de 2025.- La Asociaci\u00f3n Agraria J\u00f3venes Agricultores (ASAJA) denuncia que la revisi\u00f3n presentada por la presidenta de la","og_url":"https:\/\/www.asajacyl.com\/soria\/asaja-soria-informa\/la-comision-maquilla-el-mfp-mientras-reduce-los-fondos-de-la-pac-y-deja-al-campo-desprotegido","og_site_name":"ASAJA Soria","article_published_time":"2025-11-11T11:31:58+00:00","article_modified_time":"2025-12-19T15:44:12+00:00","og_image":[{"width":770,"height":513,"url":"https:\/\/www.asajacyl.com\/soria\/wp-content\/uploads\/sites\/9\/2018\/12\/0000956214.jpg","type":"image\/jpeg"}],"author":"Juan Ignacio Prieto Nieto","twitter_card":"summary_large_image","twitter_misc":{"Escrito por":"Juan Ignacio Prieto Nieto","Tiempo de lectura":"3 minutos"},"schema":{"@context":"https:\/\/schema.org","@graph":[{"@type":"WebPage","@id":"https:\/\/www.asajacyl.com\/soria\/asaja-soria-informa\/la-comision-maquilla-el-mfp-mientras-reduce-los-fondos-de-la-pac-y-deja-al-campo-desprotegido","url":"https:\/\/www.asajacyl.com\/soria\/asaja-soria-informa\/la-comision-maquilla-el-mfp-mientras-reduce-los-fondos-de-la-pac-y-deja-al-campo-desprotegido","name":"LA COMISI\u00d3N MAQUILLA EL MFP MIENTRAS REDUCE LOS FONDOS DE LA PAC Y DEJA AL CAMPO DESPROTEGIDO - ASAJA Soria","isPartOf":{"@id":"https:\/\/www.asajacyl.com\/soria\/#website"},"primaryImageOfPage":{"@id":"https:\/\/www.asajacyl.com\/soria\/asaja-soria-informa\/la-comision-maquilla-el-mfp-mientras-reduce-los-fondos-de-la-pac-y-deja-al-campo-desprotegido#primaryimage"},"image":{"@id":"https:\/\/www.asajacyl.com\/soria\/asaja-soria-informa\/la-comision-maquilla-el-mfp-mientras-reduce-los-fondos-de-la-pac-y-deja-al-campo-desprotegido#primaryimage"},"thumbnailUrl":"https:\/\/www.asajacyl.com\/soria\/wp-content\/uploads\/sites\/9\/2018\/12\/0000956214.jpg","datePublished":"2025-11-11T11:31:58+00:00","dateModified":"2025-12-19T15:44:12+00:00","author":{"@id":"https:\/\/www.asajacyl.com\/soria\/#\/schema\/person\/fd3081c40255119ce8133b87e6aedfab"},"description":"Bruselas, 10 de noviembre de 2025.- La Asociaci\u00f3n Agraria J\u00f3venes Agricultores (ASAJA) denuncia que la revisi\u00f3n presentada por la presidenta de la","breadcrumb":{"@id":"https:\/\/www.asajacyl.com\/soria\/asaja-soria-informa\/la-comision-maquilla-el-mfp-mientras-reduce-los-fondos-de-la-pac-y-deja-al-campo-desprotegido#breadcrumb"},"inLanguage":"es","potentialAction":[{"@type":"ReadAction","target":["https:\/\/www.asajacyl.com\/soria\/asaja-soria-informa\/la-comision-maquilla-el-mfp-mientras-reduce-los-fondos-de-la-pac-y-deja-al-campo-desprotegido"]}]},{"@type":"ImageObject","inLanguage":"es","@id":"https:\/\/www.asajacyl.com\/soria\/asaja-soria-informa\/la-comision-maquilla-el-mfp-mientras-reduce-los-fondos-de-la-pac-y-deja-al-campo-desprotegido#primaryimage","url":"https:\/\/www.asajacyl.com\/soria\/wp-content\/uploads\/sites\/9\/2018\/12\/0000956214.jpg","contentUrl":"https:\/\/www.asajacyl.com\/soria\/wp-content\/uploads\/sites\/9\/2018\/12\/0000956214.jpg","width":770,"height":513},{"@type":"BreadcrumbList","@id":"https:\/\/www.asajacyl.com\/soria\/asaja-soria-informa\/la-comision-maquilla-el-mfp-mientras-reduce-los-fondos-de-la-pac-y-deja-al-campo-desprotegido#breadcrumb","itemListElement":[{"@type":"ListItem","position":1,"name":"Portada","item":"https:\/\/www.asajacyl.com\/soria\/"},{"@type":"ListItem","position":2,"name":"LA COMISI\u00d3N MAQUILLA EL MFP MIENTRAS REDUCE LOS FONDOS DE LA PAC Y DEJA AL CAMPO DESPROTEGIDO"}]},{"@type":"WebSite","@id":"https:\/\/www.asajacyl.com\/soria\/#website","url":"https:\/\/www.asajacyl.com\/soria\/","name":"ASAJA Soria","description":"Otro sitio m\u00e1s de Provincias ASAJA Castilla y Le\u00f3n","potentialAction":[{"@type":"SearchAction","target":{"@type":"EntryPoint","urlTemplate":"https:\/\/www.asajacyl.com\/soria\/?s={search_term_string}"},"query-input":{"@type":"PropertyValueSpecification","valueRequired":true,"valueName":"search_term_string"}}],"inLanguage":"es"},{"@type":"Person","@id":"https:\/\/www.asajacyl.com\/soria\/#\/schema\/person\/fd3081c40255119ce8133b87e6aedfab","name":"Juan Ignacio Prieto Nieto","image":{"@type":"ImageObject","inLanguage":"es","@id":"https:\/\/www.asajacyl.com\/soria\/#\/schema\/person\/image\/","url":"https:\/\/secure.gravatar.com\/avatar\/8266b36e4d9001acb4700699a2468dc8?s=96&d=mm&r=g","contentUrl":"https:\/\/secure.gravatar.com\/avatar\/8266b36e4d9001acb4700699a2468dc8?s=96&d=mm&r=g","caption":"Juan Ignacio Prieto Nieto"},"url":"https:\/\/www.asajacyl.com\/soria\/author\/juanfranciscoby"}]}},"_links":{"self":[{"href":"https:\/\/www.asajacyl.com\/soria\/wp-json\/wp\/v2\/posts\/9422"}],"collection":[{"href":"https:\/\/www.asajacyl.com\/soria\/wp-json\/wp\/v2\/posts"}],"about":[{"href":"https:\/\/www.asajacyl.com\/soria\/wp-json\/wp\/v2\/types\/post"}],"author":[{"embeddable":true,"href":"https:\/\/www.asajacyl.com\/soria\/wp-json\/wp\/v2\/users\/12"}],"replies":[{"embeddable":true,"href":"https:\/\/www.asajacyl.com\/soria\/wp-json\/wp\/v2\/comments?post=9422"}],"version-history":[{"count":1,"href":"https:\/\/www.asajacyl.com\/soria\/wp-json\/wp\/v2\/posts\/9422\/revisions"}],"predecessor-version":[{"id":9423,"href":"https:\/\/www.asajacyl.com\/soria\/wp-json\/wp\/v2\/posts\/9422\/revisions\/9423"}],"wp:featuredmedia":[{"embeddable":true,"href":"https:\/\/www.asajacyl.com\/soria\/wp-json\/wp\/v2\/media\/1800"}],"wp:attachment":[{"href":"https:\/\/www.asajacyl.com\/soria\/wp-json\/wp\/v2\/media?parent=9422"}],"wp:term":[{"taxonomy":"category","embeddable":true,"href":"https:\/\/www.asajacyl.com\/soria\/wp-json\/wp\/v2\/categories?post=9422"},{"taxonomy":"post_tag","embeddable":true,"href":"https:\/\/www.asajacyl.com\/soria\/wp-json\/wp\/v2\/tags?post=9422"}],"curies":[{"name":"wp","href":"https:\/\/api.w.org\/{rel}","templated":true}]}}