{"id":9424,"date":"2025-11-11T12:37:23","date_gmt":"2025-11-11T11:37:23","guid":{"rendered":"https:\/\/www.asajacyl.com\/soria\/?p=9424"},"modified":"2025-11-11T12:39:05","modified_gmt":"2025-11-11T11:39:05","slug":"articulo-de-opinion-revista-167-asaja-soria","status":"publish","type":"post","link":"https:\/\/www.asajacyl.com\/soria\/asaja-soria-informa\/articulo-de-opinion-revista-167-asaja-soria","title":{"rendered":"ART\u00cdCULO DE OPINI\u00d3N. REVISTA 167 ASAJA SORIA"},"content":{"rendered":"\n\n\n\n\n<p>S\u00e9 que muchos os lo imaginar\u00e9is, pero os aseguro que los avances en los despachos de Bruselas exigen mucho trabajo t\u00e9cnico y de coordinaci\u00f3n, y hoy por hoy son los m\u00e1s eficaces y reales para mejorar las condiciones de cada uno de nuestros agricultores y ganaderos.\u00a0Un cambio de orientaci\u00f3n en una sola norma significa todo para muchas explotaciones. Las protestas en la calle son nuestra se\u00f1a de identidad y son m\u00e1s visibles, a las que nunca renunciamos si las consideramos adecuadas y\/o cuanto lo piden los socios, pero el trabajo callado y constante de nuestra organizaci\u00f3n es esencial y cada vez lo va a ser m\u00e1s.<\/p>\n<p>Nos estamos jugando mucho en esta futura PAC. Como dijo hace poco Donaciano Dujo, la pr\u00f3xima PAC 28-34 ser\u00e1 la \u00faltima PAC para m\u00e1s de la mitad de los agricultores profesionales que hoy cotizan a la Seguridad Social. Es significa que la PAC tiene que sostener las bases del futuro de un sector que garantiza una alimentaci\u00f3n de calidad, la vida en el medio rural, y la conservaci\u00f3n del medio ambiente. La sociedad puede ver estas palabras como muy buc\u00f3licas o excesivamente rimbombantes, pero en el fondo esa misma sociedad se est\u00e1 dando cuenta, y m\u00e1s cuenta se va a dar en adelante, de que algunos responsables p\u00fablicos con decisiones incomprensibles est\u00e1n llamando a la puerta para desmantelar nuestra soberan\u00eda alimentaria. En lugar de fortalecer nuestro tejido productivo, est\u00e1n aumentando la dependencia del exterior y, al final, terminaremos poniendo en la mesa comida escasa, de dudosa calidad e ignota procedencia. Y esa mesa no es solamente la de mi casa, es la de la casa de un alba\u00f1il o la de un alto ejecutivo.<\/p>\n<p>A veces tenemos la sensaci\u00f3n de que la Uni\u00f3n Europea no se opone con firmeza a algunas normas da\u00f1inas porque no son ellos quienes van a pagar los perjuicios que esto ocasionar\u00e1. Hace poco escuch\u00e9 en una junta directiva nacional de ASAJA un par de frases que me hicieron reflexionar: \u201clos agricultores ni los consumidores tienen d\u00f3nde repercutir las consecuencias de errores o cantos al sol de Bruselas. A la Uni\u00f3n Europea le falta mucho liderazgo, va como pollo sin cabeza, y a menudo no sabe defendernos\u201d.<\/p>\n<p>Ya dije a los medios de comunicaci\u00f3n en nuestra convocatoria de la asamblea hace medio a\u00f1o que la situaci\u00f3n de precios est\u00e1 repercutiendo en un descenso dr\u00e1stico de las siembras del cereal. Soria ha dejado de sembrar m\u00e1s de 40.000 hect\u00e1reas de cereal, que es casi una cuarta parte del total en la provincia. Si no se soluciona el problema de rentabilidad, el desenlace es claro: llevar\u00e1 a la desaparici\u00f3n casi total del secano. Las producciones provinciales cumplen los est\u00e1ndares europeos y espa\u00f1oles de cumplimiento de medidas de protecci\u00f3n del medio ambiente, salud p\u00fablica y salud animal, algo que se cambia por otro cereal producido en condiciones rusas y ucranias que \u201cvete t\u00fa \u00a0a saber\u201d y que, adem\u00e1s de rebajar la seguridad de nuestros ciudadanos, no contribuye en la misma medida a los retos ambientales que tanto preocupan a muchos y que cuya distorsi\u00f3n del mercado adem\u00e1s lleva a la ruina a los profesionales de aqu\u00ed. Recordemos que en los a\u00f1os 80 un litro de gasoil costaba poco m\u00e1s de 7 pesetas, y el agricultor vend\u00eda el kilo de cebada a 30 pesetas, mientras que en la actualidad el litro de gasoil cuesta casi 200 pesetas y el agricultor contin\u00faa vendiendo el kilo de cereal a poco m\u00e1s de 30 pesetas. Por eso, desde ASAJA queremos recibir por el fruto de nuestro trabajo unos precios acordes con los costes y que nos permitan vivir, y de paso hacer rentable esta profesi\u00f3n y asegurar el relevo generacional.<\/p>\n<p>La Uni\u00f3n Europa se cre\u00f3 para proporcionar un marco de estabilidad y seguridad a sus estados miembro. Con el paso del tiempo, los efectos de la globalizaci\u00f3n y el ambientalismo radical han ido avanzando hasta dejar en un segundo plano el gran valor que alg\u00fan d\u00eda tuvo la soberan\u00eda alimentaria. Europa no puede permitirse pol\u00edticas que erosionan su propia capacidad productiva. Por eso,\u00a0desde\u00a0ASAJA\u00a0proponemos\u00a0medidas que, en lugar de castigar al sector, le den herramientas para adaptarse. Sabemos sacrificarnos, lo hemos demostrado, y sabemos estar a la vanguardia de lo que quiere la sociedad de nosotros, nos gustan los retos. Y, sobre todo, porque queremos algo que es tremendamente sencillo y a la vez parece imposible en muchos momentos:\u00a0que nuestros agricultores y ganaderos de Soria tengan lo que se merecen, una forma de ganarse la vida digna y socialmente reconocida.<\/p>\n<p>\u00a0<\/p>\n<p>\u00a0<\/p>\n<p>ANA PASTOR SORIA<\/p>\n<p>PRESIDENTA DE ASAJA SORIA<\/p>\n","protected":false},"excerpt":{"rendered":"<p>S\u00e9 que muchos os lo imaginar\u00e9is, pero os aseguro que los avances en los despachos de Bruselas exigen mucho trabajo t\u00e9cnico y de coordinaci\u00f3n, y hoy por hoy son los m\u00e1s eficaces y reales para mejorar las condiciones de cada uno de nuestros agricultores y ganaderos.\u00a0Un cambio de orientaci\u00f3n en una sola norma significa todo [&hellip;]<\/p>\n","protected":false},"author":12,"featured_media":8949,"comment_status":"open","ping_status":"open","sticky":false,"template":"","format":"standard","meta":{"footnotes":""},"categories":[10,28],"tags":[],"yoast_head":"<!-- This site is optimized with the Yoast SEO plugin v24.5 - https:\/\/yoast.com\/wordpress\/plugins\/seo\/ -->\n<title>ART\u00cdCULO DE OPINI\u00d3N. REVISTA 167 ASAJA SORIA - ASAJA Soria<\/title>\n<meta name=\"description\" content=\"S\u00e9 que muchos os lo imaginar\u00e9is, pero os aseguro que los avances en los despachos de Bruselas exigen mucho trabajo t\u00e9cnico y de coordinaci\u00f3n, y hoy por\" \/>\n<meta name=\"robots\" content=\"index, follow, max-snippet:-1, max-image-preview:large, max-video-preview:-1\" \/>\n<link rel=\"canonical\" href=\"https:\/\/www.asajacyl.com\/soria\/asaja-soria-informa\/articulo-de-opinion-revista-167-asaja-soria\" \/>\n<meta property=\"og:locale\" content=\"es_ES\" \/>\n<meta property=\"og:type\" content=\"article\" \/>\n<meta property=\"og:title\" content=\"ART\u00cdCULO DE OPINI\u00d3N. REVISTA 167 ASAJA SORIA - ASAJA Soria\" \/>\n<meta property=\"og:description\" content=\"S\u00e9 que muchos os lo imaginar\u00e9is, pero os aseguro que los avances en los despachos de Bruselas exigen mucho trabajo t\u00e9cnico y de coordinaci\u00f3n, y hoy por\" \/>\n<meta property=\"og:url\" content=\"https:\/\/www.asajacyl.com\/soria\/asaja-soria-informa\/articulo-de-opinion-revista-167-asaja-soria\" \/>\n<meta property=\"og:site_name\" content=\"ASAJA Soria\" \/>\n<meta property=\"article:published_time\" content=\"2025-11-11T11:37:23+00:00\" \/>\n<meta property=\"article:modified_time\" content=\"2025-11-11T11:39:05+00:00\" \/>\n<meta property=\"og:image\" content=\"https:\/\/www.asajacyl.com\/soria\/wp-content\/uploads\/sites\/9\/2025\/04\/IMG_7209.jpg\" \/>\n\t<meta property=\"og:image:width\" content=\"1863\" \/>\n\t<meta property=\"og:image:height\" content=\"2500\" \/>\n\t<meta property=\"og:image:type\" content=\"image\/jpeg\" \/>\n<meta name=\"author\" content=\"Juan Ignacio Prieto Nieto\" \/>\n<meta name=\"twitter:card\" content=\"summary_large_image\" \/>\n<meta name=\"twitter:label1\" content=\"Escrito por\" \/>\n\t<meta name=\"twitter:data1\" content=\"Juan Ignacio Prieto Nieto\" \/>\n\t<meta name=\"twitter:label2\" content=\"Tiempo de lectura\" \/>\n\t<meta name=\"twitter:data2\" content=\"4 minutos\" \/>\n<script type=\"application\/ld+json\" class=\"yoast-schema-graph\">{\"@context\":\"https:\/\/schema.org\",\"@graph\":[{\"@type\":\"WebPage\",\"@id\":\"https:\/\/www.asajacyl.com\/soria\/asaja-soria-informa\/articulo-de-opinion-revista-167-asaja-soria\",\"url\":\"https:\/\/www.asajacyl.com\/soria\/asaja-soria-informa\/articulo-de-opinion-revista-167-asaja-soria\",\"name\":\"ART\u00cdCULO DE OPINI\u00d3N. REVISTA 167 ASAJA SORIA - ASAJA Soria\",\"isPartOf\":{\"@id\":\"https:\/\/www.asajacyl.com\/soria\/#website\"},\"primaryImageOfPage\":{\"@id\":\"https:\/\/www.asajacyl.com\/soria\/asaja-soria-informa\/articulo-de-opinion-revista-167-asaja-soria#primaryimage\"},\"image\":{\"@id\":\"https:\/\/www.asajacyl.com\/soria\/asaja-soria-informa\/articulo-de-opinion-revista-167-asaja-soria#primaryimage\"},\"thumbnailUrl\":\"https:\/\/www.asajacyl.com\/soria\/wp-content\/uploads\/sites\/9\/2025\/04\/IMG_7209.jpg\",\"datePublished\":\"2025-11-11T11:37:23+00:00\",\"dateModified\":\"2025-11-11T11:39:05+00:00\",\"author\":{\"@id\":\"https:\/\/www.asajacyl.com\/soria\/#\/schema\/person\/fd3081c40255119ce8133b87e6aedfab\"},\"description\":\"S\u00e9 que muchos os lo imaginar\u00e9is, pero os aseguro que los avances en los despachos de Bruselas exigen mucho trabajo t\u00e9cnico y de coordinaci\u00f3n, y hoy por\",\"breadcrumb\":{\"@id\":\"https:\/\/www.asajacyl.com\/soria\/asaja-soria-informa\/articulo-de-opinion-revista-167-asaja-soria#breadcrumb\"},\"inLanguage\":\"es\",\"potentialAction\":[{\"@type\":\"ReadAction\",\"target\":[\"https:\/\/www.asajacyl.com\/soria\/asaja-soria-informa\/articulo-de-opinion-revista-167-asaja-soria\"]}]},{\"@type\":\"ImageObject\",\"inLanguage\":\"es\",\"@id\":\"https:\/\/www.asajacyl.com\/soria\/asaja-soria-informa\/articulo-de-opinion-revista-167-asaja-soria#primaryimage\",\"url\":\"https:\/\/www.asajacyl.com\/soria\/wp-content\/uploads\/sites\/9\/2025\/04\/IMG_7209.jpg\",\"contentUrl\":\"https:\/\/www.asajacyl.com\/soria\/wp-content\/uploads\/sites\/9\/2025\/04\/IMG_7209.jpg\",\"width\":1863,\"height\":2500},{\"@type\":\"BreadcrumbList\",\"@id\":\"https:\/\/www.asajacyl.com\/soria\/asaja-soria-informa\/articulo-de-opinion-revista-167-asaja-soria#breadcrumb\",\"itemListElement\":[{\"@type\":\"ListItem\",\"position\":1,\"name\":\"Portada\",\"item\":\"https:\/\/www.asajacyl.com\/soria\/\"},{\"@type\":\"ListItem\",\"position\":2,\"name\":\"ART\u00cdCULO DE OPINI\u00d3N. REVISTA 167 ASAJA SORIA\"}]},{\"@type\":\"WebSite\",\"@id\":\"https:\/\/www.asajacyl.com\/soria\/#website\",\"url\":\"https:\/\/www.asajacyl.com\/soria\/\",\"name\":\"ASAJA Soria\",\"description\":\"Otro sitio m\u00e1s de Provincias ASAJA Castilla y Le\u00f3n\",\"potentialAction\":[{\"@type\":\"SearchAction\",\"target\":{\"@type\":\"EntryPoint\",\"urlTemplate\":\"https:\/\/www.asajacyl.com\/soria\/?s={search_term_string}\"},\"query-input\":{\"@type\":\"PropertyValueSpecification\",\"valueRequired\":true,\"valueName\":\"search_term_string\"}}],\"inLanguage\":\"es\"},{\"@type\":\"Person\",\"@id\":\"https:\/\/www.asajacyl.com\/soria\/#\/schema\/person\/fd3081c40255119ce8133b87e6aedfab\",\"name\":\"Juan Ignacio Prieto Nieto\",\"image\":{\"@type\":\"ImageObject\",\"inLanguage\":\"es\",\"@id\":\"https:\/\/www.asajacyl.com\/soria\/#\/schema\/person\/image\/\",\"url\":\"https:\/\/secure.gravatar.com\/avatar\/8266b36e4d9001acb4700699a2468dc8?s=96&d=mm&r=g\",\"contentUrl\":\"https:\/\/secure.gravatar.com\/avatar\/8266b36e4d9001acb4700699a2468dc8?s=96&d=mm&r=g\",\"caption\":\"Juan Ignacio Prieto Nieto\"},\"url\":\"https:\/\/www.asajacyl.com\/soria\/author\/juanfranciscoby\"}]}<\/script>\n<!-- \/ Yoast SEO plugin. -->","yoast_head_json":{"title":"ART\u00cdCULO DE OPINI\u00d3N. REVISTA 167 ASAJA SORIA - ASAJA Soria","description":"S\u00e9 que muchos os lo imaginar\u00e9is, pero os aseguro que los avances en los despachos de Bruselas exigen mucho trabajo t\u00e9cnico y de coordinaci\u00f3n, y hoy por","robots":{"index":"index","follow":"follow","max-snippet":"max-snippet:-1","max-image-preview":"max-image-preview:large","max-video-preview":"max-video-preview:-1"},"canonical":"https:\/\/www.asajacyl.com\/soria\/asaja-soria-informa\/articulo-de-opinion-revista-167-asaja-soria","og_locale":"es_ES","og_type":"article","og_title":"ART\u00cdCULO DE OPINI\u00d3N. REVISTA 167 ASAJA SORIA - ASAJA Soria","og_description":"S\u00e9 que muchos os lo imaginar\u00e9is, pero os aseguro que los avances en los despachos de Bruselas exigen mucho trabajo t\u00e9cnico y de coordinaci\u00f3n, y hoy por","og_url":"https:\/\/www.asajacyl.com\/soria\/asaja-soria-informa\/articulo-de-opinion-revista-167-asaja-soria","og_site_name":"ASAJA Soria","article_published_time":"2025-11-11T11:37:23+00:00","article_modified_time":"2025-11-11T11:39:05+00:00","og_image":[{"width":1863,"height":2500,"url":"https:\/\/www.asajacyl.com\/soria\/wp-content\/uploads\/sites\/9\/2025\/04\/IMG_7209.jpg","type":"image\/jpeg"}],"author":"Juan Ignacio Prieto Nieto","twitter_card":"summary_large_image","twitter_misc":{"Escrito por":"Juan Ignacio Prieto Nieto","Tiempo de lectura":"4 minutos"},"schema":{"@context":"https:\/\/schema.org","@graph":[{"@type":"WebPage","@id":"https:\/\/www.asajacyl.com\/soria\/asaja-soria-informa\/articulo-de-opinion-revista-167-asaja-soria","url":"https:\/\/www.asajacyl.com\/soria\/asaja-soria-informa\/articulo-de-opinion-revista-167-asaja-soria","name":"ART\u00cdCULO DE OPINI\u00d3N. REVISTA 167 ASAJA SORIA - ASAJA Soria","isPartOf":{"@id":"https:\/\/www.asajacyl.com\/soria\/#website"},"primaryImageOfPage":{"@id":"https:\/\/www.asajacyl.com\/soria\/asaja-soria-informa\/articulo-de-opinion-revista-167-asaja-soria#primaryimage"},"image":{"@id":"https:\/\/www.asajacyl.com\/soria\/asaja-soria-informa\/articulo-de-opinion-revista-167-asaja-soria#primaryimage"},"thumbnailUrl":"https:\/\/www.asajacyl.com\/soria\/wp-content\/uploads\/sites\/9\/2025\/04\/IMG_7209.jpg","datePublished":"2025-11-11T11:37:23+00:00","dateModified":"2025-11-11T11:39:05+00:00","author":{"@id":"https:\/\/www.asajacyl.com\/soria\/#\/schema\/person\/fd3081c40255119ce8133b87e6aedfab"},"description":"S\u00e9 que muchos os lo imaginar\u00e9is, pero os aseguro que los avances en los despachos de Bruselas exigen mucho trabajo t\u00e9cnico y de coordinaci\u00f3n, y hoy por","breadcrumb":{"@id":"https:\/\/www.asajacyl.com\/soria\/asaja-soria-informa\/articulo-de-opinion-revista-167-asaja-soria#breadcrumb"},"inLanguage":"es","potentialAction":[{"@type":"ReadAction","target":["https:\/\/www.asajacyl.com\/soria\/asaja-soria-informa\/articulo-de-opinion-revista-167-asaja-soria"]}]},{"@type":"ImageObject","inLanguage":"es","@id":"https:\/\/www.asajacyl.com\/soria\/asaja-soria-informa\/articulo-de-opinion-revista-167-asaja-soria#primaryimage","url":"https:\/\/www.asajacyl.com\/soria\/wp-content\/uploads\/sites\/9\/2025\/04\/IMG_7209.jpg","contentUrl":"https:\/\/www.asajacyl.com\/soria\/wp-content\/uploads\/sites\/9\/2025\/04\/IMG_7209.jpg","width":1863,"height":2500},{"@type":"BreadcrumbList","@id":"https:\/\/www.asajacyl.com\/soria\/asaja-soria-informa\/articulo-de-opinion-revista-167-asaja-soria#breadcrumb","itemListElement":[{"@type":"ListItem","position":1,"name":"Portada","item":"https:\/\/www.asajacyl.com\/soria\/"},{"@type":"ListItem","position":2,"name":"ART\u00cdCULO DE OPINI\u00d3N. REVISTA 167 ASAJA SORIA"}]},{"@type":"WebSite","@id":"https:\/\/www.asajacyl.com\/soria\/#website","url":"https:\/\/www.asajacyl.com\/soria\/","name":"ASAJA Soria","description":"Otro sitio m\u00e1s de Provincias ASAJA Castilla y Le\u00f3n","potentialAction":[{"@type":"SearchAction","target":{"@type":"EntryPoint","urlTemplate":"https:\/\/www.asajacyl.com\/soria\/?s={search_term_string}"},"query-input":{"@type":"PropertyValueSpecification","valueRequired":true,"valueName":"search_term_string"}}],"inLanguage":"es"},{"@type":"Person","@id":"https:\/\/www.asajacyl.com\/soria\/#\/schema\/person\/fd3081c40255119ce8133b87e6aedfab","name":"Juan Ignacio Prieto Nieto","image":{"@type":"ImageObject","inLanguage":"es","@id":"https:\/\/www.asajacyl.com\/soria\/#\/schema\/person\/image\/","url":"https:\/\/secure.gravatar.com\/avatar\/8266b36e4d9001acb4700699a2468dc8?s=96&d=mm&r=g","contentUrl":"https:\/\/secure.gravatar.com\/avatar\/8266b36e4d9001acb4700699a2468dc8?s=96&d=mm&r=g","caption":"Juan Ignacio Prieto Nieto"},"url":"https:\/\/www.asajacyl.com\/soria\/author\/juanfranciscoby"}]}},"_links":{"self":[{"href":"https:\/\/www.asajacyl.com\/soria\/wp-json\/wp\/v2\/posts\/9424"}],"collection":[{"href":"https:\/\/www.asajacyl.com\/soria\/wp-json\/wp\/v2\/posts"}],"about":[{"href":"https:\/\/www.asajacyl.com\/soria\/wp-json\/wp\/v2\/types\/post"}],"author":[{"embeddable":true,"href":"https:\/\/www.asajacyl.com\/soria\/wp-json\/wp\/v2\/users\/12"}],"replies":[{"embeddable":true,"href":"https:\/\/www.asajacyl.com\/soria\/wp-json\/wp\/v2\/comments?post=9424"}],"version-history":[{"count":1,"href":"https:\/\/www.asajacyl.com\/soria\/wp-json\/wp\/v2\/posts\/9424\/revisions"}],"predecessor-version":[{"id":9425,"href":"https:\/\/www.asajacyl.com\/soria\/wp-json\/wp\/v2\/posts\/9424\/revisions\/9425"}],"wp:featuredmedia":[{"embeddable":true,"href":"https:\/\/www.asajacyl.com\/soria\/wp-json\/wp\/v2\/media\/8949"}],"wp:attachment":[{"href":"https:\/\/www.asajacyl.com\/soria\/wp-json\/wp\/v2\/media?parent=9424"}],"wp:term":[{"taxonomy":"category","embeddable":true,"href":"https:\/\/www.asajacyl.com\/soria\/wp-json\/wp\/v2\/categories?post=9424"},{"taxonomy":"post_tag","embeddable":true,"href":"https:\/\/www.asajacyl.com\/soria\/wp-json\/wp\/v2\/tags?post=9424"}],"curies":[{"name":"wp","href":"https:\/\/api.w.org\/{rel}","templated":true}]}}