{"id":9433,"date":"2025-11-14T15:09:52","date_gmt":"2025-11-14T14:09:52","guid":{"rendered":"https:\/\/www.asajacyl.com\/soria\/?p=9433"},"modified":"2025-11-14T15:09:55","modified_gmt":"2025-11-14T14:09:55","slug":"asaja-soria-reprueba-las-declaraciones-realizadas-por-el-presidente-de-la-d-o-ribera-del-duero","status":"publish","type":"post","link":"https:\/\/www.asajacyl.com\/soria\/asaja-soria-informa\/asaja-soria-reprueba-las-declaraciones-realizadas-por-el-presidente-de-la-d-o-ribera-del-duero","title":{"rendered":"ASAJA Soria reprueba las declaraciones realizadas por el presidente de la D.O. Ribera del Duero"},"content":{"rendered":"\n\n\n<p><em>Ana Pastor le ha enviado una carta para manifestar el desagrado con que se han recibido porque demoniza la actividad ganadera y puede perjudicar a los propios viticultores<\/em><\/p>\n<p>La presidenta de ASAJA Soria, Ana Pastor, ha enviado esta ma\u00f1ana una carta al presidente de la Denominaci\u00f3n de Origen Ribera del Duero, Enrique Pascual, con el fin de hacerle conocedor del profundo desagrado con el que la organizaci\u00f3n profesional ha recibido sus declaraciones en el programa La Quinta Esquina de Radio Televisi\u00f3n Castilla y Le\u00f3n y que tambi\u00e9n con el titular: \u201cLa Junta debe acotar las bodegas como espacios libres de macrogranjas\u201d, vienen recogidas hoy en el Diario El Mundo. En ellas, Pascual hace una desafortunada referencia a la actividad ganadera, contribuyendo con ello a crear mala imagen de esta noble y sacrificada actividad agraria.<\/p>\n<p>A trav\u00e9s de esta carta, ASAJA deja claro que reprueba contundentemente que esas declaraciones hayan trascendido desde su posici\u00f3n de presidente de la D.O. Ribera del Duero, ya que est\u00e1n fuera de su marco de competencias al no tratarse de la producci\u00f3n y promoci\u00f3n del vino, sino del negocio tur\u00edstico. Adem\u00e1s, a los ojos de la opini\u00f3n p\u00fablica, este hecho no hace sino contribuir a una injusta imagen de un sector ya acosado de por s\u00ed, pues en la ignorancia de ajenos se puede creer que esta vez la cr\u00edtica viene desde el propio sector, lo que dar\u00e1 p\u00e1bulo a los hostigadores de los ganaderos.<\/p>\n<p>ASAJA le ha invitado, en el inter\u00e9s de viticultores y bodegas, especialmente si no tienen centros tur\u00edsticos asociados, a la reflexi\u00f3n sobre c\u00f3mo pueden ser percibidas sus declaraciones por el consumidor, nacional o internacional, que disfruta nuestros vinos y que en ning\u00fan momento se ha planteado venir y visitar ning\u00fan centro enotur\u00edstico, y que por tanto es totalmente ajeno a ning\u00fan tipo de controversia, por infundada que en nuestra opini\u00f3n sea.<\/p>\n<p>\u201cAcotar\u201d, como dice Enrique Pascual, la actividad ganadera por el motivo tur\u00edstico porque las instalaciones tengan como reclamo el mundo del vino no tendr\u00eda fin, porque qu\u00e9 diferencia hay con aquellos otros que tienen como aliciente un casta\u00f1ar, el monte, la micolog\u00eda, el r\u00edo, o mirar las nubes de los altos cielos de Castilla.<\/p>\n<p>Por \u00faltimo, la presidenta de ASAJA Soria se ha puesto a disposici\u00f3n de Enrique Pascual para poder intercambiar opiniones y tener la oportunidad de convencerle del error de su posici\u00f3n al respecto.<\/p>\n<p>\u00a0<\/p>\n","protected":false},"excerpt":{"rendered":"<p>Ana Pastor le ha enviado una carta para manifestar el desagrado con que se han recibido porque demoniza la actividad ganadera y puede perjudicar a los propios viticultores La presidenta de ASAJA Soria, Ana Pastor, ha enviado esta ma\u00f1ana una carta al presidente de la Denominaci\u00f3n de Origen Ribera del Duero, Enrique Pascual, con el [&hellip;]<\/p>\n","protected":false},"author":12,"featured_media":9434,"comment_status":"open","ping_status":"open","sticky":false,"template":"","format":"standard","meta":{"footnotes":""},"categories":[10,25],"tags":[],"yoast_head":"<!-- This site is optimized with the Yoast SEO plugin v24.5 - https:\/\/yoast.com\/wordpress\/plugins\/seo\/ -->\n<title>ASAJA Soria reprueba las declaraciones realizadas por el presidente de la D.O. Ribera del Duero - ASAJA Soria<\/title>\n<meta name=\"description\" content=\"Ana Pastor le ha enviado una carta para manifestar el desagrado con que se han recibido porque demoniza la actividad ganadera y puede perjudicar a los\" \/>\n<meta name=\"robots\" content=\"index, follow, max-snippet:-1, max-image-preview:large, max-video-preview:-1\" \/>\n<link rel=\"canonical\" href=\"https:\/\/www.asajacyl.com\/soria\/asaja-soria-informa\/asaja-soria-reprueba-las-declaraciones-realizadas-por-el-presidente-de-la-d-o-ribera-del-duero\" \/>\n<meta property=\"og:locale\" content=\"es_ES\" \/>\n<meta property=\"og:type\" content=\"article\" \/>\n<meta property=\"og:title\" content=\"ASAJA Soria reprueba las declaraciones realizadas por el presidente de la D.O. Ribera del Duero - ASAJA Soria\" \/>\n<meta property=\"og:description\" content=\"Ana Pastor le ha enviado una carta para manifestar el desagrado con que se han recibido porque demoniza la actividad ganadera y puede perjudicar a los\" \/>\n<meta property=\"og:url\" content=\"https:\/\/www.asajacyl.com\/soria\/asaja-soria-informa\/asaja-soria-reprueba-las-declaraciones-realizadas-por-el-presidente-de-la-d-o-ribera-del-duero\" \/>\n<meta property=\"og:site_name\" content=\"ASAJA Soria\" \/>\n<meta property=\"article:published_time\" content=\"2025-11-14T14:09:52+00:00\" \/>\n<meta property=\"article:modified_time\" content=\"2025-11-14T14:09:55+00:00\" \/>\n<meta property=\"og:image\" content=\"https:\/\/www.asajacyl.com\/soria\/wp-content\/uploads\/sites\/9\/2025\/11\/ssssdImagen1.jpg\" \/>\n\t<meta property=\"og:image:width\" content=\"567\" \/>\n\t<meta property=\"og:image:height\" content=\"348\" \/>\n\t<meta property=\"og:image:type\" content=\"image\/jpeg\" \/>\n<meta name=\"author\" content=\"Juan Ignacio Prieto Nieto\" \/>\n<meta name=\"twitter:card\" content=\"summary_large_image\" \/>\n<meta name=\"twitter:label1\" content=\"Escrito por\" \/>\n\t<meta name=\"twitter:data1\" content=\"Juan Ignacio Prieto Nieto\" \/>\n\t<meta name=\"twitter:label2\" content=\"Tiempo de lectura\" \/>\n\t<meta name=\"twitter:data2\" content=\"3 minutos\" \/>\n<script type=\"application\/ld+json\" class=\"yoast-schema-graph\">{\"@context\":\"https:\/\/schema.org\",\"@graph\":[{\"@type\":\"WebPage\",\"@id\":\"https:\/\/www.asajacyl.com\/soria\/asaja-soria-informa\/asaja-soria-reprueba-las-declaraciones-realizadas-por-el-presidente-de-la-d-o-ribera-del-duero\",\"url\":\"https:\/\/www.asajacyl.com\/soria\/asaja-soria-informa\/asaja-soria-reprueba-las-declaraciones-realizadas-por-el-presidente-de-la-d-o-ribera-del-duero\",\"name\":\"ASAJA Soria reprueba las declaraciones realizadas por el presidente de la D.O. Ribera del Duero - ASAJA Soria\",\"isPartOf\":{\"@id\":\"https:\/\/www.asajacyl.com\/soria\/#website\"},\"primaryImageOfPage\":{\"@id\":\"https:\/\/www.asajacyl.com\/soria\/asaja-soria-informa\/asaja-soria-reprueba-las-declaraciones-realizadas-por-el-presidente-de-la-d-o-ribera-del-duero#primaryimage\"},\"image\":{\"@id\":\"https:\/\/www.asajacyl.com\/soria\/asaja-soria-informa\/asaja-soria-reprueba-las-declaraciones-realizadas-por-el-presidente-de-la-d-o-ribera-del-duero#primaryimage\"},\"thumbnailUrl\":\"https:\/\/www.asajacyl.com\/soria\/wp-content\/uploads\/sites\/9\/2025\/11\/ssssdImagen1.jpg\",\"datePublished\":\"2025-11-14T14:09:52+00:00\",\"dateModified\":\"2025-11-14T14:09:55+00:00\",\"author\":{\"@id\":\"https:\/\/www.asajacyl.com\/soria\/#\/schema\/person\/fd3081c40255119ce8133b87e6aedfab\"},\"description\":\"Ana Pastor le ha enviado una carta para manifestar el desagrado con que se han recibido porque demoniza la actividad ganadera y puede perjudicar a los\",\"breadcrumb\":{\"@id\":\"https:\/\/www.asajacyl.com\/soria\/asaja-soria-informa\/asaja-soria-reprueba-las-declaraciones-realizadas-por-el-presidente-de-la-d-o-ribera-del-duero#breadcrumb\"},\"inLanguage\":\"es\",\"potentialAction\":[{\"@type\":\"ReadAction\",\"target\":[\"https:\/\/www.asajacyl.com\/soria\/asaja-soria-informa\/asaja-soria-reprueba-las-declaraciones-realizadas-por-el-presidente-de-la-d-o-ribera-del-duero\"]}]},{\"@type\":\"ImageObject\",\"inLanguage\":\"es\",\"@id\":\"https:\/\/www.asajacyl.com\/soria\/asaja-soria-informa\/asaja-soria-reprueba-las-declaraciones-realizadas-por-el-presidente-de-la-d-o-ribera-del-duero#primaryimage\",\"url\":\"https:\/\/www.asajacyl.com\/soria\/wp-content\/uploads\/sites\/9\/2025\/11\/ssssdImagen1.jpg\",\"contentUrl\":\"https:\/\/www.asajacyl.com\/soria\/wp-content\/uploads\/sites\/9\/2025\/11\/ssssdImagen1.jpg\",\"width\":567,\"height\":348},{\"@type\":\"BreadcrumbList\",\"@id\":\"https:\/\/www.asajacyl.com\/soria\/asaja-soria-informa\/asaja-soria-reprueba-las-declaraciones-realizadas-por-el-presidente-de-la-d-o-ribera-del-duero#breadcrumb\",\"itemListElement\":[{\"@type\":\"ListItem\",\"position\":1,\"name\":\"Portada\",\"item\":\"https:\/\/www.asajacyl.com\/soria\/\"},{\"@type\":\"ListItem\",\"position\":2,\"name\":\"ASAJA Soria reprueba las declaraciones realizadas por el presidente de la D.O. Ribera del Duero\"}]},{\"@type\":\"WebSite\",\"@id\":\"https:\/\/www.asajacyl.com\/soria\/#website\",\"url\":\"https:\/\/www.asajacyl.com\/soria\/\",\"name\":\"ASAJA Soria\",\"description\":\"Otro sitio m\u00e1s de Provincias ASAJA Castilla y Le\u00f3n\",\"potentialAction\":[{\"@type\":\"SearchAction\",\"target\":{\"@type\":\"EntryPoint\",\"urlTemplate\":\"https:\/\/www.asajacyl.com\/soria\/?s={search_term_string}\"},\"query-input\":{\"@type\":\"PropertyValueSpecification\",\"valueRequired\":true,\"valueName\":\"search_term_string\"}}],\"inLanguage\":\"es\"},{\"@type\":\"Person\",\"@id\":\"https:\/\/www.asajacyl.com\/soria\/#\/schema\/person\/fd3081c40255119ce8133b87e6aedfab\",\"name\":\"Juan Ignacio Prieto Nieto\",\"image\":{\"@type\":\"ImageObject\",\"inLanguage\":\"es\",\"@id\":\"https:\/\/www.asajacyl.com\/soria\/#\/schema\/person\/image\/\",\"url\":\"https:\/\/secure.gravatar.com\/avatar\/8266b36e4d9001acb4700699a2468dc8?s=96&d=mm&r=g\",\"contentUrl\":\"https:\/\/secure.gravatar.com\/avatar\/8266b36e4d9001acb4700699a2468dc8?s=96&d=mm&r=g\",\"caption\":\"Juan Ignacio Prieto Nieto\"},\"url\":\"https:\/\/www.asajacyl.com\/soria\/author\/juanfranciscoby\"}]}<\/script>\n<!-- \/ Yoast SEO plugin. -->","yoast_head_json":{"title":"ASAJA Soria reprueba las declaraciones realizadas por el presidente de la D.O. Ribera del Duero - ASAJA Soria","description":"Ana Pastor le ha enviado una carta para manifestar el desagrado con que se han recibido porque demoniza la actividad ganadera y puede perjudicar a los","robots":{"index":"index","follow":"follow","max-snippet":"max-snippet:-1","max-image-preview":"max-image-preview:large","max-video-preview":"max-video-preview:-1"},"canonical":"https:\/\/www.asajacyl.com\/soria\/asaja-soria-informa\/asaja-soria-reprueba-las-declaraciones-realizadas-por-el-presidente-de-la-d-o-ribera-del-duero","og_locale":"es_ES","og_type":"article","og_title":"ASAJA Soria reprueba las declaraciones realizadas por el presidente de la D.O. Ribera del Duero - ASAJA Soria","og_description":"Ana Pastor le ha enviado una carta para manifestar el desagrado con que se han recibido porque demoniza la actividad ganadera y puede perjudicar a los","og_url":"https:\/\/www.asajacyl.com\/soria\/asaja-soria-informa\/asaja-soria-reprueba-las-declaraciones-realizadas-por-el-presidente-de-la-d-o-ribera-del-duero","og_site_name":"ASAJA Soria","article_published_time":"2025-11-14T14:09:52+00:00","article_modified_time":"2025-11-14T14:09:55+00:00","og_image":[{"width":567,"height":348,"url":"https:\/\/www.asajacyl.com\/soria\/wp-content\/uploads\/sites\/9\/2025\/11\/ssssdImagen1.jpg","type":"image\/jpeg"}],"author":"Juan Ignacio Prieto Nieto","twitter_card":"summary_large_image","twitter_misc":{"Escrito por":"Juan Ignacio Prieto Nieto","Tiempo de lectura":"3 minutos"},"schema":{"@context":"https:\/\/schema.org","@graph":[{"@type":"WebPage","@id":"https:\/\/www.asajacyl.com\/soria\/asaja-soria-informa\/asaja-soria-reprueba-las-declaraciones-realizadas-por-el-presidente-de-la-d-o-ribera-del-duero","url":"https:\/\/www.asajacyl.com\/soria\/asaja-soria-informa\/asaja-soria-reprueba-las-declaraciones-realizadas-por-el-presidente-de-la-d-o-ribera-del-duero","name":"ASAJA Soria reprueba las declaraciones realizadas por el presidente de la D.O. Ribera del Duero - ASAJA Soria","isPartOf":{"@id":"https:\/\/www.asajacyl.com\/soria\/#website"},"primaryImageOfPage":{"@id":"https:\/\/www.asajacyl.com\/soria\/asaja-soria-informa\/asaja-soria-reprueba-las-declaraciones-realizadas-por-el-presidente-de-la-d-o-ribera-del-duero#primaryimage"},"image":{"@id":"https:\/\/www.asajacyl.com\/soria\/asaja-soria-informa\/asaja-soria-reprueba-las-declaraciones-realizadas-por-el-presidente-de-la-d-o-ribera-del-duero#primaryimage"},"thumbnailUrl":"https:\/\/www.asajacyl.com\/soria\/wp-content\/uploads\/sites\/9\/2025\/11\/ssssdImagen1.jpg","datePublished":"2025-11-14T14:09:52+00:00","dateModified":"2025-11-14T14:09:55+00:00","author":{"@id":"https:\/\/www.asajacyl.com\/soria\/#\/schema\/person\/fd3081c40255119ce8133b87e6aedfab"},"description":"Ana Pastor le ha enviado una carta para manifestar el desagrado con que se han recibido porque demoniza la actividad ganadera y puede perjudicar a los","breadcrumb":{"@id":"https:\/\/www.asajacyl.com\/soria\/asaja-soria-informa\/asaja-soria-reprueba-las-declaraciones-realizadas-por-el-presidente-de-la-d-o-ribera-del-duero#breadcrumb"},"inLanguage":"es","potentialAction":[{"@type":"ReadAction","target":["https:\/\/www.asajacyl.com\/soria\/asaja-soria-informa\/asaja-soria-reprueba-las-declaraciones-realizadas-por-el-presidente-de-la-d-o-ribera-del-duero"]}]},{"@type":"ImageObject","inLanguage":"es","@id":"https:\/\/www.asajacyl.com\/soria\/asaja-soria-informa\/asaja-soria-reprueba-las-declaraciones-realizadas-por-el-presidente-de-la-d-o-ribera-del-duero#primaryimage","url":"https:\/\/www.asajacyl.com\/soria\/wp-content\/uploads\/sites\/9\/2025\/11\/ssssdImagen1.jpg","contentUrl":"https:\/\/www.asajacyl.com\/soria\/wp-content\/uploads\/sites\/9\/2025\/11\/ssssdImagen1.jpg","width":567,"height":348},{"@type":"BreadcrumbList","@id":"https:\/\/www.asajacyl.com\/soria\/asaja-soria-informa\/asaja-soria-reprueba-las-declaraciones-realizadas-por-el-presidente-de-la-d-o-ribera-del-duero#breadcrumb","itemListElement":[{"@type":"ListItem","position":1,"name":"Portada","item":"https:\/\/www.asajacyl.com\/soria\/"},{"@type":"ListItem","position":2,"name":"ASAJA Soria reprueba las declaraciones realizadas por el presidente de la D.O. Ribera del Duero"}]},{"@type":"WebSite","@id":"https:\/\/www.asajacyl.com\/soria\/#website","url":"https:\/\/www.asajacyl.com\/soria\/","name":"ASAJA Soria","description":"Otro sitio m\u00e1s de Provincias ASAJA Castilla y Le\u00f3n","potentialAction":[{"@type":"SearchAction","target":{"@type":"EntryPoint","urlTemplate":"https:\/\/www.asajacyl.com\/soria\/?s={search_term_string}"},"query-input":{"@type":"PropertyValueSpecification","valueRequired":true,"valueName":"search_term_string"}}],"inLanguage":"es"},{"@type":"Person","@id":"https:\/\/www.asajacyl.com\/soria\/#\/schema\/person\/fd3081c40255119ce8133b87e6aedfab","name":"Juan Ignacio Prieto Nieto","image":{"@type":"ImageObject","inLanguage":"es","@id":"https:\/\/www.asajacyl.com\/soria\/#\/schema\/person\/image\/","url":"https:\/\/secure.gravatar.com\/avatar\/8266b36e4d9001acb4700699a2468dc8?s=96&d=mm&r=g","contentUrl":"https:\/\/secure.gravatar.com\/avatar\/8266b36e4d9001acb4700699a2468dc8?s=96&d=mm&r=g","caption":"Juan Ignacio Prieto Nieto"},"url":"https:\/\/www.asajacyl.com\/soria\/author\/juanfranciscoby"}]}},"_links":{"self":[{"href":"https:\/\/www.asajacyl.com\/soria\/wp-json\/wp\/v2\/posts\/9433"}],"collection":[{"href":"https:\/\/www.asajacyl.com\/soria\/wp-json\/wp\/v2\/posts"}],"about":[{"href":"https:\/\/www.asajacyl.com\/soria\/wp-json\/wp\/v2\/types\/post"}],"author":[{"embeddable":true,"href":"https:\/\/www.asajacyl.com\/soria\/wp-json\/wp\/v2\/users\/12"}],"replies":[{"embeddable":true,"href":"https:\/\/www.asajacyl.com\/soria\/wp-json\/wp\/v2\/comments?post=9433"}],"version-history":[{"count":4,"href":"https:\/\/www.asajacyl.com\/soria\/wp-json\/wp\/v2\/posts\/9433\/revisions"}],"predecessor-version":[{"id":9438,"href":"https:\/\/www.asajacyl.com\/soria\/wp-json\/wp\/v2\/posts\/9433\/revisions\/9438"}],"wp:featuredmedia":[{"embeddable":true,"href":"https:\/\/www.asajacyl.com\/soria\/wp-json\/wp\/v2\/media\/9434"}],"wp:attachment":[{"href":"https:\/\/www.asajacyl.com\/soria\/wp-json\/wp\/v2\/media?parent=9433"}],"wp:term":[{"taxonomy":"category","embeddable":true,"href":"https:\/\/www.asajacyl.com\/soria\/wp-json\/wp\/v2\/categories?post=9433"},{"taxonomy":"post_tag","embeddable":true,"href":"https:\/\/www.asajacyl.com\/soria\/wp-json\/wp\/v2\/tags?post=9433"}],"curies":[{"name":"wp","href":"https:\/\/api.w.org\/{rel}","templated":true}]}}