{"id":9459,"date":"2025-11-27T14:53:38","date_gmt":"2025-11-27T13:53:38","guid":{"rendered":"https:\/\/www.asajacyl.com\/soria\/?p=9459"},"modified":"2025-11-27T14:53:40","modified_gmt":"2025-11-27T13:53:40","slug":"premios-espiga-y-tizon-2025-reprimenda-del-campo-soriano-a-la-comision-europea-por-relegar-a-los-agricultores-en-los-acuerdos-con-terceros-paises-y-reconocimiento-al-copa-cogeca-por-su-incesante-defe","status":"publish","type":"post","link":"https:\/\/www.asajacyl.com\/soria\/asaja-soria-informa\/premios-espiga-y-tizon-2025-reprimenda-del-campo-soriano-a-la-comision-europea-por-relegar-a-los-agricultores-en-los-acuerdos-con-terceros-paises-y-reconocimiento-al-copa-cogeca-por-su-incesante-defe","title":{"rendered":"Premios Espiga y Tiz\u00f3n 2025: Reprimenda del campo soriano a la Comisi\u00f3n Europea por relegar a los agricultores en los acuerdos con terceros pa\u00edses y reconocimiento al COPA-COGECA por su incesante defensa de la agroganader\u00eda"},"content":{"rendered":"\n\n\n<h2><em>La ceremonia de entrega tendr\u00e1 lugar el 22 de diciembre en el Aula Magna Tirso de Molina, en plena campa\u00f1a de promoci\u00f3n de los productos locales que impulsa ASAJA todas las navidades<\/em><\/h2>\n<p><em>\u00a0<\/em>ASAJA Soria ha dado a conocer esta semana el fallo de los Premios Espiga y Tiz\u00f3n 2025. En esta decimonovena edici\u00f3n, el Premio Espiga ha reca\u00eddo en el COPA-COGECA por su incansable labor en defensa de la agricultura y ganader\u00eda europea.<\/p>\n<p>El COPA-COGEGA es la voz de los agricultores y ganaderos en la Uni\u00f3n Europea. El COPA (Comit\u00e9 de Organizaciones Profesionales Agrarias) aglutina la representaci\u00f3n de 22 millones de agricultores, ganaderos y familias europeas. Y el COGECA (Confederaci\u00f3n General de Cooperativas Agrarias) suma los intereses de las cooperativas agroalimentarias, forestales y pesqueras de toda la UE.<\/p>\n<p>ASAJA, como organizaci\u00f3n profesional, forma parte del COPA, y ocupa una vicepresidencia a trav\u00e9s de Pedro Barato. Massimiliano Giansanti, agricultor y ganadero italiano, es actualmente el presidente. Por su parte, Lennart Nilsson, agricultor, ganadero y cooperativista sueco, es el presidente de la COGEGA.<\/p>\n<p>Es muy habitual que COPA y COGECA desarrollen su labor interlocutora con las instituciones europeas de manera conjunta y coordinada, compartiendo recursos y esfuerzos, por lo que tambi\u00e9n de manera habitual, aunque sean organizaciones independientes, se les menciona como el COPA*COGEGA.<\/p>\n<p>Aunque sobran motivos, la respuesta mayoritaria contraria de los eurodiputados a la actual propuesta de la PAC post 2027 y el Marco Financiero Plurianual, presentados por la Comisi\u00f3n Europea el junio pasado, es prueba del esfuerzo que realiza a diario el COPA-COGECA.<\/p>\n<p>El premio negativo, conocido como Tiz\u00f3n, este a\u00f1o ha ido abrumadoramente a parar a la Comisi\u00f3n Europea, con Ursula von der Leyen a la cabeza, por relegar a los agricultores en los acuerdos con terceros.<\/p>\n<p>La desmesurada guerra comercial global, desatada o acelerada por la actual administraci\u00f3n de Estados Unidos, as\u00ed como las implicaciones derivadas de la guerra en Ucrania y la amenaza de la puesta en marcha del nuevo mecanismo UE de regulaci\u00f3n en frontera por carbono (CBAM) con pa\u00edses terceros afectan a los mercados y a las regulaciones del comercio con terceros pa\u00edses.<\/p>\n<p>En este contexto, la Comisi\u00f3n Europea ha acelerado de manera agitada el impulso de acuerdos comerciales, en los que lamentablemente el sector agrario se siente moneda de cambio en ellos, y en los que la \u201cpreferencia comunitaria\u201d, principio sacrosanto que deber\u00eda respetarse en el marco de la UE, queda a los pies de los caballos o al de otros sectores interesados en ganar y encontrar estabilidad en esos mercados en un mundo sacudido por la incertidumbre y la inestabilidad en las reglas comerciales globales.<\/p>\n<p>As\u00ed las cosas, en estos \u00faltimos meses de 2025 se han cerrado, impulsado o est\u00e1n a punto de concretarse acuerdos como el de MERCOSUR, Estados Unidos, M\u00e9xico, Canad\u00e1, Ucrania, Jap\u00f3n, Corea del Sur, Chile, Vietnam, Singapur, Nueva Zelanda, Reino Unido, Suiza, Kenia, Comunidad Andina y Centroam\u00e9rica, India, Emiratos \u00c1rabes, Australia e Indonesia, en los que nuestro sector parece ser moneda de cambio.<\/p>\n<p>La ceremonia de entrega tendr\u00e1 lugar el lunes 22 de diciembre en el Aula Magna Tirso de Molina, en Soria capital. La iniciativa coincide siempre dentro de la Asamblea Navide\u00f1a de ASAJA, en la que los agricultores y ganaderos pueden escuchar de primera mano ponencias de la m\u00e1xima relevancia para el sector primario. En esta ocasi\u00f3n, la nueva PAC estar\u00e1 de plena actualidad y las intervenciones respecto a este asunto tan crucial cobran m\u00e1s importancia si cabe.<\/p>\n<p>La presidenta de ASAJA Soria, Ana Pastor, quiso dejar claro que \u201cpor descontado, la concesi\u00f3n m\u00e1s grata es la del Premio Espiga, porque siempre es una satisfacci\u00f3n poder dar un reconocimiento al tes\u00f3n, esfuerzo y buen trabajo en el impulso y en el logro de mejoras para los agricultores y ganaderos sorianos, y m\u00e1s en un a\u00f1o tan complicado como ha sido \u00e9ste. Por otra parte, es algo connatural a nuestro esp\u00edritu combativo dar con el Tiz\u00f3n un grand\u00edsimo \u2018tir\u00f3n de orejas\u2019 y un toque de atenci\u00f3n may\u00fasculo a quien se lo merece sea quien sea, con la esperanza de que cambie la actitud o esa tendencia para que incluso se lleve el Espiga al a\u00f1o siguiente\u201d.<\/p>\n<p>Para Pastor, \u201clos Premios Espiga y Tiz\u00f3n se otorgan en una sencilla ceremonia, que siempre est\u00e1 protagonizada por los m\u00e1s de 300 profesionales del campo que no quieren perderse esta importante cita que ya es un referente para el mundo del agro en la provincia soriana durante las fechas navide\u00f1as\u201d.<\/p>\n<p>Adem\u00e1s de dar a conocer el fallo de los XIX Premios Espiga y Tiz\u00f3n, ASAJA Soria tambi\u00e9n se refiri\u00f3 a la manifestaci\u00f3n en Bruselas, precisamente convocada por el COPA-COGECA, a la que asistir\u00e1n unos 10 mil agricultores de toda Europa. Entre ellos, estar\u00e1 una representaci\u00f3n de ASAJA Soria, con el comit\u00e9 ejecutivo y otros vocales de la junta directiva a la cabeza. Esta movilizaci\u00f3n responde al creciente malestar del sector agrario europeo ante un enfoque cada vez m\u00e1s alejado de la realidad por parte de la Comisi\u00f3n Europea. El sector lleva advirtiendo desde 2024 sobre las principales decisiones pol\u00edticas que afectan a la viabilidad de las explotaciones agrarias, entre ellas la reforma de la PAC y el presupuesto europeo, el incremento de la carga regulatoria y los acuerdos internacionales como Mercosur. Estas cuestiones son inaceptables y perjudiciales para la agricultura europea y, por ende, el campo de Soria.<\/p>\n<p>La protesta del d\u00eda 18 se convoca en un momento pol\u00edtico muy simb\u00f3lico. Coincidir\u00e1 con la salida de la presidenta Ursula von der Leyen hacia Brasil para cerrar el acuerdo con Mercosur, y con la reuni\u00f3n clave del Consejo Europeo sobre el futuro presupuesto de la UE. M\u00e1s de cuarenta organizaciones agrarias de distintos pa\u00edses ya han confirmado su participaci\u00f3n. El objetivo es lanzar un mensaje firme y unificado a la Comisi\u00f3n Europea, exigiendo el fin de los discursos vac\u00edos y el inicio de una respuesta pol\u00edtica tangible.<\/p>\n<p>Las reivindicaciones del sector se centran en tres grandes pilares. En primer lugar, la necesidad de contar con una PAC s\u00f3lida, com\u00fan y adecuadamente financiada m\u00e1s all\u00e1 de 2027. En segundo lugar, la exigencia de establecer reglas comerciales justas y transparentes que protejan los est\u00e1ndares europeos y a los sectores agr\u00edcolas m\u00e1s sensibles frente a la competencia desleal. Y, en tercer lugar, una simplificaci\u00f3n real de la normativa, acompa\u00f1ada de una mejor regulaci\u00f3n y mayor seguridad jur\u00eddica para las explotaciones y cooperativas agrarias.<\/p>\n<p>\u00a0<\/p>\n<p><strong><em>Campa\u00f1a en defensa de los productores sorianos y del fruto de su trabajo<\/em><\/strong><\/p>\n<p>Precisamente coincidiendo con las fechas navide\u00f1as es ya habitual que ASAJA Soria invite a los consumidores a que apoyen al sector agroganadero provincial, pidiendo en sus puntos de distribuci\u00f3n habituales productos aut\u00f3ctonos. La intenci\u00f3n de la organizaci\u00f3n profesional agraria es tambi\u00e9n la de involucrar al mayor n\u00famero posible de consumidores en la defensa del producto local, que re\u00fane las mejores cualidades de calidad y sabor, adem\u00e1s de ser una excelente oportunidad de apoyar al sector agr\u00edcola y ganadero provincial y regional, y a la econom\u00eda en su conjunto. ASAJA Soria insiste a la vez en la\u00a0importancia de leer el etiquetado\u00a0de los alimentos que se compran, para verificar su origen. Y recuerda que adem\u00e1s del ovino, hay infinidad de productos de m\u00e1xima calidad elaborados en Soria que no pueden faltar en estas fechas navide\u00f1as, como el cochinillo, vinos y espumosos, la ternera, los l\u00e1cteos y quesos, cardo rojo, cervezas, pat\u00e9s, frutos rojos, lechuga, fresas, pollo, legumbres, chorizo y otros embutidos, torreznos, pan, mantequilla, dulces, etc\u00e9tera.<\/p>\n<p>ASAJA Soria pretende a la vez poner en valor el impulso y la importancia que tiene el sector agrario en general para la provincia, con protagonismo para todo tipo de alimentos. Como confiesa la presidenta provincial de la OPA, \u201cestamos hablando de la agroalimentaci\u00f3n, un sector que da como fruto un producto de la m\u00e1xima calidad, elaborado por una industria de prestigio, con base en una provincia privilegiada desde el punto de vista natural. Todo ello genera unos productos que son embajadores orgullosos de nuestras tradiciones y de nuestra capacidad de innovaci\u00f3n, mucho m\u00e1s all\u00e1 de nuestras fronteras. Es hora de invitar a todos a disfrutar de los productos de Soria, ya que aqu\u00ed tenemos calidad de primera y lo que viene de fuera no es mejor que lo que hay en casa ni mucho menos\u201d. A la vez, record\u00f3 que \u201cno voy a dejar de insistir en que el sector agrario es estrat\u00e9gico, no solamente por ser b\u00e1sico en la cadena de alimentaci\u00f3n de la poblaci\u00f3n, sino que tambi\u00e9n por ser el alma que mantiene con vida nuestras peque\u00f1as poblaciones, con la fijaci\u00f3n de los habitantes en los territorios m\u00e1s sensibles a sufrir el abandono, que por desgracia en esta provincia son muchos\u201d.<\/p>\n<p>\u00a0<\/p>\n<p>Pastor ha reconocido estos d\u00edas en los medios de comunicaci\u00f3n que \u201cno hace falta ser economista para entender que consumir los productos gastron\u00f3micos de la tierra supone un apoyo a los productores locales. De igual forma, si esos productos son adquiridos en\u00a0comercios locales y de proximidad se obtiene un doble beneficio. Por una parte, se\u00a0genera riqueza, ingresos y se activa la econom\u00eda y el consumo\u00a0en la provincia y por otra parte nos garantizamos estar adquiriendo\u00a0productos de m\u00e1xima calidad\u201d.<\/p>\n<p>Despu\u00e9s de un a\u00f1o tan complicado, desde ASAJA Soria se quiere hacer un nuevo y optimista gui\u00f1o al sector, a los productores en general, a los ganaderos, a los cerealistas\u2026 para que no falten los alimentos de primer nivel, con prestigio, fiabilidad y diferenciaci\u00f3n. No solamente porque sea un acierto y todo va a estar delicioso, sino tambi\u00e9n porque es una forma de estar presente en los hogares. Y tambi\u00e9n para seguir respaldando a la restauraci\u00f3n, ofreciendo a este sector variedad. Para los bares y restaurantes supone una garant\u00eda de calidad y profesionalidad en los productos, bienes y servicios que ofrecen al p\u00fablico, adem\u00e1s de un soporte para nuevos proyectos de emprendimiento agrario, que visibilicen una tendencia de consumo de productos de calidad a buen precio y con las m\u00e1ximas garant\u00edas sanitarias, al tiempo que se difunden plenamente los atributos cualificados de los productos sorianos.<\/p>\n","protected":false},"excerpt":{"rendered":"<p>La ceremonia de entrega tendr\u00e1 lugar el 22 de diciembre en el Aula Magna Tirso de Molina, en plena campa\u00f1a de promoci\u00f3n de los productos locales que impulsa ASAJA todas las navidades \u00a0ASAJA Soria ha dado a conocer esta semana el fallo de los Premios Espiga y Tiz\u00f3n 2025. En esta decimonovena edici\u00f3n, el Premio [&hellip;]<\/p>\n","protected":false},"author":12,"featured_media":9466,"comment_status":"open","ping_status":"open","sticky":false,"template":"","format":"standard","meta":{"footnotes":""},"categories":[10,25],"tags":[],"yoast_head":"<!-- This site is optimized with the Yoast SEO plugin v24.5 - https:\/\/yoast.com\/wordpress\/plugins\/seo\/ -->\n<title>Premios Espiga y Tiz\u00f3n 2025: Reprimenda del campo soriano a la Comisi\u00f3n Europea por relegar a los agricultores en los acuerdos con terceros pa\u00edses y reconocimiento al COPA-COGECA por su incesante defensa de la agroganader\u00eda - ASAJA Soria<\/title>\n<meta name=\"description\" content=\"La ceremonia de entrega tendr\u00e1 lugar el 22 de diciembre en el Aula Magna Tirso de Molina, en plena campa\u00f1a de promoci\u00f3n de los productos locales que\" \/>\n<meta name=\"robots\" content=\"index, follow, max-snippet:-1, max-image-preview:large, max-video-preview:-1\" \/>\n<link rel=\"canonical\" href=\"https:\/\/www.asajacyl.com\/soria\/asaja-soria-informa\/premios-espiga-y-tizon-2025-reprimenda-del-campo-soriano-a-la-comision-europea-por-relegar-a-los-agricultores-en-los-acuerdos-con-terceros-paises-y-reconocimiento-al-copa-cogeca-por-su-incesante-defe\" \/>\n<meta property=\"og:locale\" content=\"es_ES\" \/>\n<meta property=\"og:type\" content=\"article\" \/>\n<meta property=\"og:title\" content=\"Premios Espiga y Tiz\u00f3n 2025: Reprimenda del campo soriano a la Comisi\u00f3n Europea por relegar a los agricultores en los acuerdos con terceros pa\u00edses y reconocimiento al COPA-COGECA por su incesante defensa de la agroganader\u00eda - ASAJA Soria\" \/>\n<meta property=\"og:description\" content=\"La ceremonia de entrega tendr\u00e1 lugar el 22 de diciembre en el Aula Magna Tirso de Molina, en plena campa\u00f1a de promoci\u00f3n de los productos locales que\" \/>\n<meta property=\"og:url\" content=\"https:\/\/www.asajacyl.com\/soria\/asaja-soria-informa\/premios-espiga-y-tizon-2025-reprimenda-del-campo-soriano-a-la-comision-europea-por-relegar-a-los-agricultores-en-los-acuerdos-con-terceros-paises-y-reconocimiento-al-copa-cogeca-por-su-incesante-defe\" \/>\n<meta property=\"og:site_name\" content=\"ASAJA Soria\" \/>\n<meta property=\"article:published_time\" content=\"2025-11-27T13:53:38+00:00\" \/>\n<meta property=\"article:modified_time\" content=\"2025-11-27T13:53:40+00:00\" \/>\n<meta property=\"og:image\" content=\"https:\/\/www.asajacyl.com\/soria\/wp-content\/uploads\/sites\/9\/2025\/11\/ImagenWEWE1.jpg\" \/>\n\t<meta property=\"og:image:width\" content=\"485\" \/>\n\t<meta property=\"og:image:height\" content=\"377\" \/>\n\t<meta property=\"og:image:type\" content=\"image\/jpeg\" \/>\n<meta name=\"author\" content=\"Juan Ignacio Prieto Nieto\" \/>\n<meta name=\"twitter:card\" content=\"summary_large_image\" \/>\n<meta name=\"twitter:label1\" content=\"Escrito por\" \/>\n\t<meta name=\"twitter:data1\" content=\"Juan Ignacio Prieto Nieto\" \/>\n\t<meta name=\"twitter:label2\" content=\"Tiempo de lectura\" \/>\n\t<meta name=\"twitter:data2\" content=\"8 minutos\" \/>\n<script type=\"application\/ld+json\" class=\"yoast-schema-graph\">{\"@context\":\"https:\/\/schema.org\",\"@graph\":[{\"@type\":\"WebPage\",\"@id\":\"https:\/\/www.asajacyl.com\/soria\/asaja-soria-informa\/premios-espiga-y-tizon-2025-reprimenda-del-campo-soriano-a-la-comision-europea-por-relegar-a-los-agricultores-en-los-acuerdos-con-terceros-paises-y-reconocimiento-al-copa-cogeca-por-su-incesante-defe\",\"url\":\"https:\/\/www.asajacyl.com\/soria\/asaja-soria-informa\/premios-espiga-y-tizon-2025-reprimenda-del-campo-soriano-a-la-comision-europea-por-relegar-a-los-agricultores-en-los-acuerdos-con-terceros-paises-y-reconocimiento-al-copa-cogeca-por-su-incesante-defe\",\"name\":\"Premios Espiga y Tiz\u00f3n 2025: Reprimenda del campo soriano a la Comisi\u00f3n Europea por relegar a los agricultores en los acuerdos con terceros pa\u00edses y reconocimiento al COPA-COGECA por su incesante defensa de la agroganader\u00eda - ASAJA Soria\",\"isPartOf\":{\"@id\":\"https:\/\/www.asajacyl.com\/soria\/#website\"},\"primaryImageOfPage\":{\"@id\":\"https:\/\/www.asajacyl.com\/soria\/asaja-soria-informa\/premios-espiga-y-tizon-2025-reprimenda-del-campo-soriano-a-la-comision-europea-por-relegar-a-los-agricultores-en-los-acuerdos-con-terceros-paises-y-reconocimiento-al-copa-cogeca-por-su-incesante-defe#primaryimage\"},\"image\":{\"@id\":\"https:\/\/www.asajacyl.com\/soria\/asaja-soria-informa\/premios-espiga-y-tizon-2025-reprimenda-del-campo-soriano-a-la-comision-europea-por-relegar-a-los-agricultores-en-los-acuerdos-con-terceros-paises-y-reconocimiento-al-copa-cogeca-por-su-incesante-defe#primaryimage\"},\"thumbnailUrl\":\"https:\/\/www.asajacyl.com\/soria\/wp-content\/uploads\/sites\/9\/2025\/11\/ImagenWEWE1.jpg\",\"datePublished\":\"2025-11-27T13:53:38+00:00\",\"dateModified\":\"2025-11-27T13:53:40+00:00\",\"author\":{\"@id\":\"https:\/\/www.asajacyl.com\/soria\/#\/schema\/person\/fd3081c40255119ce8133b87e6aedfab\"},\"description\":\"La ceremonia de entrega tendr\u00e1 lugar el 22 de diciembre en el Aula Magna Tirso de Molina, en plena campa\u00f1a de promoci\u00f3n de los productos locales que\",\"breadcrumb\":{\"@id\":\"https:\/\/www.asajacyl.com\/soria\/asaja-soria-informa\/premios-espiga-y-tizon-2025-reprimenda-del-campo-soriano-a-la-comision-europea-por-relegar-a-los-agricultores-en-los-acuerdos-con-terceros-paises-y-reconocimiento-al-copa-cogeca-por-su-incesante-defe#breadcrumb\"},\"inLanguage\":\"es\",\"potentialAction\":[{\"@type\":\"ReadAction\",\"target\":[\"https:\/\/www.asajacyl.com\/soria\/asaja-soria-informa\/premios-espiga-y-tizon-2025-reprimenda-del-campo-soriano-a-la-comision-europea-por-relegar-a-los-agricultores-en-los-acuerdos-con-terceros-paises-y-reconocimiento-al-copa-cogeca-por-su-incesante-defe\"]}]},{\"@type\":\"ImageObject\",\"inLanguage\":\"es\",\"@id\":\"https:\/\/www.asajacyl.com\/soria\/asaja-soria-informa\/premios-espiga-y-tizon-2025-reprimenda-del-campo-soriano-a-la-comision-europea-por-relegar-a-los-agricultores-en-los-acuerdos-con-terceros-paises-y-reconocimiento-al-copa-cogeca-por-su-incesante-defe#primaryimage\",\"url\":\"https:\/\/www.asajacyl.com\/soria\/wp-content\/uploads\/sites\/9\/2025\/11\/ImagenWEWE1.jpg\",\"contentUrl\":\"https:\/\/www.asajacyl.com\/soria\/wp-content\/uploads\/sites\/9\/2025\/11\/ImagenWEWE1.jpg\",\"width\":485,\"height\":377},{\"@type\":\"BreadcrumbList\",\"@id\":\"https:\/\/www.asajacyl.com\/soria\/asaja-soria-informa\/premios-espiga-y-tizon-2025-reprimenda-del-campo-soriano-a-la-comision-europea-por-relegar-a-los-agricultores-en-los-acuerdos-con-terceros-paises-y-reconocimiento-al-copa-cogeca-por-su-incesante-defe#breadcrumb\",\"itemListElement\":[{\"@type\":\"ListItem\",\"position\":1,\"name\":\"Portada\",\"item\":\"https:\/\/www.asajacyl.com\/soria\/\"},{\"@type\":\"ListItem\",\"position\":2,\"name\":\"Premios Espiga y Tiz\u00f3n 2025: Reprimenda del campo soriano a la Comisi\u00f3n Europea por relegar a los agricultores en los acuerdos con terceros pa\u00edses y reconocimiento al COPA-COGECA por su incesante defensa de la agroganader\u00eda\"}]},{\"@type\":\"WebSite\",\"@id\":\"https:\/\/www.asajacyl.com\/soria\/#website\",\"url\":\"https:\/\/www.asajacyl.com\/soria\/\",\"name\":\"ASAJA Soria\",\"description\":\"Otro sitio m\u00e1s de Provincias ASAJA Castilla y Le\u00f3n\",\"potentialAction\":[{\"@type\":\"SearchAction\",\"target\":{\"@type\":\"EntryPoint\",\"urlTemplate\":\"https:\/\/www.asajacyl.com\/soria\/?s={search_term_string}\"},\"query-input\":{\"@type\":\"PropertyValueSpecification\",\"valueRequired\":true,\"valueName\":\"search_term_string\"}}],\"inLanguage\":\"es\"},{\"@type\":\"Person\",\"@id\":\"https:\/\/www.asajacyl.com\/soria\/#\/schema\/person\/fd3081c40255119ce8133b87e6aedfab\",\"name\":\"Juan Ignacio Prieto Nieto\",\"image\":{\"@type\":\"ImageObject\",\"inLanguage\":\"es\",\"@id\":\"https:\/\/www.asajacyl.com\/soria\/#\/schema\/person\/image\/\",\"url\":\"https:\/\/secure.gravatar.com\/avatar\/8266b36e4d9001acb4700699a2468dc8?s=96&d=mm&r=g\",\"contentUrl\":\"https:\/\/secure.gravatar.com\/avatar\/8266b36e4d9001acb4700699a2468dc8?s=96&d=mm&r=g\",\"caption\":\"Juan Ignacio Prieto Nieto\"},\"url\":\"https:\/\/www.asajacyl.com\/soria\/author\/juanfranciscoby\"}]}<\/script>\n<!-- \/ Yoast SEO plugin. -->","yoast_head_json":{"title":"Premios Espiga y Tiz\u00f3n 2025: Reprimenda del campo soriano a la Comisi\u00f3n Europea por relegar a los agricultores en los acuerdos con terceros pa\u00edses y reconocimiento al COPA-COGECA por su incesante defensa de la agroganader\u00eda - ASAJA Soria","description":"La ceremonia de entrega tendr\u00e1 lugar el 22 de diciembre en el Aula Magna Tirso de Molina, en plena campa\u00f1a de promoci\u00f3n de los productos locales que","robots":{"index":"index","follow":"follow","max-snippet":"max-snippet:-1","max-image-preview":"max-image-preview:large","max-video-preview":"max-video-preview:-1"},"canonical":"https:\/\/www.asajacyl.com\/soria\/asaja-soria-informa\/premios-espiga-y-tizon-2025-reprimenda-del-campo-soriano-a-la-comision-europea-por-relegar-a-los-agricultores-en-los-acuerdos-con-terceros-paises-y-reconocimiento-al-copa-cogeca-por-su-incesante-defe","og_locale":"es_ES","og_type":"article","og_title":"Premios Espiga y Tiz\u00f3n 2025: Reprimenda del campo soriano a la Comisi\u00f3n Europea por relegar a los agricultores en los acuerdos con terceros pa\u00edses y reconocimiento al COPA-COGECA por su incesante defensa de la agroganader\u00eda - ASAJA Soria","og_description":"La ceremonia de entrega tendr\u00e1 lugar el 22 de diciembre en el Aula Magna Tirso de Molina, en plena campa\u00f1a de promoci\u00f3n de los productos locales que","og_url":"https:\/\/www.asajacyl.com\/soria\/asaja-soria-informa\/premios-espiga-y-tizon-2025-reprimenda-del-campo-soriano-a-la-comision-europea-por-relegar-a-los-agricultores-en-los-acuerdos-con-terceros-paises-y-reconocimiento-al-copa-cogeca-por-su-incesante-defe","og_site_name":"ASAJA Soria","article_published_time":"2025-11-27T13:53:38+00:00","article_modified_time":"2025-11-27T13:53:40+00:00","og_image":[{"width":485,"height":377,"url":"https:\/\/www.asajacyl.com\/soria\/wp-content\/uploads\/sites\/9\/2025\/11\/ImagenWEWE1.jpg","type":"image\/jpeg"}],"author":"Juan Ignacio Prieto Nieto","twitter_card":"summary_large_image","twitter_misc":{"Escrito por":"Juan Ignacio Prieto Nieto","Tiempo de lectura":"8 minutos"},"schema":{"@context":"https:\/\/schema.org","@graph":[{"@type":"WebPage","@id":"https:\/\/www.asajacyl.com\/soria\/asaja-soria-informa\/premios-espiga-y-tizon-2025-reprimenda-del-campo-soriano-a-la-comision-europea-por-relegar-a-los-agricultores-en-los-acuerdos-con-terceros-paises-y-reconocimiento-al-copa-cogeca-por-su-incesante-defe","url":"https:\/\/www.asajacyl.com\/soria\/asaja-soria-informa\/premios-espiga-y-tizon-2025-reprimenda-del-campo-soriano-a-la-comision-europea-por-relegar-a-los-agricultores-en-los-acuerdos-con-terceros-paises-y-reconocimiento-al-copa-cogeca-por-su-incesante-defe","name":"Premios Espiga y Tiz\u00f3n 2025: Reprimenda del campo soriano a la Comisi\u00f3n Europea por relegar a los agricultores en los acuerdos con terceros pa\u00edses y reconocimiento al COPA-COGECA por su incesante defensa de la agroganader\u00eda - ASAJA Soria","isPartOf":{"@id":"https:\/\/www.asajacyl.com\/soria\/#website"},"primaryImageOfPage":{"@id":"https:\/\/www.asajacyl.com\/soria\/asaja-soria-informa\/premios-espiga-y-tizon-2025-reprimenda-del-campo-soriano-a-la-comision-europea-por-relegar-a-los-agricultores-en-los-acuerdos-con-terceros-paises-y-reconocimiento-al-copa-cogeca-por-su-incesante-defe#primaryimage"},"image":{"@id":"https:\/\/www.asajacyl.com\/soria\/asaja-soria-informa\/premios-espiga-y-tizon-2025-reprimenda-del-campo-soriano-a-la-comision-europea-por-relegar-a-los-agricultores-en-los-acuerdos-con-terceros-paises-y-reconocimiento-al-copa-cogeca-por-su-incesante-defe#primaryimage"},"thumbnailUrl":"https:\/\/www.asajacyl.com\/soria\/wp-content\/uploads\/sites\/9\/2025\/11\/ImagenWEWE1.jpg","datePublished":"2025-11-27T13:53:38+00:00","dateModified":"2025-11-27T13:53:40+00:00","author":{"@id":"https:\/\/www.asajacyl.com\/soria\/#\/schema\/person\/fd3081c40255119ce8133b87e6aedfab"},"description":"La ceremonia de entrega tendr\u00e1 lugar el 22 de diciembre en el Aula Magna Tirso de Molina, en plena campa\u00f1a de promoci\u00f3n de los productos locales que","breadcrumb":{"@id":"https:\/\/www.asajacyl.com\/soria\/asaja-soria-informa\/premios-espiga-y-tizon-2025-reprimenda-del-campo-soriano-a-la-comision-europea-por-relegar-a-los-agricultores-en-los-acuerdos-con-terceros-paises-y-reconocimiento-al-copa-cogeca-por-su-incesante-defe#breadcrumb"},"inLanguage":"es","potentialAction":[{"@type":"ReadAction","target":["https:\/\/www.asajacyl.com\/soria\/asaja-soria-informa\/premios-espiga-y-tizon-2025-reprimenda-del-campo-soriano-a-la-comision-europea-por-relegar-a-los-agricultores-en-los-acuerdos-con-terceros-paises-y-reconocimiento-al-copa-cogeca-por-su-incesante-defe"]}]},{"@type":"ImageObject","inLanguage":"es","@id":"https:\/\/www.asajacyl.com\/soria\/asaja-soria-informa\/premios-espiga-y-tizon-2025-reprimenda-del-campo-soriano-a-la-comision-europea-por-relegar-a-los-agricultores-en-los-acuerdos-con-terceros-paises-y-reconocimiento-al-copa-cogeca-por-su-incesante-defe#primaryimage","url":"https:\/\/www.asajacyl.com\/soria\/wp-content\/uploads\/sites\/9\/2025\/11\/ImagenWEWE1.jpg","contentUrl":"https:\/\/www.asajacyl.com\/soria\/wp-content\/uploads\/sites\/9\/2025\/11\/ImagenWEWE1.jpg","width":485,"height":377},{"@type":"BreadcrumbList","@id":"https:\/\/www.asajacyl.com\/soria\/asaja-soria-informa\/premios-espiga-y-tizon-2025-reprimenda-del-campo-soriano-a-la-comision-europea-por-relegar-a-los-agricultores-en-los-acuerdos-con-terceros-paises-y-reconocimiento-al-copa-cogeca-por-su-incesante-defe#breadcrumb","itemListElement":[{"@type":"ListItem","position":1,"name":"Portada","item":"https:\/\/www.asajacyl.com\/soria\/"},{"@type":"ListItem","position":2,"name":"Premios Espiga y Tiz\u00f3n 2025: Reprimenda del campo soriano a la Comisi\u00f3n Europea por relegar a los agricultores en los acuerdos con terceros pa\u00edses y reconocimiento al COPA-COGECA por su incesante defensa de la agroganader\u00eda"}]},{"@type":"WebSite","@id":"https:\/\/www.asajacyl.com\/soria\/#website","url":"https:\/\/www.asajacyl.com\/soria\/","name":"ASAJA Soria","description":"Otro sitio m\u00e1s de Provincias ASAJA Castilla y Le\u00f3n","potentialAction":[{"@type":"SearchAction","target":{"@type":"EntryPoint","urlTemplate":"https:\/\/www.asajacyl.com\/soria\/?s={search_term_string}"},"query-input":{"@type":"PropertyValueSpecification","valueRequired":true,"valueName":"search_term_string"}}],"inLanguage":"es"},{"@type":"Person","@id":"https:\/\/www.asajacyl.com\/soria\/#\/schema\/person\/fd3081c40255119ce8133b87e6aedfab","name":"Juan Ignacio Prieto Nieto","image":{"@type":"ImageObject","inLanguage":"es","@id":"https:\/\/www.asajacyl.com\/soria\/#\/schema\/person\/image\/","url":"https:\/\/secure.gravatar.com\/avatar\/8266b36e4d9001acb4700699a2468dc8?s=96&d=mm&r=g","contentUrl":"https:\/\/secure.gravatar.com\/avatar\/8266b36e4d9001acb4700699a2468dc8?s=96&d=mm&r=g","caption":"Juan Ignacio Prieto Nieto"},"url":"https:\/\/www.asajacyl.com\/soria\/author\/juanfranciscoby"}]}},"_links":{"self":[{"href":"https:\/\/www.asajacyl.com\/soria\/wp-json\/wp\/v2\/posts\/9459"}],"collection":[{"href":"https:\/\/www.asajacyl.com\/soria\/wp-json\/wp\/v2\/posts"}],"about":[{"href":"https:\/\/www.asajacyl.com\/soria\/wp-json\/wp\/v2\/types\/post"}],"author":[{"embeddable":true,"href":"https:\/\/www.asajacyl.com\/soria\/wp-json\/wp\/v2\/users\/12"}],"replies":[{"embeddable":true,"href":"https:\/\/www.asajacyl.com\/soria\/wp-json\/wp\/v2\/comments?post=9459"}],"version-history":[{"count":2,"href":"https:\/\/www.asajacyl.com\/soria\/wp-json\/wp\/v2\/posts\/9459\/revisions"}],"predecessor-version":[{"id":9464,"href":"https:\/\/www.asajacyl.com\/soria\/wp-json\/wp\/v2\/posts\/9459\/revisions\/9464"}],"wp:featuredmedia":[{"embeddable":true,"href":"https:\/\/www.asajacyl.com\/soria\/wp-json\/wp\/v2\/media\/9466"}],"wp:attachment":[{"href":"https:\/\/www.asajacyl.com\/soria\/wp-json\/wp\/v2\/media?parent=9459"}],"wp:term":[{"taxonomy":"category","embeddable":true,"href":"https:\/\/www.asajacyl.com\/soria\/wp-json\/wp\/v2\/categories?post=9459"},{"taxonomy":"post_tag","embeddable":true,"href":"https:\/\/www.asajacyl.com\/soria\/wp-json\/wp\/v2\/tags?post=9459"}],"curies":[{"name":"wp","href":"https:\/\/api.w.org\/{rel}","templated":true}]}}