{"id":9471,"date":"2025-12-05T18:20:20","date_gmt":"2025-12-05T17:20:20","guid":{"rendered":"https:\/\/www.asajacyl.com\/soria\/?p=9471"},"modified":"2025-12-05T18:21:17","modified_gmt":"2025-12-05T17:21:17","slug":"asaja-exige-al-ministerio-el-control-inminente-de-la-fauna-salvaje-y-blinda-la-defensa-del-sector-porcino-tras-la-reunion-con-planas","status":"publish","type":"post","link":"https:\/\/www.asajacyl.com\/soria\/asaja-soria-informa\/asaja-exige-al-ministerio-el-control-inminente-de-la-fauna-salvaje-y-blinda-la-defensa-del-sector-porcino-tras-la-reunion-con-planas","title":{"rendered":"ASAJA exige al Ministerio el control inminente de la fauna salvaje y blinda la defensa del sector porcino tras la reuni\u00f3n con Planas"},"content":{"rendered":"\n\n\n<h2><strong>Desde ASAJA se ha propuesto la puesta en marcha de medidas para los ganaderos que se puedan ver afectados como las l\u00edneas ICO, muy bien acogidas por el Ministerio<\/strong><\/h2>\n<p>La Asociaci\u00f3n Agraria de J\u00f3venes Agricultores (ASAJA) mantuvo el 5 de diciembre una reuni\u00f3n clave con el ministro de Agricultura, Luis Planas, junto al resto de OPAs, y Cooperativas Agroalimentarias, \u00a0para abordar la cr\u00edtica situaci\u00f3n que atraviesa el sector porcino. Tras el encuentro, la valoraci\u00f3n de la organizaci\u00f3n es clara: si bien ha habido avances en materia diplom\u00e1tica y financiera, el Ministerio sigue sin poner sobre la mesa la soluci\u00f3n al origen real del problema: la <strong>superpoblaci\u00f3n de fauna salvaje<\/strong>.<\/p>\n<p><img loading=\"lazy\" decoding=\"async\" class=\"aligncenter size-full wp-image-9476\" src=\"https:\/\/www.asajacyl.com\/soria\/wp-content\/uploads\/sites\/9\/2025\/12\/eeeeee94a-4d7b-bec7-7f34fdbced06.jpg\" alt=\"\" width=\"2048\" height=\"1536\" srcset=\"https:\/\/www.asajacyl.com\/soria\/wp-content\/uploads\/sites\/9\/2025\/12\/eeeeee94a-4d7b-bec7-7f34fdbced06.jpg 2048w, https:\/\/www.asajacyl.com\/soria\/wp-content\/uploads\/sites\/9\/2025\/12\/eeeeee94a-4d7b-bec7-7f34fdbced06-300x225.jpg 300w, https:\/\/www.asajacyl.com\/soria\/wp-content\/uploads\/sites\/9\/2025\/12\/eeeeee94a-4d7b-bec7-7f34fdbced06-1024x768.jpg 1024w, https:\/\/www.asajacyl.com\/soria\/wp-content\/uploads\/sites\/9\/2025\/12\/eeeeee94a-4d7b-bec7-7f34fdbced06-768x576.jpg 768w, https:\/\/www.asajacyl.com\/soria\/wp-content\/uploads\/sites\/9\/2025\/12\/eeeeee94a-4d7b-bec7-7f34fdbced06-1536x1152.jpg 1536w, https:\/\/www.asajacyl.com\/soria\/wp-content\/uploads\/sites\/9\/2025\/12\/eeeeee94a-4d7b-bec7-7f34fdbced06-560x420.jpg 560w, https:\/\/www.asajacyl.com\/soria\/wp-content\/uploads\/sites\/9\/2025\/12\/eeeeee94a-4d7b-bec7-7f34fdbced06-80x60.jpg 80w, https:\/\/www.asajacyl.com\/soria\/wp-content\/uploads\/sites\/9\/2025\/12\/eeeeee94a-4d7b-bec7-7f34fdbced06-696x522.jpg 696w, https:\/\/www.asajacyl.com\/soria\/wp-content\/uploads\/sites\/9\/2025\/12\/eeeeee94a-4d7b-bec7-7f34fdbced06-1068x801.jpg 1068w, https:\/\/www.asajacyl.com\/soria\/wp-content\/uploads\/sites\/9\/2025\/12\/eeeeee94a-4d7b-bec7-7f34fdbced06-1920x1440.jpg 1920w\" sizes=\"(max-width: 2048px) 100vw, 2048px\" \/><\/p>\n<p><strong>La fauna salvaje: un problema que \u00abse tiene que bajar s\u00ed o s\u00ed\u00bb<\/strong><\/p>\n<p>El presidente de ASAJA Catalu\u00f1a, Pere Roque, y el secretario de Organizaci\u00f3n de ASAJA, Juan Jos\u00e9 \u00c1lvarez Alcalde, han trasladado al ministro una postura firme. Aunque el Ministerio comprende la gravedad de la situaci\u00f3n, la organizaci\u00f3n echa en falta medidas ejecutivas inmediatas. \u00abNo han puesto encima de la mesa esas medidas que nosotros estamos exigiendo. La densidad de fauna salvaje que tenemos en este momento se tiene que bajar s\u00ed o s\u00ed\u00bb, han se\u00f1alado los representantes de Asaja a la salida de la reuni\u00f3n.<\/p>\n<p>La organizaci\u00f3n insiste en que el sector porcino es la v\u00edctima, no el culpable. \u00abLa gente tiene que entender que esto no lo ha hecho el sector; nos lo ha provocado un jabal\u00ed\u00bb, recalcan, haciendo alusi\u00f3n al foco detectado en Collserola (Barcelona) y la alta presencia de estos animales en todo el territorio nacional. ASAJA defiende la labor del sector cineg\u00e9tico y su bioseguridad, pero urge a la administraci\u00f3n a facilitar el control poblacional porque la convivencia con la ganader\u00eda se ha vuelto insostenible.<\/p>\n<p><strong>Viabilidad econ\u00f3mica: Cr\u00e9ditos ICO y la \u00abzona de los 20 km\u00bb<\/strong><\/p>\n<p>En el plano econ\u00f3mico, la reuni\u00f3n ha arrojado algo m\u00e1s de luz. El Ministerio se ha mostrado receptivo \u00a0a la petici\u00f3n que ha realizado ASAJA en relaci\u00f3n a la activaci\u00f3n de l\u00edneas de cr\u00e9dito a trav\u00e9s del\u00a0<strong>Instituto de Cr\u00e9dito Oficial (ICO)<\/strong>, similares a los 50 millones de euros activados por el ICF en Catalu\u00f1a. Se espera una respuesta afirmativa sobre esta herramienta en las pr\u00f3ximas horas.<\/p>\n<p>Sin embargo, la mayor preocupaci\u00f3n de ASAJA se centra en las granjas ubicadas en el radio de 20 kil\u00f3metros de las zonas afectadas. La exigencia al ministro ha sido tajante: <strong>\u00abNinguna granja puede cerrar por falta de liquidaci\u00f3n\u00bb<\/strong>.<\/p>\n<p>La organizaci\u00f3n exige que los mataderos acepten la carne procedente de estas zonas, que es perfectamente apta para el consumo y venta, o que, en su defecto, se habiliten\u00a0<strong>ayudas directas<\/strong>\u00a0inmediatas. \u00abEuropa tiene que ponerse las pilas. El porcino no recibe ayudas de la PAC, por lo que toda ayuda necesaria dentro de ese margen de 20 km se tiene que poner sin ninguna duda\u00bb, han reclamado.<\/p>\n<p><strong>Buenas noticias desde Corea del Sur y defensa reputacional<\/strong><\/p>\n<p>El punto m\u00e1s positivo del encuentro ha sido el anuncio de que\u00a0<strong>Corea del Sur ha aceptado las medidas de regionalizaci\u00f3n<\/strong>. Esto supone un bal\u00f3n de ox\u00edgeno para las exportaciones y confirma la confianza internacional en el sistema de control espa\u00f1ol.<\/p>\n<p>Finalmente, ASAJA ha querido lanzar un mensaje contundente a la sociedad frente a la campa\u00f1a de desprestigio que sufre el sector por parte de grupos animalistas. \u00abLa carne de porcino espa\u00f1ola gana la \u2018Champions\u2019 cada a\u00f1o a nivel mundial en calidad y seguridad\u00bb, han afirmado los portavoces.<\/p>\n<p>La organizaci\u00f3n recuerda que el sector porcino es un pilar fundamental para la supervivencia del mundo rural y la lucha contra la despoblaci\u00f3n: \u00abSi nos quedamos sin granjas de porcino, el agricultor no se va a quedar. Necesitamos ganader\u00eda para mantener la actividad agraria\u00bb.<\/p>\n<p>Desde ASAJA se mantendr\u00e1n vigilantes para asegurar que el compromiso del Ministerio de Agricultura se traduzca en hechos, especialmente en lo referente a la erradicaci\u00f3n del exceso de fauna salvaje y la protecci\u00f3n econ\u00f3mica de los ganaderos afectados.<\/p>\n","protected":false},"excerpt":{"rendered":"<p>Desde ASAJA se ha propuesto la puesta en marcha de medidas para los ganaderos que se puedan ver afectados como las l\u00edneas ICO, muy bien acogidas por el Ministerio La Asociaci\u00f3n Agraria de J\u00f3venes Agricultores (ASAJA) mantuvo el 5 de diciembre una reuni\u00f3n clave con el ministro de Agricultura, Luis Planas, junto al resto de [&hellip;]<\/p>\n","protected":false},"author":12,"featured_media":9472,"comment_status":"open","ping_status":"open","sticky":false,"template":"","format":"standard","meta":{"footnotes":""},"categories":[10,25],"tags":[],"yoast_head":"<!-- This site is optimized with the Yoast SEO plugin v24.5 - https:\/\/yoast.com\/wordpress\/plugins\/seo\/ -->\n<title>ASAJA exige al Ministerio el control inminente de la fauna salvaje y blinda la defensa del sector porcino tras la reuni\u00f3n con Planas - ASAJA Soria<\/title>\n<meta name=\"description\" content=\"Desde ASAJA se ha propuesto la puesta en marcha de medidas para los ganaderos que se puedan ver afectados como las l\u00edneas ICO, muy bien acogidas por el\" \/>\n<meta name=\"robots\" content=\"index, follow, max-snippet:-1, max-image-preview:large, max-video-preview:-1\" \/>\n<link rel=\"canonical\" href=\"https:\/\/www.asajacyl.com\/soria\/asaja-soria-informa\/asaja-exige-al-ministerio-el-control-inminente-de-la-fauna-salvaje-y-blinda-la-defensa-del-sector-porcino-tras-la-reunion-con-planas\" \/>\n<meta property=\"og:locale\" content=\"es_ES\" \/>\n<meta property=\"og:type\" content=\"article\" \/>\n<meta property=\"og:title\" content=\"ASAJA exige al Ministerio el control inminente de la fauna salvaje y blinda la defensa del sector porcino tras la reuni\u00f3n con Planas - ASAJA Soria\" \/>\n<meta property=\"og:description\" content=\"Desde ASAJA se ha propuesto la puesta en marcha de medidas para los ganaderos que se puedan ver afectados como las l\u00edneas ICO, muy bien acogidas por el\" \/>\n<meta property=\"og:url\" content=\"https:\/\/www.asajacyl.com\/soria\/asaja-soria-informa\/asaja-exige-al-ministerio-el-control-inminente-de-la-fauna-salvaje-y-blinda-la-defensa-del-sector-porcino-tras-la-reunion-con-planas\" \/>\n<meta property=\"og:site_name\" content=\"ASAJA Soria\" \/>\n<meta property=\"article:published_time\" content=\"2025-12-05T17:20:20+00:00\" \/>\n<meta property=\"article:modified_time\" content=\"2025-12-05T17:21:17+00:00\" \/>\n<meta property=\"og:image\" content=\"https:\/\/www.asajacyl.com\/soria\/wp-content\/uploads\/sites\/9\/2025\/12\/a-a9128ee5e-50ff-4c46-9402-f0c586c02ed6.jpg\" \/>\n\t<meta property=\"og:image:width\" content=\"2048\" \/>\n\t<meta property=\"og:image:height\" content=\"1536\" \/>\n\t<meta property=\"og:image:type\" content=\"image\/jpeg\" \/>\n<meta name=\"author\" content=\"Juan Ignacio Prieto Nieto\" \/>\n<meta name=\"twitter:card\" content=\"summary_large_image\" \/>\n<meta name=\"twitter:label1\" content=\"Escrito por\" \/>\n\t<meta name=\"twitter:data1\" content=\"Juan Ignacio Prieto Nieto\" \/>\n\t<meta name=\"twitter:label2\" content=\"Tiempo de lectura\" \/>\n\t<meta name=\"twitter:data2\" content=\"4 minutos\" \/>\n<script type=\"application\/ld+json\" class=\"yoast-schema-graph\">{\"@context\":\"https:\/\/schema.org\",\"@graph\":[{\"@type\":\"WebPage\",\"@id\":\"https:\/\/www.asajacyl.com\/soria\/asaja-soria-informa\/asaja-exige-al-ministerio-el-control-inminente-de-la-fauna-salvaje-y-blinda-la-defensa-del-sector-porcino-tras-la-reunion-con-planas\",\"url\":\"https:\/\/www.asajacyl.com\/soria\/asaja-soria-informa\/asaja-exige-al-ministerio-el-control-inminente-de-la-fauna-salvaje-y-blinda-la-defensa-del-sector-porcino-tras-la-reunion-con-planas\",\"name\":\"ASAJA exige al Ministerio el control inminente de la fauna salvaje y blinda la defensa del sector porcino tras la reuni\u00f3n con Planas - ASAJA Soria\",\"isPartOf\":{\"@id\":\"https:\/\/www.asajacyl.com\/soria\/#website\"},\"primaryImageOfPage\":{\"@id\":\"https:\/\/www.asajacyl.com\/soria\/asaja-soria-informa\/asaja-exige-al-ministerio-el-control-inminente-de-la-fauna-salvaje-y-blinda-la-defensa-del-sector-porcino-tras-la-reunion-con-planas#primaryimage\"},\"image\":{\"@id\":\"https:\/\/www.asajacyl.com\/soria\/asaja-soria-informa\/asaja-exige-al-ministerio-el-control-inminente-de-la-fauna-salvaje-y-blinda-la-defensa-del-sector-porcino-tras-la-reunion-con-planas#primaryimage\"},\"thumbnailUrl\":\"https:\/\/www.asajacyl.com\/soria\/wp-content\/uploads\/sites\/9\/2025\/12\/a-a9128ee5e-50ff-4c46-9402-f0c586c02ed6.jpg\",\"datePublished\":\"2025-12-05T17:20:20+00:00\",\"dateModified\":\"2025-12-05T17:21:17+00:00\",\"author\":{\"@id\":\"https:\/\/www.asajacyl.com\/soria\/#\/schema\/person\/fd3081c40255119ce8133b87e6aedfab\"},\"description\":\"Desde ASAJA se ha propuesto la puesta en marcha de medidas para los ganaderos que se puedan ver afectados como las l\u00edneas ICO, muy bien acogidas por el\",\"breadcrumb\":{\"@id\":\"https:\/\/www.asajacyl.com\/soria\/asaja-soria-informa\/asaja-exige-al-ministerio-el-control-inminente-de-la-fauna-salvaje-y-blinda-la-defensa-del-sector-porcino-tras-la-reunion-con-planas#breadcrumb\"},\"inLanguage\":\"es\",\"potentialAction\":[{\"@type\":\"ReadAction\",\"target\":[\"https:\/\/www.asajacyl.com\/soria\/asaja-soria-informa\/asaja-exige-al-ministerio-el-control-inminente-de-la-fauna-salvaje-y-blinda-la-defensa-del-sector-porcino-tras-la-reunion-con-planas\"]}]},{\"@type\":\"ImageObject\",\"inLanguage\":\"es\",\"@id\":\"https:\/\/www.asajacyl.com\/soria\/asaja-soria-informa\/asaja-exige-al-ministerio-el-control-inminente-de-la-fauna-salvaje-y-blinda-la-defensa-del-sector-porcino-tras-la-reunion-con-planas#primaryimage\",\"url\":\"https:\/\/www.asajacyl.com\/soria\/wp-content\/uploads\/sites\/9\/2025\/12\/a-a9128ee5e-50ff-4c46-9402-f0c586c02ed6.jpg\",\"contentUrl\":\"https:\/\/www.asajacyl.com\/soria\/wp-content\/uploads\/sites\/9\/2025\/12\/a-a9128ee5e-50ff-4c46-9402-f0c586c02ed6.jpg\",\"width\":2048,\"height\":1536},{\"@type\":\"BreadcrumbList\",\"@id\":\"https:\/\/www.asajacyl.com\/soria\/asaja-soria-informa\/asaja-exige-al-ministerio-el-control-inminente-de-la-fauna-salvaje-y-blinda-la-defensa-del-sector-porcino-tras-la-reunion-con-planas#breadcrumb\",\"itemListElement\":[{\"@type\":\"ListItem\",\"position\":1,\"name\":\"Portada\",\"item\":\"https:\/\/www.asajacyl.com\/soria\/\"},{\"@type\":\"ListItem\",\"position\":2,\"name\":\"ASAJA exige al Ministerio el control inminente de la fauna salvaje y blinda la defensa del sector porcino tras la reuni\u00f3n con Planas\"}]},{\"@type\":\"WebSite\",\"@id\":\"https:\/\/www.asajacyl.com\/soria\/#website\",\"url\":\"https:\/\/www.asajacyl.com\/soria\/\",\"name\":\"ASAJA Soria\",\"description\":\"Otro sitio m\u00e1s de Provincias ASAJA Castilla y Le\u00f3n\",\"potentialAction\":[{\"@type\":\"SearchAction\",\"target\":{\"@type\":\"EntryPoint\",\"urlTemplate\":\"https:\/\/www.asajacyl.com\/soria\/?s={search_term_string}\"},\"query-input\":{\"@type\":\"PropertyValueSpecification\",\"valueRequired\":true,\"valueName\":\"search_term_string\"}}],\"inLanguage\":\"es\"},{\"@type\":\"Person\",\"@id\":\"https:\/\/www.asajacyl.com\/soria\/#\/schema\/person\/fd3081c40255119ce8133b87e6aedfab\",\"name\":\"Juan Ignacio Prieto Nieto\",\"image\":{\"@type\":\"ImageObject\",\"inLanguage\":\"es\",\"@id\":\"https:\/\/www.asajacyl.com\/soria\/#\/schema\/person\/image\/\",\"url\":\"https:\/\/secure.gravatar.com\/avatar\/8266b36e4d9001acb4700699a2468dc8?s=96&d=mm&r=g\",\"contentUrl\":\"https:\/\/secure.gravatar.com\/avatar\/8266b36e4d9001acb4700699a2468dc8?s=96&d=mm&r=g\",\"caption\":\"Juan Ignacio Prieto Nieto\"},\"url\":\"https:\/\/www.asajacyl.com\/soria\/author\/juanfranciscoby\"}]}<\/script>\n<!-- \/ Yoast SEO plugin. -->","yoast_head_json":{"title":"ASAJA exige al Ministerio el control inminente de la fauna salvaje y blinda la defensa del sector porcino tras la reuni\u00f3n con Planas - ASAJA Soria","description":"Desde ASAJA se ha propuesto la puesta en marcha de medidas para los ganaderos que se puedan ver afectados como las l\u00edneas ICO, muy bien acogidas por el","robots":{"index":"index","follow":"follow","max-snippet":"max-snippet:-1","max-image-preview":"max-image-preview:large","max-video-preview":"max-video-preview:-1"},"canonical":"https:\/\/www.asajacyl.com\/soria\/asaja-soria-informa\/asaja-exige-al-ministerio-el-control-inminente-de-la-fauna-salvaje-y-blinda-la-defensa-del-sector-porcino-tras-la-reunion-con-planas","og_locale":"es_ES","og_type":"article","og_title":"ASAJA exige al Ministerio el control inminente de la fauna salvaje y blinda la defensa del sector porcino tras la reuni\u00f3n con Planas - ASAJA Soria","og_description":"Desde ASAJA se ha propuesto la puesta en marcha de medidas para los ganaderos que se puedan ver afectados como las l\u00edneas ICO, muy bien acogidas por el","og_url":"https:\/\/www.asajacyl.com\/soria\/asaja-soria-informa\/asaja-exige-al-ministerio-el-control-inminente-de-la-fauna-salvaje-y-blinda-la-defensa-del-sector-porcino-tras-la-reunion-con-planas","og_site_name":"ASAJA Soria","article_published_time":"2025-12-05T17:20:20+00:00","article_modified_time":"2025-12-05T17:21:17+00:00","og_image":[{"width":2048,"height":1536,"url":"https:\/\/www.asajacyl.com\/soria\/wp-content\/uploads\/sites\/9\/2025\/12\/a-a9128ee5e-50ff-4c46-9402-f0c586c02ed6.jpg","type":"image\/jpeg"}],"author":"Juan Ignacio Prieto Nieto","twitter_card":"summary_large_image","twitter_misc":{"Escrito por":"Juan Ignacio Prieto Nieto","Tiempo de lectura":"4 minutos"},"schema":{"@context":"https:\/\/schema.org","@graph":[{"@type":"WebPage","@id":"https:\/\/www.asajacyl.com\/soria\/asaja-soria-informa\/asaja-exige-al-ministerio-el-control-inminente-de-la-fauna-salvaje-y-blinda-la-defensa-del-sector-porcino-tras-la-reunion-con-planas","url":"https:\/\/www.asajacyl.com\/soria\/asaja-soria-informa\/asaja-exige-al-ministerio-el-control-inminente-de-la-fauna-salvaje-y-blinda-la-defensa-del-sector-porcino-tras-la-reunion-con-planas","name":"ASAJA exige al Ministerio el control inminente de la fauna salvaje y blinda la defensa del sector porcino tras la reuni\u00f3n con Planas - ASAJA Soria","isPartOf":{"@id":"https:\/\/www.asajacyl.com\/soria\/#website"},"primaryImageOfPage":{"@id":"https:\/\/www.asajacyl.com\/soria\/asaja-soria-informa\/asaja-exige-al-ministerio-el-control-inminente-de-la-fauna-salvaje-y-blinda-la-defensa-del-sector-porcino-tras-la-reunion-con-planas#primaryimage"},"image":{"@id":"https:\/\/www.asajacyl.com\/soria\/asaja-soria-informa\/asaja-exige-al-ministerio-el-control-inminente-de-la-fauna-salvaje-y-blinda-la-defensa-del-sector-porcino-tras-la-reunion-con-planas#primaryimage"},"thumbnailUrl":"https:\/\/www.asajacyl.com\/soria\/wp-content\/uploads\/sites\/9\/2025\/12\/a-a9128ee5e-50ff-4c46-9402-f0c586c02ed6.jpg","datePublished":"2025-12-05T17:20:20+00:00","dateModified":"2025-12-05T17:21:17+00:00","author":{"@id":"https:\/\/www.asajacyl.com\/soria\/#\/schema\/person\/fd3081c40255119ce8133b87e6aedfab"},"description":"Desde ASAJA se ha propuesto la puesta en marcha de medidas para los ganaderos que se puedan ver afectados como las l\u00edneas ICO, muy bien acogidas por el","breadcrumb":{"@id":"https:\/\/www.asajacyl.com\/soria\/asaja-soria-informa\/asaja-exige-al-ministerio-el-control-inminente-de-la-fauna-salvaje-y-blinda-la-defensa-del-sector-porcino-tras-la-reunion-con-planas#breadcrumb"},"inLanguage":"es","potentialAction":[{"@type":"ReadAction","target":["https:\/\/www.asajacyl.com\/soria\/asaja-soria-informa\/asaja-exige-al-ministerio-el-control-inminente-de-la-fauna-salvaje-y-blinda-la-defensa-del-sector-porcino-tras-la-reunion-con-planas"]}]},{"@type":"ImageObject","inLanguage":"es","@id":"https:\/\/www.asajacyl.com\/soria\/asaja-soria-informa\/asaja-exige-al-ministerio-el-control-inminente-de-la-fauna-salvaje-y-blinda-la-defensa-del-sector-porcino-tras-la-reunion-con-planas#primaryimage","url":"https:\/\/www.asajacyl.com\/soria\/wp-content\/uploads\/sites\/9\/2025\/12\/a-a9128ee5e-50ff-4c46-9402-f0c586c02ed6.jpg","contentUrl":"https:\/\/www.asajacyl.com\/soria\/wp-content\/uploads\/sites\/9\/2025\/12\/a-a9128ee5e-50ff-4c46-9402-f0c586c02ed6.jpg","width":2048,"height":1536},{"@type":"BreadcrumbList","@id":"https:\/\/www.asajacyl.com\/soria\/asaja-soria-informa\/asaja-exige-al-ministerio-el-control-inminente-de-la-fauna-salvaje-y-blinda-la-defensa-del-sector-porcino-tras-la-reunion-con-planas#breadcrumb","itemListElement":[{"@type":"ListItem","position":1,"name":"Portada","item":"https:\/\/www.asajacyl.com\/soria\/"},{"@type":"ListItem","position":2,"name":"ASAJA exige al Ministerio el control inminente de la fauna salvaje y blinda la defensa del sector porcino tras la reuni\u00f3n con Planas"}]},{"@type":"WebSite","@id":"https:\/\/www.asajacyl.com\/soria\/#website","url":"https:\/\/www.asajacyl.com\/soria\/","name":"ASAJA Soria","description":"Otro sitio m\u00e1s de Provincias ASAJA Castilla y Le\u00f3n","potentialAction":[{"@type":"SearchAction","target":{"@type":"EntryPoint","urlTemplate":"https:\/\/www.asajacyl.com\/soria\/?s={search_term_string}"},"query-input":{"@type":"PropertyValueSpecification","valueRequired":true,"valueName":"search_term_string"}}],"inLanguage":"es"},{"@type":"Person","@id":"https:\/\/www.asajacyl.com\/soria\/#\/schema\/person\/fd3081c40255119ce8133b87e6aedfab","name":"Juan Ignacio Prieto Nieto","image":{"@type":"ImageObject","inLanguage":"es","@id":"https:\/\/www.asajacyl.com\/soria\/#\/schema\/person\/image\/","url":"https:\/\/secure.gravatar.com\/avatar\/8266b36e4d9001acb4700699a2468dc8?s=96&d=mm&r=g","contentUrl":"https:\/\/secure.gravatar.com\/avatar\/8266b36e4d9001acb4700699a2468dc8?s=96&d=mm&r=g","caption":"Juan Ignacio Prieto Nieto"},"url":"https:\/\/www.asajacyl.com\/soria\/author\/juanfranciscoby"}]}},"_links":{"self":[{"href":"https:\/\/www.asajacyl.com\/soria\/wp-json\/wp\/v2\/posts\/9471"}],"collection":[{"href":"https:\/\/www.asajacyl.com\/soria\/wp-json\/wp\/v2\/posts"}],"about":[{"href":"https:\/\/www.asajacyl.com\/soria\/wp-json\/wp\/v2\/types\/post"}],"author":[{"embeddable":true,"href":"https:\/\/www.asajacyl.com\/soria\/wp-json\/wp\/v2\/users\/12"}],"replies":[{"embeddable":true,"href":"https:\/\/www.asajacyl.com\/soria\/wp-json\/wp\/v2\/comments?post=9471"}],"version-history":[{"count":3,"href":"https:\/\/www.asajacyl.com\/soria\/wp-json\/wp\/v2\/posts\/9471\/revisions"}],"predecessor-version":[{"id":9477,"href":"https:\/\/www.asajacyl.com\/soria\/wp-json\/wp\/v2\/posts\/9471\/revisions\/9477"}],"wp:featuredmedia":[{"embeddable":true,"href":"https:\/\/www.asajacyl.com\/soria\/wp-json\/wp\/v2\/media\/9472"}],"wp:attachment":[{"href":"https:\/\/www.asajacyl.com\/soria\/wp-json\/wp\/v2\/media?parent=9471"}],"wp:term":[{"taxonomy":"category","embeddable":true,"href":"https:\/\/www.asajacyl.com\/soria\/wp-json\/wp\/v2\/categories?post=9471"},{"taxonomy":"post_tag","embeddable":true,"href":"https:\/\/www.asajacyl.com\/soria\/wp-json\/wp\/v2\/tags?post=9471"}],"curies":[{"name":"wp","href":"https:\/\/api.w.org\/{rel}","templated":true}]}}