{"id":9501,"date":"2025-12-16T18:25:20","date_gmt":"2025-12-16T17:25:20","guid":{"rendered":"https:\/\/www.asajacyl.com\/soria\/?p=9501"},"modified":"2025-12-16T18:31:29","modified_gmt":"2025-12-16T17:31:29","slug":"articulo-de-opinion-revista-168-asaja","status":"publish","type":"post","link":"https:\/\/www.asajacyl.com\/soria\/asaja-soria-informa\/articulo-de-opinion-revista-168-asaja","title":{"rendered":"ART\u00cdCULO DE OPINI\u00d3N. REVISTA 168 ASAJA"},"content":{"rendered":"\n\n\n<p style=\"text-align: center\">Al cierre de esta revista estamos preparando una pancarta para llevarla a Bruselas el d\u00eda 18. All\u00ed<br \/>estaremos varios compa\u00f1eros de la junta directiva y del comit\u00e9 ejecutivo de ASAJA Soria, como un<br \/>recordatorio de que Europa, si quiere seguir avanzando, debe hacerlo con los productores y no a pesar de ellos.<br \/>M\u00e1s all\u00e1 del n\u00famero, del horario, del tiempo que haga, de la repercusi\u00f3n en Televisi\u00f3n Espa\u00f1ola esa tarde, lo<br \/>esencial ser\u00e1 que se trata de un importante acto democr\u00e1tico y reivindicativo. Es un recordatorio de que la<br \/>legitimidad institucional del Ejecutivo no es un cheque en blanco, sino un contrato renovable que requiere<br \/>escucha activa. Si los responsables pol\u00edticos de la Comisi\u00f3n, sobre todo la se\u00f1ora Von der Leyen, interpretan<br \/>estas manifestaciones como una molestia log\u00edstica estar\u00e1n desperdiciando una oportunidad de reconectar y<br \/>reconocer el papel imprescindible del sector primario en un territorio que va desde Varsovia hasta Huelva.<br \/>Las exigencias ambientales se han vuelto m\u00e1s estrictas, los precios de la energ\u00eda y los insumos han<br \/>aumentado y la competencia internacional no juega con las mismas reglas. El resultado es una presi\u00f3n<br \/>asfixiante sobre explotaciones ya fr\u00e1giles, especialmente en lugares como Soria, que siguen siendo la columna<br \/>vertebral de la econom\u00eda.<br \/>Bruselas deber\u00eda escuchar con atenci\u00f3n. Como as\u00ed lo ha hecho una buena parte del Parlamento Europeo,<br \/>que no comparte la idea de la Comisi\u00f3n sobre la pr\u00f3xima PAC. Cuando el sector agr\u00edcola se moviliza, no lo<br \/>hace por capricho; lo hace porque siente que su supervivencia est\u00e1 en juego. Y si el campo se debilita, lo hace<br \/>toda Europa: la alimentaci\u00f3n, el paisaje rural, el equilibrio territorial, la identidad cultural y la soberan\u00eda<br \/>alimentaria dependen directamente de \u00e9l.<br \/>El desaf\u00edo para los l\u00edderes europeos es claro: transformar el descontento en di\u00e1logo, y el di\u00e1logo en pol\u00edticas<br \/>m\u00e1s pragm\u00e1ticas, equilibradas y sensibles al mundo rural. Ignorar las demandas de hoy ser\u00eda un error estrat\u00e9gico<br \/>y moral. La agricultura no pide privilegios: pide condiciones justas para seguir produciendo, innovando y<br \/>cuidando lo que siempre ha sostenido a Europa. Eso est\u00e1 claro y la sociedad debe y tiene que saberlo.<br \/>Los profesionales del campo han de ser parte del debate, no quedarse relegados- como pasa con los acuerdos<br \/>con terceros-. Ya est\u00e1 bien de tratarnos como si simplemente fu\u00e9semos lo que deben adaptarse a decisiones<br \/>tomadas lejos de sus realidades. Y para todo ello el campo pide, sobre todo, que la PAC sea una herramienta<br \/>de estabilidad, no en un laberinto burocr\u00e1tico que asfixia m\u00e1s que apoya.<br \/>Cambio de tema, aunque en realidad va muy ligado a lo anterior, y os animo a que estas navidades dig\u00e1is<br \/>bien alto y claro que consumir productos de Soria es una decisi\u00f3n acertada por muchos motivos.<br \/>Elegirlos es una forma de inversi\u00f3n: en nuestra econom\u00eda, en nuestro entorno y en nuestra cultura. Con eso,<br \/>entre todos reconocemos el valor de aquello que nace cerca de nosotros. Es una forma estupenda de proteger<br \/>un patrimonio cultural que no se conserva en museos, sino en los mercados y en la mesa. Consumir lo<br \/>aut\u00f3ctono es una forma de mantener vivas nuestras ra\u00edces. En definitiva, consumir productos de la provincia<br \/>es una decisi\u00f3n peque\u00f1a con un poder enorme. Cada compra es un voto silencioso por el tipo de sociedad que<br \/>queremos construir. Y si aspiramos a un futuro m\u00e1s sostenible, justo y conectado con nuestras ra\u00edces, quiz\u00e1 sea<br \/>momento de mirar primero hacia lo que nos ofrece nuestra propia tierra, con una calidad indiscutible.<br \/>Consumir productos aut\u00f3ctonos no es cerrarse al mundo, sino reconciliarse con \u00e9l desde lo cercano. En<br \/>tiempos de incertidumbre global, lo local ofrece estabilidad, calidad y sentido. Es una elecci\u00f3n peque\u00f1a, pero<br \/>con consecuencias grandes: para nuestra salud, para la econom\u00eda de muchas peque\u00f1as empresas y para<br \/>quienes trabajan la tierra que nos alimenta e invierten en<br \/>las zonas rurales. Y como tenemos la Navidad ya encima, os deseo de todo<br \/>coraz\u00f3n que pas\u00e9is unas muy felices fiestas, y ya sab\u00e9is que<br \/>tanto la junta directiva como los servicios t\u00e9cnicos de la<br \/>organizaci\u00f3n est\u00e1n a vuestra disposici\u00f3n en todo lo que sea<br \/>defender e impulsar las peque\u00f1as empresas agroganaderas.<br \/>Los que vivimos, invertimos y trabajamos en el mundo rural<br \/>somos muy importantes para el futuro de la provincia.<br \/>Reivindiqu\u00e9moslo con la cabeza bien alta tambi\u00e9n en 2026,<br \/>como siempre se ha hecho en estas siglas desde sus or\u00edgenes.<br \/><br \/>ANA PASTOR<br \/>PRESIDENTA DE ASAJA SORIA<br \/><br \/><\/p>\n","protected":false},"excerpt":{"rendered":"<p>Al cierre de esta revista estamos preparando una pancarta para llevarla a Bruselas el d\u00eda 18. All\u00edestaremos varios compa\u00f1eros de la junta directiva y del comit\u00e9 ejecutivo de ASAJA Soria, como unrecordatorio de que Europa, si quiere seguir avanzando, debe hacerlo con los productores y no a pesar de ellos.M\u00e1s all\u00e1 del n\u00famero, del horario, [&hellip;]<\/p>\n","protected":false},"author":12,"featured_media":9502,"comment_status":"open","ping_status":"open","sticky":false,"template":"","format":"standard","meta":{"footnotes":""},"categories":[10,28],"tags":[],"yoast_head":"<!-- This site is optimized with the Yoast SEO plugin v24.5 - https:\/\/yoast.com\/wordpress\/plugins\/seo\/ -->\n<title>ART\u00cdCULO DE OPINI\u00d3N. REVISTA 168 ASAJA - ASAJA Soria<\/title>\n<meta name=\"description\" content=\"Al cierre de esta revista estamos preparando una pancarta para llevarla a Bruselas el d\u00eda 18. All\u00edestaremos varios compa\u00f1eros de la junta directiva y del\" \/>\n<meta name=\"robots\" content=\"index, follow, max-snippet:-1, max-image-preview:large, max-video-preview:-1\" \/>\n<link rel=\"canonical\" href=\"https:\/\/www.asajacyl.com\/soria\/asaja-soria-informa\/articulo-de-opinion-revista-168-asaja\" \/>\n<meta property=\"og:locale\" content=\"es_ES\" \/>\n<meta property=\"og:type\" content=\"article\" \/>\n<meta property=\"og:title\" content=\"ART\u00cdCULO DE OPINI\u00d3N. REVISTA 168 ASAJA - ASAJA Soria\" \/>\n<meta property=\"og:description\" content=\"Al cierre de esta revista estamos preparando una pancarta para llevarla a Bruselas el d\u00eda 18. All\u00edestaremos varios compa\u00f1eros de la junta directiva y del\" \/>\n<meta property=\"og:url\" content=\"https:\/\/www.asajacyl.com\/soria\/asaja-soria-informa\/articulo-de-opinion-revista-168-asaja\" \/>\n<meta property=\"og:site_name\" content=\"ASAJA Soria\" \/>\n<meta property=\"article:published_time\" content=\"2025-12-16T17:25:20+00:00\" \/>\n<meta property=\"article:modified_time\" content=\"2025-12-16T17:31:29+00:00\" \/>\n<meta property=\"og:image\" content=\"https:\/\/www.asajacyl.com\/soria\/wp-content\/uploads\/sites\/9\/2025\/12\/Navidad-1.jpg\" \/>\n\t<meta property=\"og:image:width\" content=\"1587\" \/>\n\t<meta property=\"og:image:height\" content=\"1587\" \/>\n\t<meta property=\"og:image:type\" content=\"image\/jpeg\" \/>\n<meta name=\"author\" content=\"Juan Ignacio Prieto Nieto\" \/>\n<meta name=\"twitter:card\" content=\"summary_large_image\" \/>\n<meta name=\"twitter:label1\" content=\"Escrito por\" \/>\n\t<meta name=\"twitter:data1\" content=\"Juan Ignacio Prieto Nieto\" \/>\n\t<meta name=\"twitter:label2\" content=\"Tiempo de lectura\" \/>\n\t<meta name=\"twitter:data2\" content=\"4 minutos\" \/>\n<script type=\"application\/ld+json\" class=\"yoast-schema-graph\">{\"@context\":\"https:\/\/schema.org\",\"@graph\":[{\"@type\":\"WebPage\",\"@id\":\"https:\/\/www.asajacyl.com\/soria\/asaja-soria-informa\/articulo-de-opinion-revista-168-asaja\",\"url\":\"https:\/\/www.asajacyl.com\/soria\/asaja-soria-informa\/articulo-de-opinion-revista-168-asaja\",\"name\":\"ART\u00cdCULO DE OPINI\u00d3N. REVISTA 168 ASAJA - ASAJA Soria\",\"isPartOf\":{\"@id\":\"https:\/\/www.asajacyl.com\/soria\/#website\"},\"primaryImageOfPage\":{\"@id\":\"https:\/\/www.asajacyl.com\/soria\/asaja-soria-informa\/articulo-de-opinion-revista-168-asaja#primaryimage\"},\"image\":{\"@id\":\"https:\/\/www.asajacyl.com\/soria\/asaja-soria-informa\/articulo-de-opinion-revista-168-asaja#primaryimage\"},\"thumbnailUrl\":\"https:\/\/www.asajacyl.com\/soria\/wp-content\/uploads\/sites\/9\/2025\/12\/Navidad-1.jpg\",\"datePublished\":\"2025-12-16T17:25:20+00:00\",\"dateModified\":\"2025-12-16T17:31:29+00:00\",\"author\":{\"@id\":\"https:\/\/www.asajacyl.com\/soria\/#\/schema\/person\/fd3081c40255119ce8133b87e6aedfab\"},\"description\":\"Al cierre de esta revista estamos preparando una pancarta para llevarla a Bruselas el d\u00eda 18. All\u00edestaremos varios compa\u00f1eros de la junta directiva y del\",\"breadcrumb\":{\"@id\":\"https:\/\/www.asajacyl.com\/soria\/asaja-soria-informa\/articulo-de-opinion-revista-168-asaja#breadcrumb\"},\"inLanguage\":\"es\",\"potentialAction\":[{\"@type\":\"ReadAction\",\"target\":[\"https:\/\/www.asajacyl.com\/soria\/asaja-soria-informa\/articulo-de-opinion-revista-168-asaja\"]}]},{\"@type\":\"ImageObject\",\"inLanguage\":\"es\",\"@id\":\"https:\/\/www.asajacyl.com\/soria\/asaja-soria-informa\/articulo-de-opinion-revista-168-asaja#primaryimage\",\"url\":\"https:\/\/www.asajacyl.com\/soria\/wp-content\/uploads\/sites\/9\/2025\/12\/Navidad-1.jpg\",\"contentUrl\":\"https:\/\/www.asajacyl.com\/soria\/wp-content\/uploads\/sites\/9\/2025\/12\/Navidad-1.jpg\",\"width\":1587,\"height\":1587},{\"@type\":\"BreadcrumbList\",\"@id\":\"https:\/\/www.asajacyl.com\/soria\/asaja-soria-informa\/articulo-de-opinion-revista-168-asaja#breadcrumb\",\"itemListElement\":[{\"@type\":\"ListItem\",\"position\":1,\"name\":\"Portada\",\"item\":\"https:\/\/www.asajacyl.com\/soria\/\"},{\"@type\":\"ListItem\",\"position\":2,\"name\":\"ART\u00cdCULO DE OPINI\u00d3N. REVISTA 168 ASAJA\"}]},{\"@type\":\"WebSite\",\"@id\":\"https:\/\/www.asajacyl.com\/soria\/#website\",\"url\":\"https:\/\/www.asajacyl.com\/soria\/\",\"name\":\"ASAJA Soria\",\"description\":\"Otro sitio m\u00e1s de Provincias ASAJA Castilla y Le\u00f3n\",\"potentialAction\":[{\"@type\":\"SearchAction\",\"target\":{\"@type\":\"EntryPoint\",\"urlTemplate\":\"https:\/\/www.asajacyl.com\/soria\/?s={search_term_string}\"},\"query-input\":{\"@type\":\"PropertyValueSpecification\",\"valueRequired\":true,\"valueName\":\"search_term_string\"}}],\"inLanguage\":\"es\"},{\"@type\":\"Person\",\"@id\":\"https:\/\/www.asajacyl.com\/soria\/#\/schema\/person\/fd3081c40255119ce8133b87e6aedfab\",\"name\":\"Juan Ignacio Prieto Nieto\",\"image\":{\"@type\":\"ImageObject\",\"inLanguage\":\"es\",\"@id\":\"https:\/\/www.asajacyl.com\/soria\/#\/schema\/person\/image\/\",\"url\":\"https:\/\/secure.gravatar.com\/avatar\/8266b36e4d9001acb4700699a2468dc8?s=96&d=mm&r=g\",\"contentUrl\":\"https:\/\/secure.gravatar.com\/avatar\/8266b36e4d9001acb4700699a2468dc8?s=96&d=mm&r=g\",\"caption\":\"Juan Ignacio Prieto Nieto\"},\"url\":\"https:\/\/www.asajacyl.com\/soria\/author\/juanfranciscoby\"}]}<\/script>\n<!-- \/ Yoast SEO plugin. -->","yoast_head_json":{"title":"ART\u00cdCULO DE OPINI\u00d3N. REVISTA 168 ASAJA - ASAJA Soria","description":"Al cierre de esta revista estamos preparando una pancarta para llevarla a Bruselas el d\u00eda 18. All\u00edestaremos varios compa\u00f1eros de la junta directiva y del","robots":{"index":"index","follow":"follow","max-snippet":"max-snippet:-1","max-image-preview":"max-image-preview:large","max-video-preview":"max-video-preview:-1"},"canonical":"https:\/\/www.asajacyl.com\/soria\/asaja-soria-informa\/articulo-de-opinion-revista-168-asaja","og_locale":"es_ES","og_type":"article","og_title":"ART\u00cdCULO DE OPINI\u00d3N. REVISTA 168 ASAJA - ASAJA Soria","og_description":"Al cierre de esta revista estamos preparando una pancarta para llevarla a Bruselas el d\u00eda 18. All\u00edestaremos varios compa\u00f1eros de la junta directiva y del","og_url":"https:\/\/www.asajacyl.com\/soria\/asaja-soria-informa\/articulo-de-opinion-revista-168-asaja","og_site_name":"ASAJA Soria","article_published_time":"2025-12-16T17:25:20+00:00","article_modified_time":"2025-12-16T17:31:29+00:00","og_image":[{"width":1587,"height":1587,"url":"https:\/\/www.asajacyl.com\/soria\/wp-content\/uploads\/sites\/9\/2025\/12\/Navidad-1.jpg","type":"image\/jpeg"}],"author":"Juan Ignacio Prieto Nieto","twitter_card":"summary_large_image","twitter_misc":{"Escrito por":"Juan Ignacio Prieto Nieto","Tiempo de lectura":"4 minutos"},"schema":{"@context":"https:\/\/schema.org","@graph":[{"@type":"WebPage","@id":"https:\/\/www.asajacyl.com\/soria\/asaja-soria-informa\/articulo-de-opinion-revista-168-asaja","url":"https:\/\/www.asajacyl.com\/soria\/asaja-soria-informa\/articulo-de-opinion-revista-168-asaja","name":"ART\u00cdCULO DE OPINI\u00d3N. REVISTA 168 ASAJA - ASAJA Soria","isPartOf":{"@id":"https:\/\/www.asajacyl.com\/soria\/#website"},"primaryImageOfPage":{"@id":"https:\/\/www.asajacyl.com\/soria\/asaja-soria-informa\/articulo-de-opinion-revista-168-asaja#primaryimage"},"image":{"@id":"https:\/\/www.asajacyl.com\/soria\/asaja-soria-informa\/articulo-de-opinion-revista-168-asaja#primaryimage"},"thumbnailUrl":"https:\/\/www.asajacyl.com\/soria\/wp-content\/uploads\/sites\/9\/2025\/12\/Navidad-1.jpg","datePublished":"2025-12-16T17:25:20+00:00","dateModified":"2025-12-16T17:31:29+00:00","author":{"@id":"https:\/\/www.asajacyl.com\/soria\/#\/schema\/person\/fd3081c40255119ce8133b87e6aedfab"},"description":"Al cierre de esta revista estamos preparando una pancarta para llevarla a Bruselas el d\u00eda 18. All\u00edestaremos varios compa\u00f1eros de la junta directiva y del","breadcrumb":{"@id":"https:\/\/www.asajacyl.com\/soria\/asaja-soria-informa\/articulo-de-opinion-revista-168-asaja#breadcrumb"},"inLanguage":"es","potentialAction":[{"@type":"ReadAction","target":["https:\/\/www.asajacyl.com\/soria\/asaja-soria-informa\/articulo-de-opinion-revista-168-asaja"]}]},{"@type":"ImageObject","inLanguage":"es","@id":"https:\/\/www.asajacyl.com\/soria\/asaja-soria-informa\/articulo-de-opinion-revista-168-asaja#primaryimage","url":"https:\/\/www.asajacyl.com\/soria\/wp-content\/uploads\/sites\/9\/2025\/12\/Navidad-1.jpg","contentUrl":"https:\/\/www.asajacyl.com\/soria\/wp-content\/uploads\/sites\/9\/2025\/12\/Navidad-1.jpg","width":1587,"height":1587},{"@type":"BreadcrumbList","@id":"https:\/\/www.asajacyl.com\/soria\/asaja-soria-informa\/articulo-de-opinion-revista-168-asaja#breadcrumb","itemListElement":[{"@type":"ListItem","position":1,"name":"Portada","item":"https:\/\/www.asajacyl.com\/soria\/"},{"@type":"ListItem","position":2,"name":"ART\u00cdCULO DE OPINI\u00d3N. REVISTA 168 ASAJA"}]},{"@type":"WebSite","@id":"https:\/\/www.asajacyl.com\/soria\/#website","url":"https:\/\/www.asajacyl.com\/soria\/","name":"ASAJA Soria","description":"Otro sitio m\u00e1s de Provincias ASAJA Castilla y Le\u00f3n","potentialAction":[{"@type":"SearchAction","target":{"@type":"EntryPoint","urlTemplate":"https:\/\/www.asajacyl.com\/soria\/?s={search_term_string}"},"query-input":{"@type":"PropertyValueSpecification","valueRequired":true,"valueName":"search_term_string"}}],"inLanguage":"es"},{"@type":"Person","@id":"https:\/\/www.asajacyl.com\/soria\/#\/schema\/person\/fd3081c40255119ce8133b87e6aedfab","name":"Juan Ignacio Prieto Nieto","image":{"@type":"ImageObject","inLanguage":"es","@id":"https:\/\/www.asajacyl.com\/soria\/#\/schema\/person\/image\/","url":"https:\/\/secure.gravatar.com\/avatar\/8266b36e4d9001acb4700699a2468dc8?s=96&d=mm&r=g","contentUrl":"https:\/\/secure.gravatar.com\/avatar\/8266b36e4d9001acb4700699a2468dc8?s=96&d=mm&r=g","caption":"Juan Ignacio Prieto Nieto"},"url":"https:\/\/www.asajacyl.com\/soria\/author\/juanfranciscoby"}]}},"_links":{"self":[{"href":"https:\/\/www.asajacyl.com\/soria\/wp-json\/wp\/v2\/posts\/9501"}],"collection":[{"href":"https:\/\/www.asajacyl.com\/soria\/wp-json\/wp\/v2\/posts"}],"about":[{"href":"https:\/\/www.asajacyl.com\/soria\/wp-json\/wp\/v2\/types\/post"}],"author":[{"embeddable":true,"href":"https:\/\/www.asajacyl.com\/soria\/wp-json\/wp\/v2\/users\/12"}],"replies":[{"embeddable":true,"href":"https:\/\/www.asajacyl.com\/soria\/wp-json\/wp\/v2\/comments?post=9501"}],"version-history":[{"count":2,"href":"https:\/\/www.asajacyl.com\/soria\/wp-json\/wp\/v2\/posts\/9501\/revisions"}],"predecessor-version":[{"id":9505,"href":"https:\/\/www.asajacyl.com\/soria\/wp-json\/wp\/v2\/posts\/9501\/revisions\/9505"}],"wp:featuredmedia":[{"embeddable":true,"href":"https:\/\/www.asajacyl.com\/soria\/wp-json\/wp\/v2\/media\/9502"}],"wp:attachment":[{"href":"https:\/\/www.asajacyl.com\/soria\/wp-json\/wp\/v2\/media?parent=9501"}],"wp:term":[{"taxonomy":"category","embeddable":true,"href":"https:\/\/www.asajacyl.com\/soria\/wp-json\/wp\/v2\/categories?post=9501"},{"taxonomy":"post_tag","embeddable":true,"href":"https:\/\/www.asajacyl.com\/soria\/wp-json\/wp\/v2\/tags?post=9501"}],"curies":[{"name":"wp","href":"https:\/\/api.w.org\/{rel}","templated":true}]}}